{"id":9587,"date":"2025-10-02T11:05:26","date_gmt":"2025-10-02T08:05:26","guid":{"rendered":"https:\/\/www.yetkinbayer.com\/?p=9587"},"modified":"2025-12-12T11:23:17","modified_gmt":"2025-12-12T08:23:17","slug":"ozonlu-sac-ekimi","status":"publish","type":"post","link":"https:\/\/www.yetkinbayer.com\/tr\/ozonlu-sac-ekimi\/","title":{"rendered":"Ozonlu Sa\u00e7 Ekimi"},"content":{"rendered":"<p>Ozonlu sa\u00e7 ekimi, sa\u00e7 k\u00f6klerinin sa\u011fl\u0131kl\u0131 \u015fekilde nakledilmesini destekleyen, ozonun antimikrobiyal ve oksijenlendirici etkilerinden yararlanan yenilik\u00e7i bir yakla\u015f\u0131md\u0131r. Ozonlu sa\u00e7 ekimi, klasik FUE veya DHI tekniklerinin etkinli\u011fini art\u0131rmay\u0131 hedefler; i\u015flem \u00f6ncesinde, s\u0131ras\u0131nda ve sonras\u0131nda kullan\u0131lan ozon uygulamalar\u0131yla hem hijyeni g\u00fc\u00e7lendirir hem de doku iyile\u015fmesini h\u0131zland\u0131rmay\u0131 ama\u00e7lar. Bu yaz\u0131da ozonun sa\u00e7l\u0131 deride nas\u0131l \u00e7al\u0131\u015ft\u0131\u011f\u0131n\u0131, hangi adaylar i\u00e7in uygun oldu\u011funu, s\u00fcre\u00e7 ad\u0131mlar\u0131n\u0131, dikkat edilmesi gerekenleri ve do\u011fal sonu\u00e7lar i\u00e7in ipu\u00e7lar\u0131n\u0131 anla\u015f\u0131l\u0131r bir dille ele alaca\u011f\u0131z.<\/p>\n<div id=\"ez-toc-container\" class=\"ez-toc-v2_0_82_2 counter-flat ez-toc-counter ez-toc-grey ez-toc-container-direction\">\n<div class=\"ez-toc-title-container\">\n<p class=\"ez-toc-title\" style=\"cursor:inherit\">Table of Contents<\/p>\n<span class=\"ez-toc-title-toggle\"><a href=\"#\" class=\"ez-toc-pull-right ez-toc-btn ez-toc-btn-xs ez-toc-btn-default ez-toc-toggle\" aria-label=\"\u0130\u00e7indekiler Tablosunu A\u00e7\/Kapat\"><span class=\"ez-toc-js-icon-con\"><span class=\"\"><span class=\"eztoc-hide\" style=\"display:none;\">Toggle<\/span><span class=\"ez-toc-icon-toggle-span\"><svg style=\"fill: #999;color:#999\" xmlns=\"http:\/\/www.w3.org\/2000\/svg\" class=\"list-377408\" width=\"20px\" height=\"20px\" viewBox=\"0 0 24 24\" fill=\"none\"><path d=\"M6 6H4v2h2V6zm14 0H8v2h12V6zM4 11h2v2H4v-2zm16 0H8v2h12v-2zM4 16h2v2H4v-2zm16 0H8v2h12v-2z\" fill=\"currentColor\"><\/path><\/svg><svg style=\"fill: #999;color:#999\" class=\"arrow-unsorted-368013\" xmlns=\"http:\/\/www.w3.org\/2000\/svg\" width=\"10px\" height=\"10px\" viewBox=\"0 0 24 24\" version=\"1.2\" baseProfile=\"tiny\"><path d=\"M18.2 9.3l-6.2-6.3-6.2 6.3c-.2.2-.3.4-.3.7s.1.5.3.7c.2.2.4.3.7.3h11c.3 0 .5-.1.7-.3.2-.2.3-.5.3-.7s-.1-.5-.3-.7zM5.8 14.7l6.2 6.3 6.2-6.3c.2-.2.3-.5.3-.7s-.1-.5-.3-.7c-.2-.2-.4-.3-.7-.3h-11c-.3 0-.5.1-.7.3-.2.2-.3.5-.3.7s.1.5.3.7z\"\/><\/svg><\/span><\/span><\/span><\/a><\/span><\/div>\n<nav><ul class='ez-toc-list ez-toc-list-level-1 eztoc-toggle-hide-by-default' ><li class='ez-toc-page-1'><a class=\"ez-toc-link ez-toc-heading-1\" href=\"#\" data-href=\"https:\/\/www.yetkinbayer.com\/tr\/ozonlu-sac-ekimi\/#Ozonlu_sac_ekimi_nedir\" >Ozonlu sa\u00e7 ekimi nedir?<\/a><\/li><li class='ez-toc-page-1'><a class=\"ez-toc-link ez-toc-heading-2\" href=\"#\" data-href=\"https:\/\/www.yetkinbayer.com\/tr\/ozonlu-sac-ekimi\/#Ozonlu_sac_ekimi_nasil_calisir\" >Ozonlu sa\u00e7 ekimi nas\u0131l \u00e7al\u0131\u015f\u0131r?<\/a><\/li><li class='ez-toc-page-1'><a class=\"ez-toc-link ez-toc-heading-3\" href=\"#\" data-href=\"https:\/\/www.yetkinbayer.com\/tr\/ozonlu-sac-ekimi\/#Kimler_icin_uygundur\" >Kimler i\u00e7in uygundur?<\/a><\/li><li class='ez-toc-page-1'><a class=\"ez-toc-link ez-toc-heading-4\" href=\"#\" data-href=\"https:\/\/www.yetkinbayer.com\/tr\/ozonlu-sac-ekimi\/#Avantajlari_ve_dezavantajlari\" >Avantajlar\u0131 ve dezavantajlar\u0131<\/a><\/li><li class='ez-toc-page-1'><a class=\"ez-toc-link ez-toc-heading-5\" href=\"#\" data-href=\"https:\/\/www.yetkinbayer.com\/tr\/ozonlu-sac-ekimi\/#Ozonlu_sac_ekimi_asamalari\" >Ozonlu sa\u00e7 ekimi a\u015famalar\u0131<\/a><\/li><li class='ez-toc-page-1'><a class=\"ez-toc-link ez-toc-heading-6\" href=\"#\" data-href=\"https:\/\/www.yetkinbayer.com\/tr\/ozonlu-sac-ekimi\/#Ozonlu_sac_ekimi_sonrasi_bakim\" >Ozonlu sa\u00e7 ekimi sonras\u0131 bak\u0131m<\/a><\/li><li class='ez-toc-page-1'><a class=\"ez-toc-link ez-toc-heading-7\" href=\"#\" data-href=\"https:\/\/www.yetkinbayer.com\/tr\/ozonlu-sac-ekimi\/#Riskleri_ve_olasi_komplikasyonlar\" >Riskleri ve olas\u0131 komplikasyonlar<\/a><\/li><li class='ez-toc-page-1'><a class=\"ez-toc-link ez-toc-heading-8\" href=\"#\" data-href=\"https:\/\/www.yetkinbayer.com\/tr\/ozonlu-sac-ekimi\/#Ozonlu_sac_ekimi_suresi_ve_iyilesme\" >Ozonlu sa\u00e7 ekimi s\u00fcresi ve iyile\u015fme<\/a><\/li><li class='ez-toc-page-1'><a class=\"ez-toc-link ez-toc-heading-9\" href=\"#\" data-href=\"https:\/\/www.yetkinbayer.com\/tr\/ozonlu-sac-ekimi\/#Ozonlu_sac_ekimi_klinik_ve_uzman_secimi\" >Ozonlu sa\u00e7 ekimi klinik ve uzman se\u00e7imi<\/a><\/li><li class='ez-toc-page-1'><a class=\"ez-toc-link ez-toc-heading-10\" href=\"#\" data-href=\"https:\/\/www.yetkinbayer.com\/tr\/ozonlu-sac-ekimi\/#Dogal_gorunen_sonuclar_icin_ipuclari\" >Do\u011fal g\u00f6r\u00fcnen sonu\u00e7lar i\u00e7in ipu\u00e7lar\u0131<\/a><\/li><li class='ez-toc-page-1'><a class=\"ez-toc-link ez-toc-heading-11\" href=\"#\" data-href=\"https:\/\/www.yetkinbayer.com\/tr\/ozonlu-sac-ekimi\/#Ozonlu_sac_ekimi_kimlerde_sinirli_etki_gosterebilir\" >Ozonlu sa\u00e7 ekimi kimlerde s\u0131n\u0131rl\u0131 etki g\u00f6sterebilir?<\/a><\/li><li class='ez-toc-page-1'><a class=\"ez-toc-link ez-toc-heading-12\" href=\"#\" data-href=\"https:\/\/www.yetkinbayer.com\/tr\/ozonlu-sac-ekimi\/#Ozonlu_sac_ekimi_fiyatlari_2026\" >Ozonlu sa\u00e7 ekimi fiyatlar\u0131 2026<\/a><\/li><li class='ez-toc-page-1'><a class=\"ez-toc-link ez-toc-heading-13\" href=\"#\" data-href=\"https:\/\/www.yetkinbayer.com\/tr\/ozonlu-sac-ekimi\/#Sik_Sorulan_Sorular\" >S\u0131k Sorulan Sorular<\/a><\/li><li class='ez-toc-page-1'><a class=\"ez-toc-link ez-toc-heading-14\" href=\"#\" data-href=\"https:\/\/www.yetkinbayer.com\/tr\/ozonlu-sac-ekimi\/#Ozonlu_sac_ekimi_kac_seans_gerektirir\" >Ozonlu sa\u00e7 ekimi ka\u00e7 seans gerektirir?<\/a><\/li><li class='ez-toc-page-1'><a class=\"ez-toc-link ez-toc-heading-15\" href=\"#\" data-href=\"https:\/\/www.yetkinbayer.com\/tr\/ozonlu-sac-ekimi\/#Kalici_midir\" >Kal\u0131c\u0131 m\u0131d\u0131r?<\/a><\/li><li class='ez-toc-page-1'><a class=\"ez-toc-link ez-toc-heading-16\" href=\"#\" data-href=\"https:\/\/www.yetkinbayer.com\/tr\/ozonlu-sac-ekimi\/#Ozonlu_sac_ekimi_isleminden_sonra_ne_zaman_dus_alinir\" >Ozonlu sa\u00e7 ekimi i\u015fleminden sonra ne zaman du\u015f al\u0131n\u0131r?<\/a><\/li><li class='ez-toc-page-1'><a class=\"ez-toc-link ez-toc-heading-17\" href=\"#\" data-href=\"https:\/\/www.yetkinbayer.com\/tr\/ozonlu-sac-ekimi\/#Ozonlu_sac_ekimi_avantajlari_nelerdir\" >Ozonlu sa\u00e7 ekimi avantajlar\u0131 nelerdir?<\/a><\/li><li class='ez-toc-page-1'><a class=\"ez-toc-link ez-toc-heading-18\" href=\"#\" data-href=\"https:\/\/www.yetkinbayer.com\/tr\/ozonlu-sac-ekimi\/#Ozonlu_sac_ekimi_aci_verir_mi\" >Ozonlu sa\u00e7 ekimi ac\u0131 verir mi?<\/a><\/li><li class='ez-toc-page-1'><a class=\"ez-toc-link ez-toc-heading-19\" href=\"#\" data-href=\"https:\/\/www.yetkinbayer.com\/tr\/ozonlu-sac-ekimi\/#Ozonlu_sac_ekimi_fiyatlari_neye_gore_degisir\" >Ozonlu sa\u00e7 ekimi fiyatlar\u0131 neye g\u00f6re de\u011fi\u015fir?<\/a><\/li><\/ul><\/nav><\/div>\n<h2><span class=\"ez-toc-section\" id=\"Ozonlu_sac_ekimi_nedir\"><\/span>Ozonlu sa\u00e7 ekimi nedir?<span class=\"ez-toc-section-end\"><\/span><\/h2>\n<p>Ozonlu sa\u00e7 ekimi, tek ba\u015f\u0131na ba\u011f\u0131ms\u0131z bir ekim y\u00f6ntemi de\u011fil; sa\u00e7 ekimi s\u00fcrecine entegre edilen destekleyici bir protokold\u00fcr. Temel fikir, ozonun \u00fc\u00e7 oksijen atomundan olu\u015fan g\u00fc\u00e7l\u00fc yap\u0131s\u0131ndan ve biyolojik dokularda h\u0131zl\u0131 etki g\u00f6steren oksidatif kapasitesinden yararlanmakt\u0131r.<\/p>\n<p>Bu sayede ekim alan\u0131 ve don\u00f6r b\u00f6lgede mikrobiyal y\u00fck\u00fcn azalt\u0131lmas\u0131, kan dola\u015f\u0131m\u0131n\u0131n canland\u0131r\u0131lmas\u0131 ve iyile\u015fme dinamiklerinin desteklenmesi ama\u00e7lan\u0131r. Uygulama genellikle iki eksende planlan\u0131r: i\u015flem \u00f6ncesi deri haz\u0131rl\u0131\u011f\u0131 ve i\u015flem sonras\u0131 iyile\u015fme bak\u0131m\u0131. Baz\u0131 klinikler, kanal a\u00e7ma ve ekim esnas\u0131nda da ozonlu serum veya ozonlanm\u0131\u015f su gibi ara \u00e7\u00f6z\u00fcmler kullan\u0131r.<\/p>\n<h2><span class=\"ez-toc-section\" id=\"Ozonlu_sac_ekimi_nasil_calisir\"><\/span>Ozonlu sa\u00e7 ekimi nas\u0131l \u00e7al\u0131\u015f\u0131r?<span class=\"ez-toc-section-end\"><\/span><\/h2>\n<p>Ozonlu sa\u00e7 ekimi protokol\u00fcnde ozon, kontroll\u00fc doz ve s\u00fcrelerde sa\u00e7l\u0131 deriye temas ettirilir. Ozon, bakteri ve mantar gibi mikroorganizmalar\u0131n h\u00fccre zarlar\u0131n\u0131 hedef alarak k\u0131sa s\u00fcrede etkisizle\u015fmelerini sa\u011flar. Bu, \u00f6zellikle hassasiyeti y\u00fcksek ekim alan\u0131nda enfeksiyon riskinin azalt\u0131lmas\u0131na yard\u0131mc\u0131 olur. \u00d6te yandan ozon, oksijenin biyoyararlan\u0131m\u0131n\u0131 art\u0131rarak k\u0131lcal dola\u015f\u0131m\u0131 canland\u0131r\u0131r; bu etki, yeni yerle\u015ftirilen greftlerin oksijenlenmesine ve beslenmesine destek verir.<\/p>\n<p>Modern kliniklerde ozon jenerat\u00f6rleriyle taze \u00fcretilen gaz, kapal\u0131 devre sistemlerle g\u00fcvenli bi\u00e7imde uygulan\u0131r; topikal ozon ya\u011f\u0131 ve ozonlu su ise temas s\u00fcresini ve dokuya n\u00fcfuz kapasitesini uzatmak i\u00e7in tercih edilir.<\/p>\n<h2><span class=\"ez-toc-section\" id=\"Kimler_icin_uygundur\"><\/span>Kimler i\u00e7in uygundur?<span class=\"ez-toc-section-end\"><\/span><\/h2>\n<p><a href=\"https:\/\/www.yetkinbayer.com\/tr\/ozonlu-sac-ekimi\/\">Ozonlu sa\u00e7 ekimi<\/a>; erkek tipi d\u00f6k\u00fclme, kad\u0131nlarda sa\u00e7 yo\u011funlu\u011funda azalma, do\u011fu\u015ftan seyrek sa\u00e7 ya da iz kaynakl\u0131 a\u00e7\u0131kl\u0131klar\u0131 kapatmak isteyen ki\u015filer i\u00e7in de\u011ferlendirilebilir. Ciltte aktif enfeksiyon, kontrols\u00fcz dermatit veya ciddi sistemik hastal\u0131k varl\u0131\u011f\u0131nda s\u00fcre\u00e7, dermatoloji ve ekim ekibinin ortak onay\u0131yla planlanmal\u0131d\u0131r.<\/p>\n<p>Sigara i\u00e7en, metabolik sendrom veya damar sa\u011fl\u0131\u011f\u0131yla ilgili risklere sahip ki\u015filerde ozonun dola\u015f\u0131m destekleyici etkisi yararl\u0131 olabilir; ancak her durumda ki\u015fisel t\u0131bbi \u00f6yk\u00fc ve kan tetkikleri ile karar verilir. Ekim yo\u011funlu\u011fu beklentisi y\u00fcksek olan adaylarda, ozon protokol\u00fc mini travmay\u0131 dengeleyip yara iyile\u015fmesini optimize etmek i\u00e7in ek katk\u0131 sa\u011flar.<\/p>\n<h2><span class=\"ez-toc-section\" id=\"Avantajlari_ve_dezavantajlari\"><\/span>Avantajlar\u0131 ve dezavantajlar\u0131<span class=\"ez-toc-section-end\"><\/span><\/h2>\n<p>Ozonlu sa\u00e7 ekimi protokol\u00fc, hijyen ve iyile\u015fme ekseninde \u00f6nemli art\u0131lar sunar. Antimikrobiyal etki sayesinde postoperatif enfeksiyon riskinin azalt\u0131lmas\u0131na destek olur; doku oksijenlenmesi ve mikrosirk\u00fclasyon vurgusu, kabuklanma s\u00fcrecinin daha konforlu ilerlemesine katk\u0131 sa\u011flayabilir.<\/p>\n<p>Bununla birlikte ozon, profesyonel ekipman ve tecr\u00fcbe gerektiren bir uygulamad\u0131r; a\u015f\u0131r\u0131 doz veya yanl\u0131\u015f uygulama cildi tahri\u015f edebilece\u011fi i\u00e7in protokol\u00fcn e\u011fitimli sa\u011fl\u0131k personelince y\u00f6netilmesi \u015fartt\u0131r. Ek olarak, ozonun tek ba\u015f\u0131na \u201cmucize \u00e7\u00f6z\u00fcm\u201d olmad\u0131\u011f\u0131, temel ba\u015far\u0131n\u0131n do\u011fru planlanm\u0131\u015f sa\u00e7 ekimi tasar\u0131m\u0131na ve greftlerin titiz yerle\u015ftirilmesine dayand\u0131\u011f\u0131 unutulmamal\u0131d\u0131r.<\/p>\n<h2><span class=\"ez-toc-section\" id=\"Ozonlu_sac_ekimi_asamalari\"><\/span>Ozonlu sa\u00e7 ekimi a\u015famalar\u0131<span class=\"ez-toc-section-end\"><\/span><\/h2>\n<p>Ozonlu sa\u00e7 ekimi s\u00fcreci, klini\u011fin protokol\u00fcne g\u00f6re birka\u00e7 ad\u0131mda kurgulan\u0131r. \u0130lk muayenede sa\u00e7 \u00e7izgisi, don\u00f6r kapasitesi ve beklenen yo\u011funluk belirlenir. Bu planlama a\u015famas\u0131nda, ozon protokol\u00fcn\u00fcn hangi noktalarda devreye girece\u011fi kararla\u015ft\u0131r\u0131l\u0131r. \u0130kinci a\u015famada i\u015flem \u00f6ncesi haz\u0131rl\u0131k bulunur: sa\u00e7l\u0131 deride temizlik, antiseptik uygulamalar ve ozonlu suyla b\u00f6lgenin nazik\u00e7e ar\u0131nd\u0131r\u0131lmas\u0131 yap\u0131labilir. Ekim g\u00fcn\u00fc lokal anestezi sonras\u0131 greftlerin al\u0131nmas\u0131 (FUE) ve istenirse kalem tekni\u011fi (DHI) ile yerle\u015ftirilmesi ger\u00e7ekle\u015ftirilir.<\/p>\n<p>Baz\u0131 merkezler greftlerin bekletildi\u011fi sol\u00fcsyonu ozonla zenginle\u015ftirir; bu yakla\u015f\u0131m\u0131n amac\u0131 h\u00fccresel stresin azalt\u0131lmas\u0131d\u0131r. Operasyon sonras\u0131nda ilk pansuman, ozonlu sol\u00fcsyonlarla desteklenerek yap\u0131labilir; bu, kabuklanman\u0131n kontroll\u00fc ilerlemesine yard\u0131m eder. Son ad\u0131mda kontroll\u00fc aral\u0131klarla yap\u0131lan ozon seanslar\u0131, iyile\u015fme penceresinde \u00f6demin azalmas\u0131na ve derinin konforuna katk\u0131 sa\u011flayabilir.<\/p>\n<h2><span class=\"ez-toc-section\" id=\"Ozonlu_sac_ekimi_sonrasi_bakim\"><\/span>Ozonlu sa\u00e7 ekimi sonras\u0131 bak\u0131m<span class=\"ez-toc-section-end\"><\/span><\/h2>\n<p>Ozonlu sa\u00e7 ekimi sonras\u0131nda ilk hafta, ekim alan\u0131 i\u00e7in en kritik d\u00f6nemdir. K\u00f6klerin tutunmas\u0131n\u0131 kolayla\u015ft\u0131rmak ad\u0131na b\u00f6lgeye darbe almamaya dikkat edilir, ilk y\u0131kama klini\u011fin tarifine g\u00f6re yap\u0131l\u0131r. Ozon destekli bak\u0131mda, doktorunuzun uygun g\u00f6rd\u00fc\u011f\u00fc g\u00fcnlerde k\u0131sa s\u00fcreli ozon temas\u0131 sa\u011flanabilir; bu, kabuklar\u0131n daha nazik \u015fekilde yumu\u015fay\u0131p d\u00f6k\u00fclmesine ve k\u0131zar\u0131kl\u0131\u011f\u0131n daha h\u0131zl\u0131 sakinle\u015fmesine yard\u0131mc\u0131 olur. Uyku d\u00fczeni, yast\u0131k y\u00fcksekli\u011fi ve yat\u0131\u015f pozisyonu, \u00f6dem kontrol\u00fc a\u00e7\u0131s\u0131ndan \u00f6nemlidir.<\/p>\n<p>\u0130lk 10\u201314 g\u00fcnde yo\u011fun spor, sauna ve havuz gibi enfeksiyon riskini art\u0131rabilecek aktivitelerden ka\u00e7\u0131n\u0131l\u0131r. Geleneksel bak\u0131m \u00f6nerileriyle birlikte ozon protokol\u00fc, g\u00fcnl\u00fck hayata d\u00f6n\u00fc\u015f\u00fc daha konforlu h\u00e2le getirebilir.<\/p>\n<h2><span class=\"ez-toc-section\" id=\"Riskleri_ve_olasi_komplikasyonlar\"><\/span>Riskleri ve olas\u0131 komplikasyonlar<span class=\"ez-toc-section-end\"><\/span><\/h2>\n<p>Her t\u0131bbi uygulamada oldu\u011fu gibi ozonlu sa\u00e7 ekimi s\u00fcrecinin de riskleri vard\u0131r. Yanl\u0131\u015f doz veya uygunsuz s\u00fcre, ciltte kuruluk, iritasyon veya ge\u00e7ici k\u0131zar\u0131kl\u0131k yapabilir. Alerjik reaksiyon \u015f\u00fcphesi olanlarda test yakla\u015f\u0131m\u0131 izlenir.<\/p>\n<p>Sa\u00e7 ekimi \u00f6zelinde ise \u00f6dem, morluk, nadiren enfeksiyon ve folik\u00fclit gibi komplikasyonlar g\u00f6r\u00fclebilir; ozonun antimikrobiyal deste\u011fi bu noktada yard\u0131mc\u0131 olsa da tamamen s\u0131f\u0131rlayamaz. Deneyimli bir ekip, ki\u015fisel riskleri de\u011ferlendirip uygun protokolle komplikasyon olas\u0131l\u0131\u011f\u0131n\u0131 d\u00fc\u015f\u00fcr\u00fcr. G\u00f6zlemlenen herhangi bir beklenmedik belirti mutlaka klini\u011fe bildirilmelidir.<\/p>\n<h2><span class=\"ez-toc-section\" id=\"Ozonlu_sac_ekimi_suresi_ve_iyilesme\"><\/span>Ozonlu sa\u00e7 ekimi s\u00fcresi ve iyile\u015fme<span class=\"ez-toc-section-end\"><\/span><\/h2>\n<p>Operasyon s\u00fcresi; greft say\u0131s\u0131, sa\u00e7 yap\u0131s\u0131 ve tercih edilen tekniklere g\u00f6re de\u011fi\u015fir. Ozonlu sa\u00e7 ekimi, toplam s\u00fcreyi belirgin \u00f6l\u00e7\u00fcde uzatmadan haz\u0131rl\u0131k ve pansuman k\u0131s\u0131mlar\u0131nda devreye girer. \u0130lk kabuklar\u0131n d\u00f6k\u00fclmesi, genellikle 10. g\u00fcnden sonra ba\u015flar; k\u0131zar\u0131kl\u0131k ve hassasiyet ki\u015fisel iyile\u015fme h\u0131z\u0131na ba\u011fl\u0131d\u0131r.<\/p>\n<p>\u201c\u015eok d\u00f6k\u00fclme\u201d d\u00f6nemi ekim tekniklerinden ba\u011f\u0131ms\u0131z olarak ya\u015fanabilir; bu beklenen bir s\u00fcre\u00e7tir ve yeni uzama 3. aydan itibaren yava\u015f yava\u015f fark edilir. Ozon protokol\u00fc, bu bekleme d\u00f6nemini daha konforlu atlatman\u0131za yard\u0131mc\u0131 olabilir; d\u00fczenli kontrollerle sa\u00e7\u0131n b\u00fcy\u00fcme d\u00f6ng\u00fcs\u00fc izlenir.<\/p>\n<h2><span class=\"ez-toc-section\" id=\"Ozonlu_sac_ekimi_klinik_ve_uzman_secimi\"><\/span>Ozonlu sa\u00e7 ekimi klinik ve uzman se\u00e7imi<span class=\"ez-toc-section-end\"><\/span><\/h2>\n<p>Uzman se\u00e7imi, sonucun do\u011fall\u0131\u011f\u0131n\u0131 ve memnuniyet d\u00fczeyini belirleyen en kritik fakt\u00f6rd\u00fcr. Ozonlu sa\u00e7 ekimi sunan merkezlerin, sterilizasyon standartlar\u0131n\u0131, kulland\u0131klar\u0131 ozon jenerat\u00f6rlerinin medikal s\u0131n\u0131f olup olmad\u0131\u011f\u0131n\u0131 ve protokol ayr\u0131nt\u0131lar\u0131n\u0131 \u015feffaf bi\u00e7imde anlatmas\u0131 gerekir. Sa\u00e7 \u00e7izgisi tasar\u0131m\u0131, yo\u011funluk planlamas\u0131, greftlerin da\u011f\u0131l\u0131m\u0131 ve y\u00f6nlendirilmesi gibi kilit ad\u0131mlar, deneyim ve estetik bak\u0131\u015f ister.<\/p>\n<p>Daha \u00f6nce yap\u0131lm\u0131\u015f benzer vaka foto\u011fraflar\u0131n\u0131 ve takip s\u00fcre\u00e7lerini istemekten \u00e7ekinmeyin. Dan\u0131\u015fma g\u00f6r\u00fc\u015fmesinde, ozon uygulamas\u0131n\u0131n hangi a\u015famalarda ve ka\u00e7 seans planland\u0131\u011f\u0131n\u0131 netle\u015ftirmeniz, beklentilerinizle protokol\u00fcn kesi\u015fimini anlaman\u0131z\u0131 sa\u011flar.<\/p>\n<h2><span class=\"ez-toc-section\" id=\"Dogal_gorunen_sonuclar_icin_ipuclari\"><\/span>Do\u011fal g\u00f6r\u00fcnen sonu\u00e7lar i\u00e7in ipu\u00e7lar\u0131<span class=\"ez-toc-section-end\"><\/span><\/h2>\n<p>Do\u011fal sa\u00e7 \u00e7izgisi, tekli greftlerin \u00f6n hatta, \u00e7oklu greftlerin yo\u011funluk b\u00f6lgesinde yerle\u015ftirilmesiyle sa\u011flan\u0131r. Ozonlu sa\u00e7 ekimi yakla\u015f\u0131m\u0131, bu yerle\u015ftirmenin ard\u0131ndan cilt dengesini ve dola\u015f\u0131m\u0131 destekleyerek minik mikrokanallar\u0131n sa\u011fl\u0131kl\u0131 kapanmas\u0131n\u0131 kolayla\u015ft\u0131r\u0131r.<\/p>\n<p>Evde bak\u0131mda agresif kozmetiklerden ka\u00e7\u0131nmak, \u015fampuan se\u00e7imini yumu\u015fak form\u00fcllerden yana yapmak ve g\u00fcne\u015ften korunmak \u00f6nemlidir. Beslenmede protein ve antioksidan deste\u011fi, sa\u00e7\u0131n b\u00fcy\u00fcme d\u00f6ng\u00fcs\u00fcnde yard\u0131mc\u0131d\u0131r; hekim onay\u0131 olmadan takviye kullan\u0131m\u0131na ba\u015flanmamal\u0131d\u0131r. Sab\u0131r, burada anahtar kelimedir: ekilen sa\u00e7lar olgunla\u015f\u0131rken kal\u0131nla\u015f\u0131p do\u011falla\u015f\u0131r; s\u00fcre\u00e7te ozon protokol\u00fc bir \u201ch\u0131zland\u0131r\u0131c\u0131\u201d de\u011fil, bir \u201cdestekleyici\u201d olarak d\u00fc\u015f\u00fcn\u00fclmelidir.<\/p>\n<h2><span class=\"ez-toc-section\" id=\"Ozonlu_sac_ekimi_kimlerde_sinirli_etki_gosterebilir\"><\/span>Ozonlu sa\u00e7 ekimi kimlerde s\u0131n\u0131rl\u0131 etki g\u00f6sterebilir?<span class=\"ez-toc-section-end\"><\/span><\/h2>\n<p>Don\u00f6r alan\u0131 yetersiz olan, ileri d\u00fczey iz veya yan\u0131k dokusuna sahip ki\u015filerde yaln\u0131zca teknik ekim de\u011fil, ozon gibi destekleyici protokoller de s\u0131n\u0131rl\u0131 fayda sa\u011flayabilir. Hormonal dengesizlikler veya aktif dermatolojik sorunlar y\u00f6netilmeden yap\u0131lan uygulamalarda beklentiyi do\u011fru ayarlamak gerekir.<\/p>\n<p>Ozon, bir tedavi ana omurgas\u0131 de\u011fil; ekim operasyonunu daha g\u00fcvenli ve konforlu h\u00e2le getiren yard\u0131mc\u0131 bir katmand\u0131r. Bu nedenle kapsaml\u0131 bir de\u011ferlendirme ve ger\u00e7ek\u00e7i bir planlama yap\u0131lmas\u0131 en do\u011frusudur.<\/p>\n<h2><span class=\"ez-toc-section\" id=\"Ozonlu_sac_ekimi_fiyatlari_2026\"><\/span>Ozonlu sa\u00e7 ekimi fiyatlar\u0131 2026<span class=\"ez-toc-section-end\"><\/span><\/h2>\n<p>Maliyet; greft say\u0131s\u0131, kullan\u0131lan tekni\u011fin (FUE\/DHI) ayr\u0131nt\u0131lar\u0131, klini\u011fin donan\u0131m\u0131 ve eklenen protokollere g\u00f6re de\u011fi\u015fir. Ozonlu sa\u00e7 ekimi protokol\u00fcn\u00fcn yer ald\u0131\u011f\u0131 merkezlerde, kullan\u0131lan ekipman\u0131n medikal niteli\u011fi ve sunulan seans say\u0131s\u0131 da fiyat\u0131n \u015fekillenmesinde rol oynar. Ki\u015fiye \u00f6zg\u00fc planlama yap\u0131ld\u0131\u011f\u0131ndan, rakamlar ancak muayene sonras\u0131 netle\u015fir; ayr\u0131ca co\u011frafi konum, ekip tecr\u00fcbesi ve operasyon g\u00fcn\u00fc ihtiya\u00e7 duyulan ek bak\u0131m uygulamalar\u0131 da toplam b\u00fct\u00e7eyi etkileyebilir. Ozonlu sa\u00e7 ekimi fiyatlar\u0131 i\u00e7in hemen bize ula\u015f\u0131n.<\/p>\n<h2><span class=\"ez-toc-section\" id=\"Sik_Sorulan_Sorular\"><\/span>S\u0131k Sorulan Sorular<span class=\"ez-toc-section-end\"><\/span><\/h2>\n<h3><span class=\"ez-toc-section\" id=\"Ozonlu_sac_ekimi_kac_seans_gerektirir\"><\/span>Ozonlu sa\u00e7 ekimi ka\u00e7 seans gerektirir?<span class=\"ez-toc-section-end\"><\/span><\/h3>\n<p>Seans say\u0131s\u0131, klini\u011fin protokol\u00fcne ve cildin verdi\u011fi yan\u0131ta ba\u011fl\u0131d\u0131r. Bir\u00e7ok merkez, operasyon g\u00fcn\u00fc haz\u0131rl\u0131k ve pansuman d\u00e2hil ozon deste\u011fini ba\u015flat\u0131r; takip eden 1\u20133 hafta i\u00e7inde ek k\u0131sa seanslar planlanabilir. Baz\u0131 ki\u015filer bir\u2013iki uygulamada yeterli konfora ula\u015f\u0131rken, hassas ciltlerde bu destek daha uzun tutulabilir. Nihayetinde ama\u00e7, yara iyile\u015fmesini destekleyip enfeksiyon riskini azaltmak ve ekim s\u00fcrecini daha rahats\u0131zl\u0131ks\u0131z k\u0131lmakt\u0131r.<\/p>\n<h3><span class=\"ez-toc-section\" id=\"Kalici_midir\"><\/span>Kal\u0131c\u0131 m\u0131d\u0131r?<span class=\"ez-toc-section-end\"><\/span><\/h3>\n<p>Kal\u0131c\u0131l\u0131k, asl\u0131nda ekimin kendisiyle ilgilidir; ense b\u00f6lgesindeki d\u00f6k\u00fclmeye diren\u00e7li greftler yeni alana yerle\u015ftirildi\u011fi i\u00e7in do\u011fru planlama yap\u0131ld\u0131\u011f\u0131nda sonu\u00e7lar uzun \u00f6m\u00fcrl\u00fc olur. Ozonlu sa\u00e7 ekimi burada ekimin kal\u0131c\u0131l\u0131\u011f\u0131n\u0131 de\u011fil, iyile\u015fme kalitesini etkiler; greftlerin tutunmas\u0131na ve cilt konforuna yard\u0131mc\u0131 bir rol oynar. Hormonal veya genetik fakt\u00f6rler de\u011fi\u015fmedi\u011fi s\u00fcrece ekilen sa\u00e7lar d\u00f6k\u00fclme direncini s\u00fcrd\u00fcr\u00fcr; ancak do\u011fal sa\u00e7lar\u0131n ilerleyen y\u0131llarda seyrelmesi olas\u0131d\u0131r.<\/p>\n<h3><span class=\"ez-toc-section\" id=\"Ozonlu_sac_ekimi_isleminden_sonra_ne_zaman_dus_alinir\"><\/span>Ozonlu sa\u00e7 ekimi i\u015fleminden sonra ne zaman du\u015f al\u0131n\u0131r?<span class=\"ez-toc-section-end\"><\/span><\/h3>\n<p>Du\u015f i\u00e7in ilk y\u0131kama protokol\u00fc klini\u011fe g\u00f6re de\u011fi\u015fir; \u00e7o\u011fu merkez ilk y\u0131kamay\u0131 kontrol alt\u0131nda ve tarifle yapar. Ozonlu sa\u00e7 ekimi sonras\u0131 ilk g\u00fcnlerde su bas\u0131nc\u0131n\u0131 d\u00fc\u015f\u00fck tutmak, t\u0131rnakla temas etmemek ve yumu\u015fak dokunu\u015flarla hareket etmek \u00f6nemlidir. Kabuklar\u0131n d\u00f6k\u00fclme evresine ge\u00e7i\u015fte, ozonla desteklenen bak\u0131m derinin daha rahat yat\u0131\u015fmas\u0131n\u0131 sa\u011flayabilir. Du\u015f rutininiz, doktorunuzun belirledi\u011fi g\u00fcn ve \u015fekilde ilerlemelidir.<\/p>\n<h3><span class=\"ez-toc-section\" id=\"Ozonlu_sac_ekimi_avantajlari_nelerdir\"><\/span>Ozonlu sa\u00e7 ekimi avantajlar\u0131 nelerdir?<span class=\"ez-toc-section-end\"><\/span><\/h3>\n<ul>\n<li>Antimikrobiyal etkisiyle enfeksiyon riskinin azalt\u0131lmas\u0131na destek olur.<\/li>\n<li>Mikrosirk\u00fclasyonu canland\u0131rarak doku oksijenlenmesini art\u0131rmaya yard\u0131mc\u0131 olur.<\/li>\n<li>Kabuklanma ve k\u0131zar\u0131kl\u0131k d\u00f6neminin daha konforlu ge\u00e7mesine katk\u0131 sa\u011flar.<\/li>\n<li>Pansuman ve temizlikte ekstra hijyen katman\u0131 sunar.<\/li>\n<li>Kombine protokollerle (PRP\/mezoterapi) sinerji potansiyeli olu\u015fturur.<\/li>\n<\/ul>\n<h3><span class=\"ez-toc-section\" id=\"Ozonlu_sac_ekimi_aci_verir_mi\"><\/span>Ozonlu sa\u00e7 ekimi ac\u0131 verir mi?<span class=\"ez-toc-section-end\"><\/span><\/h3>\n<p>A\u011fr\u0131 alg\u0131s\u0131 ki\u015fiden ki\u015fiye de\u011fi\u015fse de lokal anestezi sayesinde operasyon s\u0131ras\u0131nda belirgin a\u011fr\u0131 beklenmez. Ozonlu sa\u00e7 ekimi protokol\u00fcnde ozonun hafif serinlik ve gerginlik hissi yaratmas\u0131 olas\u0131d\u0131r; ancak bu his k\u0131sa s\u00fcrer ve genellikle tolere edilebilir d\u00fczeydedir. Operasyon sonras\u0131 ilk g\u00fcnlerde olu\u015fabilecek hassasiyet, doktorunuzun \u00f6nerece\u011fi basit \u00f6nlemlerle y\u00f6netilir.<\/p>\n<h3><span class=\"ez-toc-section\" id=\"Ozonlu_sac_ekimi_fiyatlari_neye_gore_degisir\"><\/span>Ozonlu sa\u00e7 ekimi fiyatlar\u0131 neye g\u00f6re de\u011fi\u015fir?<span class=\"ez-toc-section-end\"><\/span><\/h3>\n<p>Fiyat; greft plan\u0131, se\u00e7ilen teknik, klini\u011fin teknolojik altyap\u0131s\u0131 ve dahil edilen ozon seanslar\u0131n\u0131n say\u0131s\u0131na g\u00f6re \u015fekillenir. Uygulayan ekibin deneyimi, i\u015flem g\u00fcn\u00fc kullan\u0131lan sarf malzemeleri ve operasyon sonras\u0131 takip s\u0131kl\u0131\u011f\u0131 da toplam b\u00fct\u00e7eye etki eder. Sa\u011fl\u0131kl\u0131 ve \u015feffaf bir de\u011ferlendirme i\u00e7in ki\u015fisel muayene \u015fartt\u0131r. Ozonlu sa\u00e7 ekimi fiyatlar\u0131 i\u00e7in hemen bize ula\u015f\u0131n.<\/p>\n","protected":false},"excerpt":{"rendered":"<p>Ozonlu sa\u00e7 ekimi, sa\u00e7 k\u00f6klerinin sa\u011fl\u0131kl\u0131 \u015fekilde nakledilmesini destekleyen, ozonun antimikrobiyal ve oksijenlendirici etkilerinden yararlanan yenilik\u00e7i bir yakla\u015f\u0131md\u0131r. Ozonlu sa\u00e7 ekimi, klasik FUE veya DHI tekniklerinin etkinli\u011fini art\u0131rmay\u0131 hedefler; i\u015flem \u00f6ncesinde, s\u0131ras\u0131nda ve sonras\u0131nda kullan\u0131lan ozon uygulamalar\u0131yla hem hijyeni g\u00fc\u00e7lendirir hem de doku iyile\u015fmesini h\u0131zland\u0131rmay\u0131 ama\u00e7lar. Bu yaz\u0131da ozonun sa\u00e7l\u0131 deride nas\u0131l \u00e7al\u0131\u015ft\u0131\u011f\u0131n\u0131, hangi adaylar [&hellip;]<\/p>\n","protected":false},"author":1,"featured_media":9588,"comment_status":"closed","ping_status":"closed","sticky":false,"template":"","format":"standard","meta":{"footnotes":""},"categories":[9],"tags":[],"class_list":["post-9587","post","type-post","status-publish","format-standard","has-post-thumbnail","hentry","category-blog"],"_links":{"self":[{"href":"https:\/\/www.yetkinbayer.com\/tr\/wp-json\/wp\/v2\/posts\/9587","targetHints":{"allow":["GET"]}}],"collection":[{"href":"https:\/\/www.yetkinbayer.com\/tr\/wp-json\/wp\/v2\/posts"}],"about":[{"href":"https:\/\/www.yetkinbayer.com\/tr\/wp-json\/wp\/v2\/types\/post"}],"author":[{"embeddable":true,"href":"https:\/\/www.yetkinbayer.com\/tr\/wp-json\/wp\/v2\/users\/1"}],"replies":[{"embeddable":true,"href":"https:\/\/www.yetkinbayer.com\/tr\/wp-json\/wp\/v2\/comments?post=9587"}],"version-history":[{"count":4,"href":"https:\/\/www.yetkinbayer.com\/tr\/wp-json\/wp\/v2\/posts\/9587\/revisions"}],"predecessor-version":[{"id":10074,"href":"https:\/\/www.yetkinbayer.com\/tr\/wp-json\/wp\/v2\/posts\/9587\/revisions\/10074"}],"wp:featuredmedia":[{"embeddable":true,"href":"https:\/\/www.yetkinbayer.com\/tr\/wp-json\/wp\/v2\/media\/9588"}],"wp:attachment":[{"href":"https:\/\/www.yetkinbayer.com\/tr\/wp-json\/wp\/v2\/media?parent=9587"}],"wp:term":[{"taxonomy":"category","embeddable":true,"href":"https:\/\/www.yetkinbayer.com\/tr\/wp-json\/wp\/v2\/categories?post=9587"},{"taxonomy":"post_tag","embeddable":true,"href":"https:\/\/www.yetkinbayer.com\/tr\/wp-json\/wp\/v2\/tags?post=9587"}],"curies":[{"name":"wp","href":"https:\/\/api.w.org\/{rel}","templated":true}]}}