{"id":4312,"date":"2025-04-29T16:59:48","date_gmt":"2025-04-29T13:59:48","guid":{"rendered":"https:\/\/www.yetkinbayer.com\/?p=4312"},"modified":"2025-04-29T16:59:48","modified_gmt":"2025-04-29T13:59:48","slug":"sac-ekimi-sonrasi-deri-soyulmasi","status":"publish","type":"post","link":"https:\/\/www.yetkinbayer.com\/tr\/sac-ekimi-sonrasi-deri-soyulmasi\/","title":{"rendered":"Sa\u00e7 Ekimi Sonras\u0131 Deri Soyulmas\u0131"},"content":{"rendered":"<p class=\"p1\"><strong>Sa\u00e7 ekimi<\/strong> sonras\u0131 deri d\u00f6k\u00fclmesi di\u011fer bir tabirle deri soyulmas\u0131, sa\u00e7 derisinin d\u00f6k\u00fclmesi veya soyulmas\u0131yla meydana gelir. Bir\u00e7ok nedenden dolay\u0131 bu d\u00f6k\u00fclmeler sa\u00e7 diplerinde g\u00f6r\u00fclebilmektedir. Ayn\u0131 zamanda deri d\u00f6k\u00fclmesi ka\u015f\u0131nt\u0131ya da sebebiyet vermektedir. Ancak sa\u00e7 ekimi i\u015flemi sonras\u0131nda kafan\u0131n ka\u015f\u0131nmas\u0131 do\u011fru olmayacakt\u0131r.<\/p>\n<p class=\"p1\">\u00c7\u00fcnk\u00fc sert ka\u015f\u0131ma yap\u0131lmas\u0131 sa\u00e7 derisini tahri\u015f edebilmektedir. Bu da olumsuz bir durumdur. Bu sebeple nazik bir \u015fekilde dokunarak ka\u015f\u0131nt\u0131n\u0131n \u00f6nlenmeye \u00e7al\u0131\u015f\u0131lmas\u0131 daha do\u011fru olacakt\u0131r. <strong><a href=\"https:\/\/www.yetkinbayer.com\/tr\/sac-ekimi\">Sa\u00e7 ekimi<\/a><\/strong> i\u015flemi sonras\u0131nda olu\u015fan deri d\u00f6k\u00fclmesi s\u00fcrecin normal bir a\u015famas\u0131d\u0131r.<\/p>\n<p class=\"p1\">\u00c7o\u011fu hastada g\u00f6r\u00fcl\u00fcr ve olumsuz bir durum de\u011fildir. Sa\u00e7 ekimi i\u015flemi sonras\u0131 deri d\u00f6k\u00fclmesi iyile\u015fme s\u00fcrecinin bir g\u00f6stergesi ve s\u00fcrecidir. Sa\u00e7 ekimi i\u015flemi sonras\u0131nda ya\u015fanan deri d\u00f6k\u00fclmesi ka\u015f\u0131nt\u0131ya sebep olabilir. Ka\u015f\u0131ma i\u015flemi sert ve hatal\u0131 yap\u0131l\u0131rsa sa\u00e7 k\u00f6klerinin yerinden \u00e7\u0131kmas\u0131na sebep olabilir. Ka\u015f\u0131ma i\u015flemi nazik ve hafif dokunu\u015flarla yap\u0131lmal\u0131d\u0131r.<\/p>\n<p class=\"p1\">Bu s\u00fcre\u00e7 dikkatli bir \u015fekilde atlat\u0131l\u0131rsa iyile\u015fme s\u00fcreci normal bir \u015fekilde ilerlemeye devam eder. Sa\u00e7 ekimi i\u015flemi sonras\u0131nda deri d\u00f6k\u00fclmesi 1 hafta veya 10 g\u00fcn i\u00e7inde ger\u00e7ekle\u015fmektedir. Hasta bu konuda \u00f6nceden bilgilendirilmelidir. Hasta yeterli bilgiyi sa\u00e7 ekimi i\u015flemi \u00f6ncesinde al\u0131rsa ya\u015fayaca\u011f\u0131 s\u00fcre\u00e7leri bilir ve bu durumlar ya\u015fand\u0131\u011f\u0131nda tedirginlik duymaz.<\/p>\n<p>&#8220;Sa\u00e7 ekimi sonras\u0131 deri soyulmas\u0131 olur mu?&#8221; sorusu sa\u00e7 ekimi yapt\u0131rm\u0131\u015f ki\u015filer taraf\u0131ndan en fazla y\u00f6neltilen sorulardan biridir. Dr. Yetkin Bayer, &#8220;Sa\u00e7 ekimi i\u015flemi neden deri soyulmas\u0131 yapar?&#8221; ve &#8220;Sa\u00e7 ekimi sonras\u0131 \u015fampuan kullan\u0131m\u0131 soyulmay\u0131 tetikler mi?&#8221; gibi sorular\u0131 sizler i\u00e7in yan\u0131tl\u0131yor.<\/p>\n<div id=\"ez-toc-container\" class=\"ez-toc-v2_0_82_2 counter-flat ez-toc-counter ez-toc-grey ez-toc-container-direction\">\n<div class=\"ez-toc-title-container\">\n<p class=\"ez-toc-title\" style=\"cursor:inherit\">Table of Contents<\/p>\n<span class=\"ez-toc-title-toggle\"><a href=\"#\" class=\"ez-toc-pull-right ez-toc-btn ez-toc-btn-xs ez-toc-btn-default ez-toc-toggle\" aria-label=\"\u0130\u00e7indekiler Tablosunu A\u00e7\/Kapat\"><span class=\"ez-toc-js-icon-con\"><span class=\"\"><span class=\"eztoc-hide\" style=\"display:none;\">Toggle<\/span><span class=\"ez-toc-icon-toggle-span\"><svg style=\"fill: #999;color:#999\" xmlns=\"http:\/\/www.w3.org\/2000\/svg\" class=\"list-377408\" width=\"20px\" height=\"20px\" viewBox=\"0 0 24 24\" fill=\"none\"><path d=\"M6 6H4v2h2V6zm14 0H8v2h12V6zM4 11h2v2H4v-2zm16 0H8v2h12v-2zM4 16h2v2H4v-2zm16 0H8v2h12v-2z\" fill=\"currentColor\"><\/path><\/svg><svg style=\"fill: #999;color:#999\" class=\"arrow-unsorted-368013\" xmlns=\"http:\/\/www.w3.org\/2000\/svg\" width=\"10px\" height=\"10px\" viewBox=\"0 0 24 24\" version=\"1.2\" baseProfile=\"tiny\"><path d=\"M18.2 9.3l-6.2-6.3-6.2 6.3c-.2.2-.3.4-.3.7s.1.5.3.7c.2.2.4.3.7.3h11c.3 0 .5-.1.7-.3.2-.2.3-.5.3-.7s-.1-.5-.3-.7zM5.8 14.7l6.2 6.3 6.2-6.3c.2-.2.3-.5.3-.7s-.1-.5-.3-.7c-.2-.2-.4-.3-.7-.3h-11c-.3 0-.5.1-.7.3-.2.2-.3.5-.3.7s.1.5.3.7z\"\/><\/svg><\/span><\/span><\/span><\/a><\/span><\/div>\n<nav><ul class='ez-toc-list ez-toc-list-level-1 eztoc-toggle-hide-by-default' ><li class='ez-toc-page-1'><a class=\"ez-toc-link ez-toc-heading-1\" href=\"#\" data-href=\"https:\/\/www.yetkinbayer.com\/tr\/sac-ekimi-sonrasi-deri-soyulmasi\/#Sac_Ekimi_Islemi_Neden_Deri_Soyulmasi_Yapar\" >Sa\u00e7 Ekimi \u0130\u015flemi Neden Deri Soyulmas\u0131 Yapar?<\/a><\/li><li class='ez-toc-page-1'><a class=\"ez-toc-link ez-toc-heading-2\" href=\"#\" data-href=\"https:\/\/www.yetkinbayer.com\/tr\/sac-ekimi-sonrasi-deri-soyulmasi\/#Sampuan_Kullanimi_Soyulma_Yapar_mi\" >\u015eampuan Kullan\u0131m\u0131 Soyulma Yapar m\u0131?<\/a><\/li><li class='ez-toc-page-1'><a class=\"ez-toc-link ez-toc-heading-3\" href=\"#\" data-href=\"https:\/\/www.yetkinbayer.com\/tr\/sac-ekimi-sonrasi-deri-soyulmasi\/#Sac_Ekimi_Islemi_Sonrasi_Sac_Yikama\" >Sa\u00e7 Ekimi \u0130\u015flemi Sonras\u0131 Sa\u00e7 Y\u0131kama<\/a><\/li><li class='ez-toc-page-1'><a class=\"ez-toc-link ez-toc-heading-4\" href=\"#\" data-href=\"https:\/\/www.yetkinbayer.com\/tr\/sac-ekimi-sonrasi-deri-soyulmasi\/#Sac_Ekimi_Islemini_Yaptirmanin_Herhangi_Bir_Riski_Var_Midir\" >Sa\u00e7 Ekimi \u0130\u015flemini Yapt\u0131rman\u0131n Herhangi Bir Riski Var M\u0131d\u0131r?<\/a><\/li><li class='ez-toc-page-1'><a class=\"ez-toc-link ez-toc-heading-5\" href=\"#\" data-href=\"https:\/\/www.yetkinbayer.com\/tr\/sac-ekimi-sonrasi-deri-soyulmasi\/#Sac_Ekimi_Islemi_Sonrasi_Ise_Ne_Zaman_Donulur\" >Sa\u00e7 Ekimi \u0130\u015flemi Sonras\u0131 \u0130\u015fe Ne Zaman D\u00f6n\u00fcl\u00fcr?<\/a><\/li><li class='ez-toc-page-1'><a class=\"ez-toc-link ez-toc-heading-6\" href=\"#\" data-href=\"https:\/\/www.yetkinbayer.com\/tr\/sac-ekimi-sonrasi-deri-soyulmasi\/#Sac_Ekimi_Isleminden_Sonra_Hastanin_Dikkat_Etmesi_Gerekenler\" >Sa\u00e7 Ekimi \u0130\u015fleminden Sonra Hastan\u0131n Dikkat Etmesi Gerekenler<\/a><\/li><\/ul><\/nav><\/div>\n<h2 class=\"p1\"><span class=\"ez-toc-section\" id=\"Sac_Ekimi_Islemi_Neden_Deri_Soyulmasi_Yapar\"><\/span>Sa\u00e7 Ekimi \u0130\u015flemi Neden Deri Soyulmas\u0131 Yapar?<span class=\"ez-toc-section-end\"><\/span><\/h2>\n<p class=\"p1\">Hastan\u0131n ihtiyac\u0131na g\u00f6re, sa\u00e7 d\u00f6k\u00fclmesi, sa\u00e7 seyrekli\u011fi ve kellik i\u00e7in \u00f6nerilen tedavi y\u00f6ntemleri farkl\u0131l\u0131k g\u00f6sterebilmektedir. Bu sorunlara \u00e7\u00f6z\u00fcm olarak sunulan tedavi y\u00f6ntemi olan sa\u00e7 ekimi i\u015flemi, ense \u00fcst\u00fcnde bulunan veya v\u00fccudun herhangi bir b\u00f6lgesinde bulunan sa\u00e7 k\u00f6klerinin, a\u00e7\u0131kl\u0131k, seyreklik ve kellik bulunan yerlere nakil edilmesi \u015feklinde ger\u00e7ekle\u015ftirilmektedir.<\/p>\n<p class=\"p1\">Hijyenik ko\u015fullarda, uzman doktorlar taraf\u0131ndan hastanelerde yap\u0131lan bu i\u015flem, genellikle ba\u015f\u0131n tepe noktas\u0131nda ve al\u0131nda olu\u015fan a\u00e7\u0131kl\u0131klar\u0131, v\u00fccutta k\u0131l k\u00f6klerinin yo\u011fun oldu\u011fu b\u00f6lgelerden al\u0131nan k\u0131l k\u00f6kleriyle lokal anestezi ile birlikte tek tek ihtiya\u00e7 duyulan yerlere nakledilmesi ile tedavi edilir. Genellikle sa\u00e7 ekimi i\u015flemi sonras\u0131nda sa\u00e7 derisinde olu\u015fan deri soyulmalar\u0131 olabilir.<\/p>\n<h2 class=\"p1\"><span class=\"ez-toc-section\" id=\"Sampuan_Kullanimi_Soyulma_Yapar_mi\"><\/span>\u015eampuan Kullan\u0131m\u0131 Soyulma Yapar m\u0131?<span class=\"ez-toc-section-end\"><\/span><\/h2>\n<p class=\"p1\">Sa\u00e7 ekimi i\u015flemi sonras\u0131 \u015fampuan ve ila\u00e7lar\u0131n kullan\u0131lmas\u0131 \u00e7ok \u00f6nemlidir. Sa\u00e7 derisindeki kabuklanmalar, deri d\u00f6k\u00fcnt\u00fcleri, k\u0131zar\u0131klar ila\u00e7lar ve \u015fampuanla iyile\u015fme s\u00fcrecine girecektir.<\/p>\n<p class=\"p1\">Bu s\u00fcre\u00e7te uzman doktorlar i\u015flem sonras\u0131 ilk haftal\u0131k s\u00fcre\u00e7te sa\u00e7 k\u00f6klerine zarar gelmemesi a\u00e7\u0131s\u0131ndan kimyasal i\u00e7erik i\u00e7ermeyen \u015fampuanlar\u0131n kullan\u0131lmas\u0131n\u0131, daha sonraki s\u00fcre\u00e7te ise klasik \u015fampuan kullan\u0131m\u0131na geri d\u00f6n\u00fclebilece\u011fini s\u00f6ylemektedir. Bu sebeple doktorunuzun \u00f6nerdi\u011fi ila\u00e7lar\u0131 ve \u015fampuan\u0131 kullanman\u0131z do\u011fru olacakt\u0131r.<\/p>\n<h2 class=\"p1\"><span class=\"ez-toc-section\" id=\"Sac_Ekimi_Islemi_Sonrasi_Sac_Yikama\"><\/span>Sa\u00e7 Ekimi \u0130\u015flemi Sonras\u0131 Sa\u00e7 Y\u0131kama<span class=\"ez-toc-section-end\"><\/span><\/h2>\n<p class=\"p1\">Sa\u00e7 ekimi i\u015flemi sonras\u0131nda sa\u00e7\u0131 ilk y\u0131kama doktorunuzun sizin durumunuza g\u00f6re karar\u0131yla 2. veya 3. g\u00fcn ger\u00e7ekle\u015fir. Sa\u00e7 ekimi sonras\u0131nda yap\u0131lan y\u0131kama sa\u00e7 derisindeki kabuklar\u0131 yumu\u015fat\u0131r ve iyile\u015fme s\u00fcrecine yard\u0131mc\u0131 olur. Doktorunuzun verdi\u011fi krem veya losyonu sa\u00e7 derinize s\u00fcr\u00fcp bekleterek y\u0131kama i\u015flemini ger\u00e7ekle\u015ftirmeniz sa\u00e7 k\u00f6klerinize zarar gelmemesi i\u00e7in \u00f6nemli bir noktad\u0131r.<\/p>\n<p class=\"p1\">Sa\u00e7 ekimi sonras\u0131 y\u0131kama i\u015flemi \u00e7ok \u00f6nemlidir ve <a href=\"https:\/\/yetkinbayer.com\/sac-ekim-sonrasi.html\" target=\"_blank\" rel=\"noopener\">sa\u00e7 ekimi sonras\u0131<\/a> deri soyulmas\u0131 bu a\u015famada g\u00f6r\u00fclebilmektedir. Y\u0131kama i\u015flemi do\u011fru yap\u0131lmal\u0131d\u0131r. Do\u011fru yap\u0131lmad\u0131\u011f\u0131 takdirde sa\u00e7 k\u00f6k\u00fc zarar g\u00f6r\u00fcr.<\/p>\n<h2 class=\"p1\"><span class=\"ez-toc-section\" id=\"Sac_Ekimi_Islemini_Yaptirmanin_Herhangi_Bir_Riski_Var_Midir\"><\/span>Sa\u00e7 Ekimi \u0130\u015flemini Yapt\u0131rman\u0131n Herhangi Bir Riski Var M\u0131d\u0131r?<span class=\"ez-toc-section-end\"><\/span><\/h2>\n<p>Sa\u00e7 ekimi i\u015fleminin baz\u0131 tehlikeleri vard\u0131r, ancak bu tehlikeler genellikle k\u00fc\u00e7\u00fckt\u00fcr ve do\u011fru bir klinikte uzman bir ekip taraf\u0131ndan yap\u0131ld\u0131\u011f\u0131 s\u00fcrece minimuma iner. Sa\u00e7 ekimi bir cerrahi i\u015flem oldu\u011fu i\u00e7in enfeksiyon, kanama ve \u015fi\u015flik gibi genel cerrahi riskler vard\u0131r. Bununla birlikte, uygun sterilizasyon \u00f6nlemleri al\u0131nd\u0131\u011f\u0131nda ve i\u015flem sonras\u0131 bak\u0131m talimatlar\u0131na uyuldu\u011funda, bu sorunlar genellikle nadir g\u00f6r\u00fcl\u00fcr.<\/p>\n<p>\u0130\u015flemden sonra baz\u0131 insanlar ekim b\u00f6lgesinde k\u0131zar\u0131kl\u0131k, ka\u015f\u0131nt\u0131 veya hassasiyet hissedebilir. Don\u00f6r b\u00f6lgede (genellikle ense b\u00f6lgesi) hafif bir uyu\u015fukluk veya kar\u0131ncalanma olabilir. Genellikle birka\u00e7 hafta i\u00e7inde kendili\u011finden d\u00fczelir. Daha az s\u0131kl\u0131kla, ekilen sa\u00e7 k\u00f6klerinin yerle\u015fmemesi veya i\u015flem s\u0131ras\u0131nda mevcut sa\u00e7 k\u00f6klerinin zarar g\u00f6rmesi gibi istenmeyen sonu\u00e7lar ortaya \u00e7\u0131kabilir.<\/p>\n<p>&#8220;\u015eok d\u00f6k\u00fclme&#8221; olarak da bilinen ge\u00e7ici bir sa\u00e7 d\u00f6k\u00fclmesi, operasyondan sonraki ilk birka\u00e7 hafta i\u00e7inde s\u0131kl\u0131kla g\u00f6r\u00fcl\u00fcr. Bu normaldir ve ekilen sa\u00e7 k\u00f6klerinin uyum sa\u011flad\u0131\u011f\u0131n\u0131 g\u00f6stermektedir. Ancak, hastan\u0131n iyile\u015fme s\u00fcrecinde verilen talimatlara uymamas\u0131 veya i\u015flemin uygun \u015fekilde yap\u0131lmamas\u0131 durumunda kal\u0131c\u0131 sa\u00e7 kayb\u0131 gibi ciddi sorunlar da ortaya \u00e7\u0131kabilir.<\/p>\n<p>Diyabet veya kanama bozukluklar\u0131 olan ki\u015filerde riskler artabilir. Sonu\u00e7 olarak, sa\u00e7 ekimi yapt\u0131rmadan \u00f6nce sa\u011fl\u0131k durumunuzu kapsaml\u0131 bir \u015fekilde de\u011ferlendirmeniz ve i\u015flem s\u0131ras\u0131nda uzman bir uzman se\u00e7meniz \u00e7ok \u00f6nemlidir. Uygulama \u00f6ncesi kapsaml\u0131 bir dan\u0131\u015fmanl\u0131k, riskleri anlaman\u0131za ve uygun bir karar vermenize yard\u0131mc\u0131 olacakt\u0131r.<\/p>\n<p class=\"p1\">Sa\u00e7 ekimi i\u015flemi lokal anestezi ile birlikte yap\u0131lmaktad\u0131r ve risksiz bir i\u015flemdir. Herhangi bir riski oldu\u011fu \u015fimdiye kadar tespit edilmemi\u015ftir.<\/p>\n<h2 class=\"p1\"><span class=\"ez-toc-section\" id=\"Sac_Ekimi_Islemi_Sonrasi_Ise_Ne_Zaman_Donulur\"><\/span>Sa\u00e7 Ekimi \u0130\u015flemi Sonras\u0131 \u0130\u015fe Ne Zaman D\u00f6n\u00fcl\u00fcr?<span class=\"ez-toc-section-end\"><\/span><\/h2>\n<p class=\"p1\">Sa\u00e7 ekimi i\u015flemi ne kadar \u00f6nemliyse iyile\u015fme s\u00fcreci de o kadar \u00f6nemlidir. \u0130yile\u015fme s\u00fcreci hastan\u0131n \u00e7ok dikkat etmesi gereken bir d\u00f6nemdir. Hasta, sa\u00e7 ekimi i\u015flemi bittikten sonra yani iyile\u015fme s\u00fcrecindeyken doktorunun \u00f6neri ve tavsiyelerine mutlaka uymal\u0131d\u0131r. Hastan\u0131n bu \u00f6nerileri dikkat almas\u0131 ve iyile\u015fme s\u00fcrecine dikkat etmesi sa\u00e7 ekimi i\u015fleminin ba\u015far\u0131s\u0131n\u0131 ve hastan\u0131n iyi bir sonu\u00e7 almas\u0131n\u0131 do\u011frudan etkiler. S<\/p>\n<p class=\"p1\">a\u00e7 ekimi i\u015flemi sonras\u0131nda mutlaka dikkat edilmesi gereken \u00e7ok \u00f6nemli unsurlar vard\u0131r. Bunlar doktorunuzun verdi\u011fi ila\u00e7lar\u0131, losyon ve kremleri aksatmadan kullanmakt\u0131r. Hasta sa\u00e7 ekimi i\u015flemi sonras\u0131 ilk 3 g\u00fcn mutlaka evde dinlenmelidir ve doktorunun belirledi\u011fi g\u00fcn\u00fcn \u00f6ncesinde sa\u00e7 y\u0131kama i\u015flemini ger\u00e7ekle\u015ftirmemelidir.<\/p>\n<p class=\"p1\">Hastan\u0131n 3 g\u00fcn boyunca pansumanlar\u0131 yap\u0131ld\u0131ktan sonra 1 hafta evde dinlenir ve 1 hafta sonras\u0131nda normal ya\u015fant\u0131s\u0131na ve i\u015f hayat\u0131na geri d\u00f6nebilir.<\/p>\n<h2 class=\"p1\"><span class=\"ez-toc-section\" id=\"Sac_Ekimi_Isleminden_Sonra_Hastanin_Dikkat_Etmesi_Gerekenler\"><\/span>Sa\u00e7 Ekimi \u0130\u015fleminden Sonra Hastan\u0131n Dikkat Etmesi Gerekenler<span class=\"ez-toc-section-end\"><\/span><\/h2>\n<p class=\"p1\">Hastan\u0131n \u00f6ncelikle ba\u015f\u0131n\u0131 terletecek her t\u00fcrl\u00fc aktiviteden ve spordan ka\u00e7\u0131nmas\u0131 gerekir. Sa\u00e7 ekimi i\u015flemi tedavisinde genellikle antibiyotik kullan\u0131l\u0131r. Antibiyotik d\u00fczenli kullan\u0131lmal\u0131d\u0131r. \u00c7\u00fcnk\u00fc d\u00fczenli kullan\u0131lmad\u0131\u011f\u0131 takdirde hi\u00e7bir i\u015fe yaramayacakt\u0131r. Bu da tedaviyi olumsuz etkileyecektir.<\/p>\n<p class=\"p1\">Sa\u00e7 ekimi i\u015flemi sonras\u0131nda ilk 1-2 g\u00fcn a\u011fr\u0131lar\u0131n\u0131z olabilir. Bunun i\u00e7in doktorunuzun sizin i\u00e7in vermi\u015f oldu\u011fu re\u00e7etedeki a\u011fr\u0131 kesicileri kullanmal\u0131s\u0131n\u0131z. Tedavi s\u00fcrecinde hastalar\u0131n s\u0131rt\u00fcst\u00fc yatmalar\u0131 b\u00fcy\u00fck \u00f6nem ta\u015f\u0131r. Hastalar tedavi s\u00fcrecinde kafalar\u0131na darbe almaktan ka\u00e7\u0131nmal\u0131d\u0131r.<\/p>\n<p class=\"p1\">Sa\u00e7 ekimi i\u015flemi sonras\u0131nda kafaya darbe almak i\u015flemin gidi\u015fat\u0131n\u0131 k\u00f6t\u00fc y\u00f6nde etkilemektedir. Bu sebeple darbe getirebilecek sporlardan da uzak durulmal\u0131d\u0131r. Hasta doktorunun verdi\u011fi \u00f6nerilere ve tavsiyelere uyarsa iyile\u015fme s\u00fcreci h\u0131zlanacak ve i\u015flemden en iyi sonucu alacakt\u0131r.<\/p>\n<p class=\"p1\">Yasal Uyar\u0131: Bu sayfadaki ifadeler bilgi verme ama\u00e7l\u0131 olup, ba\u011flay\u0131c\u0131 nitelik ta\u015f\u0131maz. Hi\u00e7bir bilgi, tedavi tavsiyesi olmay\u0131p, doktor tavsiyelerinin \u00f6n\u00fcnde de\u011fildir. Kesin bilgi ve talimatlar\u0131, yaln\u0131zca doktorunuzdan alman\u0131z sa\u011fl\u0131\u011f\u0131n\u0131z a\u00e7\u0131s\u0131ndan son derece \u00f6nemlidir.<\/p>\n<p><strong>Kaynak\u00e7a:<\/strong><\/p>\n<p><a href=\"https:\/\/www.treatmentroomslondon.com\/fue-hair-transplant\/hair-transplant-aftercare-recovery\" target=\"_blank\" rel=\"noopener\">https:\/\/www.treatmentroomslondon.com\/fue-hair-transplant\/hair-transplant-aftercare-recovery<\/a><\/p>\n","protected":false},"excerpt":{"rendered":"<p>Sa\u00e7 ekimi sonras\u0131 deri d\u00f6k\u00fclmesi di\u011fer bir tabirle deri soyulmas\u0131, sa\u00e7 derisinin d\u00f6k\u00fclmesi veya soyulmas\u0131yla meydana gelir. Bir\u00e7ok nedenden dolay\u0131 bu d\u00f6k\u00fclmeler sa\u00e7 diplerinde g\u00f6r\u00fclebilmektedir. Ayn\u0131 zamanda deri d\u00f6k\u00fclmesi ka\u015f\u0131nt\u0131ya da sebebiyet vermektedir. Ancak sa\u00e7 ekimi i\u015flemi sonras\u0131nda kafan\u0131n ka\u015f\u0131nmas\u0131 do\u011fru olmayacakt\u0131r. \u00c7\u00fcnk\u00fc sert ka\u015f\u0131ma yap\u0131lmas\u0131 sa\u00e7 derisini tahri\u015f edebilmektedir. Bu da olumsuz bir durumdur. [&hellip;]<\/p>\n","protected":false},"author":1,"featured_media":4313,"comment_status":"closed","ping_status":"closed","sticky":false,"template":"","format":"standard","meta":{"footnotes":""},"categories":[],"tags":[],"class_list":["post-4312","post","type-post","status-publish","format-standard","has-post-thumbnail","hentry"],"_links":{"self":[{"href":"https:\/\/www.yetkinbayer.com\/tr\/wp-json\/wp\/v2\/posts\/4312","targetHints":{"allow":["GET"]}}],"collection":[{"href":"https:\/\/www.yetkinbayer.com\/tr\/wp-json\/wp\/v2\/posts"}],"about":[{"href":"https:\/\/www.yetkinbayer.com\/tr\/wp-json\/wp\/v2\/types\/post"}],"author":[{"embeddable":true,"href":"https:\/\/www.yetkinbayer.com\/tr\/wp-json\/wp\/v2\/users\/1"}],"replies":[{"embeddable":true,"href":"https:\/\/www.yetkinbayer.com\/tr\/wp-json\/wp\/v2\/comments?post=4312"}],"version-history":[{"count":1,"href":"https:\/\/www.yetkinbayer.com\/tr\/wp-json\/wp\/v2\/posts\/4312\/revisions"}],"predecessor-version":[{"id":4326,"href":"https:\/\/www.yetkinbayer.com\/tr\/wp-json\/wp\/v2\/posts\/4312\/revisions\/4326"}],"wp:featuredmedia":[{"embeddable":true,"href":"https:\/\/www.yetkinbayer.com\/tr\/wp-json\/wp\/v2\/media\/4313"}],"wp:attachment":[{"href":"https:\/\/www.yetkinbayer.com\/tr\/wp-json\/wp\/v2\/media?parent=4312"}],"wp:term":[{"taxonomy":"category","embeddable":true,"href":"https:\/\/www.yetkinbayer.com\/tr\/wp-json\/wp\/v2\/categories?post=4312"},{"taxonomy":"post_tag","embeddable":true,"href":"https:\/\/www.yetkinbayer.com\/tr\/wp-json\/wp\/v2\/tags?post=4312"}],"curies":[{"name":"wp","href":"https:\/\/api.w.org\/{rel}","templated":true}]}}