{"id":4297,"date":"2025-04-29T16:58:46","date_gmt":"2025-04-29T13:58:46","guid":{"rendered":"https:\/\/www.yetkinbayer.com\/?p=4297"},"modified":"2025-04-29T16:58:46","modified_gmt":"2025-04-29T13:58:46","slug":"sac-ekimi-sonrasi-biotin","status":"publish","type":"post","link":"https:\/\/www.yetkinbayer.com\/tr\/sac-ekimi-sonrasi-biotin\/","title":{"rendered":"Sa\u00e7 Ekimi Sonras\u0131 Biotin"},"content":{"rendered":"<p class=\"p1\">Biotin, keratin sentezlenmesinde son derece \u00f6nemli bir bile\u015fendir. Sa\u00e7 k\u00f6kleri ve tellerinde pozitif etkileri oldu\u011fu belirtilen Biotin\u2019in sa\u00e7 ekiminden sonra kullan\u0131lmas\u0131 da s\u00f6z konusu olabilir. Ancak elbette bu bir zorunluluk de\u011fildir. Bu kullan\u0131m durumu, hekimin verece\u011fi bir karard\u0131r.<\/p>\n<p class=\"p1\">Sa\u00e7 ekim i\u015fleminin ard\u0131ndan olduk\u00e7a hassas hale gelen sa\u00e7 derisi ve sa\u00e7 k\u00f6klerinin uzamas\u0131 ve iyile\u015fme s\u00fcrecini artt\u0131rmak i\u00e7in gerekli bak\u0131mlar\u0131n yap\u0131lmas\u0131 gerekmektedir. Bu s\u00fcre\u00e7 i\u00e7erisinde sa\u00e7 ekim i\u015flemi ger\u00e7ekle\u015ftirilen hastalar\u0131n i\u015flem sonras\u0131nda b\u00fcy\u00fck bir dikkatle hekiminin talimatlar\u0131n\u0131 yerine getirmesi gerekmektedir. Sa\u00e7 ekim i\u015fleminden en az alt\u0131 ay boyunca biotin kullan\u0131m\u0131 t\u00fcm sa\u00e7 ekim uzmanlar\u0131 taraf\u0131ndan tavsiye edilmektedir. Biotin sa\u00e7lar\u0131 g\u00fc\u00e7lendirmek i\u00e7in bir besin takviyesidir.<\/p>\n<p class=\"p1\">Biotin sa\u00e7 ekim i\u015flemi sonras\u0131nda kullan\u0131ld\u0131\u011f\u0131nda ekilen sa\u00e7lar\u0131n ve var olan sa\u00e7lar\u0131n daha erken \u00e7\u0131kmas\u0131n\u0131 sa\u011flamaya ve k\u00f6klerin daha kuvvetli olmas\u0131na yard\u0131mc\u0131 olma fonsksiyonuna sahiptir. \u00c7\u0131kan sa\u00e7lar\u0131n kaliteli olmas\u0131n\u0131 da sa\u011flayan biotin en az alt\u0131 ay boyunca kullan\u0131lmal\u0131d\u0131r.<\/p>\n<p class=\"p1\">G\u00fczellik vitamini olarak bilinen biotin sa\u00e7a olan faydalar\u0131yla sa\u00e7 d\u00f6k\u00fclmesini, sa\u00e7 tellerinde inceli\u011fi, sa\u00e7larda matl\u0131k ve beyazl\u0131\u011f\u0131n \u00f6n\u00fcne ge\u00e7mek i\u00e7in kullan\u0131lmaktad\u0131r. Sa\u00e7 d\u00f6k\u00fclmesinin sebebi biotin eksikli\u011fi ise biotin kullan\u0131m\u0131 sayesinde sa\u00e7 d\u00f6k\u00fclmesi k\u0131sa s\u00fcre i\u00e7erisinde duracakt\u0131r. <strong><a href=\"https:\/\/www.yetkinbayer.com\/tr\/sac-ekim-sonrasi\">Sa\u00e7 ekimi sonras\u0131nda<\/a><\/strong> biotin kullan\u0131m\u0131na ek olarak sa\u011fl\u0131kl\u0131 beslenmek ve bolca su i\u00e7mek gerekir. Uygun bak\u0131m\u0131 yaparak sa\u00e7lar\u0131n\u0131z\u0131n h\u0131zl\u0131 bir \u015fekilde uzamas\u0131n\u0131 ve olu\u015fan yaralar\u0131n iyile\u015fmesini sa\u011flayabilirsiniz.<\/p>\n<p class=\"p1\">Sa\u00e7 ekim i\u015flemi yapt\u0131ran ki\u015filerin t\u00fcm bak\u0131mlar\u0131 eksiksiz bir \u015fekilde yapmas\u0131 gerekir. Uygun bak\u0131m yap\u0131lmad\u0131\u011f\u0131 takdirde verilen emeklerin tamam\u0131 bo\u015fa \u00e7\u0131kabilir ve sa\u00e7 ekim i\u015flemi olumsuz bir \u015fekilde sonu\u00e7lanabilir. Sa\u00e7 ekim i\u015flemini olumlu sonu\u00e7land\u0131rmak i\u00e7in i\u015flemi ger\u00e7ekle\u015ftiren uzman hekimin verdi\u011fi tavsiyelere uyarak bir y\u0131l\u0131n sonunda sa\u011fl\u0131kl\u0131 ve olabildi\u011fince g\u00fcr sa\u00e7lara kavu\u015fman\u0131 m\u00fcmk\u00fcn olacakt\u0131r.<\/p>\n<p>&#8220;Sa\u00e7 ekimi sonras\u0131 biotin kullan\u0131l\u0131r m\u0131?&#8221; sorusu sa\u00e7 ekimi yapt\u0131rm\u0131\u015f ki\u015filer taraf\u0131ndan en fazla y\u00f6neltilen sorulardan biridir. Dr. Yetkin Bayer, &#8220;Sa\u00e7 ekimi sonras\u0131 bak\u0131m i\u00e7in hangi \u015fampuanlar kullan\u0131l\u0131r?&#8221; ve &#8220;Sa\u00e7 ekimi i\u00e7in hangi y\u00f6ntemler kullan\u0131l\u0131r?&#8221; gibi sorular\u0131 sizler i\u00e7in yan\u0131tl\u0131yor.<\/p>\n<div id=\"ez-toc-container\" class=\"ez-toc-v2_0_82_2 counter-flat ez-toc-counter ez-toc-grey ez-toc-container-direction\">\n<div class=\"ez-toc-title-container\">\n<p class=\"ez-toc-title\" style=\"cursor:inherit\">Table of Contents<\/p>\n<span class=\"ez-toc-title-toggle\"><a href=\"#\" class=\"ez-toc-pull-right ez-toc-btn ez-toc-btn-xs ez-toc-btn-default ez-toc-toggle\" aria-label=\"\u0130\u00e7indekiler Tablosunu A\u00e7\/Kapat\"><span class=\"ez-toc-js-icon-con\"><span class=\"\"><span class=\"eztoc-hide\" style=\"display:none;\">Toggle<\/span><span class=\"ez-toc-icon-toggle-span\"><svg style=\"fill: #999;color:#999\" xmlns=\"http:\/\/www.w3.org\/2000\/svg\" class=\"list-377408\" width=\"20px\" height=\"20px\" viewBox=\"0 0 24 24\" fill=\"none\"><path d=\"M6 6H4v2h2V6zm14 0H8v2h12V6zM4 11h2v2H4v-2zm16 0H8v2h12v-2zM4 16h2v2H4v-2zm16 0H8v2h12v-2z\" fill=\"currentColor\"><\/path><\/svg><svg style=\"fill: #999;color:#999\" class=\"arrow-unsorted-368013\" xmlns=\"http:\/\/www.w3.org\/2000\/svg\" width=\"10px\" height=\"10px\" viewBox=\"0 0 24 24\" version=\"1.2\" baseProfile=\"tiny\"><path d=\"M18.2 9.3l-6.2-6.3-6.2 6.3c-.2.2-.3.4-.3.7s.1.5.3.7c.2.2.4.3.7.3h11c.3 0 .5-.1.7-.3.2-.2.3-.5.3-.7s-.1-.5-.3-.7zM5.8 14.7l6.2 6.3 6.2-6.3c.2-.2.3-.5.3-.7s-.1-.5-.3-.7c-.2-.2-.4-.3-.7-.3h-11c-.3 0-.5.1-.7.3-.2.2-.3.5-.3.7s.1.5.3.7z\"\/><\/svg><\/span><\/span><\/span><\/a><\/span><\/div>\n<nav><ul class='ez-toc-list ez-toc-list-level-1 eztoc-toggle-hide-by-default' ><li class='ez-toc-page-1'><a class=\"ez-toc-link ez-toc-heading-1\" href=\"#\" data-href=\"https:\/\/www.yetkinbayer.com\/tr\/sac-ekimi-sonrasi-biotin\/#Sac_Ekimi_Sonrasi_Bakim_Icin_Hangi_Sampuanlar_Kullanilir\" >Sa\u00e7 Ekimi Sonras\u0131 Bak\u0131m \u0130\u00e7in Hangi \u015eampuanlar Kullan\u0131l\u0131r?<\/a><\/li><li class='ez-toc-page-1'><a class=\"ez-toc-link ez-toc-heading-2\" href=\"#\" data-href=\"https:\/\/www.yetkinbayer.com\/tr\/sac-ekimi-sonrasi-biotin\/#Bakim_Kosullarina_Dikkat_Edilmelidir\" >Bak\u0131m Ko\u015fullar\u0131na Dikkat Edilmelidir<\/a><\/li><li class='ez-toc-page-1'><a class=\"ez-toc-link ez-toc-heading-3\" href=\"#\" data-href=\"https:\/\/www.yetkinbayer.com\/tr\/sac-ekimi-sonrasi-biotin\/#Sac_Ekimi_Islemi_Icin_Hangi_Yontemler_Kullanilir\" >Sa\u00e7 Ekimi \u0130\u015flemi \u0130\u00e7in Hangi Y\u00f6ntemler Kullan\u0131l\u0131r?<\/a><\/li><\/ul><\/nav><\/div>\n<h2 class=\"p1\"><span class=\"ez-toc-section\" id=\"Sac_Ekimi_Sonrasi_Bakim_Icin_Hangi_Sampuanlar_Kullanilir\"><\/span>Sa\u00e7 Ekimi Sonras\u0131 Bak\u0131m \u0130\u00e7in Hangi \u015eampuanlar Kullan\u0131l\u0131r?<span class=\"ez-toc-section-end\"><\/span><\/h2>\n<p class=\"p1\">Sa\u00e7 ekimi i\u015flemi ger\u00e7ekle\u015ftirilen b\u00f6lgenin hassasla\u015fmas\u0131 ve sa\u00e7 k\u00f6klerinin sa\u00e7 derisine tutunmas\u0131 i\u00e7in baz\u0131 \u00fcr\u00fcnler kullan\u0131lmas\u0131 i\u015flemin olumlu bir \u015fekilde sonu\u00e7lanmas\u0131 i\u00e7in \u00f6nemlidir. Hekiminiz bu noktada biotin de i\u00e7eren \u00f6zel \u015fampuanlar kullanman\u0131z\u0131 isteyebilir.<\/p>\n<p class=\"p1\">Kullan\u0131lacak \u015fampuanlar\u0131n sa\u00e7 k\u00f6klerinin sa\u00e7 derisine yerle\u015fmesini kolayla\u015ft\u0131ran bir yap\u0131ya sahip olmas\u0131 \u00e7ok \u00f6nemli. Bu sebeple i\u015flemi ger\u00e7ekle\u015ftiren uzman hekim taraf\u0131ndan belirlenen \u015fampuanlar\u0131n kullan\u0131lmas\u0131 gerekir.<\/p>\n<p class=\"p1\">Sa\u00e7 ekim i\u015fleminden sonra i\u015flem yap\u0131lan alanda k\u0131zar\u0131kl\u0131k, kabuklanma ve yaralar olu\u015fmaktad\u0131r. V\u00fccut bu yaralar\u0131 iyile\u015ftirirken kabuklanmalar ba\u015flar. Kullan\u0131lacak olan \u015fampuan sa\u00e7 ekim i\u015fleminden sonra olu\u015fan mikroorganizmalar\u0131n olu\u015fumunu engelleyebilecek \u00f6zelliklere sahip olmal\u0131d\u0131r.<\/p>\n<p class=\"p1\">Sa\u00e7 ekimi sonras\u0131 kullanaca\u011f\u0131n\u0131z \u015fampuan\u0131n yanl\u0131\u015f \u00f6zelliklere sahip olmas\u0131 iyile\u015fmeyi engelleyecektir. Sadece iyile\u015fmeyi engellemez ayn\u0131 zamanda istenmeyecek yan etkiler olu\u015fturabilir. Bu sebeple sa\u00e7 ekimi i\u015flemi sonras\u0131nda i\u015flemi ger\u00e7ekle\u015ftiren uzman hekim taraf\u0131ndan verilecek olan \u015fampuan\u0131n kullan\u0131lmas\u0131 olduk\u00e7a \u00f6nemlidir. \u0130yile\u015fme s\u00fcrecinin k\u0131salt\u0131lmas\u0131 i\u00e7in verilen \u015fampuan\u0131n uygun \u015fekilde kullan\u0131lmas\u0131 gerekir.<\/p>\n<h2 class=\"p1\"><span class=\"ez-toc-section\" id=\"Bakim_Kosullarina_Dikkat_Edilmelidir\"><\/span>Bak\u0131m Ko\u015fullar\u0131na Dikkat Edilmelidir<span class=\"ez-toc-section-end\"><\/span><\/h2>\n<p class=\"p1\">\u015eampuan\u0131n yan\u0131 s\u0131ra uygulanacak olan bak\u0131m da \u00e7ok \u00f6nemlidir. <strong><a href=\"https:\/\/www.yetkinbayer.com\/tr\/sac-ekimi\">Sa\u00e7 ekimi<\/a><\/strong> i\u015fleminin ba\u015far\u0131l\u0131 olabilmesi i\u00e7in bu i\u015flemi destekleyici baz\u0131 ila\u00e7larda kullan\u0131labilir. Yine uzman hekim taraf\u0131ndan belirlenebilecek ila\u00e7lar\u0131n kullan\u0131m\u0131 sa\u00e7 kalitesini artt\u0131r\u0131r uzayan sa\u00e7lar\u0131n sa\u011fl\u0131kl\u0131 olmas\u0131n\u0131 sa\u011flar.<\/p>\n<p class=\"p1\">Uzun s\u00fcre i\u00e7erisinde kullan\u0131lan ila\u00e7lar\u0131n etkilerini sa\u00e7lar\u0131n\u0131zda g\u00f6rebilirsiniz. Sa\u00e7 ekim i\u015fleminin olumlu \u015fekilde sonu\u00e7land\u0131\u011f\u0131n\u0131 g\u00f6rmek i\u00e7in bir y\u0131l s\u00fcrecek iyile\u015fme s\u00fcrecinin tamamlanmas\u0131n\u0131n ard\u0131ndan sa\u011fl\u0131kl\u0131 ve g\u00fcr sa\u00e7lara kavu\u015fabilirsiniz.<\/p>\n<h2 class=\"p1\"><span class=\"ez-toc-section\" id=\"Sac_Ekimi_Islemi_Icin_Hangi_Yontemler_Kullanilir\"><\/span>Sa\u00e7 Ekimi \u0130\u015flemi \u0130\u00e7in Hangi Y\u00f6ntemler Kullan\u0131l\u0131r?<span class=\"ez-toc-section-end\"><\/span><\/h2>\n<p class=\"p1\">Ki\u015finin y\u00fcz hatlar\u0131na uygun olarak ekim alan\u0131 belirlendi\u011finde sa\u00e7 ekim i\u015flemine ba\u015flanabilir. Farkl\u0131 \u00e7e\u015fitlerde sa\u00e7 ekim i\u015flemleri bulunmaktad\u0131r. Sa\u00e7 ekim i\u015flemi yapt\u0131racak hasta i\u00e7in en uygun sa\u00e7 ekim \u00e7e\u015fidini se\u00e7mek uzman doktorun i\u015fidir. Sa\u00e7 ekimi y\u00f6ntemleri aras\u0131nda FUT ve FUE sa\u00e7 ekim y\u00f6ntemleri hekimler taraf\u0131ndan kullan\u0131lmaktad\u0131r.<\/p>\n<p class=\"p1\">FUE ve DHI y\u00f6ntemleri sa\u00e7 ekim i\u015flemi yap\u0131lacak ki\u015finin hangi tekni\u011fe uygun oldu\u011funun belirlenmesi ile analizlerin sonucunda i\u015flemi ger\u00e7ekle\u015ftirecek uzman hekim taraf\u0131ndan t\u00fcm analizlerin \u0131\u015f\u0131\u011f\u0131nda belirlenir ve daha sonras\u0131nda bu bilgiler sa\u00e7 ekim i\u015flemi ger\u00e7ekle\u015ftirecek olan hastaya aktar\u0131l\u0131r.<\/p>\n<p class=\"p1\">FUE tekni\u011fi ile sa\u00e7 ekim i\u015flemi ger\u00e7ekle\u015ftirilirken tek seans i\u00e7erisinde en fazla 4000 sa\u00e7 k\u00f6k\u00fc ekimi ger\u00e7ekle\u015ftirilir. DHI tekni\u011fi ile yap\u0131lan sa\u00e7 ekim i\u015fleminde ise bir seans i\u00e7erisinde 3000 sa\u00e7 k\u00f6k\u00fc ekimi ger\u00e7ekle\u015ftirilmektedir. Son zamanlarda bir \u00e7ok avantaj sa\u011flayan FUE y\u00f6ntemi hekimlerce tercih edilmektedir.<\/p>\n<p class=\"p1\">FUT ve FUE y\u00f6ntemlerinden sa\u00e7 k\u00f6klerinin alandan al\u0131nmas\u0131 farkl\u0131 olacakt\u0131r. Olduk\u00e7a s\u0131k kullan\u0131lan FUE y\u00f6nteminde sa\u00e7l\u0131 deri ameliyat yolu ile al\u0131nmaktad\u0131r. Al\u0131nacak deri boyutunun hesaplanmas\u0131 ile sa\u00e7 ekim i\u015flemi ger\u00e7ekle\u015ftirilmektedir. Al\u0131nacak deri boyutunun geni\u015fli\u011fi 1,2 cm\u2019den fazla olmas\u0131 durumunda iz skar geli\u015febilmektedir. Bu sebeple yap\u0131lacak olan i\u015flemlerin mutlaka uzman hekimler taraf\u0131ndan yap\u0131lmas\u0131 gerekmektedir.<\/p>\n<p class=\"p1\">Sa\u00e7 ekim i\u015flemlerini merdiven alt\u0131 mek\u00e2nlarda yap\u0131lmamas\u0131 gerekir. Aksi takdirde hem sa\u011fl\u0131k problemi hem de estetik a\u00e7\u0131dan hi\u00e7 ho\u015f g\u00f6r\u00fcnmeyen g\u00f6r\u00fcnt\u00fclere neden olabilecek komplikasyonlar olu\u015fabilir. Sa\u00e7 ekimi i\u015flemi yapt\u0131r\u0131lacak olan mek\u00e2n\u0131 mutlaka iyi ara\u015ft\u0131rmak gerekir. \u0130\u015flemi ger\u00e7ekle\u015ftirecek olan hekim ve yard\u0131mc\u0131lar\u0131n\u0131n e\u011fitim ve sertifikalar\u0131n\u0131 g\u00f6rmek daha \u00f6ncesinde burada i\u015flem yapt\u0131rm\u0131\u015f ki\u015filerin foto\u011fraflar\u0131n\u0131 g\u00f6rmek isteyebilirsiniz.<\/p>\n<p class=\"p1\">Sa\u00e7 ekim i\u015flemi cerrahi bir operasyon oldu\u011fundan \u00f6ncesinde g\u00fcven sa\u011flayacak bilgiler edinmeli daha sonras\u0131nda \u00e7al\u0131\u015fmak istedi\u011finiz klini\u011fi se\u00e7ebilirsiniz. Sa\u00e7 ekim i\u015fleminin ard\u0131ndan olduk\u00e7a hassas hale gelen sa\u00e7 derisi ve sa\u00e7 k\u00f6klerinin uzamas\u0131 ve iyile\u015fme s\u00fcrecini artt\u0131rmak i\u00e7in gerekli bak\u0131mlar\u0131n yap\u0131lmas\u0131 gerekmektedir. Bu s\u00fcre\u00e7 i\u00e7erisinde sa\u00e7 ekim i\u015flemi ger\u00e7ekle\u015ftirilen hastalar\u0131n i\u015flem sonras\u0131nda b\u00fcy\u00fck bir dikkatle hekiminin talimatlar\u0131n\u0131 yerine getirmesi gerekmektedir.<\/p>\n<p class=\"p1\">Yasal Uyar\u0131: Bu sayfadaki ifadeler bilgi verme ama\u00e7l\u0131 olup, ba\u011flay\u0131c\u0131 nitelik ta\u015f\u0131maz. Hi\u00e7bir bilgi, tedavi tavsiyesi olmay\u0131p, doktor tavsiyelerinin \u00f6n\u00fcnde de\u011fildir. Kesin bilgi ve talimatlar\u0131, yaln\u0131zca doktorunuzdan alman\u0131z sa\u011fl\u0131\u011f\u0131n\u0131z a\u00e7\u0131s\u0131ndan son derece \u00f6nemlidir.<\/p>\n<p>Kaynak\u00e7a:<\/p>\n<p><a href=\"https:\/\/www.chicagohairinstitute.com\/blog\/2019\/04\/03\/shampooing-after-hair-transplant-surgery-197569\" target=\"_blank\" rel=\"noopener\">https:\/\/www.chicagohairinstitute.com\/blog\/2019\/04\/03\/shampooing-after-hair-transplant-surgery-197569<\/a><\/p>\n","protected":false},"excerpt":{"rendered":"<p>Biotin, keratin sentezlenmesinde son derece \u00f6nemli bir bile\u015fendir. Sa\u00e7 k\u00f6kleri ve tellerinde pozitif etkileri oldu\u011fu belirtilen Biotin\u2019in sa\u00e7 ekiminden sonra kullan\u0131lmas\u0131 da s\u00f6z konusu olabilir. Ancak elbette bu bir zorunluluk de\u011fildir. Bu kullan\u0131m durumu, hekimin verece\u011fi bir karard\u0131r. Sa\u00e7 ekim i\u015fleminin ard\u0131ndan olduk\u00e7a hassas hale gelen sa\u00e7 derisi ve sa\u00e7 k\u00f6klerinin uzamas\u0131 ve iyile\u015fme s\u00fcrecini [&hellip;]<\/p>\n","protected":false},"author":1,"featured_media":4298,"comment_status":"closed","ping_status":"closed","sticky":false,"template":"","format":"standard","meta":{"footnotes":""},"categories":[],"tags":[],"class_list":["post-4297","post","type-post","status-publish","format-standard","has-post-thumbnail","hentry"],"_links":{"self":[{"href":"https:\/\/www.yetkinbayer.com\/tr\/wp-json\/wp\/v2\/posts\/4297","targetHints":{"allow":["GET"]}}],"collection":[{"href":"https:\/\/www.yetkinbayer.com\/tr\/wp-json\/wp\/v2\/posts"}],"about":[{"href":"https:\/\/www.yetkinbayer.com\/tr\/wp-json\/wp\/v2\/types\/post"}],"author":[{"embeddable":true,"href":"https:\/\/www.yetkinbayer.com\/tr\/wp-json\/wp\/v2\/users\/1"}],"replies":[{"embeddable":true,"href":"https:\/\/www.yetkinbayer.com\/tr\/wp-json\/wp\/v2\/comments?post=4297"}],"version-history":[{"count":1,"href":"https:\/\/www.yetkinbayer.com\/tr\/wp-json\/wp\/v2\/posts\/4297\/revisions"}],"predecessor-version":[{"id":4311,"href":"https:\/\/www.yetkinbayer.com\/tr\/wp-json\/wp\/v2\/posts\/4297\/revisions\/4311"}],"wp:featuredmedia":[{"embeddable":true,"href":"https:\/\/www.yetkinbayer.com\/tr\/wp-json\/wp\/v2\/media\/4298"}],"wp:attachment":[{"href":"https:\/\/www.yetkinbayer.com\/tr\/wp-json\/wp\/v2\/media?parent=4297"}],"wp:term":[{"taxonomy":"category","embeddable":true,"href":"https:\/\/www.yetkinbayer.com\/tr\/wp-json\/wp\/v2\/categories?post=4297"},{"taxonomy":"post_tag","embeddable":true,"href":"https:\/\/www.yetkinbayer.com\/tr\/wp-json\/wp\/v2\/tags?post=4297"}],"curies":[{"name":"wp","href":"https:\/\/api.w.org\/{rel}","templated":true}]}}