{"id":4267,"date":"2025-04-29T16:55:07","date_gmt":"2025-04-29T13:55:07","guid":{"rendered":"https:\/\/www.yetkinbayer.com\/?p=4267"},"modified":"2025-04-29T16:55:07","modified_gmt":"2025-04-29T13:55:07","slug":"sac-ekimi-sonrasi-yaglanma-probleminin-sebepleri-nelerdir","status":"publish","type":"post","link":"https:\/\/www.yetkinbayer.com\/tr\/sac-ekimi-sonrasi-yaglanma-probleminin-sebepleri-nelerdir\/","title":{"rendered":"Sa\u00e7 Ekimi Sonras\u0131 Ya\u011flanma Probleminin Sebepleri Nelerdir?"},"content":{"rendered":"<p class=\"p1\">Sa\u00e7 ekimi yapt\u0131rm\u0131\u015f herkeste olmamak la beraber sa\u00e7 ekimi sonras\u0131<span class=\"Apple-converted-space\">\u00a0 <\/span>sa\u00e7ta d\u00f6k\u00fclme kepek k\u0131zar\u0131kl\u0131k kuruluk ve ya\u011flanma<span class=\"Apple-converted-space\">\u00a0 <\/span>rastlanmaktad\u0131r.<span class=\"Apple-converted-space\">\u00a0 <\/span>\u00c7o\u011fu ki\u015fi<span class=\"Apple-converted-space\">\u00a0 <\/span>i\u00e7in b\u00fcy\u00fck bir sorun gibi g\u00f6z\u00fckse<span class=\"Apple-converted-space\">\u00a0 <\/span>de sebepleri ara\u015ft\u0131r\u0131l\u0131p sorunun \u00f6n\u00fcne ge\u00e7ilebilir. Kullan\u0131lan \u015fampuandan hava \u015fartlar\u0131na cilt tiplerine hormon dengesine kadar bir \u00e7ok sebebi olan <a href=\"https:\/\/yetkinbayer.com\/sac-ekim-sonrasi.html\" target=\"_blank\" rel=\"noopener\">sa\u00e7 ekimi sonras\u0131<\/a> ya\u011flanman\u0131n neden olu\u015ftu\u011fu hep merak edilmi\u015ftir. B\u00f6yle durumlarda sa\u00e7 ekimi yap\u0131lan deriye do\u011fru bak\u0131m ve y\u0131kama yap\u0131lmal\u0131d\u0131r. Doktorunuza dan\u0131\u015farak uygulayaca\u011f\u0131n\u0131z bak\u0131m \u00fcr\u00fcnleri faydal\u0131 olacakt\u0131r. \u00d6zellikle ilk 2 veya 3 hafta doktorunuzun kontrol\u00fcnde yapaca\u011f\u0131n\u0131z bak\u0131m ve y\u0131kama i\u015flemleri \u00e7ok \u00f6nemlidir.<\/p>\n<p>&#8220;Sa\u00e7 ekimi sonras\u0131 ya\u011flanma olur mu?&#8221; sorusu sa\u00e7 ekimi yapt\u0131rm\u0131\u015f ki\u015filer taraf\u0131ndan en fazla y\u00f6neltilen sorulardan biridir. Dr. Yetkin Bayer, &#8220;Sa\u00e7 ekimi sonras\u0131 ya\u011flanman\u0131n psikolojik etkileri nelerdir?&#8221; ve &#8220;Sa\u00e7 ekimi sonras\u0131 ya\u011flanma nedenleri nelerdir?&#8221; gibi sorular\u0131 sizler i\u00e7in yan\u0131tl\u0131yor.<\/p>\n<div id=\"ez-toc-container\" class=\"ez-toc-v2_0_82_2 counter-flat ez-toc-counter ez-toc-grey ez-toc-container-direction\">\n<div class=\"ez-toc-title-container\">\n<p class=\"ez-toc-title\" style=\"cursor:inherit\">Table of Contents<\/p>\n<span class=\"ez-toc-title-toggle\"><a href=\"#\" class=\"ez-toc-pull-right ez-toc-btn ez-toc-btn-xs ez-toc-btn-default ez-toc-toggle\" aria-label=\"\u0130\u00e7indekiler Tablosunu A\u00e7\/Kapat\"><span class=\"ez-toc-js-icon-con\"><span class=\"\"><span class=\"eztoc-hide\" style=\"display:none;\">Toggle<\/span><span class=\"ez-toc-icon-toggle-span\"><svg style=\"fill: #999;color:#999\" xmlns=\"http:\/\/www.w3.org\/2000\/svg\" class=\"list-377408\" width=\"20px\" height=\"20px\" viewBox=\"0 0 24 24\" fill=\"none\"><path d=\"M6 6H4v2h2V6zm14 0H8v2h12V6zM4 11h2v2H4v-2zm16 0H8v2h12v-2zM4 16h2v2H4v-2zm16 0H8v2h12v-2z\" fill=\"currentColor\"><\/path><\/svg><svg style=\"fill: #999;color:#999\" class=\"arrow-unsorted-368013\" xmlns=\"http:\/\/www.w3.org\/2000\/svg\" width=\"10px\" height=\"10px\" viewBox=\"0 0 24 24\" version=\"1.2\" baseProfile=\"tiny\"><path d=\"M18.2 9.3l-6.2-6.3-6.2 6.3c-.2.2-.3.4-.3.7s.1.5.3.7c.2.2.4.3.7.3h11c.3 0 .5-.1.7-.3.2-.2.3-.5.3-.7s-.1-.5-.3-.7zM5.8 14.7l6.2 6.3 6.2-6.3c.2-.2.3-.5.3-.7s-.1-.5-.3-.7c-.2-.2-.4-.3-.7-.3h-11c-.3 0-.5.1-.7.3-.2.2-.3.5-.3.7s.1.5.3.7z\"\/><\/svg><\/span><\/span><\/span><\/a><\/span><\/div>\n<nav><ul class='ez-toc-list ez-toc-list-level-1 eztoc-toggle-hide-by-default' ><li class='ez-toc-page-1'><a class=\"ez-toc-link ez-toc-heading-1\" href=\"#\" data-href=\"https:\/\/www.yetkinbayer.com\/tr\/sac-ekimi-sonrasi-yaglanma-probleminin-sebepleri-nelerdir\/#Sac_Ekimi_Sonrasi_Yaglanmanin_Psikolojik_Etkileri\" >Sa\u00e7 Ekimi Sonras\u0131 Ya\u011flanman\u0131n Psikolojik Etkileri<\/a><\/li><li class='ez-toc-page-1'><a class=\"ez-toc-link ez-toc-heading-2\" href=\"#\" data-href=\"https:\/\/www.yetkinbayer.com\/tr\/sac-ekimi-sonrasi-yaglanma-probleminin-sebepleri-nelerdir\/#Sac_Ekimi_Sonrasi_Yaglanma_Nedenleri\" >Sa\u00e7 Ekimi Sonras\u0131 Ya\u011flanma Nedenleri?<\/a><\/li><li class='ez-toc-page-1'><a class=\"ez-toc-link ez-toc-heading-3\" href=\"#\" data-href=\"https:\/\/www.yetkinbayer.com\/tr\/sac-ekimi-sonrasi-yaglanma-probleminin-sebepleri-nelerdir\/#Sac_Ekimi_Sonrasi_Yaglanmayi_Onlemek\" >Sa\u00e7 Ekimi Sonras\u0131 Ya\u011flanmay\u0131 \u00d6nlemek<\/a><\/li><li class='ez-toc-page-1'><a class=\"ez-toc-link ez-toc-heading-4\" href=\"#\" data-href=\"https:\/\/www.yetkinbayer.com\/tr\/sac-ekimi-sonrasi-yaglanma-probleminin-sebepleri-nelerdir\/#Sac_Ekimi_Sonrasi_Beslenmenin_Yaglanamaya_Etkisi\" >Sa\u00e7 Ekimi Sonras\u0131 Beslenmenin Ya\u011flanamaya Etkisi<\/a><\/li><\/ul><\/nav><\/div>\n<h2 class=\"p1\"><span class=\"ez-toc-section\" id=\"Sac_Ekimi_Sonrasi_Yaglanmanin_Psikolojik_Etkileri\"><\/span>Sa\u00e7 Ekimi Sonras\u0131 Ya\u011flanman\u0131n Psikolojik Etkileri<span class=\"ez-toc-section-end\"><\/span><\/h2>\n<p class=\"p1\"><span class=\"Apple-converted-space\">\u00a0 <\/span>B\u00fcy\u00fck bir emekle yap\u0131lan sa\u00e7 ekimi<span class=\"Apple-converted-space\">\u00a0 <\/span>sonras\u0131nda sa\u00e7ta d\u00f6k\u00fclme ve ya\u011flanma problemleri psikolojik olarak ba\u015fta huzursuz etmektedir. \u00c7o\u011fu ki\u015finin olmas\u0131n\u0131 istemedi\u011fi bu durum olduk\u00e7a moral bozucudur. G\u00f6r\u00fcnt\u00fcn\u00fcn beklentinizin alt\u0131nda kalmas\u0131 can s\u0131k\u0131c\u0131 olabilir. A\u015f\u0131r\u0131 ya\u011fl\u0131 sa\u00e7 parlak ve k\u00f6t\u00fc bir his b\u0131rak\u0131r. Bir \u00e7ok etkenin sebep oldu\u011fu bu sorunlar\u0131n<span class=\"Apple-converted-space\">\u00a0 <\/span>sebepleri belirlendik\u00e7e \u00e7\u00f6z\u00fcm\u00fc de olduk\u00e7a kolay olacakt\u0131r. Psikolojik olarak etkilenmenin en b\u00fcy\u00fck sebebi ya\u011fl\u0131 g\u00f6r\u00fcnt\u00fcn\u00fcn g\u00fcn i\u00e7inde h\u0131zl\u0131 bir \u015fekilde artmas\u0131 ve g\u00fcn a\u015f\u0131r\u0131 y\u0131kama iste\u011finin artmas\u0131. Sa\u00e7\u0131n\u0131z\u0131ndaki ya\u011flanmadan \u00f6t\u00fcr\u00fc sa\u00e7\u0131n\u0131z\u0131n \u015fekillenmemesi kendinizi k\u00f6t\u00fc<span class=\"Apple-converted-space\">\u00a0 <\/span>hissetmenize g\u00fcn i\u00e7inde modunuzun<span class=\"Apple-converted-space\">\u00a0 <\/span>d\u00fc\u015fmesi gibi psikolojik nedenlere sebep olmaktad\u0131r. Bu gibi durumlarda doktorunuzun \u00f6nerilerine kulak asmal\u0131 gereken deste\u011fi almal\u0131s\u0131n\u0131z.<\/p>\n<h2 class=\"p1\"><span class=\"ez-toc-section\" id=\"Sac_Ekimi_Sonrasi_Yaglanma_Nedenleri\"><\/span>Sa\u00e7 Ekimi Sonras\u0131 Ya\u011flanma Nedenleri?<span class=\"ez-toc-section-end\"><\/span><\/h2>\n<p class=\"p1\"><span class=\"Apple-converted-space\">\u00a0 <\/span>\u00d6ncelikle ki\u015finin hormon ve cilt yap\u0131s\u0131 dikkate al\u0131narak \u00e7ok<span class=\"Apple-converted-space\">\u00a0 <\/span>ya\u011fl\u0131 bir cilde sahip olan ki\u015filerde al\u0131n b\u00f6lgesi ve sa\u00e7lar\u0131n\u00a0h\u0131zla ya\u011flanmas\u0131na sebep olur. Sa\u00e7 derilerindeki ya\u011flanma kir ve sivilce olu\u015fmas\u0131na neden olur. Buda <a href=\"https:\/\/yetkinbayer.com\/sac-ekimi\" target=\"_blank\" rel=\"noopener\">sa\u00e7 ekimi<\/a> yapt\u0131ran ki\u015filer taraf\u0131ndan istenmeyen bir durumdur.<\/p>\n<p class=\"p1\"><span class=\"Apple-converted-space\">\u00a0 <\/span>Sa\u00e7\u0131n\u0131za fazla dokunmak sa\u00e7\u0131n\u0131zla s\u00fcrekli oynamak ya\u011flanmas\u0131na sebep olur. Sa\u00e7 derinizde<span class=\"Apple-converted-space\">\u00a0 <\/span>bulunan kiri sa\u00e7lar\u0131n\u0131za da\u011f\u0131tm\u0131\u015f olur sa\u00e7lar\u0131n\u0131z\u0131 ya\u011fland\u0131r\u0131rs\u0131n\u0131z. Sa\u00e7\u0131n\u0131z\u0131 do\u011fal yap\u0131s\u0131na b\u0131rak\u0131p nefes almas\u0131n\u0131 sa\u011flamal\u0131 ve<span class=\"Apple-converted-space\">\u00a0 <\/span>yeterince havaland\u0131rmal\u0131s\u0131n\u0131z.<\/p>\n<p class=\"p1\"><span class=\"Apple-converted-space\">\u00a0 <\/span>Ki\u015filerin<span class=\"Apple-converted-space\">\u00a0 <\/span>beslenme al\u0131\u015fkanl\u0131klar\u0131 ya\u011fl\u0131 cilde sahip olanlar\u0131n sa\u00e7lar\u0131n\u0131n ya\u011flanmas\u0131n\u0131 \u00e7ok daha h\u0131zland\u0131racakt\u0131r. Bu sebeple vitamin ve protein a\u011f\u0131rl\u0131kl\u0131 beslenmeye \u00f6zen g\u00f6stermemiz gerekir. Sa\u011fl\u0131kl\u0131 beslenmek hem sa\u00e7 yap\u0131m\u0131z hem de cildinize \u00e7ok iyi gelecektir.<\/p>\n<p class=\"p1\"><span class=\"Apple-converted-space\">\u00a0 <\/span>Sa\u00e7 ekimi sonras\u0131 yanl\u0131\u015f kullan\u0131lan \u015fampuan sa\u00e7\u0131n\u0131z\u0131 ya\u011fland\u0131racakt\u0131r. Zaten yap\u0131 olarak ya\u011fl\u0131 olan sa\u00e7lara yo\u011fun nem i\u00e7eren \u015fampuanlar kullanmamal\u0131y\u0131z. Nem oran\u0131n\u0131 dengeleyebilecek sa\u00e7 yap\u0131m\u0131za uygun bak\u0131m \u00fcr\u00fcnlerini se\u00e7meliyiz. Ayr\u0131ca y\u0131karken kulland\u0131\u011f\u0131m\u0131z suyun a\u015f\u0131r\u0131 s\u0131cak olmas\u0131 da sa\u00e7\u0131n\u0131z\u0131n ya\u011flanmas\u0131na sebeptir.<\/p>\n<p class=\"p1\"><span class=\"Apple-converted-space\">\u00a0 <\/span>Sa\u00e7 ekimi sonras\u0131 olduk\u00e7a hassas olan sa\u00e7 k\u00f6klerimiz<span class=\"Apple-converted-space\">\u00a0 <\/span>terleme, hava kirlili\u011fi gibi d\u0131\u015f etkenler de sa\u00e7\u0131n kirlenip ya\u011flanmas\u0131na sebep olmakta. \u00d6zellikle \u00e7ok s\u0131cak ve sigara duman\u0131na maruz kal\u0131nm\u0131\u015f kapal\u0131 alanlar sa\u00e7 k\u00f6klerinin t\u0131kanmas\u0131na sebep olurken h\u0131zla ya\u011flanmas\u0131na da neden olmakta. B\u00f6yle ortamlardan olabildi\u011fince ka\u00e7\u0131n\u0131lmal\u0131d\u0131r.<\/p>\n<p class=\"p1\"><span class=\"Apple-converted-space\">\u00a0 <\/span>Sa\u00e7 ekimi sonras\u0131 sa\u00e7\u0131 do\u011fru temizlemek ve en iyi \u015fekilde durulamak gerekir. Sa\u00e7ta \u015fampuan ve kremi hi\u00e7 k\u00f6p\u00fck kalmayana kadar suyla iyice ak\u0131tmal\u0131y\u0131z. Sa\u00e7\u0131 s\u00fcrekli taramak sa\u00e7la temas etmekte<span class=\"Apple-converted-space\">\u00a0 <\/span>sa\u00e7\u0131n ya\u011flanmas\u0131na sebeptir.<\/p>\n<h2 class=\"p1\"><span class=\"ez-toc-section\" id=\"Sac_Ekimi_Sonrasi_Yaglanmayi_Onlemek\"><\/span>Sa\u00e7 Ekimi Sonras\u0131 Ya\u011flanmay\u0131 \u00d6nlemek<span class=\"ez-toc-section-end\"><\/span><\/h2>\n<p class=\"p1\"><span class=\"Apple-converted-space\">\u00a0 <\/span>Sa\u00e7 ekimi yapt\u0131ran ki\u015filer \u00f6ncelikle<span class=\"Apple-converted-space\">\u00a0 <\/span>doktorunuza dan\u0131\u015farak kullanman\u0131z gereken losyon ve bak\u0131m \u00fcr\u00fcnlerini temin etmesi gerekir. Doktorunuzun \u00f6nermi\u015f oldu\u011fu biotin i\u00e7erikli \u015fampuanlar kullan\u0131lmal\u0131d\u0131r. Sa\u00e7lar d\u00fczenli olarak sa\u00e7 derisine uygun olan \u015fampuan ile \u015fampuanlanmal\u0131d\u0131r. Sa\u00e7 ekimi sonras\u0131ndaki zaman diliminde sa\u00e7\u0131n\u0131za gerekli \u00f6zeni ve hassasiyeti g\u00f6stermelisiniz. Ph de\u011feri 0 olan bir \u015fampuan tercih etmeli y\u0131karken olduk\u00e7a nazik y\u0131kamal\u0131s\u0131n\u0131z. Y\u0131karken sa\u00e7 derinizi h\u0131rpalamadan y\u0131kamal\u0131s\u0131n\u0131z. B\u00f6ylelikle zamanla sa\u00e7\u0131n\u0131zdaki ya\u011flanma azalacakt\u0131r.<span class=\"Apple-converted-space\">\u00a0 <\/span>Kulland\u0131\u011f\u0131n\u0131z suyun s\u0131cakl\u0131\u011f\u0131na dikkat edilmelidir. \u00c7ok s\u0131cak bir su<span class=\"Apple-converted-space\">\u00a0 <\/span>olmamal\u0131 \u0131l\u0131k su tercih edilmelidir. Son durulama suyunuzu so\u011fuk su tercih edebilir<span class=\"Apple-converted-space\">\u00a0 <\/span>so\u011fuk suyun <span class=\"Apple-converted-space\">\u00a0 <\/span>ya\u011fl\u0131 sa\u00e7lar a iyi geldi\u011fi bilinmektedir. Y\u0131karken nazik ve dairesel hareketlerle bak\u0131m \u00fcr\u00fcnlerini sa\u00e7 derisine yedirilmelidir. Ayr\u0131ca yapm\u0131\u015f<span class=\"Apple-converted-space\">\u00a0 <\/span>oldu\u011funuz sa\u00e7 bak\u0131mlar\u0131n\u0131n s\u00fcreklili\u011fi \u00f6nem arz etmektedir. Sa\u00e7 ekimi sonras\u0131 ya\u011flanan sa\u00e7lara d\u00fczenli bak\u0131m ve \u015fampuanlama yap\u0131ld\u0131k\u00e7a sorunun \u00f6n\u00fcne ge\u00e7ilmi\u015f olunacakt\u0131r.<span class=\"Apple-converted-space\">\u00a0 <\/span>Zamanla azalan ya\u011flanma ve g\u00fc\u00e7lenen sa\u00e7 dipleriniz ile daha sa\u011fl\u0131kl\u0131 sa\u00e7lara kavu\u015fabilirsiniz.<\/p>\n<h2 class=\"p1\"><span class=\"ez-toc-section\" id=\"Sac_Ekimi_Sonrasi_Beslenmenin_Yaglanamaya_Etkisi\"><\/span>Sa\u00e7 Ekimi Sonras\u0131 Beslenmenin Ya\u011flanamaya Etkisi<span class=\"ez-toc-section-end\"><\/span><\/h2>\n<p class=\"p1\">Sa\u00e7 ekimi sonras\u0131 beslenmemize ekstra \u00f6nem vermeliyiz. \u00d6zellikle<span class=\"Apple-converted-space\"> s<\/span>igara ve alkol gibi k\u00f6t\u00fc al\u0131\u015fkanl\u0131klar\u0131m\u0131zdan uzakla\u015fmal\u0131y\u0131z. \u00c7\u00fcnk\u00fc sigara sa\u00e7 k\u00f6klerimizin nefes almas\u0131n\u0131 engelleyerek yeni sa\u00e7 \u00e7\u0131kmas\u0131na engeller.<\/p>\n<p class=\"p1\">Sa\u00e7lar\u0131m\u0131z i\u00e7in gerekli olan vitaminleri sa\u011flayan yiyecekleri t\u00fcketmeli ayr\u0131ca doktor \u00f6nerisiyle ek vitamin takviyeleri alabilirsiniz. Bu vitaminlere \u00f6rnek<span class=\"Apple-converted-space\">\u00a0 <\/span>A, C ve E vitaminleridir. Havu\u00e7, \u0131spanak, patates, maydanoz, s\u00fct ve yumurta mutlaka<span class=\"Apple-converted-space\">\u00a0 <\/span>t\u00fcketilmesi tavsiye edilen yiyeceklerdendir.<span class=\"Apple-converted-space\">\u00a0 <\/span>\u00dcstelik biotin i\u00e7eren besinlerde sa\u00e7 k\u00f6klerinize faydas\u0131 say\u0131s\u0131zd\u0131r. Sa\u00e7 ekimi \u00f6ncesinde \u00e7ok ya\u011fl\u0131<span class=\"Apple-converted-space\">\u00a0 <\/span>besleniyorsan\u0131z bunun \u00f6n\u00fcne ge\u00e7ip beslenmenizi de\u011fi\u015ftirmelisiniz.. Karbonhidrat a\u011f\u0131rl\u0131kl\u0131 fastfood yiyeceklerden uzak durulmal\u0131d\u0131r.<\/p>\n<p class=\"p1\">Beslenmenizin cildinize ve sa\u00e7\u0131n\u0131za etkisi olduk\u00e7a b\u00fcy\u00fckt\u00fcr. \u00d6zellikle sa\u00e7 ekimi sonras\u0131nda dikkat edilmesi gereken beslenme yeni sa\u00e7 \u00e7\u0131kmas\u0131na ve var olan sa\u00e7lar\u0131n g\u00fc\u00e7lenmesinden olduk\u00e7a b\u00fcy\u00fck \u00f6nem ta\u015f\u0131r. Sa\u011fl\u0131kl\u0131 beslenme sonras\u0131 sa\u00e7ta ki de\u011fi\u015fim g\u00f6zle g\u00f6r\u00fcl\u00fcr \u015fekilde fark yaratacak ya\u011flanman\u0131n azalmas\u0131 sa\u011flanacakt\u0131r.<\/p>\n<p class=\"p1\">Yasal Uyar\u0131: Bu sayfadaki ifadeler bilgi verme ama\u00e7l\u0131 olup, ba\u011flay\u0131c\u0131 nitelik ta\u015f\u0131maz. Hi\u00e7bir bilgi, tedavi tavsiyesi olmay\u0131p, doktor tavsiyelerinin \u00f6n\u00fcnde de\u011fildir. Kesin bilgi ve talimatlar\u0131, yaln\u0131zca doktorunuzdan alman\u0131z sa\u011fl\u0131\u011f\u0131n\u0131z a\u00e7\u0131s\u0131ndan son derece \u00f6nemlidir.<\/p>\n<p>Kaynak\u00e7a:<\/p>\n<p><a href=\"https:\/\/rejuvenatehairtransplant.com\/blog\/causes-of-oily-hair\" target=\"_blank\" rel=\"noopener\">https:\/\/rejuvenatehairtransplant.com\/blog\/causes-of-oily-hair<\/a><\/p>\n","protected":false},"excerpt":{"rendered":"<p>Sa\u00e7 ekimi yapt\u0131rm\u0131\u015f herkeste olmamak la beraber sa\u00e7 ekimi sonras\u0131\u00a0 sa\u00e7ta d\u00f6k\u00fclme kepek k\u0131zar\u0131kl\u0131k kuruluk ve ya\u011flanma\u00a0 rastlanmaktad\u0131r.\u00a0 \u00c7o\u011fu ki\u015fi\u00a0 i\u00e7in b\u00fcy\u00fck bir sorun gibi g\u00f6z\u00fckse\u00a0 de sebepleri ara\u015ft\u0131r\u0131l\u0131p sorunun \u00f6n\u00fcne ge\u00e7ilebilir. Kullan\u0131lan \u015fampuandan hava \u015fartlar\u0131na cilt tiplerine hormon dengesine kadar bir \u00e7ok sebebi olan sa\u00e7 ekimi sonras\u0131 ya\u011flanman\u0131n neden olu\u015ftu\u011fu hep merak edilmi\u015ftir. B\u00f6yle [&hellip;]<\/p>\n","protected":false},"author":1,"featured_media":4268,"comment_status":"closed","ping_status":"closed","sticky":false,"template":"","format":"standard","meta":{"footnotes":""},"categories":[9],"tags":[],"class_list":["post-4267","post","type-post","status-publish","format-standard","has-post-thumbnail","hentry","category-blog"],"_links":{"self":[{"href":"https:\/\/www.yetkinbayer.com\/tr\/wp-json\/wp\/v2\/posts\/4267","targetHints":{"allow":["GET"]}}],"collection":[{"href":"https:\/\/www.yetkinbayer.com\/tr\/wp-json\/wp\/v2\/posts"}],"about":[{"href":"https:\/\/www.yetkinbayer.com\/tr\/wp-json\/wp\/v2\/types\/post"}],"author":[{"embeddable":true,"href":"https:\/\/www.yetkinbayer.com\/tr\/wp-json\/wp\/v2\/users\/1"}],"replies":[{"embeddable":true,"href":"https:\/\/www.yetkinbayer.com\/tr\/wp-json\/wp\/v2\/comments?post=4267"}],"version-history":[{"count":1,"href":"https:\/\/www.yetkinbayer.com\/tr\/wp-json\/wp\/v2\/posts\/4267\/revisions"}],"predecessor-version":[{"id":4281,"href":"https:\/\/www.yetkinbayer.com\/tr\/wp-json\/wp\/v2\/posts\/4267\/revisions\/4281"}],"wp:featuredmedia":[{"embeddable":true,"href":"https:\/\/www.yetkinbayer.com\/tr\/wp-json\/wp\/v2\/media\/4268"}],"wp:attachment":[{"href":"https:\/\/www.yetkinbayer.com\/tr\/wp-json\/wp\/v2\/media?parent=4267"}],"wp:term":[{"taxonomy":"category","embeddable":true,"href":"https:\/\/www.yetkinbayer.com\/tr\/wp-json\/wp\/v2\/categories?post=4267"},{"taxonomy":"post_tag","embeddable":true,"href":"https:\/\/www.yetkinbayer.com\/tr\/wp-json\/wp\/v2\/tags?post=4267"}],"curies":[{"name":"wp","href":"https:\/\/api.w.org\/{rel}","templated":true}]}}