{"id":4185,"date":"2025-04-29T16:52:28","date_gmt":"2025-04-29T13:52:28","guid":{"rendered":"https:\/\/www.yetkinbayer.com\/?p=4185"},"modified":"2025-04-29T16:52:28","modified_gmt":"2025-04-29T13:52:28","slug":"sac-ekimi-sonrasi-saclar-ne-zaman-kalinlasir","status":"publish","type":"post","link":"https:\/\/www.yetkinbayer.com\/tr\/sac-ekimi-sonrasi-saclar-ne-zaman-kalinlasir\/","title":{"rendered":"Sa\u00e7 Ekimi Sonras\u0131 Sa\u00e7lar Ne Zaman Kal\u0131nla\u015f\u0131r?"},"content":{"rendered":"<p class=\"p1\"><strong>Sa\u00e7 ekimi<\/strong>, tam sonu\u00e7lar\u0131n 5-7 ay aras\u0131 g\u00f6r\u00fclebildi\u011fi bir s\u00fcre\u00e7 olarak d\u00fc\u015f\u00fcn\u00fclebilir. Hastan\u0131n ense k\u0131sm\u0131na yak\u0131n ba\u015f b\u00f6lgesi \u00f6ncelikle don\u00f6r b\u00f6lge olur. Bu don\u00f6r b\u00f6lgeden sa\u00e7 greftleri toplanmak \u00fczere hasta haz\u0131rd\u0131r.<\/p>\n<p class=\"p1\">Daha sonra bu greftlerin ve sa\u00e7 folik\u00fcllerinin canl\u0131l\u0131klar\u0131n\u0131 korumas\u0131 bak\u0131m\u0131ndan olduk\u00e7a dikkat edilerek ekim yap\u0131lacak alanda a\u00e7\u0131lan kanallara bu sa\u00e7lar implant edilir. Ekim s\u00fcreci pek zor ve a\u011fr\u0131l\u0131 olmaz.<\/p>\n<p class=\"p1\">\u00d6zellikle yeni teknolojiler ve kullan\u0131lan anestezik maddeler ile a\u011fr\u0131 ve ac\u0131 i\u015flem s\u0131ras\u0131nda hi\u00e7 yoktur. \u0130\u015flem sonras\u0131 ise a\u011fr\u0131 ve ac\u0131 anestezinin etkisinin kalkmas\u0131yla bir miktar gelse de bu da son derece tolere edilebilir d\u00fczeyde bulunur.<\/p>\n<p class=\"p1\">A\u011fr\u0131 ve ac\u0131 hissi genelde olduk\u00e7a azd\u0131r. \u00c7e\u015fitli a\u011fr\u0131 kesici ila\u00e7lar yard\u0131m\u0131yla toparlan\u0131l\u0131r. Hi\u00e7bir cerrahi i\u015flemin anestezi etkisi ortadan kalkt\u0131ktan sonra tamamen a\u011fr\u0131s\u0131z olmas\u0131 beklenmemektedir.<\/p>\n<p class=\"p1\">Ancak ila\u00e7lar yard\u0131m\u0131yla bertaraf edilebilen bu a\u011fr\u0131lar \u00f6zellikle i\u015flemin sonucu d\u00fc\u015f\u00fcn\u00fcld\u00fc\u011f\u00fcnde hastalar taraf\u0131ndan kolayca tolere edilebilmektedir. \u0130\u015fte bu genel hatlar\u0131yla anlat\u0131lan s\u00fcrecin sonunda sa\u00e7 ekimi i\u015flemi sonras\u0131 s\u00fcrece ge\u00e7ilir. Bu s\u00fcre\u00e7 yap\u0131lan <strong><a href=\"https:\/\/www.yetkinbayer.com\/tr\/sac-ekimi\">sa\u00e7 ekimi<\/a><\/strong> i\u015flemikalnin sonu\u00e7lar\u0131n\u0131n net bir \u015fekilde ve planlanan haliyle al\u0131nmas\u0131 bak\u0131m\u0131ndan olduk\u00e7a \u00f6nemlidir.<\/p>\n<p class=\"p1\">\u00d6ncelikle bu s\u00fcre\u00e7te g\u00f6sterilecek \u00f6zen i\u015flem sonras\u0131 memnuniyet oran\u0131n\u0131 art\u0131rmaya yard\u0131mc\u0131 ve i\u015flem sonucu ba\u015far\u0131y\u0131 getirici bir rol oynar. \u015e\u00f6yle ki, ekilen sa\u00e7lar ilk etapta don\u00f6r b\u00f6lgeden al\u0131nm\u0131\u015ft\u0131r ve tek tek implant edilmi\u015f bulunur. Bundan sonra ise ekilen sa\u00e7lar nedeniyle don\u00f6r b\u00f6lge ve ekilen b\u00f6lge k\u0131zar\u0131k bulunur.<\/p>\n<p class=\"p1\">Bu k\u0131s\u0131mda i\u015flem sonras\u0131 bir hassasiyet g\u00f6r\u00fclmesi son derece do\u011fald\u0131r ve ekilen sa\u00e7lar hen\u00fcz dayan\u0131ks\u0131zd\u0131r. Bu nedenle sa\u00e7lar\u0131n korunmas\u0131 gerekir. Yatarken do\u011fru pozisyonda yatmak, kafay\u0131 darbelerden korumak ve daha pek \u00e7ok al\u0131nacak \u00f6nlem ile bu yeni ekilen sa\u00e7lar korunur ve ekilen sa\u00e7 greftleri kayb\u0131 ya\u015fanmamas\u0131 ama\u00e7lan\u0131r.<\/p>\n<p>&#8220;Sa\u00e7 ekimi sonras\u0131 sa\u00e7lar\u0131n kal\u0131nla\u015fmas\u0131 normal mi?&#8221; sorusu sa\u00e7 ekimi yapt\u0131rm\u0131\u015f ki\u015filer taraf\u0131ndan en fazla y\u00f6neltilen sorulardan biridir. Dr. Yetkin Bayer, &#8220;Sa\u00e7 ekimi sonras\u0131 sa\u00e7lar ne zaman kal\u0131nla\u015f\u0131r?&#8221; ve &#8220;Sa\u00e7 ekiminden sonra yeni \u00e7\u0131kan sa\u00e7lar nas\u0131l korunur?&#8221; gibi sorular\u0131 sizler i\u00e7in yan\u0131tl\u0131yor.<\/p>\n<div id=\"ez-toc-container\" class=\"ez-toc-v2_0_82_2 counter-flat ez-toc-counter ez-toc-grey ez-toc-container-direction\">\n<div class=\"ez-toc-title-container\">\n<p class=\"ez-toc-title\" style=\"cursor:inherit\">Table of Contents<\/p>\n<span class=\"ez-toc-title-toggle\"><a href=\"#\" class=\"ez-toc-pull-right ez-toc-btn ez-toc-btn-xs ez-toc-btn-default ez-toc-toggle\" aria-label=\"\u0130\u00e7indekiler Tablosunu A\u00e7\/Kapat\"><span class=\"ez-toc-js-icon-con\"><span class=\"\"><span class=\"eztoc-hide\" style=\"display:none;\">Toggle<\/span><span class=\"ez-toc-icon-toggle-span\"><svg style=\"fill: #999;color:#999\" xmlns=\"http:\/\/www.w3.org\/2000\/svg\" class=\"list-377408\" width=\"20px\" height=\"20px\" viewBox=\"0 0 24 24\" fill=\"none\"><path d=\"M6 6H4v2h2V6zm14 0H8v2h12V6zM4 11h2v2H4v-2zm16 0H8v2h12v-2zM4 16h2v2H4v-2zm16 0H8v2h12v-2z\" fill=\"currentColor\"><\/path><\/svg><svg style=\"fill: #999;color:#999\" class=\"arrow-unsorted-368013\" xmlns=\"http:\/\/www.w3.org\/2000\/svg\" width=\"10px\" height=\"10px\" viewBox=\"0 0 24 24\" version=\"1.2\" baseProfile=\"tiny\"><path d=\"M18.2 9.3l-6.2-6.3-6.2 6.3c-.2.2-.3.4-.3.7s.1.5.3.7c.2.2.4.3.7.3h11c.3 0 .5-.1.7-.3.2-.2.3-.5.3-.7s-.1-.5-.3-.7zM5.8 14.7l6.2 6.3 6.2-6.3c.2-.2.3-.5.3-.7s-.1-.5-.3-.7c-.2-.2-.4-.3-.7-.3h-11c-.3 0-.5.1-.7.3-.2.2-.3.5-.3.7s.1.5.3.7z\"\/><\/svg><\/span><\/span><\/span><\/a><\/span><\/div>\n<nav><ul class='ez-toc-list ez-toc-list-level-1 eztoc-toggle-hide-by-default' ><li class='ez-toc-page-1'><a class=\"ez-toc-link ez-toc-heading-1\" href=\"#\" data-href=\"https:\/\/www.yetkinbayer.com\/tr\/sac-ekimi-sonrasi-saclar-ne-zaman-kalinlasir\/#Sac_Ekimi_Sonrasi_Saclar_Ne_Zaman_Kalinlasir\" >Sa\u00e7 Ekimi Sonras\u0131 Sa\u00e7lar Ne Zaman Kal\u0131nla\u015f\u0131r?<\/a><\/li><li class='ez-toc-page-1'><a class=\"ez-toc-link ez-toc-heading-2\" href=\"#\" data-href=\"https:\/\/www.yetkinbayer.com\/tr\/sac-ekimi-sonrasi-saclar-ne-zaman-kalinlasir\/#Sac_Ekiminden_Sonra_Yeni_Cikan_Saclar_Nasil_Korunur\" >Sa\u00e7 Ekiminden Sonra Yeni \u00c7\u0131kan Sa\u00e7lar Nas\u0131l Korunur?<\/a><\/li><\/ul><\/nav><\/div>\n<h2 class=\"p1\"><span class=\"ez-toc-section\" id=\"Sac_Ekimi_Sonrasi_Saclar_Ne_Zaman_Kalinlasir\"><\/span>Sa\u00e7 Ekimi Sonras\u0131 Sa\u00e7lar Ne Zaman Kal\u0131nla\u015f\u0131r?<span class=\"ez-toc-section-end\"><\/span><\/h2>\n<p class=\"p1\">Sa\u00e7lar ilk ekildi\u011finde bak\u0131ld\u0131\u011f\u0131 zaman tek tek say\u0131labiliyormu\u015f gibi bir g\u00f6r\u00fcnt\u00fcy\u00fc and\u0131racakt\u0131r. Bu s\u00fcre\u00e7 do\u011fal ve ge\u00e7icidir. Sa\u00e7lar ilk etapta olu\u015fan bu g\u00f6r\u00fcnt\u00fcn\u00fcn ard\u0131ndan bir d\u00f6k\u00fclme s\u00fcrecine girerler. Transfer edilen sa\u00e7lardan greftler d\u00f6k\u00fcl\u00fcr fakat bunda endi\u015felenecek bir durum yoktur.<\/p>\n<p class=\"p1\">Sa\u00e7 greftleri d\u00f6k\u00fclse de sa\u00e7 folik\u00fclleri ekilen b\u00f6lgede a\u00e7\u0131lan kanallarda bulunmaktad\u0131r. Bu folik\u00fcller canl\u0131 h\u00fccreler olup <strong><a href=\"https:\/\/www.yetkinbayer.com\/tr\/sac-ekimi-sonrasi\">sa\u00e7 ekimi sonras\u0131<\/a><\/strong> iyi bir bak\u0131m ve g\u00f6zetim verildiyse \u00f6lmezler. B\u00f6ylece sa\u00e7 ekim s\u00fcreci d\u00f6k\u00fclme ile devam eder.<\/p>\n<p class=\"p1\">Bundan sonras\u0131nda ise yeni olu\u015facak sa\u00e7lar\u0131n buralardan tekrar \u00e7\u0131kmas\u0131n\u0131 beklemek gerekir. Sa\u00e7lar\u0131n tekrar \u00e7\u0131kmas\u0131 s\u00fcrecinde belli ba\u015fl\u0131 dikkat edilecek hususlarla birlikte sa\u00e7lar olduk\u00e7a sa\u011fl\u0131kl\u0131 \u015fekilde uzar ve b\u00fcy\u00fcrler. Ancak ilk \u00e7\u0131kan sa\u00e7lar bir miktar t\u00fcy gibi ve cans\u0131z olurlar.<\/p>\n<p class=\"p1\">Bu durum sa\u00e7 ekimi i\u015fleminin ba\u015far\u0131s\u0131zl\u0131\u011fa u\u011frad\u0131\u011f\u0131 gibi d\u00fc\u015f\u00fcn\u00fcl\u00fcp endi\u015feye kap\u0131lmaya gerek yoktur. \u0130\u015flemin ba\u015far\u0131ya ula\u015fma s\u00fcreci devam etmektedir. T\u00fcy gibi ve cans\u0131z \u015fekilde \u00e7\u0131kmakta olan sa\u00e7lar giderek kal\u0131nla\u015facakt\u0131r. Bu s\u00fcre\u00e7 6-8 ay aras\u0131nda de\u011fi\u015febilir.<\/p>\n<p class=\"p1\">Ki\u015finin fizyolojisine, k\u0131l yap\u0131s\u0131na ba\u011fl\u0131 olarak de\u011fi\u015fim g\u00f6steren bu s\u00fcre\u00e7 de normaldir. \u0130lk etapta t\u00fcy gibi cans\u0131z halde \u00e7\u0131kan sa\u00e7 telleri giderek hem kal\u0131nla\u015f\u0131r hem de renk bak\u0131m\u0131ndan tonlar\u0131 bir miktar koyula\u015f\u0131r.<\/p>\n<p class=\"p1\">B\u00f6ylece ekilen sa\u00e7lar di\u011fer sa\u00e7larla b\u00fct\u00fcnle\u015fmeye ba\u015flar. Do\u011fal bir g\u00f6r\u00fcnt\u00fc de b\u00f6ylece olu\u015fur. <strong>Sa\u00e7 ekiminin sonu\u00e7lar\u0131<\/strong> git gide daha iyi al\u0131nmakta ve bu \u015fekilde her ge\u00e7en g\u00fcn sonu\u00e7tan olu\u015fan memnuniyet de artmaktad\u0131r.<\/p>\n<h2 class=\"p1\"><span class=\"ez-toc-section\" id=\"Sac_Ekiminden_Sonra_Yeni_Cikan_Saclar_Nasil_Korunur\"><\/span>Sa\u00e7 Ekiminden Sonra Yeni \u00c7\u0131kan Sa\u00e7lar Nas\u0131l Korunur?<span class=\"ez-toc-section-end\"><\/span><\/h2>\n<p class=\"p1\">Sa\u00e7 ekiminden sonra sa\u00e7l\u0131 deri bir miktar hassasiyet ta\u015f\u0131r ve \u00f6zenli davran\u0131lmas\u0131 gerekir. Hem ekilen sa\u00e7 greftleri d\u00f6k\u00fclmeden \u00f6nce ve d\u00f6k\u00fcld\u00fckten sonra, hem de yeni sa\u00e7lar\u0131n \u00e7\u0131kma a\u015famas\u0131nda iyi bir \u015fekilde uzman tavsiyelerine uyarak g\u00f6sterilecek \u00f6zen, s\u00fcrecin sa\u011fl\u0131kla ve daha h\u0131zl\u0131 bi\u00e7imde tamamlanmas\u0131na katk\u0131 sa\u011flar.<\/p>\n<p class=\"p1\">\u00d6zellikle sa\u00e7lar\u0131n uzamas\u0131, kal\u0131nla\u015fmas\u0131 ve renklerinin koyula\u015fmas\u0131 a\u015famas\u0131nda uzman taraf\u0131ndan tavsiye edilen takviyelerden kullanmak bir hayli \u00f6nem ta\u015f\u0131r. Biotin, \u00e7inko gibi i\u00e7erikleri bulunan ve DHT hormon bloker\u0131 olarak da g\u00f6rev yapan bu takviyeler yeni \u00e7\u0131kmakta olan sa\u00e7lar\u0131 besler. Uzama a\u015famalar\u0131na katk\u0131 sunar.<\/p>\n<p class=\"p1\">B\u00f6ylece sa\u00e7lar\u0131n sa\u011fl\u0131kl\u0131 bir \u015fekilde ve g\u00fcr olarak \u00e7\u0131kmas\u0131 sa\u011flan\u0131r. Bununla birlikte sa\u00e7 ekiminden sonra ba\u015flanacak bu takviyeler uzman \u00f6nerisi olmadan al\u0131nmamal\u0131d\u0131r. Takviyeler genelde yakla\u015f\u0131k \u00fc\u00e7 ay s\u00fcreyle kulland\u0131r\u0131l\u0131rlar ve ilk aylarda g\u00fcnde iki doz kadar al\u0131nmas\u0131 tavsiye edilebilir.<\/p>\n<p class=\"p1\">Bu s\u00fcre\u00e7te sa\u00e7 greftleri \u015fok d\u00f6k\u00fclmesini ger\u00e7ekle\u015ftirdikten sonra yeni sa\u00e7lar patlar ve b\u00fcy\u00fcme a\u015famas\u0131na ge\u00e7erler. Herkeste bu b\u00fcy\u00fcme farkl\u0131 h\u0131zda ger\u00e7ekle\u015febilir, bu durum endi\u015feye sebep vermemelidir.<\/p>\n<p class=\"p1\">Sa\u00e7 ekimi i\u015flemi sonras\u0131 sa\u00e7lara gerekli \u00f6zenin g\u00f6sterilmesi, sa\u00e7 \u00e7\u0131karma d\u00f6nemindeki kaliteyi olduk\u00e7a etkiler. Sa\u00e7lar\u0131n bak\u0131m\u0131n\u0131n hekimin \u00f6nerdi\u011fi \u015fekilde verilmesi, ka\u00e7\u0131n\u0131lmas\u0131 gereken davran\u0131\u015flardan dikkatle ka\u00e7\u0131n\u0131lmas\u0131, ba\u015f b\u00f6lgesinin darbelerden korunmas\u0131, yine hekim taraf\u0131ndan \u00f6nerilen ila\u00e7lar ile takviyelerin dikkatle kullan\u0131lmas\u0131 gibi bir\u00e7ok davran\u0131\u015f patlayacak sa\u00e7lar\u0131n kaliteli bir \u015fekilde olu\u015fmas\u0131na katk\u0131 sa\u011flar. B\u00f6ylece i\u015flem sonucu ba\u015far\u0131 ve memnuniyet oran\u0131 olduk\u00e7a y\u00fckselmektedir.<\/p>\n<p class=\"p1\">Yasal Uyar\u0131: Bu sayfadaki ifadeler bilgi verme ama\u00e7l\u0131 olup, ba\u011flay\u0131c\u0131 nitelik ta\u015f\u0131maz. Hi\u00e7bir bilgi, tedavi tavsiyesi olmay\u0131p, doktor tavsiyelerinin \u00f6n\u00fcnde de\u011fildir. Kesin bilgi ve talimatlar\u0131, yaln\u0131zca doktorunuzdan alman\u0131z sa\u011fl\u0131\u011f\u0131n\u0131z a\u00e7\u0131s\u0131ndan son derece \u00f6nemlidir.<\/p>\n<p><strong>Kaynak\u00e7a:<\/strong><\/p>\n<p><a href=\"https:\/\/wecure.co.uk\/how-to-get-fuller-and-thicker-hair-with-a-hair-transplant\" target=\"_blank\" rel=\"noopener\">https:\/\/wecure.co.uk\/how-to-get-fuller-and-thicker-hair-with-a-hair-transplant<\/a><\/p>\n","protected":false},"excerpt":{"rendered":"<p>Sa\u00e7 ekimi, tam sonu\u00e7lar\u0131n 5-7 ay aras\u0131 g\u00f6r\u00fclebildi\u011fi bir s\u00fcre\u00e7 olarak d\u00fc\u015f\u00fcn\u00fclebilir. Hastan\u0131n ense k\u0131sm\u0131na yak\u0131n ba\u015f b\u00f6lgesi \u00f6ncelikle don\u00f6r b\u00f6lge olur. Bu don\u00f6r b\u00f6lgeden sa\u00e7 greftleri toplanmak \u00fczere hasta haz\u0131rd\u0131r. Daha sonra bu greftlerin ve sa\u00e7 folik\u00fcllerinin canl\u0131l\u0131klar\u0131n\u0131 korumas\u0131 bak\u0131m\u0131ndan olduk\u00e7a dikkat edilerek ekim yap\u0131lacak alanda a\u00e7\u0131lan kanallara bu sa\u00e7lar implant edilir. Ekim s\u00fcreci [&hellip;]<\/p>\n","protected":false},"author":1,"featured_media":4186,"comment_status":"closed","ping_status":"closed","sticky":false,"template":"","format":"standard","meta":{"footnotes":""},"categories":[9],"tags":[],"class_list":["post-4185","post","type-post","status-publish","format-standard","has-post-thumbnail","hentry","category-blog"],"_links":{"self":[{"href":"https:\/\/www.yetkinbayer.com\/tr\/wp-json\/wp\/v2\/posts\/4185","targetHints":{"allow":["GET"]}}],"collection":[{"href":"https:\/\/www.yetkinbayer.com\/tr\/wp-json\/wp\/v2\/posts"}],"about":[{"href":"https:\/\/www.yetkinbayer.com\/tr\/wp-json\/wp\/v2\/types\/post"}],"author":[{"embeddable":true,"href":"https:\/\/www.yetkinbayer.com\/tr\/wp-json\/wp\/v2\/users\/1"}],"replies":[{"embeddable":true,"href":"https:\/\/www.yetkinbayer.com\/tr\/wp-json\/wp\/v2\/comments?post=4185"}],"version-history":[{"count":1,"href":"https:\/\/www.yetkinbayer.com\/tr\/wp-json\/wp\/v2\/posts\/4185\/revisions"}],"predecessor-version":[{"id":4238,"href":"https:\/\/www.yetkinbayer.com\/tr\/wp-json\/wp\/v2\/posts\/4185\/revisions\/4238"}],"wp:featuredmedia":[{"embeddable":true,"href":"https:\/\/www.yetkinbayer.com\/tr\/wp-json\/wp\/v2\/media\/4186"}],"wp:attachment":[{"href":"https:\/\/www.yetkinbayer.com\/tr\/wp-json\/wp\/v2\/media?parent=4185"}],"wp:term":[{"taxonomy":"category","embeddable":true,"href":"https:\/\/www.yetkinbayer.com\/tr\/wp-json\/wp\/v2\/categories?post=4185"},{"taxonomy":"post_tag","embeddable":true,"href":"https:\/\/www.yetkinbayer.com\/tr\/wp-json\/wp\/v2\/tags?post=4185"}],"curies":[{"name":"wp","href":"https:\/\/api.w.org\/{rel}","templated":true}]}}