{"id":4147,"date":"2025-04-29T16:29:33","date_gmt":"2025-04-29T13:29:33","guid":{"rendered":"https:\/\/www.yetkinbayer.com\/?p=4147"},"modified":"2025-04-29T16:29:33","modified_gmt":"2025-04-29T13:29:33","slug":"sac-ekimi-sonrasinda-greft-kaybi-nedir","status":"publish","type":"post","link":"https:\/\/www.yetkinbayer.com\/tr\/sac-ekimi-sonrasinda-greft-kaybi-nedir\/","title":{"rendered":"Sa\u00e7 Ekimi Sonras\u0131nda Greft Kayb\u0131 Nedir?"},"content":{"rendered":"<p class=\"p1\"><strong>Sa\u00e7 ekimi<\/strong> i\u015fleminden sonraki a\u015famada en hassasiyetli b\u00f6l\u00fcm diye isimlendirece\u011fimiz s\u00fcre ilk 10-15 g\u00fcnd\u00fcr. Bu s\u00fcre zarf\u0131nda hastan\u0131n greftlere zarar\u0131 olabilecek ve yerinden oynatabilecek t\u00fcm durumlardan ka\u00e7\u0131nmas\u0131 gerekmektedir.<\/p>\n<p class=\"p1\">Hen\u00fcz yeni ekilmi\u015f sa\u00e7 diplerine i\u00e7eriden ve d\u0131\u015far\u0131dan bask\u0131 uygulanmamal\u0131 ve her t\u00fcrl\u00fc darbe olu\u015fumundan uzak durulmal\u0131d\u0131r. Bunun nedeni yeni yerle\u015ftirilmi\u015f olan greftlerin yerle\u015ftirildikleri yerde serbest halde olmas\u0131d\u0131r. Deformasyonlara a\u00e7\u0131k bir \u015fekilde h\u00fccrelerin tutunmas\u0131n\u0131 beklerken d\u0131\u015f fakt\u00f6rlerden de etkilenebilmektedir. Bu sebeple bu hassas s\u00fcre\u00e7te greftleri her t\u00fcrl\u00fc bask\u0131dan korumaya \u00f6zen g\u00f6stermelisiniz.<\/p>\n<p class=\"p1\"><strong><a href=\"https:\/\/www.yetkinbayer.com\/tr\/sac-ekimi\/\">Sa\u00e7 ekimi<\/a><\/strong> i\u015fleminden sonra kafaya al\u0131nan her t\u00fcrl\u00fc darbe greftlerin yerinden oynamas\u0131na hatta yerinden \u00e7\u0131kmas\u0131na dah\u00ee neden olmaktad\u0131r. Bu da i\u015flemi do\u011frudan etkilemektedir. Nakledilen sa\u00e7 k\u00f6kleri nakil edilirken ve kanallara yerle\u015ftirilirken canl\u0131 halde olmaktad\u0131r.<\/p>\n<p class=\"p1\">Canl\u0131 h\u00fccreler, kanallara tutunabilirlerse canl\u0131 kalabilmektedirler. Kafaya al\u0131nacak her t\u00fcrl\u00fc darbe, ani hareket bu tutunmaya engel olacakt\u0131r. Ba\u015fa darbe gelir ise canl\u0131 h\u00fccreler \u00f6l\u00fcr ve \u00f6l\u00fc h\u00fccrelerden yeni sa\u00e7lar \u00e7\u0131kmas\u0131 beklenemez. Bu sebeple greft kaybetmemek i\u00e7in her t\u00fcrl\u00fc olumsuz \u015fartlardan hasta kendini korumal\u0131d\u0131r.<\/p>\n<p>&#8220;<a href=\"https:\/\/www.yetkinbayer.com\/tr\/sac-ekimi-sonrasinda-greft-kaybi\/\"><strong>Sa\u00e7 ekimi sonras\u0131nda greft kayb\u0131<\/strong> <strong>ya\u015fan\u0131r m\u0131<\/strong><\/a>?&#8221; sorusu sa\u00e7 ekimi yapt\u0131rm\u0131\u015f ki\u015filer taraf\u0131ndan en fazla y\u00f6neltilen sorulardan biridir. Dr. Yetkin Bayer, &#8220;<strong>Sa\u00e7 ekimi sonras\u0131 greftler ne zaman tutar?<\/strong>&#8221; ve &#8220;<strong>Sa\u00e7 ekimi sonras\u0131 kafan\u0131n korunmas\u0131 neden \u00f6nemlidir?<\/strong>&#8221; gibi sorular\u0131 sizler i\u00e7in yan\u0131tl\u0131yor.<\/p>\n<div id=\"ez-toc-container\" class=\"ez-toc-v2_0_82_2 counter-flat ez-toc-counter ez-toc-grey ez-toc-container-direction\">\n<div class=\"ez-toc-title-container\">\n<p class=\"ez-toc-title\" style=\"cursor:inherit\">Table of Contents<\/p>\n<span class=\"ez-toc-title-toggle\"><a href=\"#\" class=\"ez-toc-pull-right ez-toc-btn ez-toc-btn-xs ez-toc-btn-default ez-toc-toggle\" aria-label=\"\u0130\u00e7indekiler Tablosunu A\u00e7\/Kapat\"><span class=\"ez-toc-js-icon-con\"><span class=\"\"><span class=\"eztoc-hide\" style=\"display:none;\">Toggle<\/span><span class=\"ez-toc-icon-toggle-span\"><svg style=\"fill: #999;color:#999\" xmlns=\"http:\/\/www.w3.org\/2000\/svg\" class=\"list-377408\" width=\"20px\" height=\"20px\" viewBox=\"0 0 24 24\" fill=\"none\"><path d=\"M6 6H4v2h2V6zm14 0H8v2h12V6zM4 11h2v2H4v-2zm16 0H8v2h12v-2zM4 16h2v2H4v-2zm16 0H8v2h12v-2z\" fill=\"currentColor\"><\/path><\/svg><svg style=\"fill: #999;color:#999\" class=\"arrow-unsorted-368013\" xmlns=\"http:\/\/www.w3.org\/2000\/svg\" width=\"10px\" height=\"10px\" viewBox=\"0 0 24 24\" version=\"1.2\" baseProfile=\"tiny\"><path d=\"M18.2 9.3l-6.2-6.3-6.2 6.3c-.2.2-.3.4-.3.7s.1.5.3.7c.2.2.4.3.7.3h11c.3 0 .5-.1.7-.3.2-.2.3-.5.3-.7s-.1-.5-.3-.7zM5.8 14.7l6.2 6.3 6.2-6.3c.2-.2.3-.5.3-.7s-.1-.5-.3-.7c-.2-.2-.4-.3-.7-.3h-11c-.3 0-.5.1-.7.3-.2.2-.3.5-.3.7s.1.5.3.7z\"\/><\/svg><\/span><\/span><\/span><\/a><\/span><\/div>\n<nav><ul class='ez-toc-list ez-toc-list-level-1 eztoc-toggle-hide-by-default' ><li class='ez-toc-page-1'><a class=\"ez-toc-link ez-toc-heading-1\" href=\"#\" data-href=\"https:\/\/www.yetkinbayer.com\/tr\/sac-ekimi-sonrasinda-greft-kaybi-nedir\/#Sac_Ekim_Sonrasi_Greftler_Ne_Zaman_Tutar\" >Sa\u00e7 Ekim Sonras\u0131 Greftler Ne Zaman Tutar?<\/a><\/li><li class='ez-toc-page-1'><a class=\"ez-toc-link ez-toc-heading-2\" href=\"#\" data-href=\"https:\/\/www.yetkinbayer.com\/tr\/sac-ekimi-sonrasinda-greft-kaybi-nedir\/#Sac_Ekimi_Sonrasi_Kafanin_Korunmasi_Neden_Onemli\" >Sa\u00e7 Ekimi Sonras\u0131 Kafan\u0131n Korunmas\u0131 Neden \u00d6nemli?<\/a><\/li><li class='ez-toc-page-1'><a class=\"ez-toc-link ez-toc-heading-3\" href=\"#\" data-href=\"https:\/\/www.yetkinbayer.com\/tr\/sac-ekimi-sonrasinda-greft-kaybi-nedir\/#Sac_Ekimi_Yapilacak_Hasta_Nasil_Degerlendirilir\" >Sa\u00e7 Ekimi Yap\u0131lacak Hasta Nas\u0131l De\u011ferlendirilir?<\/a><\/li><\/ul><\/nav><\/div>\n<h2 class=\"p1\"><span class=\"ez-toc-section\" id=\"Sac_Ekim_Sonrasi_Greftler_Ne_Zaman_Tutar\"><\/span>Sa\u00e7 Ekim Sonras\u0131 Greftler Ne Zaman Tutar?<span class=\"ez-toc-section-end\"><\/span><\/h2>\n<p class=\"p1\">Sa\u00e7 ekim i\u015fleminden sonras\u0131ndaki ilk 10 g\u00fcn \u00e7ok m\u00fchimdir. \u00c7\u00fcnk\u00fc greftler sa\u00e7 ektirme i\u015fleminden 10 g\u00fcn sonra yerle\u015ftirildikleri yerlere adapte olmaya ba\u015fl\u0131yor. Bu s\u00fcreci bitirdikten sonra ise yerle\u015ftirildikleri yerlerinden \u00e7\u0131kmalar\u0131 g\u00fc\u00e7le\u015fiyor. Sa\u00e7 derisine ufak dokunu\u015flar yapmak yada \u015fapka kullan\u0131m\u0131 ile greftler hasar g\u00f6rmez. Ancak greftlerdeki kabuklar\u0131n tamamen gitmesi 1-3 g\u00fcn aras\u0131nda daha s\u00fcrebilmekte.<\/p>\n<p class=\"p1\">\u0130lk 10 g\u00fcnden sonra sa\u00e7 ektirme i\u015fleminin tehlikeye girmesi \u00e7ok az bir risk ta\u015f\u0131r. Sa\u00e7 ektirme i\u015fleminden 10 g\u00fcn sonras\u0131nda hastalar, topla oynanan sporlar ya da boks, tekvando gibi ba\u015fa darbe alabilme riski olan sporlar d\u0131\u015f\u0131nda istedikleri her spor dal\u0131na ba\u015flayabilirler.<\/p>\n<p class=\"p1\">10. g\u00fcn sonras\u0131nda greftlerin zarar g\u00f6rmesi ve greft kayb\u0131 i\u00e7in ya kafan\u0131z\u0131 sert bir \u015fekilde bir yere vurarak kanamas\u0131na ve greftlerin \u00e7\u0131kmas\u0131na sebep olmal\u0131s\u0131n\u0131z ya da grefti sa\u00e7 derinizdeki kabuklanmalar\u0131 ar\u0131nd\u0131r\u0131rken kendiniz hatal\u0131 bir hamle ile \u00e7ekmelisiniz.<\/p>\n<p class=\"p1\">\u0130lk y\u0131kama genellikle 2. veya 3. g\u00fcn yap\u0131ld\u0131ktan sonra birinci hafta greftleri \u00e7ok fazla ellememeli ve narin hareketlerle y\u0131kama i\u015flemi yap\u0131lmal\u0131d\u0131r. \u0130\u015flemden sonraki ikinci haftada ise nazik hareketlerle masaj yaparak kabuklar\u0131n yumu\u015fat\u0131lmas\u0131 ve sa\u00e7 derisinden ar\u0131nd\u0131r\u0131lmas\u0131 laz\u0131md\u0131r.<\/p>\n<p class=\"p1\">Sa\u00e7 ekimi i\u015flemi sonras\u0131nda ekilen sa\u00e7 greftlerinin k\u00f6kleri derinin i\u00e7erisinde kalarak ya\u015famay\u0131 s\u00fcrd\u00fcr\u00fcr, 10-15. g\u00fcnlerde k\u0131l k\u0131s\u0131mlar\u0131 yava\u015f bir \u015fekilde d\u00f6k\u00fclmeye ba\u015flar ve ekilen t\u00fcm sa\u00e7lar, ekim yap\u0131ld\u0131ktan hemen hemen 1-1.5 ay i\u00e7inde kaybedilebilir.<\/p>\n<p class=\"p1\">Bu nedenle hastalar sa\u00e7 greftlerini kal\u0131c\u0131 olarak kaybettiklerini d\u00fc\u015f\u00fcnebilirler. Fakat sa\u00e7 derisi i\u00e7indeki canl\u0131 kalan sa\u00e7 k\u00f6kleri ise yakla\u015f\u0131k 3-4 ay i\u00e7inde sa\u00e7 \u00fcretimi yapar ve yeni sa\u00e7lar\u0131n \u00e7\u0131kmas\u0131na olanak tan\u0131r<\/p>\n<h2 class=\"p1\"><span class=\"ez-toc-section\" id=\"Sac_Ekimi_Sonrasi_Kafanin_Korunmasi_Neden_Onemli\"><\/span>Sa\u00e7 Ekimi Sonras\u0131 Kafan\u0131n Korunmas\u0131 Neden \u00d6nemli?<span class=\"ez-toc-section-end\"><\/span><\/h2>\n<p class=\"p1\">Sa\u00e7 ekimi i\u015flemi sonras\u0131nda hastan\u0131n kafas\u0131n\u0131 darbelere kar\u015f\u0131 ve her t\u00fcrl\u00fc gelebilecek zararl\u0131 etkilere kar\u015f\u0131 korumas\u0131 gerekir. \u00c7\u00fcnk\u00fc bu koruma sa\u011flanmazsa greftler zarar g\u00f6r\u00fcr hatta greft kayb\u0131 bile ya\u015fanabilir. Bu darbelerden etkilenen greftler hareket ederek yerlerinden oynayabilir veya yerlerinden d\u0131\u015far\u0131ya \u00e7\u0131kabilir.<\/p>\n<p class=\"p1\">Kafaya al\u0131nan darbeyle birlikte \u015fok sonucunda meydana gelen greft bulundu\u011fu kanalla ba\u011flant\u0131s\u0131n\u0131 kaybeder ve greft canl\u0131l\u0131\u011f\u0131n\u0131 kaybederek \u00f6l\u00fcr. \u00d6l\u00fc h\u00fccrelerden sa\u00e7 \u00e7\u0131kmas\u0131 imkans\u0131zd\u0131r. Bu olumsuz durumun tan\u0131mlamas\u0131 ise greft kayb\u0131d\u0131r. Greft kayb\u0131 ya\u015fansa dahi hastan\u0131n bunu g\u00f6rmesi ve sonu\u00e7lar\u0131n\u0131n fark\u0131nda olmas\u0131 6 ay\u0131 bulabilir.<\/p>\n<p class=\"p1\">Sa\u00e7 ekimi\u00a0operasyonu sonras\u0131nda uzman doktorlar sa\u00e7 ekim i\u015flemi yapt\u0131ran hastalara uygun \u015fapkalar kullanman\u0131z\u0131 \u00f6neriyorlar. Bu \u015fapka sizi her t\u00fcrl\u00fc darbeden ve greft kayb\u0131ndan korumaya yard\u0131mc\u0131 olacakt\u0131r. <a href=\"https:\/\/www.yetkinbayer.com\/tr\/sac-ekim-sonrasi\">Sa\u00e7 ekimi sonras\u0131<\/a> greft kayb\u0131n\u0131 \u00f6nlemek i\u00e7in \u015fapkan\u0131z\u0131 nas\u0131l kullanman\u0131z gerekti\u011fini uzman bir doktordan \u00f6\u011frenebilirsiniz.<\/p>\n<h2 class=\"p1\"><span class=\"ez-toc-section\" id=\"Sac_Ekimi_Yapilacak_Hasta_Nasil_Degerlendirilir\"><\/span>Sa\u00e7 Ekimi Yap\u0131lacak Hasta Nas\u0131l De\u011ferlendirilir?<span class=\"ez-toc-section-end\"><\/span><\/h2>\n<p class=\"p1\">Sa\u00e7 ekimi yapt\u0131rmaya iste\u011fi olan bireylerin ilk de\u011ferlendirmesi hastan\u0131n ba\u015f ve surat \u015feklini kontrol ederek yap\u0131lmaktad\u0131r. De\u011ferlendirmenin yap\u0131lmas\u0131ndaki sebep ba\u015f, y\u00fcz ve al\u0131n\u0131n genetik \u00f6zelliklerini anlayabilmektir. Ba\u015f b\u00f6lgesinin \u015fekli ve \u00f6zellikle en tepe k\u0131sm\u0131n\u0131n geni\u015fli\u011fi sa\u00e7 ekimi plan\u0131 yap\u0131l\u0131rken en m\u00fchim noktad\u0131r.<\/p>\n<p class=\"p1\">Sa\u00e7 \u00f6n \u00e7izgisinin belirlenmesi i\u00e7in tepe k\u0131sm\u0131n\u0131n geni\u015fli\u011fi fazlas\u0131yla \u00f6nemlidir. Yuvarlak bir kafa yap\u0131s\u0131 olan bir birey ile uzun bir kafa yap\u0131s\u0131na sahip bireyin sa\u00e7 \u00f6n \u00e7izgisi benzer olmayaca\u011f\u0131ndan bu de\u011ferlendirmeler \u00e7ok \u00f6nemlidir. Do\u011fal bir g\u00f6r\u00fcn\u00fcm kazanmak i\u00e7in bu ayr\u0131nt\u0131lar\u0131 g\u00f6z \u00f6n\u00fcnde bulundurmak gerekmektedir.<\/p>\n<p class=\"p1\">Yuvarlak kafa \u015fekline sahip ki\u015filerin sa\u00e7 \u00f6n \u00e7izgisi daha yuvarlak olurken v tipi kafa \u015fekline sahip ki\u015filerde yine v tipi sa\u00e7 \u00f6n \u00e7izgisi uygulanmas\u0131 do\u011fal bir g\u00f6r\u00fcn\u00fcm kazan\u0131lmas\u0131na fayda sa\u011flayacakt\u0131r. Kad\u0131nlar i\u00e7in sa\u00e7 \u00f6n \u00e7izgisi daha yuvarlak olurken erkeklerde v \u015feklinde ve k\u00f6\u015feli sa\u00e7 \u00e7izgisi uygulanmaktad\u0131r.<\/p>\n<p class=\"p1\">Hastan\u0131n t\u00fcm bu \u015fartlara uydu\u011fu takdirde sa\u00e7 ekimi operasyonu uzman doktorlar taraf\u0131ndan uygulanacakt\u0131r ve tamamlanacakt\u0131r. Hasta bu durumda sa\u011fl\u0131kl\u0131 ve g\u00fcr sa\u00e7lara sahip olacak ve estetik bir g\u00f6r\u00fcn\u00fcme kavu\u015facakt\u0131r.<\/p>\n<p class=\"p1\">Yasal Uyar\u0131: Bu sayfadaki ifadeler bilgi verme ama\u00e7l\u0131 olup, ba\u011flay\u0131c\u0131 nitelik ta\u015f\u0131maz. Hi\u00e7bir bilgi, tedavi tavsiyesi olmay\u0131p, doktor tavsiyelerinin \u00f6n\u00fcnde de\u011fildir. Kesin bilgi ve talimatlar\u0131, yaln\u0131zca doktorunuzdan alman\u0131z sa\u011fl\u0131\u011f\u0131n\u0131z a\u00e7\u0131s\u0131ndan son derece \u00f6nemlidir.<\/p>\n<p><strong>Kaynak\u00e7a:<\/strong><\/p>\n<p><a href=\"https:\/\/hqhairtransplants.com\/hair-transplants\/post-op-aftercare\" target=\"_blank\" rel=\"noopener\">https:\/\/hqhairtransplants.com\/hair-transplants\/post-op-aftercare<\/a><\/p>\n","protected":false},"excerpt":{"rendered":"<p>Sa\u00e7 ekimi i\u015fleminden sonraki a\u015famada en hassasiyetli b\u00f6l\u00fcm diye isimlendirece\u011fimiz s\u00fcre ilk 10-15 g\u00fcnd\u00fcr. Bu s\u00fcre zarf\u0131nda hastan\u0131n greftlere zarar\u0131 olabilecek ve yerinden oynatabilecek t\u00fcm durumlardan ka\u00e7\u0131nmas\u0131 gerekmektedir. Hen\u00fcz yeni ekilmi\u015f sa\u00e7 diplerine i\u00e7eriden ve d\u0131\u015far\u0131dan bask\u0131 uygulanmamal\u0131 ve her t\u00fcrl\u00fc darbe olu\u015fumundan uzak durulmal\u0131d\u0131r. Bunun nedeni yeni yerle\u015ftirilmi\u015f olan greftlerin yerle\u015ftirildikleri yerde serbest halde [&hellip;]<\/p>\n","protected":false},"author":1,"featured_media":4148,"comment_status":"closed","ping_status":"closed","sticky":false,"template":"","format":"standard","meta":{"footnotes":""},"categories":[9],"tags":[],"class_list":["post-4147","post","type-post","status-publish","format-standard","has-post-thumbnail","hentry","category-blog"],"_links":{"self":[{"href":"https:\/\/www.yetkinbayer.com\/tr\/wp-json\/wp\/v2\/posts\/4147","targetHints":{"allow":["GET"]}}],"collection":[{"href":"https:\/\/www.yetkinbayer.com\/tr\/wp-json\/wp\/v2\/posts"}],"about":[{"href":"https:\/\/www.yetkinbayer.com\/tr\/wp-json\/wp\/v2\/types\/post"}],"author":[{"embeddable":true,"href":"https:\/\/www.yetkinbayer.com\/tr\/wp-json\/wp\/v2\/users\/1"}],"replies":[{"embeddable":true,"href":"https:\/\/www.yetkinbayer.com\/tr\/wp-json\/wp\/v2\/comments?post=4147"}],"version-history":[{"count":1,"href":"https:\/\/www.yetkinbayer.com\/tr\/wp-json\/wp\/v2\/posts\/4147\/revisions"}],"predecessor-version":[{"id":4161,"href":"https:\/\/www.yetkinbayer.com\/tr\/wp-json\/wp\/v2\/posts\/4147\/revisions\/4161"}],"wp:featuredmedia":[{"embeddable":true,"href":"https:\/\/www.yetkinbayer.com\/tr\/wp-json\/wp\/v2\/media\/4148"}],"wp:attachment":[{"href":"https:\/\/www.yetkinbayer.com\/tr\/wp-json\/wp\/v2\/media?parent=4147"}],"wp:term":[{"taxonomy":"category","embeddable":true,"href":"https:\/\/www.yetkinbayer.com\/tr\/wp-json\/wp\/v2\/categories?post=4147"},{"taxonomy":"post_tag","embeddable":true,"href":"https:\/\/www.yetkinbayer.com\/tr\/wp-json\/wp\/v2\/tags?post=4147"}],"curies":[{"name":"wp","href":"https:\/\/api.w.org\/{rel}","templated":true}]}}