{"id":4108,"date":"2025-04-29T16:26:06","date_gmt":"2025-04-29T13:26:06","guid":{"rendered":"https:\/\/www.yetkinbayer.com\/?p=4108"},"modified":"2025-04-29T16:26:06","modified_gmt":"2025-04-29T13:26:06","slug":"sac-ekimi-sonrasi-egzama-belirtileri-nelerdir","status":"publish","type":"post","link":"https:\/\/www.yetkinbayer.com\/tr\/sac-ekimi-sonrasi-egzama-belirtileri-nelerdir\/","title":{"rendered":"Sa\u00e7 Ekimi Sonras\u0131 Egzama Belirtileri Nelerdir?"},"content":{"rendered":"<p class=\"p1\"><strong>Sa\u00e7 ekimi<\/strong> i\u015flemi yapt\u0131ran hastalarda meydana gelen seboreik dermatit(ya\u011fl\u0131 egzama), her zamanki bilinen halinde de\u011fildir. Genellikle sa\u00e7 derisinin<strong> <a href=\"https:\/\/www.yetkinbayer.com\/tr\/sac-ekimi\">sa\u00e7 ekimi<\/a><\/strong> s\u0131ras\u0131nda \u00e7ok\u00e7a yaralanmas\u0131n\u0131n neden oldu\u011fu olumsuz bir durum olarak ortaya \u00e7\u0131kar.<\/p>\n<p class=\"p1\">Cilt bu yaralara tepki verdi\u011fi i\u00e7in olu\u015fan bir rahats\u0131zl\u0131kt\u0131r ve belli bir s\u00fcre sonunda kendili\u011finden iyile\u015fmektedir. Hastan\u0131n k\u0131zar\u0131kl\u0131k, kepek ve ka\u015f\u0131nt\u0131 gibi belirtiler ya\u015famas\u0131 normaldir. Ancak sadece ya\u015fanan bu belirtiler nedeniyle seboreik dermatit te\u015fhisi koyulmas\u0131 \u00e7o\u011funlukla yanl\u0131\u015f bir tutum olacakt\u0131r.<\/p>\n<p class=\"p1\">Egzama ve benzeri bu yap\u0131lar farkl\u0131 \u015fekilde isimlendirilebilir. Kontrolleri yapacak hekim, durum hakk\u0131nda kesin bir bilgi verebilecektir.<\/p>\n<p class=\"p1\">Sa\u00e7 ekimi i\u015flemi sonras\u0131nda meydana gelen ve seboreik dermatit san\u0131lan sorun asl\u0131nda farkl\u0131 bir v\u00fccut tepkisidir. Baz\u0131 hastalar, ya\u011fl\u0131 egzama sorunu varken sa\u00e7 ekimi i\u015flemi yapt\u0131r\u0131p yapt\u0131ramayacaklar\u0131n\u0131 merak ederler. Hastal\u0131\u011f\u0131n alevlenme d\u00f6neminde sa\u00e7 ekimi yapt\u0131rmak do\u011fru de\u011fildir.<\/p>\n<p class=\"p1\">\u00d6nce egzama tedavisinin yap\u0131lmas\u0131 ve egzaman\u0131n kontrol alt\u0131na al\u0131n\u0131p iyile\u015ftirilmesi gerekmektedir. Seboreik dermatite ba\u011fl\u0131 belirtilerin tamam\u0131n\u0131n ortadan kaybolmas\u0131 ile birlikte sa\u00e7 ekimi yap\u0131labilir. Bu hastal\u0131k ki\u015finin kendi sa\u00e7lar\u0131na bile \u00e7ok ciddi zararlar verirken, yeni ekim yap\u0131lan g\u00fc\u00e7s\u00fcz sa\u00e7 k\u00f6klerini \u00f6ld\u00fcrme konusunda risk ta\u015f\u0131r.<\/p>\n<p>&#8220;Sa\u00e7 ekimi sonras\u0131 egzama olur mu?&#8221; sorusu sa\u00e7 ekimi yapt\u0131rm\u0131\u015f ki\u015filer taraf\u0131ndan en fazla y\u00f6neltilen sorulardan biridir. Dr. Yetkin Bayer, &#8220;Sa\u00e7 ekimi sonras\u0131 egzama neden olur?&#8221; ve &#8220;Sa\u00e7 ekimini tamamlamak ne kadar s\u00fcrer?&#8221; gibi sorular\u0131 sizler i\u00e7in yan\u0131tl\u0131yor.<\/p>\n<div id=\"ez-toc-container\" class=\"ez-toc-v2_0_82_2 counter-flat ez-toc-counter ez-toc-grey ez-toc-container-direction\">\n<div class=\"ez-toc-title-container\">\n<p class=\"ez-toc-title\" style=\"cursor:inherit\">Table of Contents<\/p>\n<span class=\"ez-toc-title-toggle\"><a href=\"#\" class=\"ez-toc-pull-right ez-toc-btn ez-toc-btn-xs ez-toc-btn-default ez-toc-toggle\" aria-label=\"\u0130\u00e7indekiler Tablosunu A\u00e7\/Kapat\"><span class=\"ez-toc-js-icon-con\"><span class=\"\"><span class=\"eztoc-hide\" style=\"display:none;\">Toggle<\/span><span class=\"ez-toc-icon-toggle-span\"><svg style=\"fill: #999;color:#999\" xmlns=\"http:\/\/www.w3.org\/2000\/svg\" class=\"list-377408\" width=\"20px\" height=\"20px\" viewBox=\"0 0 24 24\" fill=\"none\"><path d=\"M6 6H4v2h2V6zm14 0H8v2h12V6zM4 11h2v2H4v-2zm16 0H8v2h12v-2zM4 16h2v2H4v-2zm16 0H8v2h12v-2z\" fill=\"currentColor\"><\/path><\/svg><svg style=\"fill: #999;color:#999\" class=\"arrow-unsorted-368013\" xmlns=\"http:\/\/www.w3.org\/2000\/svg\" width=\"10px\" height=\"10px\" viewBox=\"0 0 24 24\" version=\"1.2\" baseProfile=\"tiny\"><path d=\"M18.2 9.3l-6.2-6.3-6.2 6.3c-.2.2-.3.4-.3.7s.1.5.3.7c.2.2.4.3.7.3h11c.3 0 .5-.1.7-.3.2-.2.3-.5.3-.7s-.1-.5-.3-.7zM5.8 14.7l6.2 6.3 6.2-6.3c.2-.2.3-.5.3-.7s-.1-.5-.3-.7c-.2-.2-.4-.3-.7-.3h-11c-.3 0-.5.1-.7.3-.2.2-.3.5-.3.7s.1.5.3.7z\"\/><\/svg><\/span><\/span><\/span><\/a><\/span><\/div>\n<nav><ul class='ez-toc-list ez-toc-list-level-1 eztoc-toggle-hide-by-default' ><li class='ez-toc-page-1'><a class=\"ez-toc-link ez-toc-heading-1\" href=\"#\" data-href=\"https:\/\/www.yetkinbayer.com\/tr\/sac-ekimi-sonrasi-egzama-belirtileri-nelerdir\/#Sac_Ekimi_Sonrasi_Egzama_Neden_Olur\" >Sa\u00e7 Ekimi Sonras\u0131 Egzama Neden Olur?<\/a><\/li><li class='ez-toc-page-1'><a class=\"ez-toc-link ez-toc-heading-2\" href=\"#\" data-href=\"https:\/\/www.yetkinbayer.com\/tr\/sac-ekimi-sonrasi-egzama-belirtileri-nelerdir\/#Sac_Ekim_Islemi_Kimlere_Uygulanabilen_Bir_Islemdir\" >Sa\u00e7 Ekim \u0130\u015flemi Kimlere Uygulanabilen Bir \u0130\u015flemdir?<\/a><\/li><li class='ez-toc-page-1'><a class=\"ez-toc-link ez-toc-heading-3\" href=\"#\" data-href=\"https:\/\/www.yetkinbayer.com\/tr\/sac-ekimi-sonrasi-egzama-belirtileri-nelerdir\/#Sac_Ekimi_Yaptirilacak_Kliniginin_Ozellikleri_Nasil_Olmalidir\" >Sa\u00e7 Ekimi Yapt\u0131r\u0131lacak Klini\u011finin \u00d6zellikleri Nas\u0131l Olmal\u0131d\u0131r?<\/a><\/li><li class='ez-toc-page-1'><a class=\"ez-toc-link ez-toc-heading-4\" href=\"#\" data-href=\"https:\/\/www.yetkinbayer.com\/tr\/sac-ekimi-sonrasi-egzama-belirtileri-nelerdir\/#Sac_Ekimini_Tamamlamak_Ne_Kadar_Surer\" >Sa\u00e7 Ekimini Tamamlamak Ne Kadar S\u00fcrer?<\/a><\/li><\/ul><\/nav><\/div>\n<h2 class=\"p1\"><span class=\"ez-toc-section\" id=\"Sac_Ekimi_Sonrasi_Egzama_Neden_Olur\"><\/span>Sa\u00e7 Ekimi Sonras\u0131 Egzama Neden Olur?<span class=\"ez-toc-section-end\"><\/span><\/h2>\n<p class=\"p1\">Sa\u00e7 derisinde beyaz pullar \u015feklinde d\u00f6k\u00fclmeler olmas\u0131 egzama varl\u0131\u011f\u0131n\u0131n bir i\u015fareti olmaktad\u0131r. Egzama t\u00fcrleri ka\u015f\u0131nt\u0131l\u0131, k\u0131rm\u0131z\u0131, iltihapl\u0131 bir sa\u00e7 derisine sebep olur. Sa\u00e7 derisinde bulunan egzama y\u0131llarca s\u00fcrebilir ve inat\u00e7\u0131 bir durumdur. Belirtisi olmadan ba\u015flayabilmekte ve kendi kendine de ge\u00e7ebilmektedir.<\/p>\n<p class=\"p1\">Sa\u00e7 ekimi i\u015flemi \u00f6ncesinde sa\u00e7 derilerinde egzama olan hastalar dermatolog onay\u0131yla sa\u00e7 ekimi operasyonu olabilirler. Sa\u00e7 derisinde egzama bulunurken belirli krem ve losyonlar\u0131n d\u00fczenli olarak kullan\u0131lmas\u0131 gerekir. Dermatolog sa\u00e7 ekimi operasyonunu onaylarsa ve i\u015flemi yapt\u0131rabilece\u011finizi s\u00f6ylerse krem ve losyonlar\u0131n\u0131z\u0131 d\u00fczenli bir \u015fekilde kullanarak sa\u00e7 ekimi i\u015flemini ger\u00e7ekle\u015ftirebilirsiniz.<\/p>\n<p class=\"p1\">Cilt hastal\u0131klar\u0131, genetik olmayan sa\u00e7 d\u00f6k\u00fclmelerine neden olabilir. Bu nedenle, sa\u00e7 ekimi \u00f6ncesinde egzama varsa, \u00f6ncelikle bunun tedavisine y\u00f6nelik uygulamalar yap\u0131lmas\u0131 daha do\u011frudur.<\/p>\n<h2 class=\"p1\"><span class=\"ez-toc-section\" id=\"Sac_Ekim_Islemi_Kimlere_Uygulanabilen_Bir_Islemdir\"><\/span>Sa\u00e7 Ekim \u0130\u015flemi Kimlere Uygulanabilen Bir \u0130\u015flemdir?<span class=\"ez-toc-section-end\"><\/span><\/h2>\n<p class=\"p1\">Sa\u00e7 ekim i\u015flemi cinsiyet fark etmeksizin sa\u00e7 d\u00f6k\u00fclmesi ve kellik ya\u015famakta olan b\u00fct\u00fcn ki\u015filere uygulanabilen bir i\u015flemdir. Kad\u0131nlarda da bu sorun fazlas\u0131yla g\u00f6r\u00fclebilir. Sa\u00e7 ekimi i\u015fleminden \u00f6nce ki\u015fiye yap\u0131lacak olan testlerde ve incelemelerde herhangi bir eksiklik veya engel olacak bir \u015fey g\u00f6r\u00fclmedi\u011fi taktirde sa\u00e7 ekim i\u015flemine ba\u015flanabilir.<\/p>\n<p class=\"p1\">Kanser tedavisi g\u00f6rmekte olan hastalar\u0131n tedavi s\u00fcreci sona ermeden kesinlikle sa\u00e7 ekim i\u015flemi olamayaca\u011f\u0131n\u0131 bildirmek gerekir. Ayn\u0131 zamanda \u015feker hastalar\u0131 i\u00e7inde sa\u00e7 ekim i\u015flemi uygulan\u0131rken \u00e7ok dikkatli olunmas\u0131 gerekmektedir. Sa\u00e7 ekim i\u015flemi s\u0131ras\u0131nda kullan\u0131lan sol\u00fcsyonlar\u0131n i\u00e7erdi\u011fi maddelere kar\u015f\u0131 bir alerjisi ve hassasiyeti bulunan ki\u015filere de sa\u00e7 ekim i\u015flemi uygulanmamaktad\u0131r.<\/p>\n<p class=\"p1\">Ki\u015finin sa\u00e7 olan k\u0131s\u0131mlar\u0131nda veya v\u00fccudunun farkl\u0131 b\u00f6lgelerinden al\u0131nacak olan k\u00f6kler yeterli gelmez ise tekrar sa\u00e7 ekim i\u015flemi yap\u0131lamayacakt\u0131r. Sa\u00e7 ekim i\u015flemi sadece ki\u015finin kendi sa\u00e7 k\u00f6kleri ve v\u00fccut k\u0131llar\u0131 ile yap\u0131labilecek bir i\u015flemdir. Bu nedenlerin en az birisinin sa\u00e7 ekimi yapt\u0131rmak isteyen ki\u015fide olmas\u0131 sa\u00e7 ekim i\u015flemine ba\u015flan\u0131lamayaca\u011f\u0131n\u0131 g\u00f6stermektedir.<\/p>\n<p class=\"p1\">\u0130yi bir sa\u00e7 ekim merkezi ve iyi bir doktor ile bu s\u00fcrece ba\u015flad\u0131\u011f\u0131n\u0131z zaman yapt\u0131raca\u011f\u0131n\u0131z sa\u00e7 ekim i\u015flemlerinden sorun ya\u015faman\u0131z ve memnun olmama ihtimaliniz en alt seviyeye inecektir.<\/p>\n<p class=\"p1\">Merdiven alt\u0131 mek\u00e2nlarda yap\u0131lan i\u015flemlerle hem sa\u011fl\u0131\u011f\u0131n\u0131zdan \u00f6d\u00fcn verirsiniz hem de estetik a\u00e7\u0131dan hi\u00e7 ho\u015f g\u00f6r\u00fcnmeyen yaralara sahip olabilirsiniz. Daha \u00f6nce bir \u00e7ok sa\u00e7 ekim i\u015flemi yap\u0131lm\u0131\u015f Sa\u011fl\u0131k Bakanl\u0131\u011f\u0131ndan onayl\u0131 merkezleri tercih ederek sa\u00e7 ekim i\u015fleminin sizin i\u00e7in uygun olup olmad\u0131\u011f\u0131n\u0131 \u00f6\u011frenebilirsiniz.<\/p>\n<h2 class=\"p1\"><span class=\"ez-toc-section\" id=\"Sac_Ekimi_Yaptirilacak_Kliniginin_Ozellikleri_Nasil_Olmalidir\"><\/span>Sa\u00e7 Ekimi Yapt\u0131r\u0131lacak Klini\u011finin \u00d6zellikleri Nas\u0131l Olmal\u0131d\u0131r?<span class=\"ez-toc-section-end\"><\/span><\/h2>\n<p class=\"p1\">Sa\u00e7 ekimi operasyonlar\u0131 teknoloji geli\u015ftik\u00e7e ilerlemi\u015ftir. Teknolojinin g\u00fc\u00e7lerinden yararlanmak isteyen sa\u00e7 ekimi i\u015flemi yapan klinikler ise \u00e7o\u011falmaya ba\u015flam\u0131\u015ft\u0131r. Sa\u00e7 ekimi yapt\u0131r\u0131lacak kliniklerin \u00f6zellikleri s\u0131raland\u0131\u011f\u0131 gibi olursa hasta i\u015flemden ve klinikten olduk\u00e7a memnun olacakt\u0131r.<\/p>\n<p class=\"p1\">Klini\u011fin Sa\u011fl\u0131k Bakanl\u0131\u011f\u0131n\u0131n \u015fartlar\u0131na uygun oldu\u011fundan emin olun,<\/p>\n<p class=\"p1\">Klini\u011fin temiz, hijyenik ve profesyonel uzmanlar\u0131n oldu\u011fu bir klinik oldu\u011fundan emin olun,<\/p>\n<p class=\"p1\">Sa\u00e7 ekimi i\u015flemi\u00a0\u00f6ncesinde sizinle kurulan ileti\u015fim ve bilgi aktar\u0131m\u0131n\u0131n sizin i\u00e7in yeterli oldu\u011funa ve sa\u00e7 ekimini yapacak uzman\u0131n profesyonel oldu\u011fundan emin olursan\u0131z sizin i\u00e7in do\u011fru klini\u011fi bulmu\u015fsunuz demektir.<\/p>\n<h2 class=\"p1\"><span class=\"ez-toc-section\" id=\"Sac_Ekimini_Tamamlamak_Ne_Kadar_Surer\"><\/span>Sa\u00e7 Ekimini Tamamlamak Ne Kadar S\u00fcrer?<span class=\"ez-toc-section-end\"><\/span><\/h2>\n<p class=\"p1\">Sa\u00e7 ekimini tamamlama s\u00fcresi tamamen ki\u015fiden ki\u015fiye g\u00f6re de\u011fi\u015febilen bir durumdur.<span class=\"Apple-converted-space\">\u00a0 <\/span>Ekimin geni\u015fli\u011fine ve ekilecek grefte ba\u011fl\u0131 olarak de\u011fi\u015fiklik g\u00f6sterebilir. Sa\u00e7 ekimi uzmanlar\u0131 bu maddeyi sa\u00e7 ekiminin geni\u015fli\u011fine g\u00f6re belirlemektedir. Baz\u0131 uzmanlar bir tek seferde 4500\u2019den fazla greft ekmeyi d\u00fc\u015f\u00fcn\u00fcr fakat b\u00f6yle bir durum olursa ameliyat ikiye b\u00f6l\u00fcnebilir.<\/p>\n<p class=\"p1\">Bu sa\u00e7 ekimi uzman\u0131n\u0131n \u00e7al\u0131\u015fma d\u00fczenine g\u00f6re de\u011fi\u015fiklik g\u00f6stermektedir. Seanslar yakla\u015f\u0131k 7-8 saat s\u00fcrmektedir. Bu, ila\u00e7lar\u0131n yinelenen dozlar\u0131 sa\u011fl\u0131k sorunlar\u0131na sebep olabilece\u011finden hastan\u0131n seans\u0131 10-12 saat uzatmas\u0131 olduk\u00e7a tehlikelidir. Oturumun ikiye b\u00f6l\u00fcnmesi sa\u011fl\u0131kl\u0131 olacakt\u0131r. Bunun yap\u0131lmas\u0131 olduk\u00e7a zaman alabilmektedir.<\/p>\n<p class=\"p1\">Bu durum hastay\u0131 sakinle\u015ftirir. B\u00f6ylece uzmanlar\u0131n bilgi i\u00e7eren daha g\u00fcvenilir birer birey olduklar\u0131na hasta kendini adapte eder. Sa\u00e7 ekimi d\u0131\u015f\u0131nda sa\u00e7 ekimi s\u00fcresi de \u00f6nemli bir noktad\u0131r. Ba\u015far\u0131l\u0131 bir <a href=\"https:\/\/www.yetkinbayer.com\/tr\/sac-ekimi-sonrasi\">sa\u00e7 ekimi sonras\u0131<\/a> s\u00fcre\u00e7 ba\u015far\u0131l\u0131 bir ameliyat d\u0131\u015f\u0131nda greft \u00e7\u0131karma i\u015flemi sonras\u0131 k\u0131sa s\u00fcrede k\u00f6k ekimi \u00e7ok \u00f6nemlidir.<\/p>\n<p class=\"p1\">Yasal Uyar\u0131: Bu sayfadaki ifadeler bilgi verme ama\u00e7l\u0131 olup, ba\u011flay\u0131c\u0131 nitelik ta\u015f\u0131maz. Hi\u00e7bir bilgi, tedavi tavsiyesi olmay\u0131p, doktor tavsiyelerinin \u00f6n\u00fcnde de\u011fildir. Kesin bilgi ve talimatlar\u0131, yaln\u0131zca doktorunuzdan alman\u0131z sa\u011fl\u0131\u011f\u0131n\u0131z a\u00e7\u0131s\u0131ndan son derece \u00f6nemlidir.<\/p>\n<p><strong>Kaynak\u00e7a:<\/strong><\/p>\n<p><a href=\"https:\/\/www.hairtransplantdubai.com\/blog\/hair-growth\/how-eczema-on-your-scalp-could-lead-to-hair-loss\" target=\"_blank\" rel=\"noopener\">https:\/\/www.hairtransplantdubai.com\/blog\/hair-growth\/how-eczema-on-your-scalp-could-lead-to-hair-loss<\/a><\/p>\n","protected":false},"excerpt":{"rendered":"<p>Sa\u00e7 ekimi i\u015flemi yapt\u0131ran hastalarda meydana gelen seboreik dermatit(ya\u011fl\u0131 egzama), her zamanki bilinen halinde de\u011fildir. Genellikle sa\u00e7 derisinin sa\u00e7 ekimi s\u0131ras\u0131nda \u00e7ok\u00e7a yaralanmas\u0131n\u0131n neden oldu\u011fu olumsuz bir durum olarak ortaya \u00e7\u0131kar. Cilt bu yaralara tepki verdi\u011fi i\u00e7in olu\u015fan bir rahats\u0131zl\u0131kt\u0131r ve belli bir s\u00fcre sonunda kendili\u011finden iyile\u015fmektedir. Hastan\u0131n k\u0131zar\u0131kl\u0131k, kepek ve ka\u015f\u0131nt\u0131 gibi belirtiler ya\u015famas\u0131 [&hellip;]<\/p>\n","protected":false},"author":1,"featured_media":4109,"comment_status":"closed","ping_status":"closed","sticky":false,"template":"","format":"standard","meta":{"footnotes":""},"categories":[9],"tags":[],"class_list":["post-4108","post","type-post","status-publish","format-standard","has-post-thumbnail","hentry","category-blog"],"_links":{"self":[{"href":"https:\/\/www.yetkinbayer.com\/tr\/wp-json\/wp\/v2\/posts\/4108","targetHints":{"allow":["GET"]}}],"collection":[{"href":"https:\/\/www.yetkinbayer.com\/tr\/wp-json\/wp\/v2\/posts"}],"about":[{"href":"https:\/\/www.yetkinbayer.com\/tr\/wp-json\/wp\/v2\/types\/post"}],"author":[{"embeddable":true,"href":"https:\/\/www.yetkinbayer.com\/tr\/wp-json\/wp\/v2\/users\/1"}],"replies":[{"embeddable":true,"href":"https:\/\/www.yetkinbayer.com\/tr\/wp-json\/wp\/v2\/comments?post=4108"}],"version-history":[{"count":2,"href":"https:\/\/www.yetkinbayer.com\/tr\/wp-json\/wp\/v2\/posts\/4108\/revisions"}],"predecessor-version":[{"id":4124,"href":"https:\/\/www.yetkinbayer.com\/tr\/wp-json\/wp\/v2\/posts\/4108\/revisions\/4124"}],"wp:featuredmedia":[{"embeddable":true,"href":"https:\/\/www.yetkinbayer.com\/tr\/wp-json\/wp\/v2\/media\/4109"}],"wp:attachment":[{"href":"https:\/\/www.yetkinbayer.com\/tr\/wp-json\/wp\/v2\/media?parent=4108"}],"wp:term":[{"taxonomy":"category","embeddable":true,"href":"https:\/\/www.yetkinbayer.com\/tr\/wp-json\/wp\/v2\/categories?post=4108"},{"taxonomy":"post_tag","embeddable":true,"href":"https:\/\/www.yetkinbayer.com\/tr\/wp-json\/wp\/v2\/tags?post=4108"}],"curies":[{"name":"wp","href":"https:\/\/api.w.org\/{rel}","templated":true}]}}