{"id":4092,"date":"2025-04-29T16:24:40","date_gmt":"2025-04-29T13:24:40","guid":{"rendered":"https:\/\/www.yetkinbayer.com\/?p=4092"},"modified":"2025-04-29T16:24:40","modified_gmt":"2025-04-29T13:24:40","slug":"sac-ekimi-sonrasi-hapsirma","status":"publish","type":"post","link":"https:\/\/www.yetkinbayer.com\/tr\/sac-ekimi-sonrasi-hapsirma\/","title":{"rendered":"Sa\u00e7 Ekimi Sonras\u0131 Hap\u015f\u0131rma"},"content":{"rendered":"<div id=\"ez-toc-container\" class=\"ez-toc-v2_0_82_2 counter-flat ez-toc-counter ez-toc-grey ez-toc-container-direction\">\n<div class=\"ez-toc-title-container\">\n<p class=\"ez-toc-title\" style=\"cursor:inherit\">Table of Contents<\/p>\n<span class=\"ez-toc-title-toggle\"><a href=\"#\" class=\"ez-toc-pull-right ez-toc-btn ez-toc-btn-xs ez-toc-btn-default ez-toc-toggle\" aria-label=\"\u0130\u00e7indekiler Tablosunu A\u00e7\/Kapat\"><span class=\"ez-toc-js-icon-con\"><span class=\"\"><span class=\"eztoc-hide\" style=\"display:none;\">Toggle<\/span><span class=\"ez-toc-icon-toggle-span\"><svg style=\"fill: #999;color:#999\" xmlns=\"http:\/\/www.w3.org\/2000\/svg\" class=\"list-377408\" width=\"20px\" height=\"20px\" viewBox=\"0 0 24 24\" fill=\"none\"><path d=\"M6 6H4v2h2V6zm14 0H8v2h12V6zM4 11h2v2H4v-2zm16 0H8v2h12v-2zM4 16h2v2H4v-2zm16 0H8v2h12v-2z\" fill=\"currentColor\"><\/path><\/svg><svg style=\"fill: #999;color:#999\" class=\"arrow-unsorted-368013\" xmlns=\"http:\/\/www.w3.org\/2000\/svg\" width=\"10px\" height=\"10px\" viewBox=\"0 0 24 24\" version=\"1.2\" baseProfile=\"tiny\"><path d=\"M18.2 9.3l-6.2-6.3-6.2 6.3c-.2.2-.3.4-.3.7s.1.5.3.7c.2.2.4.3.7.3h11c.3 0 .5-.1.7-.3.2-.2.3-.5.3-.7s-.1-.5-.3-.7zM5.8 14.7l6.2 6.3 6.2-6.3c.2-.2.3-.5.3-.7s-.1-.5-.3-.7c-.2-.2-.4-.3-.7-.3h-11c-.3 0-.5.1-.7.3-.2.2-.3.5-.3.7s.1.5.3.7z\"\/><\/svg><\/span><\/span><\/span><\/a><\/span><\/div>\n<nav><ul class='ez-toc-list ez-toc-list-level-1 eztoc-toggle-hide-by-default' ><li class='ez-toc-page-1'><a class=\"ez-toc-link ez-toc-heading-1\" href=\"#\" data-href=\"https:\/\/www.yetkinbayer.com\/tr\/sac-ekimi-sonrasi-hapsirma\/#Sac_Ekimi_Sonrasi_Hapsirmak_Zararli_Midir\" >Sa\u00e7 Ekimi Sonras\u0131 Hap\u015f\u0131rmak Zararl\u0131 M\u0131d\u0131r?<\/a><\/li><li class='ez-toc-page-1'><a class=\"ez-toc-link ez-toc-heading-2\" href=\"#\" data-href=\"https:\/\/www.yetkinbayer.com\/tr\/sac-ekimi-sonrasi-hapsirma\/#Sac_Ekimi_Sonrasi_Hapsirmak_Zararli_midir\" >Sa\u00e7 Ekimi Sonras\u0131 Hap\u015f\u0131rmak Zararl\u0131 m\u0131d\u0131r?<\/a><\/li><li class='ez-toc-page-1'><a class=\"ez-toc-link ez-toc-heading-3\" href=\"#\" data-href=\"https:\/\/www.yetkinbayer.com\/tr\/sac-ekimi-sonrasi-hapsirma\/#Sac_Ekiminden_Sonra_Hapsirma_Gelirse_Nelere_Dikkat_Edilmelidir\" >Sa\u00e7 Ekiminden Sonra Hap\u015f\u0131rma Gelirse Nelere Dikkat Edilmelidir?<\/a><\/li><li class='ez-toc-page-1'><a class=\"ez-toc-link ez-toc-heading-4\" href=\"#\" data-href=\"https:\/\/www.yetkinbayer.com\/tr\/sac-ekimi-sonrasi-hapsirma\/#Sac_ekiminden_sonra_grip_ilaci_kullanilir_mi\" >Sa\u00e7 ekiminden sonra grip ilac\u0131 kullan\u0131l\u0131r m\u0131?<\/a><\/li><\/ul><\/nav><\/div>\n<h2><span class=\"ez-toc-section\" id=\"Sac_Ekimi_Sonrasi_Hapsirmak_Zararli_Midir\"><\/span>Sa\u00e7 Ekimi Sonras\u0131 Hap\u015f\u0131rmak Zararl\u0131 M\u0131d\u0131r?<span class=\"ez-toc-section-end\"><\/span><\/h2>\n<p class=\"p1\"><strong>Sa\u00e7 ekimi<\/strong> \u00f6zellikle sonras\u0131nda olduk\u00e7a dikkat edilmesi gereken hassas bir s\u00fcre\u00e7tir. Bu s\u00fcre\u00e7 estetik basit i\u015flemlerle kar\u0131\u015ft\u0131r\u0131lmamal\u0131d\u0131r. Sterilizasyona ve daha bir \u00e7ok ameliyat kural\u0131na dikkat edilen bir mikro cerrahi i\u015flem, bir operasyondur.<\/p>\n<p class=\"p1\">Hastalar genellikle sa\u00e7 ekiminde yap\u0131lan i\u015flemi, sa\u00e7lar\u0131n k\u00f6klere tek tek oturtulmas\u0131 nedeniyle a\u011fr\u0131 ve ac\u0131 \u00e7ekeceklerini d\u00fc\u015f\u00fcnerek s\u00fcre\u00e7ten \u00e7ekinmektedirler. Oysa anestezi ve a\u011fr\u0131 kesici ila\u00e7lar ve g\u00fcn g\u00fcn ilerleyen t\u0131p teknolojileri sayesinde \u00e7ekilen a\u011fr\u0131 ve ac\u0131 olduk\u00e7a minimal d\u00fczeyde kalmaktad\u0131r.<\/p>\n<p class=\"p1\">Sa\u00e7 ekiminde en esasl\u0131 nokta, ekim i\u015fleminden sonra g\u00f6sterilmesi gereken dikkat ve \u00f6zen y\u00fck\u00fcml\u00fcl\u00fc\u011f\u00fcd\u00fcr. Bu \u00f6zen ve dikkat ile <strong><a href=\"https:\/\/www.yetkinbayer.com\/tr\/sac-ekimi\">sa\u00e7 ekimi<\/a><\/strong> i\u015fleminin ba\u015far\u0131s\u0131 tamamlan\u0131r ve hastalar istedikleri sa\u00e7lara kavu\u015fmu\u015f olurlar.<\/p>\n<p class=\"p1\">Dikkatli olunmad\u0131\u011f\u0131 takdirde sa\u00e7 k\u00f6kleri zarar g\u00f6rmekte, sa\u00e7 greftlerinin kaybedilmesi s\u00f6z konusu olmaktad\u0131r. Belli bir maliyetle yap\u0131lan sa\u00e7 ekimi i\u015fleminde operasyon s\u00fcreci de tamamland\u0131ktan sonra yaln\u0131zca gerekli \u00f6zeni g\u00f6stermedi\u011finden dolay\u0131 ekilen sa\u00e7lar\u0131n beklenen sonucu vermemesini kimse istemez.<\/p>\n<p class=\"p1\">Daha da \u00f6nemlisi bu s\u00fcre\u00e7te dikkat edilmesi gerekenler konusunda gereken \u00f6zen g\u00f6sterilmezse sa\u00e7 k\u00f6klerinin enfekte olmas\u0131 gibi bir sorunla kar\u015f\u0131 kar\u015f\u0131ya kal\u0131nabilir. Sa\u00e7 ekiminden sonra yap\u0131lmas\u0131n\u0131n ya da ka\u00e7\u0131n\u0131lmamas\u0131n\u0131n sa\u00e7 k\u00f6kleri i\u00e7in zararl\u0131 oldu\u011fu baz\u0131 davran\u0131\u015flar vard\u0131r. Bu davran\u0131\u015flardan ka\u00e7\u0131narak operasyonun ba\u015far\u0131 oran\u0131 \u00e7ok y\u00fckseklere \u00e7\u0131kabilir.<\/p>\n<p>&#8220;<strong>Sa\u00e7 ekimi sonras\u0131 hap\u015f\u0131rmak ekimi olumsuz etkiler mi?<\/strong>&#8221; sorusu sa\u00e7 ekimi yapt\u0131rm\u0131\u015f ki\u015filer taraf\u0131ndan en fazla y\u00f6neltilen sorulardan biridir. Dr. Yetkin Bayer, &#8220;<strong><a href=\"https:\/\/www.yetkinbayer.com\/tr\/sac-ekimi-sonrasi-hapsirma\/\">Sa\u00e7 ekimi sonras\u0131 hap\u015f\u0131rmak zararl\u0131 m\u0131d\u0131r?<\/a><\/strong>&#8221; ve &#8220;Sa\u00e7 ekimi sonras\u0131 hap\u015f\u0131rma hissine kar\u015f\u0131 nelere dikkat edilmelidir?&#8221; gibi sorular\u0131 sizler i\u00e7in yan\u0131tl\u0131yor.<\/p>\n<h2 class=\"p1\"><span class=\"ez-toc-section\" id=\"Sac_Ekimi_Sonrasi_Hapsirmak_Zararli_midir\"><\/span>Sa\u00e7 Ekimi Sonras\u0131 Hap\u015f\u0131rmak Zararl\u0131 m\u0131d\u0131r?<span class=\"ez-toc-section-end\"><\/span><\/h2>\n<p class=\"p1\">Sa\u00e7 ekimi operasyon yap\u0131lm\u0131\u015f ki\u015filerin hareketlerine olduk\u00e7a dikkat etmesi gerekir. Son derece sakin ve yava\u015f hareketlerde bulunmalar\u0131 ilk haftalar i\u00e7in en \u00f6nemli konulardan biridir. Yava\u015f\u00e7a ve sakince hareket edilerek yeni sa\u00e7lar\u0131n iyice sa\u00e7 k\u00f6klerine oturmas\u0131 sa\u011flan\u0131r. Sa\u00e7 ekiminden sonra ani hareketlerden ka\u00e7\u0131nmak, sa\u00e7 greftlerinin zarar g\u00f6rmesini ve sa\u00e7 grefti kayb\u0131n\u0131 \u00f6nler.<\/p>\n<p class=\"p1\">Yine ayn\u0131 \u015fekilde al\u0131nma ihtimali olan darbelerden, s\u00fcrt\u00fcnmelerden olduk\u00e7a ka\u00e7\u0131nmak gerekir. <strong><a href=\"https:\/\/www.yetkinbayer.com\/tr\/sac-ekim-sonrasi\">Sa\u00e7 ekimi sonras\u0131nda<\/a><\/strong> hap\u015f\u0131rman\u0131n zararl\u0131 olup olmad\u0131\u011f\u0131 olduk\u00e7a merak edilen bir konudur. Bunun sebebi ise hap\u015f\u0131r\u0131rken v\u00fccutta meydana gelen etki ve tepkilerdir.<\/p>\n<p class=\"p1\">Hap\u015f\u0131rma s\u0131ras\u0131nda burun ve a\u011f\u0131zdan ayn\u0131 anda nefes verilerek olu\u015fan bir tepki s\u00f6z konusu olur. Bunun nedeni ise burun sinirlerinin uyar\u0131lmas\u0131d\u0131r. Olu\u015fan hap\u015f\u0131rma ile v\u00fccutta bir bas\u0131n\u00e7 olu\u015fur. \u00d6yle ki bu bas\u0131nc\u0131n kemik k\u0131racak kadar g\u00fc\u00e7l\u00fc dahi olabilece\u011fi anlat\u0131l\u0131r. Ger\u00e7ekten de hap\u015f\u0131r\u0131rken bazen bu bas\u0131n\u00e7 hafif olarak hissedilirken bazense hap\u015f\u0131rma esnas\u0131nda olu\u015fan bas\u0131n\u00e7 \u00e7ok kuvvetli olur.<\/p>\n<p class=\"p1\">Bu bas\u0131n\u00e7 ve kuvvet sonucunda v\u00fccutta bazen kramplar meydana gelebilir ya da birden bir b\u00f6lgeyi a\u011fr\u0131tabilir. Hal b\u00f6yleyken sa\u00e7 ekimi yap\u0131lan ki\u015filerin hap\u015f\u0131rmas\u0131 bir tak\u0131m riskleri beraberinde getirebilir.<\/p>\n<p class=\"p1\">Baz\u0131 ki\u015filer genelde kuvvetlice hap\u015f\u0131r\u0131rken baz\u0131 ki\u015filerin hap\u015f\u0131rmas\u0131 hafiftir. Hafif \u015fiddette gelen hap\u015f\u0131r\u0131klar sa\u00e7 ekilen b\u00f6lgeler a\u00e7\u0131s\u0131ndan risk olu\u015fturmaz ve normal bir \u015fekilde hap\u015f\u0131r\u0131ld\u0131ktan sonra hi\u00e7bir etki g\u00f6r\u00fclmez.<\/p>\n<h2 class=\"p1\"><span class=\"ez-toc-section\" id=\"Sac_Ekiminden_Sonra_Hapsirma_Gelirse_Nelere_Dikkat_Edilmelidir\"><\/span>Sa\u00e7 Ekiminden Sonra Hap\u015f\u0131rma Gelirse Nelere Dikkat Edilmelidir?<span class=\"ez-toc-section-end\"><\/span><\/h2>\n<p class=\"p1\">Baz\u0131 ki\u015filerin hap\u015f\u0131rmas\u0131 ciddi anlamda \u00e7ok kuvvetlidir. Bu sebeple sa\u00e7 ekimi i\u015fleminden sonra meydana gelen hap\u015f\u0131rmalar i\u00e7in baz\u0131 dikkat edilecek noktalar vard\u0131r.<span class=\"Apple-converted-space\">\u00a0 <\/span>Hap\u015f\u0131rma esnas\u0131nda v\u00fccut bir miktar sars\u0131l\u0131r ya da titreme benzeri bir reaksiyonla kar\u015f\u0131l\u0131k verebilir. B\u00f6yle bir durumda hastan\u0131n hareket etmesi gibi de\u011fil i\u00e7ten sars\u0131lan ve i\u00e7ten gelen bir hareket s\u00f6z konusu olur.<\/p>\n<p class=\"p1\">Dolay\u0131s\u0131yla hastan\u0131n dikkatli hap\u015f\u0131rmas\u0131, hap\u015f\u0131raca\u011f\u0131n\u0131 anlad\u0131\u011f\u0131 s\u0131rada yatar pozisyonda ise hemen bir miktar do\u011frulmas\u0131 yerinde olur. B\u00f6ylece hap\u015f\u0131rma ile gelen i\u00e7ten sars\u0131nt\u0131 sebebiyle kafa b\u00f6lgesi planlanandan farkl\u0131 olarak kafan\u0131n dayan\u0131ld\u0131\u011f\u0131 yere s\u00fcrt\u00fcnmez ve bu risk ortadan kalkm\u0131\u015f olur. Yine ayn\u0131 \u015fekilde etrafta hastan\u0131n hap\u015f\u0131rma esnas\u0131nda \u00e7arpma ihtimali olan bir nesne ya da bir ki\u015fi bulunmamal\u0131d\u0131r.<\/p>\n<p class=\"p1\">Ki\u015finin hap\u015f\u0131raca\u011f\u0131n\u0131 anlad\u0131\u011f\u0131 esnada dikkatli davranmas\u0131 \u00f6nemlidir. Bununla beraber baz\u0131 hastalarda alerjik durumlar var olabilir. Alerjik bir b\u00fcnye hastalar\u0131 olduk\u00e7a hap\u015f\u0131rtabilir. Sa\u00e7 ekim i\u015flemi yapt\u0131rmadan \u00f6nce b\u00f6yle bir alerjik durum varsa ve s\u00fcrekli bi\u00e7imde ya da \u015fiddetle hap\u015f\u0131rt\u0131yorsa \u00f6ncesinde i\u015flemi yapacak cerrahla bu konuyu g\u00f6r\u00fc\u015fmekte fayda olabilir.<\/p>\n<p class=\"p1\">Ancak \u00e7ok b\u00fcy\u00fck bir k\u0131s\u0131tlama olu\u015fmayacakt\u0131r. Hekim bunda bir sorun g\u00f6rmeyebilir ya da alerjik durumlardan kaynaklanan hap\u015f\u0131rmalar i\u00e7in bir tak\u0131m \u00f6nerilerde bulunabilir. E\u011fer operasyon sonras\u0131 b\u00f6yle bir hap\u015f\u0131rma durumu ortaya \u00e7\u0131karsa her konuda oldu\u011fu gibi bu konunun da hekimlerle payla\u015f\u0131lmas\u0131 en do\u011frusu olacakt\u0131r.<\/p>\n<p class=\"p1\">Sonu\u00e7 olarak, sa\u00e7 ekiminden sonra hap\u015f\u0131rman\u0131n ciddi zararlar\u0131 bulundu\u011fu s\u00f6ylenemeyebilir. Ancak dikkatli olmakta fayda vard\u0131r.<\/p>\n<p class=\"p1\">\u015eiddetli gelen ve v\u00fccut olarak sars\u0131l\u0131nacak bir hap\u015f\u0131rma geldi\u011fi hissedilirse ve e\u011fer kafa b\u00f6lgesi bir yere dayanmaktaysa hemen do\u011frulmak, etrafta \u00e7arp\u0131lacak bir ki\u015fi ya da nesne varsa oradan bir miktar uzakla\u015fmak, kafa \u00fczerine hafif\u00e7e konulmu\u015f \u015fapka, ba\u015f\u00f6rt\u00fc benzeri \u015feyler varsa m\u00fcmk\u00fcnse hap\u015f\u0131rma esnas\u0131nda gelen sars\u0131nt\u0131 sebebiyle bunlara s\u00fcrt\u00fcnme ihtimalinin engellenmesi olduk\u00e7a i\u015fe yarayabilir.<\/p>\n<p class=\"p1\">E\u011fer s\u0131k s\u0131k ger\u00e7ekle\u015fen \u015fiddetli hap\u015f\u0131rmalar varsa, alerjik durumlar varsa bu durumda bir hekime g\u00f6r\u00fcnerek hastan\u0131n kendi \u00f6zelinde tavsiye istemesi en do\u011frusu olacakt\u0131r.<\/p>\n<p class=\"p1\">T\u00fcm bunlar ve hekim taraf\u0131ndan s\u00fcre\u00e7 dahilinde dikkat edilmesi istenen hususlara uyulmas\u0131, sa\u011fl\u0131kl\u0131 bir sa\u00e7 ekim s\u00fcreci ge\u00e7irilerek istenen sonu\u00e7lara kavu\u015fulmas\u0131n\u0131 kolayla\u015ft\u0131r\u0131r.<\/p>\n<p class=\"p1\">Yasal Uyar\u0131: Bu sayfadaki ifadeler bilgi verme ama\u00e7l\u0131 olup, ba\u011flay\u0131c\u0131 nitelik ta\u015f\u0131maz. Hi\u00e7bir bilgi, tedavi tavsiyesi olmay\u0131p, doktor tavsiyelerinin \u00f6n\u00fcnde de\u011fildir. Kesin bilgi ve talimatlar\u0131, yaln\u0131zca doktorunuzdan alman\u0131z sa\u011fl\u0131\u011f\u0131n\u0131z a\u00e7\u0131s\u0131ndan son derece \u00f6nemlidir.<\/p>\n<h2 class=\"JlqpRe\"><span class=\"ez-toc-section\" id=\"Sac_ekiminden_sonra_grip_ilaci_kullanilir_mi\"><\/span><span class=\"JCzEY tNxQIb\"><span class=\"CSkcDe\">Sa\u00e7 ekiminden sonra grip ilac\u0131 kullan\u0131l\u0131r m\u0131?<\/span><\/span><span class=\"ez-toc-section-end\"><\/span><\/h2>\n<p>Sa\u00e7 ekiminden sonra grip ilac\u0131 kullanmak m\u00fcmk\u00fcnd\u00fcr, ancak bu konuda doktorunuza dan\u0131\u015f\u0131n. Grip ila\u00e7lar\u0131, sa\u00e7 ekimi sonras\u0131 kullan\u0131lan ila\u00e7larla, \u00f6zellikle a\u011fr\u0131 kesiciler veya antibiyotikler ile etkile\u015fime girebilir. Bu, istenmeyen yan etkiler veya ila\u00e7lar\u0131n etkinli\u011fini azaltma potansiyeline sahiptir.<\/p>\n<p>Grip ila\u00e7lar\u0131n\u0131n baz\u0131lar\u0131 kan suland\u0131r\u0131c\u0131d\u0131r, bu da sa\u00e7 ekimi sonras\u0131 kanama olas\u0131l\u0131\u011f\u0131n\u0131 art\u0131rabilir. Grip ilac\u0131 kullan\u0131m\u0131, sa\u00e7 ekimi sonras\u0131 v\u00fccudun iyile\u015fme s\u00fcrecine zarar verebilir. Grip belirtilerini hafifletmek i\u00e7in bol miktarda s\u0131v\u0131 t\u00fcketmek, dinlenmek ve ba\u011f\u0131\u015f\u0131kl\u0131k sistemini destekleyen do\u011fal yollardan yararlanmak genellikle daha iyidir.<\/p>\n<p>E\u011fer grip belirtileriniz \u015fiddetliyse veya grip ila\u00e7lar\u0131 kullanman\u0131z gerekirse, durumunuzu doktorunuza bildirerek uygun bir tedavi plan\u0131 olu\u015fturmal\u0131s\u0131n\u0131z. Bu, iyile\u015fme s\u00fcrecinizi s\u00fcrd\u00fcrmenizi ve grip semptomlar\u0131n\u0131 kontrol alt\u0131na alman\u0131z\u0131 sa\u011flayacakt\u0131r.<\/p>\n<p><strong>Kaynak\u00e7a:<\/strong><\/p>\n<p><a href=\"https:\/\/austinhairclinic.com\/hair-loss-blog\/how-to-care-for-hair-after-treatment\" target=\"_blank\" rel=\"noopener\">https:\/\/austinhairclinic.com\/hair-loss-blog\/how-to-care-for-hair-after-treatment<\/a><\/p>\n","protected":false},"excerpt":{"rendered":"<p>Sa\u00e7 Ekimi Sonras\u0131 Hap\u015f\u0131rmak Zararl\u0131 M\u0131d\u0131r? Sa\u00e7 ekimi \u00f6zellikle sonras\u0131nda olduk\u00e7a dikkat edilmesi gereken hassas bir s\u00fcre\u00e7tir. Bu s\u00fcre\u00e7 estetik basit i\u015flemlerle kar\u0131\u015ft\u0131r\u0131lmamal\u0131d\u0131r. Sterilizasyona ve daha bir \u00e7ok ameliyat kural\u0131na dikkat edilen bir mikro cerrahi i\u015flem, bir operasyondur. Hastalar genellikle sa\u00e7 ekiminde yap\u0131lan i\u015flemi, sa\u00e7lar\u0131n k\u00f6klere tek tek oturtulmas\u0131 nedeniyle a\u011fr\u0131 ve ac\u0131 \u00e7ekeceklerini d\u00fc\u015f\u00fcnerek [&hellip;]<\/p>\n","protected":false},"author":1,"featured_media":4094,"comment_status":"closed","ping_status":"closed","sticky":false,"template":"","format":"standard","meta":{"footnotes":""},"categories":[9],"tags":[],"class_list":["post-4092","post","type-post","status-publish","format-standard","has-post-thumbnail","hentry","category-blog"],"_links":{"self":[{"href":"https:\/\/www.yetkinbayer.com\/tr\/wp-json\/wp\/v2\/posts\/4092","targetHints":{"allow":["GET"]}}],"collection":[{"href":"https:\/\/www.yetkinbayer.com\/tr\/wp-json\/wp\/v2\/posts"}],"about":[{"href":"https:\/\/www.yetkinbayer.com\/tr\/wp-json\/wp\/v2\/types\/post"}],"author":[{"embeddable":true,"href":"https:\/\/www.yetkinbayer.com\/tr\/wp-json\/wp\/v2\/users\/1"}],"replies":[{"embeddable":true,"href":"https:\/\/www.yetkinbayer.com\/tr\/wp-json\/wp\/v2\/comments?post=4092"}],"version-history":[{"count":1,"href":"https:\/\/www.yetkinbayer.com\/tr\/wp-json\/wp\/v2\/posts\/4092\/revisions"}],"predecessor-version":[{"id":4107,"href":"https:\/\/www.yetkinbayer.com\/tr\/wp-json\/wp\/v2\/posts\/4092\/revisions\/4107"}],"wp:featuredmedia":[{"embeddable":true,"href":"https:\/\/www.yetkinbayer.com\/tr\/wp-json\/wp\/v2\/media\/4094"}],"wp:attachment":[{"href":"https:\/\/www.yetkinbayer.com\/tr\/wp-json\/wp\/v2\/media?parent=4092"}],"wp:term":[{"taxonomy":"category","embeddable":true,"href":"https:\/\/www.yetkinbayer.com\/tr\/wp-json\/wp\/v2\/categories?post=4092"},{"taxonomy":"post_tag","embeddable":true,"href":"https:\/\/www.yetkinbayer.com\/tr\/wp-json\/wp\/v2\/tags?post=4092"}],"curies":[{"name":"wp","href":"https:\/\/api.w.org\/{rel}","templated":true}]}}