{"id":4041,"date":"2025-04-29T16:01:56","date_gmt":"2025-04-29T13:01:56","guid":{"rendered":"https:\/\/www.yetkinbayer.com\/?p=4041"},"modified":"2025-04-29T16:01:56","modified_gmt":"2025-04-29T13:01:56","slug":"sac-ekimi-sonrasi-kuruluk-nasil-gecer","status":"publish","type":"post","link":"https:\/\/www.yetkinbayer.com\/tr\/sac-ekimi-sonrasi-kuruluk-nasil-gecer\/","title":{"rendered":"Sa\u00e7 Ekimi Sonras\u0131 Kuruluk Nas\u0131l Ge\u00e7er?"},"content":{"rendered":"<p class=\"p1\"><strong>Sa\u00e7 ekimi<\/strong> sonras\u0131 kuruluk, i\u015flemin do\u011fas\u0131ndan kaynaklanarak belli bir oranda kabul edilebilir bir durumdur. Bu sorunun \u00fcstesinden gelmek i\u00e7in zaten operasyon sonras\u0131nda pansumanlar ve y\u0131kamalar yap\u0131lmakta, kafa derisi nemlendirilmektedir.<\/p>\n<p class=\"p1\">Sa\u00e7 ekimi yapt\u0131ran ki\u015finin, kuruluk problemi ya\u015famamas\u0131 veya bundan daha az etkilenmesi i\u00e7in operasyon sonras\u0131 doktor randevular\u0131na gitmesi gerekir. Hekimin veya <strong><a href=\"https:\/\/www.yetkinbayer.com\/tr\/sac-ekimi\/\">sa\u00e7 ekimi<\/a><\/strong> ekibinin yapaca\u011f\u0131 bak\u0131m ve pansuman; kuruluk, d\u00f6k\u00fclme ve soyulma gibi durumlar\u0131n azalt\u0131lmas\u0131na yard\u0131mc\u0131 olacakt\u0131r.<\/p>\n<p class=\"p1\">Kafa derisinin hem don\u00f6r b\u00f6lgeden, hem de ekim yap\u0131lan b\u00f6lgeden m\u00fcdahaleye maruz kald\u0131\u011f\u0131 uygulama, belli oranda tahri\u015fe neden olur. Bunun sonucu olarak, deri reaksiyonlar\u0131 beklenen durumlard\u0131r.<\/p>\n<p>&#8220;Sa\u00e7 ekimi sonras\u0131 kuruluk olu\u015fur mu?&#8221; sorusu sa\u00e7 ekimi yapt\u0131rm\u0131\u015f ki\u015filer taraf\u0131ndan en fazla y\u00f6neltilen sorulardan biridir. Dr. Yetkin Bayer, &#8220;Sa\u00e7 ekimi sonras\u0131 s\u00fcre\u00e7 nas\u0131l i\u015fler?&#8221; ve &#8220;Sa\u00e7 ekimi sonras\u0131 ilk 1 ay neler olur?&#8221; gibi sorular\u0131 sizler i\u00e7in yan\u0131tl\u0131yor.<\/p>\n<div id=\"ez-toc-container\" class=\"ez-toc-v2_0_82_2 counter-flat ez-toc-counter ez-toc-grey ez-toc-container-direction\">\n<div class=\"ez-toc-title-container\">\n<p class=\"ez-toc-title\" style=\"cursor:inherit\">Table of Contents<\/p>\n<span class=\"ez-toc-title-toggle\"><a href=\"#\" class=\"ez-toc-pull-right ez-toc-btn ez-toc-btn-xs ez-toc-btn-default ez-toc-toggle\" aria-label=\"\u0130\u00e7indekiler Tablosunu A\u00e7\/Kapat\"><span class=\"ez-toc-js-icon-con\"><span class=\"\"><span class=\"eztoc-hide\" style=\"display:none;\">Toggle<\/span><span class=\"ez-toc-icon-toggle-span\"><svg style=\"fill: #999;color:#999\" xmlns=\"http:\/\/www.w3.org\/2000\/svg\" class=\"list-377408\" width=\"20px\" height=\"20px\" viewBox=\"0 0 24 24\" fill=\"none\"><path d=\"M6 6H4v2h2V6zm14 0H8v2h12V6zM4 11h2v2H4v-2zm16 0H8v2h12v-2zM4 16h2v2H4v-2zm16 0H8v2h12v-2z\" fill=\"currentColor\"><\/path><\/svg><svg style=\"fill: #999;color:#999\" class=\"arrow-unsorted-368013\" xmlns=\"http:\/\/www.w3.org\/2000\/svg\" width=\"10px\" height=\"10px\" viewBox=\"0 0 24 24\" version=\"1.2\" baseProfile=\"tiny\"><path d=\"M18.2 9.3l-6.2-6.3-6.2 6.3c-.2.2-.3.4-.3.7s.1.5.3.7c.2.2.4.3.7.3h11c.3 0 .5-.1.7-.3.2-.2.3-.5.3-.7s-.1-.5-.3-.7zM5.8 14.7l6.2 6.3 6.2-6.3c.2-.2.3-.5.3-.7s-.1-.5-.3-.7c-.2-.2-.4-.3-.7-.3h-11c-.3 0-.5.1-.7.3-.2.2-.3.5-.3.7s.1.5.3.7z\"\/><\/svg><\/span><\/span><\/span><\/a><\/span><\/div>\n<nav><ul class='ez-toc-list ez-toc-list-level-1 eztoc-toggle-hide-by-default' ><li class='ez-toc-page-1'><a class=\"ez-toc-link ez-toc-heading-1\" href=\"#\" data-href=\"https:\/\/www.yetkinbayer.com\/tr\/sac-ekimi-sonrasi-kuruluk-nasil-gecer\/#Sac_ekimi_Yontemi\" >Sa\u00e7 ekimi Y\u00f6ntemi<\/a><\/li><li class='ez-toc-page-1'><a class=\"ez-toc-link ez-toc-heading-2\" href=\"#\" data-href=\"https:\/\/www.yetkinbayer.com\/tr\/sac-ekimi-sonrasi-kuruluk-nasil-gecer\/#Sac_Ekimi_Sonrasi_Surec_Nasil_Isler\" >Sa\u00e7 Ekimi Sonras\u0131 S\u00fcre\u00e7 Nas\u0131l \u0130\u015fler?<\/a><\/li><li class='ez-toc-page-1'><a class=\"ez-toc-link ez-toc-heading-3\" href=\"#\" data-href=\"https:\/\/www.yetkinbayer.com\/tr\/sac-ekimi-sonrasi-kuruluk-nasil-gecer\/#Ilk_3_gun\" >\u0130lk 3 g\u00fcn<\/a><\/li><li class='ez-toc-page-1'><a class=\"ez-toc-link ez-toc-heading-4\" href=\"#\" data-href=\"https:\/\/www.yetkinbayer.com\/tr\/sac-ekimi-sonrasi-kuruluk-nasil-gecer\/#Ilk_bir_ay\" >\u0130lk bir ay ;<\/a><\/li><\/ul><\/nav><\/div>\n<h2 class=\"p1\"><span class=\"ez-toc-section\" id=\"Sac_ekimi_Yontemi\"><\/span>Sa\u00e7 ekimi Y\u00f6ntemi<span class=\"ez-toc-section-end\"><\/span><\/h2>\n<p class=\"p1\">Sa\u00e7 ekimi, sa\u00e7 d\u00f6k\u00fclmesi sorunu ya da sa\u00e7 kayb\u0131 ya\u015fayan ki\u015filerde seyrelme ve kellik sorununa do\u011fal ve kal\u0131c\u0131 bir \u00e7\u00f6z\u00fcm yoludur. Sa\u00e7 k\u00f6k\u00fcn\u00fcn art\u0131k aktif olmad\u0131\u011f\u0131, sa\u00e7s\u0131zl\u0131\u011f\u0131n olu\u015ftu\u011fu alanlara sa\u011fl\u0131kl\u0131 sa\u00e7 k\u00f6klerinin cerrahi y\u00f6ntemlerle transferi i\u015flemine sa\u00e7 ekimi ad\u0131 verilmektedir.<\/p>\n<p class=\"p1\">Sa\u00e7 ekiminde d\u00f6k\u00fclen b\u00f6lgeye, hastan\u0131n kendi sa\u011fl\u0131kl\u0131 sa\u00e7lar\u0131 eklenmektedir. Sa\u00e7 ekimi tamamen ki\u015fiye \u00f6zel planlan\u0131r ve uygulan\u0131r. Sa\u00e7 ekimi operasyonuyla hastan\u0131n genellikle ense b\u00f6lgesindeki d\u00f6k\u00fclmeye diren\u00e7li sa\u00e7 k\u00f6kleri toplan\u0131r ve seyrelme olan ya da tamamen d\u00f6k\u00fclm\u00fc\u015f olan k\u0131s\u0131mlarda a\u00e7\u0131lan kanallara ekilir. Ama\u00e7; ba\u015f b\u00f6lgesinde ekim yap\u0131ld\u0131\u011f\u0131 belli olmayacak do\u011fall\u0131kta, kal\u0131c\u0131 bir \u015fekilde sa\u00e7l\u0131 g\u00f6r\u00fcn\u00fcm kazand\u0131rmakt\u0131r.<\/p>\n<h2 class=\"p1\"><span class=\"ez-toc-section\" id=\"Sac_Ekimi_Sonrasi_Surec_Nasil_Isler\"><\/span>Sa\u00e7 Ekimi Sonras\u0131 S\u00fcre\u00e7 Nas\u0131l \u0130\u015fler?<span class=\"ez-toc-section-end\"><\/span><\/h2>\n<p class=\"p1\">Sa\u00e7 ekimi yapt\u0131rd\u0131ktan sonra ba\u015far\u0131l\u0131 bir sonu\u00e7 elde etmek ve kuruluk gibi komplikasyonlara daha az maruz kalmak i\u00e7in belli ba\u015fl\u0131 noktalara dikkat edilmesi gerekir. Sa\u00e7 ekimi s\u00fcreci kadar \u00f6nemli olan bu noktalar iyile\u015fme s\u00fcrecini k\u0131saltt\u0131\u011f\u0131 gibi, yo\u011fun bir g\u00f6r\u00fcnt\u00fcn\u00fcn elde edilmesini de h\u0131zland\u0131r\u0131r.<\/p>\n<p><strong><a href=\"https:\/\/www.yetkinbayer.com\/tr\/sac-ekimi-sonrasi\/\">Sa\u00e7 ekimi sonras\u0131<\/a><\/strong> h\u0131zl\u0131 bir sonu\u00e7 alabilmek i\u00e7in \u00f6zellikle ilk 1 ay olduk\u00e7a \u00f6nemlidir. Beslenme \u015feklinden, spora, sa\u00e7 t\u0131ra\u015f\u0131ndan, ya\u015fam \u015fekline g\u00f6re bir\u00e7ok noktay\u0131 i\u00e7ine alan bu s\u00fcre\u00e7, tamamen ki\u015finin \u00f6zverisiyle m\u00fcmk\u00fcnd\u00fcr. Ekim sonras\u0131 dikkat edilmesi gerekenleri zamansal bir periyoda yayarsak, 3\u2019e ay\u0131rmak do\u011fru olacakt\u0131r.<\/p>\n<h2 class=\"p1\"><span class=\"ez-toc-section\" id=\"Ilk_3_gun\"><\/span>\u0130lk 3 g\u00fcn<span class=\"ez-toc-section-end\"><\/span><\/h2>\n<p class=\"p1\">\u0130lk 3 g\u00fcn ekim b\u00f6lgesi hen\u00fcz taze oldu\u011fundan bu b\u00f6lgeyi m\u00fcmk\u00fcn oldu\u011funca korumak \u00f6nceli\u011fimiz olmal\u0131d\u0131r. Bu d\u00f6nemde yanl\u0131\u015f yap\u0131lan herhangi bir m\u00fcdahale ekilen sa\u00e7 k\u00f6klerinin kaybedilmesine kadar gidebilir. Sa\u00e7 ekiminden sonra kuruluk, bu s\u00fcre\u00e7le birlikte ba\u015flayabilir.<\/p>\n<p class=\"p1\">\u2022 Herhangi bir yere temastan ka\u00e7\u0131nmak i\u00e7in ilk 3 g\u00fcn s\u0131rt \u00fcst\u00fc yar\u0131 dik bir \u015fekilde yat\u0131lmal\u0131d\u0131r.<br \/>\n\u2022 Ekim b\u00f6lgesindeki yaralar a\u00e7\u0131k oldu\u011fundan sa\u00e7lar ilk 3 g\u00fcn y\u0131kanmamal\u0131d\u0131r.<br \/>\n\u2022 Kan ak\u0131\u015f\u0131n\u0131 yava\u015flatt\u0131\u011f\u0131 i\u00e7in alkol ve sigaradan da uzak durulmal\u0131d\u0131r.<br \/>\n\u2022 Bol su i\u00e7ilerek, \u00f6dem v\u00fccuttan at\u0131lmal\u0131d\u0131r.<br \/>\n\u2022 Giyip \u00e7\u0131kmas\u0131 rahat olan bol k\u0131yafetler tercih edilmelidir.<br \/>\n\u2022 Kabukla\u015fan b\u00f6lge ka\u015f\u0131nt\u0131 yapabilir, kesinlikle b\u00f6lge ka\u015f\u0131nmamal\u0131d\u0131r.<br \/>\n\u2022 Ac\u0131l\u0131, baharatl\u0131 ve ya\u011fl\u0131 yiyecekler en az\u0131ndan 3 g\u00fcn yenilmemelidir.<br \/>\n\u2022 Cinsel ili\u015fki terlemeye neden olabilece\u011finden ilk birka\u00e7 g\u00fcn ilii\u015fkiye girilmemelidir.<\/p>\n<h2 class=\"p1\"><span class=\"ez-toc-section\" id=\"Ilk_bir_ay\"><\/span>\u0130lk bir ay ;<span class=\"ez-toc-section-end\"><\/span><\/h2>\n<p class=\"p1\">1 haftan\u0131n sonunda ekim b\u00f6lgesi iyile\u015fmi\u015f, hafif kabuklar\u0131n temizlenmesi kalm\u0131\u015ft\u0131r. D\u00fczenli yap\u0131lan losyonlama ve y\u0131kama i\u015flemiyle o kabuklar da 15 g\u00fcn\u00fcn ard\u0131ndan tamamen ortadan kaybolur.<\/p>\n<p class=\"p1\">Ki\u015fi \u015fok d\u00f6k\u00fclme s\u00fcrecine girmi\u015f olabilece\u011finden, sonras\u0131nda \u00e7\u0131kacak yeni sa\u00e7lar\u0131 i\u00e7in beslenmesine olduk\u00e7a dikkat etmelidir. K\u00f6kler, k\u0131lcal damarlar arac\u0131l\u0131\u011f\u0131yla beslendi\u011finden, yeni \u00e7\u0131kacak k\u00f6klerin sa\u011fl\u0131kl\u0131 ve g\u00fc\u00e7l\u00fc olabilmesi iyi bir beslenmeden ve ya\u015fam ko\u015fulu olu\u015fturmaktan ge\u00e7er.<\/p>\n<p class=\"p1\">Bir ayl\u0131k periyodun ard\u0131ndan, kafa derisi kendisini toparlamaya ba\u015flar ve kuruluk en d\u00fc\u015f\u00fck seviyeye gelir.<\/p>\n<p class=\"p1\">\u2022 Ekim b\u00f6lgesi g\u00fcne\u015f \u0131\u015f\u0131nlar\u0131ndan daha \u00e7abuk etkilendi\u011finden, 3 hafta ekim b\u00f6lgesi g\u00fcne\u015ften korunmal\u0131d\u0131r.<br \/>\n\u2022 Deniz, havuz ve saunadan da 3 hafta uzak durulmal\u0131d\u0131r.<br \/>\n\u2022 Kabuklanma gibi yeni u\u00e7 vermeye ba\u015flayan sa\u00e7lar da ka\u015f\u0131nt\u0131 yaratabilir. M\u00fcmk\u00fcn oldu\u011funca sert m\u00fcdahalelerde ka\u00e7\u0131n\u0131lmal\u0131d\u0131r. E\u011fer ka\u015f\u0131nt\u0131 y\u00fcksek seviyelere \u00e7\u0131karsa parmak u\u00e7lar\u0131yla hafif darbelerle, ekim b\u00f6lgesi rahatlat\u0131labilir.<br \/>\n\u2022 Sa\u00e7l\u0131 b\u00f6lgeye m\u00fcdahale yeni \u00e7\u0131kan sa\u00e7lara zarar verebilece\u011fi i\u00e7in, direkt ekim b\u00f6lgesini hedef alan bir t\u0131ra\u015flama i\u015flemi yap\u0131lmamal\u0131d\u0131r. E\u011fer gerekli g\u00f6r\u00fcl\u00fcyorsa, hafif bir \u015fekilde sadece makas yard\u0131m\u0131yla sa\u00e7lar kesilebilir.<\/p>\n<p class=\"p1\">Sa\u00e7 diplerinde olu\u015fan kuruluk, ki\u015fiden ki\u015fiye de\u011fi\u015fmekte olmaktad\u0131r. Herkesin sa\u00e7 k\u00f6kleri veya sa\u00e7 derisi farkl\u0131 oldu\u011fundan dolay\u0131 ya\u015fanan kuruluk da ki\u015fiden ki\u015fiye g\u00f6re de\u011fi\u015febilmektedir. \u00c7\u00fcnk\u00fc, nas\u0131l ki baz\u0131 ki\u015filerin sa\u00e7 dipleri olduk\u00e7a kuru olabiliyorken baz\u0131 bireylerin ise olduk\u00e7a ya\u011fl\u0131 olabilmektedir. Bu sebepten dolay\u0131 ki\u015finin deri tipini ve sa\u00e7 k\u00f6klerini iyi tan\u0131mas\u0131 gerekmektedir. \u00c7\u00fcnk\u00fc, iki farkl\u0131 durumda da farkl\u0131 y\u00f6ntemler kullan\u0131lmas\u0131 gerekmektedir.<\/p>\n<p class=\"p1\">Bu ba\u011flamda uzmanlar\u0131n \u00f6nerileri \u015fu \u015fekildedir;<span class=\"Apple-converted-space\">\u00a0 <\/span>\u201cSa\u00e7lar\u0131 ve sa\u00e7 derileri \u00e7ok kuru onlar yumu\u015fak ya\u011flardan kar\u0131\u015f\u0131m yaparak maske uygulanmal\u0131; sa\u00e7lar\u0131 ve sa\u00e7 dipleri ya\u011fl\u0131 olanlar ise daha sert ya\u011flar\u0131 kar\u0131\u015ft\u0131r\u0131p sa\u00e7lar\u0131na ve sa\u00e7 derilerine uygulamal\u0131d\u0131r.<\/p>\n<p class=\"p1\">Kuru sa\u00e7lara uygulanabilecek yumu\u015fak ya\u011flar<br \/>\nZeytinya\u011f\u0131<br \/>\nHavu\u00e7 ya\u011f\u0131<br \/>\nKay\u0131s\u0131 ya\u011f\u0131<br \/>\nBadem ya\u011f\u0131<\/p>\n<p class=\"p1\">Uygulama:<\/p>\n<p class=\"p1\">Her bir ya\u011fdan bir k\u00e2seye birer yemek ka\u015f\u0131\u011f\u0131 koyup iyice kar\u0131\u015ft\u0131r\u0131n ve sa\u00e7lar\u0131n\u0131za ve sa\u00e7 diplerine masaj yaparak uygulay\u0131n. Yakla\u015f\u0131k bir saat bu \u015fekilde beklettikten sonra sa\u00e7lar\u0131n\u0131z\u0131 y\u0131kay\u0131n.<\/p>\n<p class=\"p1\">Bu bak\u0131m\u0131 haftada 2 sefer uygulaman\u0131z deri probleminizi \u00e7\u00f6zecek ve sa\u00e7lar\u0131n\u0131z\u0131 besleyip rahatlayacakt\u0131r.<\/p>\n<p class=\"p1\">Ya\u011fl\u0131 sa\u00e7lara uygulanabilecek sert ya\u011flar<\/p>\n<p class=\"p1\">Defne ya\u011f\u0131<br \/>\n\u00c7am terebentin ya\u011f\u0131<\/p>\n<p class=\"p1\">Uygulama:<\/p>\n<p class=\"p1\">Kuru sa\u00e7lar i\u00e7in izlenen yol ve y\u00f6ntem bu ya\u011flar i\u00e7inde ge\u00e7erlidir. Bu ya\u011flar da ya\u011fl\u0131 sa\u00e7larda olu\u015fan kuruluk, kepeklenme ve ka\u015f\u0131nt\u0131 sorunlar\u0131n\u0131 yok edecektir.\u201d<\/p>\n<p class=\"p1\">Hekiminiz onay vermeden asla bu kar\u0131\u015f\u0131mlar\u0131 kullanmay\u0131n\u0131z. \u0130\u00e7inde bulundu\u011funuz durum ile bu kar\u0131\u015f\u0131klar negatif etkile\u015fim i\u00e7erisine girebilirler. Sa\u00e7 ekiminden sonra kuruluk sorununu a\u015fmak isterken, daha k\u00f6t\u00fc sorunlar ortaya \u00e7\u0131karabilirsiniz.<\/p>\n<p class=\"p1\">Yasal Uyar\u0131: Bu sayfadaki ifadeler bilgi verme ama\u00e7l\u0131 olup, ba\u011flay\u0131c\u0131 nitelik ta\u015f\u0131maz. Hi\u00e7bir bilgi, tedavi tavsiyesi olmay\u0131p, doktor tavsiyelerinin \u00f6n\u00fcnde de\u011fildir. Kesin bilgi ve talimatlar\u0131, yaln\u0131zca doktorunuzdan alman\u0131z sa\u011fl\u0131\u011f\u0131n\u0131z a\u00e7\u0131s\u0131ndan son derece \u00f6nemlidir.<\/p>\n<p><strong>Kaynak\u00e7a:<\/strong><\/p>\n<p><a href=\"https:\/\/www.hairtransplants-hdc.com\/blog\/item\/dryness-in-recipient-area-after-a-hair-transplant\" target=\"_blank\" rel=\"noopener\">https:\/\/www.hairtransplants-hdc.com\/blog\/item\/dryness-in-recipient-area-after-a-hair-transplant<\/a><\/p>\n","protected":false},"excerpt":{"rendered":"<p>Sa\u00e7 ekimi sonras\u0131 kuruluk, i\u015flemin do\u011fas\u0131ndan kaynaklanarak belli bir oranda kabul edilebilir bir durumdur. Bu sorunun \u00fcstesinden gelmek i\u00e7in zaten operasyon sonras\u0131nda pansumanlar ve y\u0131kamalar yap\u0131lmakta, kafa derisi nemlendirilmektedir. Sa\u00e7 ekimi yapt\u0131ran ki\u015finin, kuruluk problemi ya\u015famamas\u0131 veya bundan daha az etkilenmesi i\u00e7in operasyon sonras\u0131 doktor randevular\u0131na gitmesi gerekir. Hekimin veya sa\u00e7 ekimi ekibinin yapaca\u011f\u0131 bak\u0131m [&hellip;]<\/p>\n","protected":false},"author":1,"featured_media":4042,"comment_status":"closed","ping_status":"closed","sticky":false,"template":"","format":"standard","meta":{"footnotes":""},"categories":[9],"tags":[],"class_list":["post-4041","post","type-post","status-publish","format-standard","has-post-thumbnail","hentry","category-blog"],"_links":{"self":[{"href":"https:\/\/www.yetkinbayer.com\/tr\/wp-json\/wp\/v2\/posts\/4041","targetHints":{"allow":["GET"]}}],"collection":[{"href":"https:\/\/www.yetkinbayer.com\/tr\/wp-json\/wp\/v2\/posts"}],"about":[{"href":"https:\/\/www.yetkinbayer.com\/tr\/wp-json\/wp\/v2\/types\/post"}],"author":[{"embeddable":true,"href":"https:\/\/www.yetkinbayer.com\/tr\/wp-json\/wp\/v2\/users\/1"}],"replies":[{"embeddable":true,"href":"https:\/\/www.yetkinbayer.com\/tr\/wp-json\/wp\/v2\/comments?post=4041"}],"version-history":[{"count":1,"href":"https:\/\/www.yetkinbayer.com\/tr\/wp-json\/wp\/v2\/posts\/4041\/revisions"}],"predecessor-version":[{"id":4055,"href":"https:\/\/www.yetkinbayer.com\/tr\/wp-json\/wp\/v2\/posts\/4041\/revisions\/4055"}],"wp:featuredmedia":[{"embeddable":true,"href":"https:\/\/www.yetkinbayer.com\/tr\/wp-json\/wp\/v2\/media\/4042"}],"wp:attachment":[{"href":"https:\/\/www.yetkinbayer.com\/tr\/wp-json\/wp\/v2\/media?parent=4041"}],"wp:term":[{"taxonomy":"category","embeddable":true,"href":"https:\/\/www.yetkinbayer.com\/tr\/wp-json\/wp\/v2\/categories?post=4041"},{"taxonomy":"post_tag","embeddable":true,"href":"https:\/\/www.yetkinbayer.com\/tr\/wp-json\/wp\/v2\/tags?post=4041"}],"curies":[{"name":"wp","href":"https:\/\/api.w.org\/{rel}","templated":true}]}}