{"id":3996,"date":"2025-04-29T15:59:39","date_gmt":"2025-04-29T12:59:39","guid":{"rendered":"https:\/\/www.yetkinbayer.com\/?p=3996"},"modified":"2025-04-29T15:59:39","modified_gmt":"2025-04-29T12:59:39","slug":"sac-kilinin-yapisi-ve-ozellikleri","status":"publish","type":"post","link":"https:\/\/www.yetkinbayer.com\/tr\/sac-kilinin-yapisi-ve-ozellikleri\/","title":{"rendered":"Sa\u00e7 K\u0131l\u0131n\u0131n Yap\u0131s\u0131 Ve \u00d6zellikleri"},"content":{"rendered":"<p><strong>Sa\u00e7<\/strong>, al\u0131\u015ft\u0131\u011f\u0131m\u0131z ve bildi\u011fimiz g\u00fcndelik bilgilerin aksine, kendine \u00f6zg\u00fc bir\u00e7ok farkl\u0131 \u00f6zelli\u011fi i\u00e7eri\u011finde bar\u0131nd\u0131rmaktad\u0131r. Sa\u00e7\u0131n\u0131z\u0131n anatomik yap\u0131s\u0131, sa\u00e7\u0131n\u0131z\u0131n \u00f6mr\u00fc veya farkl\u0131 b\u00fcy\u00fcme fazlar\u0131, sa\u00e7 k\u0131l\u0131n\u0131n yap\u0131s\u0131 ve \u00f6zellikleri hakk\u0131nda bilgi sahibi olmak, kendi sa\u00e7\u0131n\u0131z\u0131 ve sa\u00e7\u0131n\u0131z\u0131n ihtiya\u00e7lar\u0131n\u0131 \u00e7ok daha iyi analiz edebilmenizi sa\u011flar.<\/p>\n<p>Sa\u00e7; insan kafatas\u0131n\u0131n \u00fcst k\u0131sm\u0131n\u0131 \u00e7evreleyen ve sa\u00e7 derisi diye ifade edilen b\u00f6l\u00fcmde bulunan k\u0131l toplulu\u011fa verilen genel add\u0131r. Sa\u00e7 yap\u0131s\u0131ndaki farkl\u0131l\u0131klar, bulundu\u011fu b\u00f6lge, uzama h\u0131z\u0131 ve uzama s\u0131n\u0131r\u0131 olarak v\u00fccudumuzdaki di\u011fer k\u0131l k\u00fcmelerinden ayr\u0131lmaktad\u0131r.<\/p>\n<p>&#8220;<strong>Sa\u00e7 k\u0131l\u0131n\u0131n yap\u0131s\u0131 ve \u00f6zellikleri nelerdir?<\/strong>&#8221; sorusu sa\u00e7 ekimi yapt\u0131racak ki\u015filer taraf\u0131ndan en fazla y\u00f6neltilen sorulardan biridir. Dr. Yetkin Bayer, &#8220;Sa\u00e7 b\u00fcy\u00fcme ve d\u00f6k\u00fclme evreleri nelerdir?&#8221; ve &#8220;Sa\u00e7\u0131n \u00f6zellikleri nelerdir?&#8221; gibi sorular\u0131 sizler i\u00e7in yan\u0131tl\u0131yor.<\/p>\n<p>Sa\u00e7\u0131n\u0131z g\u00fcnde 0,3 \u2013 0,4 mm uzamaktad\u0131r. Bu rakam normal \u015fartlar alt\u0131nda bir insan sa\u00e7\u0131n\u0131n ayda 9 mm uzad\u0131\u011f\u0131n\u0131 g\u00f6stermektedir. Ancak yine de sa\u00e7 uzama oranlar\u0131n\u0131 etkileyen bir\u00e7ok de\u011fi\u015fken vard\u0131r.<\/p>\n<div id=\"ez-toc-container\" class=\"ez-toc-v2_0_82_2 counter-flat ez-toc-counter ez-toc-grey ez-toc-container-direction\">\n<div class=\"ez-toc-title-container\">\n<p class=\"ez-toc-title\" style=\"cursor:inherit\">Table of Contents<\/p>\n<span class=\"ez-toc-title-toggle\"><a href=\"#\" class=\"ez-toc-pull-right ez-toc-btn ez-toc-btn-xs ez-toc-btn-default ez-toc-toggle\" aria-label=\"\u0130\u00e7indekiler Tablosunu A\u00e7\/Kapat\"><span class=\"ez-toc-js-icon-con\"><span class=\"\"><span class=\"eztoc-hide\" style=\"display:none;\">Toggle<\/span><span class=\"ez-toc-icon-toggle-span\"><svg style=\"fill: #999;color:#999\" xmlns=\"http:\/\/www.w3.org\/2000\/svg\" class=\"list-377408\" width=\"20px\" height=\"20px\" viewBox=\"0 0 24 24\" fill=\"none\"><path d=\"M6 6H4v2h2V6zm14 0H8v2h12V6zM4 11h2v2H4v-2zm16 0H8v2h12v-2zM4 16h2v2H4v-2zm16 0H8v2h12v-2z\" fill=\"currentColor\"><\/path><\/svg><svg style=\"fill: #999;color:#999\" class=\"arrow-unsorted-368013\" xmlns=\"http:\/\/www.w3.org\/2000\/svg\" width=\"10px\" height=\"10px\" viewBox=\"0 0 24 24\" version=\"1.2\" baseProfile=\"tiny\"><path d=\"M18.2 9.3l-6.2-6.3-6.2 6.3c-.2.2-.3.4-.3.7s.1.5.3.7c.2.2.4.3.7.3h11c.3 0 .5-.1.7-.3.2-.2.3-.5.3-.7s-.1-.5-.3-.7zM5.8 14.7l6.2 6.3 6.2-6.3c.2-.2.3-.5.3-.7s-.1-.5-.3-.7c-.2-.2-.4-.3-.7-.3h-11c-.3 0-.5.1-.7.3-.2.2-.3.5-.3.7s.1.5.3.7z\"\/><\/svg><\/span><\/span><\/span><\/a><\/span><\/div>\n<nav><ul class='ez-toc-list ez-toc-list-level-1 eztoc-toggle-hide-by-default' ><li class='ez-toc-page-1'><a class=\"ez-toc-link ez-toc-heading-1\" href=\"#\" data-href=\"https:\/\/www.yetkinbayer.com\/tr\/sac-kilinin-yapisi-ve-ozellikleri\/#Sac_teli_nelerden_olusur\" >Sa\u00e7 teli nelerden olu\u015fur?<\/a><\/li><li class='ez-toc-page-1'><a class=\"ez-toc-link ez-toc-heading-2\" href=\"#\" data-href=\"https:\/\/www.yetkinbayer.com\/tr\/sac-kilinin-yapisi-ve-ozellikleri\/#Saclarin_katmanlari_nelerdir\" >Sa\u00e7lar\u0131n katmanlar\u0131 nelerdir?<\/a><\/li><li class='ez-toc-page-1'><a class=\"ez-toc-link ez-toc-heading-3\" href=\"#\" data-href=\"https:\/\/www.yetkinbayer.com\/tr\/sac-kilinin-yapisi-ve-ozellikleri\/#Sac_kilinin_omru_ne_kadardir\" >Sa\u00e7 k\u0131l\u0131n\u0131n \u00f6mr\u00fc ne kadard\u0131r?<\/a><\/li><li class='ez-toc-page-1'><a class=\"ez-toc-link ez-toc-heading-4\" href=\"#\" data-href=\"https:\/\/www.yetkinbayer.com\/tr\/sac-kilinin-yapisi-ve-ozellikleri\/#Sac_kac_yilda_curur\" >Sa\u00e7 ka\u00e7 y\u0131lda \u00e7\u00fcr\u00fcr?<\/a><\/li><li class='ez-toc-page-1'><a class=\"ez-toc-link ez-toc-heading-5\" href=\"#\" data-href=\"https:\/\/www.yetkinbayer.com\/tr\/sac-kilinin-yapisi-ve-ozellikleri\/#Sac_telinin_ucundaki_beyaz_sey_nedir\" >Sa\u00e7 telinin ucundaki beyaz \u015fey nedir?<\/a><\/li><li class='ez-toc-page-1'><a class=\"ez-toc-link ez-toc-heading-6\" href=\"#\" data-href=\"https:\/\/www.yetkinbayer.com\/tr\/sac-kilinin-yapisi-ve-ozellikleri\/#Sac_geni_kimden_gelir\" >Sa\u00e7 geni kimden gelir?<\/a><\/li><li class='ez-toc-page-1'><a class=\"ez-toc-link ez-toc-heading-7\" href=\"#\" data-href=\"https:\/\/www.yetkinbayer.com\/tr\/sac-kilinin-yapisi-ve-ozellikleri\/#Saclarin_ana_maddesi_nedir\" >Sa\u00e7lar\u0131n ana maddesi nedir?<\/a><\/li><li class='ez-toc-page-1'><a class=\"ez-toc-link ez-toc-heading-8\" href=\"#\" data-href=\"https:\/\/www.yetkinbayer.com\/tr\/sac-kilinin-yapisi-ve-ozellikleri\/#Sacin_Yapisi_Ve_Ozellikleri\" >Sa\u00e7\u0131n Yap\u0131s\u0131 Ve \u00d6zellikleri<\/a><\/li><li class='ez-toc-page-1'><a class=\"ez-toc-link ez-toc-heading-9\" href=\"#\" data-href=\"https:\/\/www.yetkinbayer.com\/tr\/sac-kilinin-yapisi-ve-ozellikleri\/#Sacin_Buyume_ve_Dokulme_Evreleri\" >Sa\u00e7\u0131n B\u00fcy\u00fcme ve D\u00f6k\u00fclme Evreleri<\/a><\/li><li class='ez-toc-page-1'><a class=\"ez-toc-link ez-toc-heading-10\" href=\"#\" data-href=\"https:\/\/www.yetkinbayer.com\/tr\/sac-kilinin-yapisi-ve-ozellikleri\/#Sacin_Ozellikleri\" >Sa\u00e7\u0131n \u00d6zellikleri<\/a><\/li><\/ul><\/nav><\/div>\n<h2 class=\"JlqpRe\"><span class=\"ez-toc-section\" id=\"Sac_teli_nelerden_olusur\"><\/span><span class=\"JCzEY tNxQIb\"><span class=\"CSkcDe\">Sa\u00e7 teli nelerden olu\u015fur?<\/span><\/span><span class=\"ez-toc-section-end\"><\/span><\/h2>\n<p>Keratin ad\u0131 verilen g\u00fc\u00e7l\u00fc bir protein, sa\u00e7\u0131n telinin karma\u015f\u0131k yap\u0131s\u0131n\u0131 olu\u015fturur. Sa\u00e7\u0131n dayan\u0131kl\u0131l\u0131\u011f\u0131n\u0131, \u015feklini ve sa\u011fl\u0131\u011f\u0131n\u0131 belirleyen \u00fc\u00e7 ana katman vard\u0131r. Orta medulla, kal\u0131n sa\u00e7larda s\u0131kl\u0131kla g\u00f6r\u00fclen ve sa\u00e7 telinin merkezini olu\u015fturan bir b\u00f6lgedir. Medulla&#8217;y\u0131 \u00e7evreleyen korteks, sa\u00e7\u0131n esnekli\u011fini ve g\u00fcc\u00fcn\u00fc art\u0131ran pigmentlerle doludur ve sa\u00e7\u0131n do\u011fal rengini belirler.<\/p>\n<p>Sa\u00e7\u0131n en d\u0131\u015f tabakas\u0131 olan k\u00fctik\u00fcl, sa\u00e7 telini \u00e7evreleyerek korur. \u00dcst \u00fcste binen h\u00fccrelerden olu\u015fan \u015feffaf bir tabaka olan k\u00fctik\u00fcl, sa\u00e7\u0131n yumu\u015fakl\u0131\u011f\u0131 ve parlakl\u0131\u011f\u0131 \u00fczerinde do\u011frudan etkiye sahiptir. Bu \u00fc\u00e7 katman\u0131n b\u00fct\u00fcnl\u00fc\u011f\u00fcn\u00fc korumak, sa\u00e7\u0131n sa\u011fl\u0131kl\u0131 kalmas\u0131n\u0131 sa\u011flar. Sa\u00e7, d\u0131\u015f etkenler, yanl\u0131\u015f \u00fcr\u00fcnler veya \u00e7evresel ko\u015fullar nedeniyle k\u0131r\u0131lgan ve sa\u011fl\u0131ks\u0131z hale gelebilir.<\/p>\n<h2 class=\"JlqpRe\"><span class=\"ez-toc-section\" id=\"Saclarin_katmanlari_nelerdir\"><\/span><span class=\"JCzEY tNxQIb\"><span class=\"CSkcDe\">Sa\u00e7lar\u0131n katmanlar\u0131 nelerdir?<\/span><\/span><span class=\"ez-toc-section-end\"><\/span><\/h2>\n<p>Sa\u00e7lar\u0131n \u00fc\u00e7 ana yap\u0131s\u0131 vard\u0131r: medulla, korteks ve k\u00fctik\u00fcl. Sa\u00e7\u0131n yap\u0131s\u0131, dayan\u0131kl\u0131l\u0131\u011f\u0131 ve i\u015flevleri bu katmanlardan etkilenir. Genellikle kal\u0131n telli sa\u00e7larda bulunan medulla, h\u00fccreler aras\u0131nda hava bo\u015fluklar\u0131 i\u00e7eren yumu\u015fak bir tabakad\u0131r. Bununla birlikte, ince telli sa\u00e7larda bu katman yok olabilir.<\/p>\n<p>Sa\u00e7, medullan\u0131n \u00e7evresinde bulunan korteks taraf\u0131ndan olu\u015fturulmu\u015ftur. Bu pigmentler, sa\u00e7a dayan\u0131kl\u0131l\u0131k, esneklik ve renk verir. Korteks, sa\u00e7\u0131n en geni\u015f b\u00f6lgesidir ve keratin liflerinin g\u00fc\u00e7l\u00fc bir yap\u0131s\u0131n\u0131 olu\u015fturur.<\/p>\n<p>Sa\u00e7\u0131n en d\u0131\u015f tabakas\u0131, k\u00fctik\u00fcl olarak bilinen ince, koruyucu bir tabakad\u0131r. \u00dcst \u00fcste binen h\u00fccrelerden olu\u015fan k\u00fctik\u00fcl, sa\u00e7\u0131n p\u00fcr\u00fczs\u00fcz ve parlak g\u00f6r\u00fcnmesini sa\u011flar. Ayn\u0131 zamanda sa\u00e7\u0131 nem kayb\u0131ndan ve \u00e7evresel tehlikelerden korur. Sa\u011fl\u0131kl\u0131 sa\u00e7lar\u0131n katmanlar\u0131 d\u00fczenli ve s\u0131k\u0131 bir \u015fekilde bir araya gelir, bu da sa\u00e7\u0131n g\u00fc\u00e7l\u00fc ve sa\u011fl\u0131kl\u0131 olmas\u0131n\u0131 sa\u011flar. Bununla birlikte, hatal\u0131 bak\u0131m, kimyasal i\u015flemler veya d\u0131\u015f etkenler bu katmanlara zarar verebilir ve bu da sa\u00e7\u0131n y\u0131pranmas\u0131na neden olabilir.<\/p>\n<h2 class=\"JlqpRe\"><span class=\"ez-toc-section\" id=\"Sac_kilinin_omru_ne_kadardir\"><\/span><span class=\"JCzEY tNxQIb\"><span class=\"CSkcDe\">Sa\u00e7 k\u0131l\u0131n\u0131n \u00f6mr\u00fc ne kadard\u0131r?<\/span><\/span><span class=\"ez-toc-section-end\"><\/span><\/h2>\n<p>Bir sa\u00e7 k\u0131l\u0131n\u0131n tipik \u00f6mr\u00fc iki ila yedi y\u0131l aras\u0131ndad\u0131r. Ki\u015finin genetik yap\u0131s\u0131, ya\u015f\u0131, hormonal dengesi ve genel sa\u011fl\u0131k durumu bu s\u00fcreyi belirler. \u00dc\u00e7 ana evre vard\u0131r: anajen (b\u00fcy\u00fcme evresi), katajen (ge\u00e7i\u015f evresi) ve telojen (dinlenme ve d\u00f6k\u00fclme evresi).<\/p>\n<p>Anajen, sa\u00e7\u0131n en uzun s\u00fcren evresidir ve genellikle 2 ila 6 y\u0131l aras\u0131nda devam eder. Bu evrede, sa\u011fl\u0131kl\u0131 bireylerde sa\u00e7lar\u0131n yakla\u015f\u0131k %85-90&#8217;\u0131 bulunur. Daha sonra katajen evresi ba\u015flar. Bu yaln\u0131zca birka\u00e7 hafta s\u00fcrer ve k\u00f6k h\u00fccrelerinin zay\u0131flamas\u0131yla sa\u00e7\u0131n b\u00fcy\u00fcmesi durur. Telojen evresine girilir, bu da \u00fc\u00e7 ila d\u00f6rt ay s\u00fcrer. Bu a\u015famada sa\u00e7 k\u00f6kten ayr\u0131l\u0131r ve d\u00f6k\u00fclmeye haz\u0131rlan\u0131r. Yeni sa\u00e7 yerine eskisi \u00e7\u0131kar.<\/p>\n<p>Genetik veya hormonal fakt\u00f6rler, sa\u00e7\u0131n ya\u015fam d\u00f6ng\u00fcs\u00fcn\u00fc etkileyebilir. \u00d6rne\u011fin, stres veya genetik sa\u00e7 d\u00f6k\u00fclmesi gibi durumlar anajen evresini k\u0131saltabilir. Sa\u011fl\u0131kl\u0131 bir ya\u015fam tarz\u0131 ve sa\u011fl\u0131kl\u0131 sa\u00e7 bak\u0131m rutinleri, sa\u00e7\u0131n ya\u015fam d\u00f6ng\u00fcs\u00fcn\u00fc iyile\u015ftirir ve bu da sa\u00e7lar\u0131n daha uzun \u00f6m\u00fcrl\u00fc olmas\u0131n\u0131 sa\u011flar.<\/p>\n<h2 class=\"JlqpRe\"><span class=\"ez-toc-section\" id=\"Sac_kac_yilda_curur\"><\/span><span class=\"JCzEY tNxQIb\"><span class=\"CSkcDe\">Sa\u00e7 ka\u00e7 y\u0131lda \u00e7\u00fcr\u00fcr?<\/span><\/span><span class=\"ez-toc-section-end\"><\/span><\/h2>\n<p>Do\u011fada keratin ad\u0131 verilen \u00e7ok dayan\u0131kl\u0131 bir proteinin bulunmas\u0131 nedeniyle, sa\u00e7 \u00e7ok yava\u015f \u00e7\u00fcr\u00fcr. Bir sa\u00e7 telinin tamamen \u00e7\u00fcr\u00fcmesi, \u00e7evresel fakt\u00f6rlere ba\u011fl\u0131 olarak bir ila iki y\u0131l s\u00fcrer. Bununla birlikte, sa\u00e7\u0131n bulundu\u011fu ortamdaki nem, s\u0131cakl\u0131k ve mikrobiyal aktivite bu s\u00fcreyi de\u011fi\u015ftirebilir.<\/p>\n<p>Sa\u00e7 telindeki keratin, bakterilere ve \u00e7evresel fakt\u00f6rlere kar\u015f\u0131 g\u00fc\u00e7l\u00fc bir savunma g\u00fcc\u00fc g\u00f6sterir. Bu nedenle, kuru ve nemsiz yerlerde sa\u00e7\u0131n \u00e7\u00fcr\u00fcmesi \u00e7ok daha uzun s\u00fcrer. Yine de \u00e7\u00fcr\u00fcme s\u00fcreci nemli ve s\u0131cak bir ortamda h\u0131zlan\u0131r, \u00f6zellikle toprak gibi mikroorganizmalar\u0131n yo\u011fun oldu\u011fu yerlerde. Bununla birlikte, di\u011fer organik maddelere k\u0131yasla sa\u00e7 \u00e7ok h\u0131zl\u0131 ayr\u0131\u015f\u0131r.<\/p>\n<p>Sa\u00e7\u0131n bu dayan\u0131kl\u0131 olmas\u0131, \u00e7evresel at\u0131k y\u00f6netimi a\u00e7\u0131s\u0131ndan \u00f6nemlidir. Do\u011fal olmas\u0131na ra\u011fmen, biyolojik olarak par\u00e7alanmas\u0131 uzun s\u00fcrer, bu nedenle uzun s\u00fcre bozulmadan kalabilir. Sa\u00e7 \u00e7\u00fcr\u00fcmesi h\u0131zlanan durumlarda bile, sa\u00e7\u0131n tamamen ayr\u0131\u015fmas\u0131 birka\u00e7 y\u0131l alabilir.<\/p>\n<h2 class=\"JlqpRe\"><span class=\"ez-toc-section\" id=\"Sac_telinin_ucundaki_beyaz_sey_nedir\"><\/span><span class=\"JCzEY tNxQIb\"><span class=\"CSkcDe\">Sa\u00e7 telinin ucundaki beyaz \u015fey nedir?<\/span><\/span><span class=\"ez-toc-section-end\"><\/span><\/h2>\n<p>Genellikle sa\u00e7 k\u00f6klerini \u00e7evreleyen keratinize bir yap\u0131 olan sa\u00e7 k\u0131l\u0131f\u0131, sa\u00e7 telinin ucundaki beyaz \u015feydir. Bu beyaz yap\u0131, sa\u00e7 folik\u00fcl\u00fcnden \u00e7ekilip \u00e7\u0131kt\u0131\u011f\u0131nda kafa derisinde g\u00f6r\u00fclebilir. Bu, sa\u00e7 d\u00f6k\u00fclmesi s\u0131ras\u0131nda do\u011fal olarak meydana gelir.<\/p>\n<p>Bu beyaz nokta, sa\u00e7\u0131n ne kadar b\u00fcy\u00fcd\u00fc\u011f\u00fcne ba\u011fl\u0131 olarak de\u011fi\u015febilir. Telojen (dinlenme ve d\u00f6k\u00fclme) evresinde sa\u00e7 d\u00f6k\u00fcld\u00fc\u011f\u00fcnde bu beyaz yap\u0131 daha belirgin hale gelir. \u00e7\u00fcnk\u00fc telojen evresinde k\u00f6k\u00fc ve folik\u00fcl sa\u00e7tan tamamen ayr\u0131l\u0131r. Bu durum tipik olarak endi\u015fe verici de\u011fildir ve sa\u00e7\u0131n normal d\u00f6ng\u00fcs\u00fcn\u00fcn bir par\u00e7as\u0131d\u0131r.<\/p>\n<p>Bununla birlikte, sa\u00e7\u0131n koparak d\u00f6k\u00fclmesi durumunda bu beyaz u\u00e7 tipik olarak g\u00f6r\u00fcnmez. Bir dermatolo\u011fa gitmek, s\u00fcrekli ve yo\u011fun d\u00f6k\u00fclmelerin nedeninin stres, hormonal d\u00fczensizlik veya sa\u00e7 k\u00f6klerini etkileyen bir hastal\u0131k olup olmad\u0131\u011f\u0131n\u0131 anlamak i\u00e7in \u00f6nemlidir. Bu beyaz yap\u0131n\u0131n varl\u0131\u011f\u0131, sa\u00e7 k\u00f6k\u00fcn\u00fcn hala iyi durumda olup olmad\u0131\u011f\u0131n\u0131 g\u00f6sterebilir.<\/p>\n<h2 class=\"JlqpRe\"><span class=\"ez-toc-section\" id=\"Sac_geni_kimden_gelir\"><\/span><span class=\"JCzEY tNxQIb\"><span class=\"CSkcDe\">Sa\u00e7 geni kimden gelir?<\/span><\/span><span class=\"ez-toc-section-end\"><\/span><\/h2>\n<p>Sa\u00e7lar, anne ve babadan gelen genetik miras\u0131n bir kombinasyonundan gelir. Bununla birlikte, sa\u00e7 d\u00f6k\u00fclmesi gibi genetik \u00f6zelliklerin \u00e7o\u011fu, annelik soyundan gelen X kromozomu ile ba\u011flant\u0131l\u0131d\u0131r. X kromozomunda, erkeklerde sa\u00e7 d\u00f6k\u00fclmesine neden olan genlerden biri olan androjen resept\u00f6r geni bulunur. Sonu\u00e7 olarak, erkekler sa\u00e7 d\u00f6k\u00fclmesi e\u011filimlerini annelerinden al\u0131r.<\/p>\n<p>Bununla birlikte, X kromozomlar\u0131 sa\u00e7\u0131n kal\u0131nl\u0131\u011f\u0131, rengi, yap\u0131s\u0131 ve genel sa\u011fl\u0131\u011f\u0131 gibi \u00e7e\u015fitli \u00f6zellikleri tan\u0131mlamak i\u00e7in yaln\u0131zca bir ara\u00e7 de\u011fildir. Bu, anne ve baban\u0131n genetik katk\u0131s\u0131yla belirlenir. Babadan gelen genler sa\u00e7 \u00e7izgisini ve d\u00f6k\u00fclme h\u0131z\u0131n\u0131 etkilerken, anneden gelen genler sa\u00e7 yap\u0131s\u0131 ve yo\u011funlu\u011funu etkileyebilir.<\/p>\n<p>Sonu\u00e7 olarak, sa\u00e7 geneti\u011fi bir\u00e7ok farkl\u0131 fakt\u00f6r\u00fcn bir sonucudur. Her iki taraf\u0131n da genetik \u00f6zellikleri, sa\u00e7 yap\u0131n\u0131z\u0131 ve d\u00f6k\u00fclme e\u011filiminizi etkiler. Sonu\u00e7 olarak, yaln\u0131zca anneden ya da babadan gelen genetik fakt\u00f6rlere odaklanmak yerine, her iki taraf\u0131n da genetik katk\u0131s\u0131n\u0131 d\u00fc\u015f\u00fcnmek gerekir.<\/p>\n<h2 class=\"JlqpRe\"><span class=\"ez-toc-section\" id=\"Saclarin_ana_maddesi_nedir\"><\/span><span class=\"JCzEY tNxQIb\"><span class=\"CSkcDe\">Sa\u00e7lar\u0131n ana maddesi nedir?<\/span><\/span><span class=\"ez-toc-section-end\"><\/span><\/h2>\n<p>Sa\u00e7lar\u0131n ana bile\u015feni keratin olarak bilinen bir proteindir. Keratin, sa\u00e7\u0131n esnekli\u011fini, dayan\u0131kl\u0131l\u0131\u011f\u0131n\u0131 ve sa\u011flaml\u0131\u011f\u0131n\u0131 koruyan lifli bir yap\u0131ya sahiptir. Bu protein, hayvanlar\u0131n derisinde, t\u0131rnaklar\u0131nda ve t\u00fcylerinde bulunur ve sa\u00e7\u0131n temel yap\u0131s\u0131n\u0131 olu\u015fturur. Keratin, amino asitlerden olu\u015fan uzun zincirlerden olu\u015fur ve k\u00fck\u00fcrt i\u00e7eren sistein amino asidi, sa\u00e7\u0131n g\u00fc\u00e7l\u00fc olmas\u0131n\u0131 sa\u011flayan \u00f6nemli bir bile\u015fendir.<\/p>\n<p>Sa\u00e7, keratinin yan\u0131 s\u0131ra su, melanin pigmentleri ve lipitler gibi di\u011fer bile\u015fenlerden olu\u015fur. Sa\u00e7lara renk veren pigmentler eumelanin (koyu renkler) ve feomelanin (a\u00e7\u0131k renkler) olarak bilinir. Lipitler, sa\u00e7\u0131n nemini korumak ve parlak g\u00f6r\u00fcnmesini sa\u011flar.<\/p>\n<p>Keratin proteinlerinin birbirine ba\u011flanmas\u0131yla olu\u015fan k\u00f6pr\u00fcler, sa\u00e7\u0131n sa\u011flam yap\u0131s\u0131n\u0131 korur. Bu ba\u011flar sayesinde sa\u00e7 d\u0131\u015f ko\u015fullara kar\u015f\u0131 daha dayan\u0131kl\u0131 hale gelir. Bununla birlikte, a\u015f\u0131r\u0131 \u0131s\u0131, kimyasal i\u015flemler veya \u00e7evresel fakt\u00f6rler, bu yap\u0131y\u0131 zay\u0131flatarak sa\u00e7\u0131n k\u0131r\u0131lganla\u015fmas\u0131na neden olabilir. Sa\u011fl\u0131kl\u0131 sa\u00e7lara sahip olmak i\u00e7in keratin yap\u0131s\u0131n\u0131 destekleyen protein a\u011f\u0131rl\u0131kl\u0131 beslenme ve do\u011fru sa\u00e7 bak\u0131m \u00fcr\u00fcnleri kullanmak \u00e7ok \u00f6nemlidir.<\/p>\n<h2><span class=\"ez-toc-section\" id=\"Sacin_Yapisi_Ve_Ozellikleri\"><\/span>Sa\u00e7\u0131n Yap\u0131s\u0131 Ve \u00d6zellikleri<span class=\"ez-toc-section-end\"><\/span><\/h2>\n<p>Sa\u00e7 yap\u0131s\u0131 ve \u00f6zellikleri cinsiyet, \u0131rk, ya\u015f, hormonlar ve \u00e7e\u015fitli d\u0131\u015f etkenlere g\u00f6re de\u011fi\u015fiklik g\u00f6sterebilmektedir. Yap\u0131lan ara\u015ft\u0131rmalar sa\u00e7\u0131n \u00f6z niteliklerinin, genetik yap\u0131n\u0131n yan\u0131 s\u0131ra beslenme yap\u0131s\u0131, ya\u015fan\u0131lan co\u011frafya ve ya\u015fam standartlar\u0131na kadar bir\u00e7ok farkl\u0131 etkenden etkilendi\u011fini g\u00f6stermektedir.<\/p>\n<p>Sa\u00e7\u0131n yap\u0131s\u0131n\u0131 anlayabilmek i\u00e7in \u201cfolik\u00fcl\u00fc\u201d kavram\u0131na g\u00f6z atmak gerekir. Falik\u00fcl, i\u00e7inde sa\u00e7 telinin b\u00fcy\u00fcd\u00fc\u011f\u00fc bir yap\u0131d\u0131r.<\/p>\n<p>Anne karn\u0131nda 8. Haftada ba\u015flayan k\u0131l folik\u00fcllerinin b\u00fcy\u00fcme s\u00fcreci 22. Haftada tamamlan\u0131r. Bebek do\u011fdu\u011funda v\u00fccudunda 5 milyon k\u0131l folik\u00fcl\u00fc bulunmaktad\u0131r. Bir k\u0131l folik\u00fcl\u00fc i\u00e7inde sadece 1 tane ya da daha fazla k\u0131l olabilmektedir.<\/p>\n<p>V\u00fccudumuzda bulunan 5 milyon sa\u00e7 folik\u00fcl\u00fcn\u00fcn yakla\u015f\u0131k 1 milyon kadar\u0131 ba\u015f b\u00f6lgemizde bulunmaktad\u0131r.<\/p>\n<p>K\u0131l folik\u00fcllerinin \u015fekil ve boyutlar\u0131 v\u00fccuttaki yerine g\u00f6re de\u011fi\u015fiklik g\u00f6stermektedir.<\/p>\n<p>Ergenlik d\u00f6neminde art\u0131\u015f g\u00f6steren androjen hormonu, bu d\u00f6nemde \u201cvell\u00fcs\u201d ad\u0131 verilen ince t\u00fcylerin kal\u0131nla\u015fmas\u0131na sebep olurken, sa\u00e7l\u0131 deride ters bir etki g\u00f6stererek zamanla sa\u00e7lar\u0131n d\u00f6k\u00fclmesine hatta yeniden vell\u00fcs isimli ince t\u00fcylere d\u00f6n\u00fc\u015fmesine sebep olabilmektedir.<\/p>\n<p>Sa\u00e7 teli kal\u0131nl\u0131\u011f\u0131 cinsiyete, \u0131rka ya da ya\u015fa g\u00f6re de\u011fi\u015fiklik g\u00f6sterse de 0,05 ile 0,09 mm aras\u0131ndad\u0131r. K\u0131l folik\u00fcllerinin en \u00f6nemli \u00f6zelliklerinden birisi i\u00e7inde bar\u0131nd\u0131rd\u0131\u011f\u0131 k\u0131l\u0131n farkl\u0131 \u00f6zellikleri olan d\u00f6ng\u00fcsel d\u00f6nemlere sahip olmas\u0131d\u0131r.<\/p>\n<p>V\u00fccudumuz korku, stres ve ya so\u011fuk havaya maruz kald\u0131\u011f\u0131nda k\u0131llar\u0131m\u0131z\u0131n dikle\u015fmesinin sebebinin deri \u00fcst k\u0131sm\u0131 ile k\u0131l folik\u00fcl\u00fc aras\u0131nda yer alan \u201carrector pilli\u201d isimli bir kast\u0131r.<\/p>\n<h2><span class=\"ez-toc-section\" id=\"Sacin_Buyume_ve_Dokulme_Evreleri\"><\/span>Sa\u00e7\u0131n B\u00fcy\u00fcme ve D\u00f6k\u00fclme Evreleri<span class=\"ez-toc-section-end\"><\/span><\/h2>\n<p>K\u0131l folik\u00fclleri tekrar eden d\u00f6ng\u00fcler halinde bir b\u00fcy\u00fcme s\u00fcreci i\u00e7erisindedir. Sa\u00e7 k\u00f6k\u00fcnden \u00e7\u0131kan her sa\u00e7 teli, b\u00fcy\u00fcr geli\u015fir ve d\u00f6k\u00fcl\u00fcr ancak sa\u00e7 k\u00f6k\u00fc bu d\u00f6ng\u00fcn\u00fcn ard\u0131ndan yeni bir sa\u00e7 teli daha \u00fcreterek ayn\u0131 s\u00fcrece d\u00e2hil eder. \u0130nsan sa\u00e7\u0131 ortalama 20 kez sa\u00e7 d\u00f6ng\u00fcs\u00fc ya\u015famaktad\u0131r.<\/p>\n<p>Sa\u00e7 d\u00f6ng\u00fcs\u00fc dedi\u011fimiz sa\u00e7 d\u00f6nemleri ise \u201cb\u00fcy\u00fcme, ge\u00e7i\u015f, bekleme ve d\u00f6k\u00fclme\u201d olarak 4 fazdan olu\u015fur.<\/p>\n<p>Sa\u00e7lar\u0131n aktif bir \u015fekilde uzad\u0131\u011f\u0131 b\u00fcy\u00fcme faz\u0131 yakla\u015f\u0131k 5 y\u0131l s\u00fcrer. Sa\u00e7lar\u0131n b\u00fcy\u00fcme faz\u0131nda kald\u0131\u011f\u0131 s\u00fcre ya\u015fland\u0131k\u00e7a azalmaktad\u0131r. Sa\u00e7lar\u0131m\u0131z\u0131n %2\u2019lik k\u0131sm\u0131 sa\u00e7 b\u00fcy\u00fcmesinin durdu\u011fu ge\u00e7i\u015f faz\u0131nda bulunmaktad\u0131r ve bu s\u00fcre en fazla 2 hafta s\u00fcrer.<\/p>\n<p>Ge\u00e7i\u015f faz\u0131n\u0131 atlatan sa\u00e7 \u00f6bekleri 3-4 ay s\u00fcrecek bekleme faz\u0131na ge\u00e7erler. Bekleme faz\u0131na ge\u00e7en sa\u00e7lar daha zay\u0131f ve incedir. D\u00f6k\u00fclme faz\u0131na ge\u00e7tiklerinde k\u00f6k\u00fcnden ayr\u0131larak d\u00fc\u015ferler.G\u00fcnde ortalama 100 ile 200 sa\u00e7 telinin d\u00f6k\u00fclmesi uzmanlar taraf\u0131ndan normal kabul edilmektedir.<\/p>\n<p>Her sa\u00e7 telimiz bu sa\u00e7 d\u00f6ng\u00fcs\u00fcn\u00fc ya\u015fasa da, her bir sa\u00e7 telinin hangi fazda oldu\u011fu de\u011fi\u015fkenlik g\u00f6sterir.<\/p>\n<h2><span class=\"ez-toc-section\" id=\"Sacin_Ozellikleri\"><\/span>Sa\u00e7\u0131n \u00d6zellikleri<span class=\"ez-toc-section-end\"><\/span><\/h2>\n<p>Sa\u00e7\u0131n yap\u0131s\u0131n\u0131 ve \u00f6zelliklerini etkileyen bir\u00e7ok etmen oldu\u011funu s\u00f6ylemi\u015ftik. Sa\u00e7 yap\u0131lar\u0131, boyut ve \u015fekilleri herkeste farkl\u0131 \u00f6zellikler g\u00f6sterebilmektedir.<\/p>\n<p>Genetik fakt\u00f6rler<br \/>\nBeslenme \u00f6zellikleri<br \/>\nYa\u015fan\u0131lan Co\u011frafya<br \/>\nD\u0131\u015f etkiler<br \/>\nStres<\/p>\n<p>Sa\u00e7\u0131n yap\u0131s\u0131n\u0131, \u015feklini duru\u015funu ya da d\u00f6ng\u00fcsel s\u00fcre\u00e7lerini etkilemektedir.<\/p>\n<p>Bunlar\u0131n yan\u0131 s\u0131ra sa\u00e7 yap\u0131s\u0131n\u0131 etkileyen bir di\u011fer \u00f6zellikte etnik k\u00f6kendir. Etnik farkl\u0131l\u0131klar sa\u00e7 yap\u0131s\u0131nda farkl\u0131l\u0131klara sebep olmaktad\u0131r.<\/p>\n<p>Sa\u00e7 cortex\u2019indeki keratin fiberleri sa\u00e7\u0131n esnek bir yap\u0131da olmas\u0131n\u0131 sa\u011flayan en \u00f6nemli bile\u015fenlerdir.<\/p>\n<p>Sa\u011fl\u0131kl\u0131 bir sa\u00e7 kendi boyunun %30\u2019u kadar esneyebilmektedir. G\u00fcne\u015f \u0131\u015f\u0131nlar\u0131 da d\u00e2hil olmak \u00fczere d\u0131\u015f etkiler sa\u00e7 esnekli\u011fini bozmaktad\u0131r.<\/p>\n<p>Sa\u00e7 dansitisitesi; sa\u00e7\u0131n 1 cm2 i\u00e7erisindeki ka\u00e7 tane sa\u00e7 folik\u00fcl\u00fc oldu\u011funu belirlememizi sa\u011flar. Sa\u00e7 yo\u011funlu\u011fu olarak da ifade edilebilecek olan sa\u00e7 dansitisitesi d\u00fc\u015f\u00fcn\u00fcld\u00fc\u011f\u00fcn\u00fcn aksine kad\u0131nlara oranla erkeklerde daha y\u00fcksektir.<\/p>\n<p>Erkeklerin sa\u00e7 yo\u011funlu\u011fu, genellikle kad\u0131nlardan daha fazlad\u0131r.<\/p>\n<p><strong>Kaynak:<\/strong><\/p>\n<p><a href=\"https:\/\/www.journalagent.com\/z4\/download_fulltext.asp?pdir=turkderm&amp;plng=eng&amp;un=TURKDERM-34341\" target=\"_blank\" rel=\"noopener\">https:\/\/www.journalagent.com\/z4\/download_fulltext.asp?pdir=turkderm&amp;plng=eng&amp;un=TURKDERM-34341<\/a><br \/>\n<a href=\"http:\/\/search.proquest.com\/openview\/fff96b2a226c239023a70a126a4e63dd\/1?pq-origsite=gscholar&amp;cbl=55021\" target=\"_blank\" rel=\"noopener\">http:\/\/search.proquest.com\/openview\/fff96b2a226c239023a70a126a4e63dd\/1?pq-origsite=gscholar&amp;cbl=55021<\/a><\/p>\n<p>Dr. Yetkin Bayer&#8217;i Facebook, Instagram, Twitter sosyal medya hesaplar\u0131ndan takip edebilirsiniz.<\/p>\n","protected":false},"excerpt":{"rendered":"<p>Sa\u00e7, al\u0131\u015ft\u0131\u011f\u0131m\u0131z ve bildi\u011fimiz g\u00fcndelik bilgilerin aksine, kendine \u00f6zg\u00fc bir\u00e7ok farkl\u0131 \u00f6zelli\u011fi i\u00e7eri\u011finde bar\u0131nd\u0131rmaktad\u0131r. Sa\u00e7\u0131n\u0131z\u0131n anatomik yap\u0131s\u0131, sa\u00e7\u0131n\u0131z\u0131n \u00f6mr\u00fc veya farkl\u0131 b\u00fcy\u00fcme fazlar\u0131, sa\u00e7 k\u0131l\u0131n\u0131n yap\u0131s\u0131 ve \u00f6zellikleri hakk\u0131nda bilgi sahibi olmak, kendi sa\u00e7\u0131n\u0131z\u0131 ve sa\u00e7\u0131n\u0131z\u0131n ihtiya\u00e7lar\u0131n\u0131 \u00e7ok daha iyi analiz edebilmenizi sa\u011flar. Sa\u00e7; insan kafatas\u0131n\u0131n \u00fcst k\u0131sm\u0131n\u0131 \u00e7evreleyen ve sa\u00e7 derisi diye ifade edilen [&hellip;]<\/p>\n","protected":false},"author":1,"featured_media":3997,"comment_status":"closed","ping_status":"closed","sticky":false,"template":"","format":"standard","meta":{"footnotes":""},"categories":[9],"tags":[],"class_list":["post-3996","post","type-post","status-publish","format-standard","has-post-thumbnail","hentry","category-blog"],"_links":{"self":[{"href":"https:\/\/www.yetkinbayer.com\/tr\/wp-json\/wp\/v2\/posts\/3996","targetHints":{"allow":["GET"]}}],"collection":[{"href":"https:\/\/www.yetkinbayer.com\/tr\/wp-json\/wp\/v2\/posts"}],"about":[{"href":"https:\/\/www.yetkinbayer.com\/tr\/wp-json\/wp\/v2\/types\/post"}],"author":[{"embeddable":true,"href":"https:\/\/www.yetkinbayer.com\/tr\/wp-json\/wp\/v2\/users\/1"}],"replies":[{"embeddable":true,"href":"https:\/\/www.yetkinbayer.com\/tr\/wp-json\/wp\/v2\/comments?post=3996"}],"version-history":[{"count":1,"href":"https:\/\/www.yetkinbayer.com\/tr\/wp-json\/wp\/v2\/posts\/3996\/revisions"}],"predecessor-version":[{"id":4010,"href":"https:\/\/www.yetkinbayer.com\/tr\/wp-json\/wp\/v2\/posts\/3996\/revisions\/4010"}],"wp:featuredmedia":[{"embeddable":true,"href":"https:\/\/www.yetkinbayer.com\/tr\/wp-json\/wp\/v2\/media\/3997"}],"wp:attachment":[{"href":"https:\/\/www.yetkinbayer.com\/tr\/wp-json\/wp\/v2\/media?parent=3996"}],"wp:term":[{"taxonomy":"category","embeddable":true,"href":"https:\/\/www.yetkinbayer.com\/tr\/wp-json\/wp\/v2\/categories?post=3996"},{"taxonomy":"post_tag","embeddable":true,"href":"https:\/\/www.yetkinbayer.com\/tr\/wp-json\/wp\/v2\/tags?post=3996"}],"curies":[{"name":"wp","href":"https:\/\/api.w.org\/{rel}","templated":true}]}}