{"id":3977,"date":"2025-04-29T15:56:27","date_gmt":"2025-04-29T12:56:27","guid":{"rendered":"https:\/\/www.yetkinbayer.com\/?p=3977"},"modified":"2025-04-29T15:56:27","modified_gmt":"2025-04-29T12:56:27","slug":"sac-ekimi-sonrasi-enfeksiyon-olusumu-nedir","status":"publish","type":"post","link":"https:\/\/www.yetkinbayer.com\/tr\/sac-ekimi-sonrasi-enfeksiyon-olusumu-nedir\/","title":{"rendered":"Sa\u00e7 Ekimi Sonras\u0131 Enfeksiyon Olu\u015fumu Nedir?"},"content":{"rendered":"<p class=\"p1\"><strong>Sa\u00e7 ekimi<\/strong> i\u015flemi yap\u0131l\u0131rken, sa\u00e7 derisinde ve sa\u00e7 ekim alan\u0131nda bir\u00e7ok delik a\u00e7\u0131l\u0131r ve ciltte yaralar olu\u015fur. Bu deliklerden mikrop girme olas\u0131l\u0131\u011f\u0131 bulunur. Bu deliklerden mikrop girdi\u011fi takdirde sa\u00e7 ekimi i\u015flemi sonras\u0131 b\u00f6lge enfeksiyon kapar.<\/p>\n<p class=\"p1\">Bu sebeple sa\u00e7 ekimi i\u015flemi s\u00fcrecinde uzman doktorun, iyile\u015fme s\u00fcrecinde ise hastan\u0131n i\u015flem yap\u0131lan b\u00f6lgenin mikrop kapmamas\u0131 i\u00e7in dikkat etmelidir. Bu b\u00f6lge mikrop kapt\u0131\u011f\u0131 takdirde enfeksiyon olu\u015fur. <strong><a href=\"https:\/\/www.yetkinbayer.com\/tr\/sac-ekimi\">Sa\u00e7 ekimi<\/a><\/strong> i\u015flemi sonras\u0131nda b\u00f6lgede enfeksiyon olu\u015ftu\u011funu d\u00fc\u015f\u00fcn\u00fcyorsan\u0131z zaman kaybetmeden uzman doktorunuzdan yard\u0131m istemelisiniz.<\/p>\n<p>&#8220;Sa\u00e7 ekimi sonras\u0131 enfeksiyon olu\u015fur mu?&#8221; sorusu sa\u00e7 ekimi yapt\u0131rm\u0131\u015f ki\u015filer taraf\u0131ndan en fazla y\u00f6neltilen sorulardan biridir. Dr. Yetkin Bayer, &#8220;Sa\u00e7 ekimi sonras\u0131 enfeksiyon belirtileri nelerdir?&#8221; ve &#8220;Sa\u00e7 ekimi sonras\u0131 enfeksiyon nas\u0131l \u00f6nlenir?&#8221; gibi sorular\u0131 sizler i\u00e7in yan\u0131tl\u0131yor.<\/p>\n<div id=\"ez-toc-container\" class=\"ez-toc-v2_0_82_2 counter-flat ez-toc-counter ez-toc-grey ez-toc-container-direction\">\n<div class=\"ez-toc-title-container\">\n<p class=\"ez-toc-title\" style=\"cursor:inherit\">Table of Contents<\/p>\n<span class=\"ez-toc-title-toggle\"><a href=\"#\" class=\"ez-toc-pull-right ez-toc-btn ez-toc-btn-xs ez-toc-btn-default ez-toc-toggle\" aria-label=\"\u0130\u00e7indekiler Tablosunu A\u00e7\/Kapat\"><span class=\"ez-toc-js-icon-con\"><span class=\"\"><span class=\"eztoc-hide\" style=\"display:none;\">Toggle<\/span><span class=\"ez-toc-icon-toggle-span\"><svg style=\"fill: #999;color:#999\" xmlns=\"http:\/\/www.w3.org\/2000\/svg\" class=\"list-377408\" width=\"20px\" height=\"20px\" viewBox=\"0 0 24 24\" fill=\"none\"><path d=\"M6 6H4v2h2V6zm14 0H8v2h12V6zM4 11h2v2H4v-2zm16 0H8v2h12v-2zM4 16h2v2H4v-2zm16 0H8v2h12v-2z\" fill=\"currentColor\"><\/path><\/svg><svg style=\"fill: #999;color:#999\" class=\"arrow-unsorted-368013\" xmlns=\"http:\/\/www.w3.org\/2000\/svg\" width=\"10px\" height=\"10px\" viewBox=\"0 0 24 24\" version=\"1.2\" baseProfile=\"tiny\"><path d=\"M18.2 9.3l-6.2-6.3-6.2 6.3c-.2.2-.3.4-.3.7s.1.5.3.7c.2.2.4.3.7.3h11c.3 0 .5-.1.7-.3.2-.2.3-.5.3-.7s-.1-.5-.3-.7zM5.8 14.7l6.2 6.3 6.2-6.3c.2-.2.3-.5.3-.7s-.1-.5-.3-.7c-.2-.2-.4-.3-.7-.3h-11c-.3 0-.5.1-.7.3-.2.2-.3.5-.3.7s.1.5.3.7z\"\/><\/svg><\/span><\/span><\/span><\/a><\/span><\/div>\n<nav><ul class='ez-toc-list ez-toc-list-level-1 eztoc-toggle-hide-by-default' ><li class='ez-toc-page-1'><a class=\"ez-toc-link ez-toc-heading-1\" href=\"#\" data-href=\"https:\/\/www.yetkinbayer.com\/tr\/sac-ekimi-sonrasi-enfeksiyon-olusumu-nedir\/#Sac_Ekimi_Sonrasi_Enfeksiyon_Belirtileri_Nedir\" >Sa\u00e7 Ekimi Sonras\u0131 Enfeksiyon Belirtileri Nedir?<\/a><\/li><li class='ez-toc-page-1'><a class=\"ez-toc-link ez-toc-heading-2\" href=\"#\" data-href=\"https:\/\/www.yetkinbayer.com\/tr\/sac-ekimi-sonrasi-enfeksiyon-olusumu-nedir\/#Sac_Ekimi_Islemi_Sonrasi_Enfeksiyon_Tedavisi_ve_Enfeksiyon_Nasil_Onlenir\" >Sa\u00e7 Ekimi \u0130\u015flemi Sonras\u0131 Enfeksiyon Tedavisi ve Enfeksiyon Nas\u0131l \u00d6nlenir?<\/a><\/li><li class='ez-toc-page-1'><a class=\"ez-toc-link ez-toc-heading-3\" href=\"#\" data-href=\"https:\/\/www.yetkinbayer.com\/tr\/sac-ekimi-sonrasi-enfeksiyon-olusumu-nedir\/#Sac_Ekimi_Islemi_Sonrasi_Enfeksiyon_Kaparsaniz_Ne_Yapmalisiniz\" >Sa\u00e7 Ekimi \u0130\u015flemi Sonras\u0131 Enfeksiyon Kaparsan\u0131z Ne Yapmal\u0131s\u0131n\u0131z?<\/a><\/li><li class='ez-toc-page-1'><a class=\"ez-toc-link ez-toc-heading-4\" href=\"#\" data-href=\"https:\/\/www.yetkinbayer.com\/tr\/sac-ekimi-sonrasi-enfeksiyon-olusumu-nedir\/#Sac_Ekimi_Islemi_Sonrasinda_Istenmeyen_Etkiler_ve_Komplikasyonlar\" >Sa\u00e7 Ekimi \u0130\u015flemi Sonras\u0131nda \u0130stenmeyen Etkiler ve Komplikasyonlar<\/a><\/li><\/ul><\/nav><\/div>\n<h2 class=\"p1\"><span class=\"ez-toc-section\" id=\"Sac_Ekimi_Sonrasi_Enfeksiyon_Belirtileri_Nedir\"><\/span>Sa\u00e7 Ekimi Sonras\u0131 Enfeksiyon Belirtileri Nedir?<span class=\"ez-toc-section-end\"><\/span><\/h2>\n<p class=\"p1\">Sa\u00e7 ekimi i\u015flemi sonras\u0131nda \u00e7e\u015fitli nedenlerden dolay\u0131 sa\u00e7 derisinde enfeksiyon g\u00f6r\u00fclme durumu m\u00fcmk\u00fcnd\u00fcr. Bu komplikasyon her hastada yayg\u0131n bir durum de\u011fildir. Sa\u00e7 ekimi i\u015flemi yapt\u0131ran t\u00fcm hastalar\u0131n iyile\u015fme s\u00fcrecinin ilk zamanlar\u0131nda herhangi bir enfeksiyon veya komplikasyonla kar\u015f\u0131la\u015fmayaca\u011f\u0131 unutulmamal\u0131d\u0131r.<\/p>\n<p class=\"p1\">Sa\u00e7 derisi enfeksiyonlar\u0131 \u00e7o\u011funlukla sa\u00e7 ekimi operasyonunda 1-2 g\u00fcn sonra, iyile\u015fme s\u00fcrecinde ise yeni sa\u00e7lar\u0131n \u00e7\u0131karak b\u00fcy\u00fcmeye ve uzamaya ba\u015flad\u0131\u011f\u0131 zaman ortaya \u00e7\u0131kar. Sa\u00e7 ekimi i\u015flemi sonras\u0131nda sa\u00e7 derisinin b\u00fct\u00fcn b\u00f6lgelerinde enfeksiyonlar\u0131 g\u00f6r\u00fclebilir. Bunun sebebi enfeksiyonun yak\u0131ndaki h\u00fccrelere de yay\u0131labilme riskinin olmas\u0131d\u0131r.<\/p>\n<p class=\"p1\">Sa\u00e7 ekimi operasyonu sonras\u0131nda enfeksiyon belirtileri\u00a0genellikle kesik bulunan b\u00f6lgelerde g\u00f6r\u00fcl\u00fcr. Sa\u00e7 derisinin bak\u0131m\u0131n\u0131n yap\u0131lmamas\u0131, temizlenmemesi, d\u00fczenli bir \u015fekilde y\u0131kama yap\u0131lmamas\u0131, hijyene dikkat edilmemesi, hijyenik olmayan ortamlarda bulunma ve d\u00fc\u015f\u00fck ba\u011f\u0131\u015f\u0131kl\u0131k sistemi gibi altta yatan nedenler enfeksiyon olu\u015fumuna sebebiyet veren riskler aras\u0131ndad\u0131r.<\/p>\n<p class=\"p1\"><strong><a href=\"https:\/\/www.yetkinbayer.com\/tr\/sac-ekimi-sonrasi\">Sa\u00e7 ekimi sonras\u0131<\/a><\/strong> enfeksiyon belirtilerden bahseder olursak sa\u00e7 derisinde yaralar\u0131n olu\u015fmas\u0131, yaralardan ak\u0131nt\u0131lar\u0131n olmas\u0131, yaralarla birlikte ka\u015f\u0131nt\u0131, a\u011fr\u0131, sa\u00e7 derisinde kabuklanma olu\u015fumu, k\u0131zar\u0131kl\u0131k, \u015fi\u015flik ve ka\u015f\u0131nt\u0131 enfeksiyonun en \u00f6nemli belirtilerindendir<\/p>\n<h2 class=\"p1\"><span class=\"ez-toc-section\" id=\"Sac_Ekimi_Islemi_Sonrasi_Enfeksiyon_Tedavisi_ve_Enfeksiyon_Nasil_Onlenir\"><\/span>Sa\u00e7 Ekimi \u0130\u015flemi Sonras\u0131 Enfeksiyon Tedavisi ve Enfeksiyon Nas\u0131l \u00d6nlenir?<span class=\"ez-toc-section-end\"><\/span><\/h2>\n<p class=\"p1\">Kan bas\u0131nc\u0131n\u0131z\u0131 y\u00fckseltecek aktivitelerden m\u00fcmk\u00fcn oldu\u011funca ka\u00e7\u0131nmal\u0131s\u0131n\u0131z. Bu t\u00fcr y\u00fcksek enerji gerektiren aktiviteler yaralar\u0131n kanamas\u0131na ve enfeksiyon riskine sebep olur. S\u0131k s\u0131k sa\u00e7 derisine dokunman\u0131z i\u015flem sonras\u0131nda enfeksiyon olu\u015fumuna sebep olabilir. \u00c7\u00fcnk\u00fc ellerimizi ne kadar temizlersek temizleyelim zararl\u0131 bakteriler olabiliyor.<\/p>\n<p class=\"p1\">Bu da enfeksiyon riskini artt\u0131r\u0131yor. Sa\u00e7 derinizi ka\u015f\u0131man\u0131zda enfeksiyon riskini beraberinde getirebilir. Bir\u00e7ok iyile\u015fme s\u00fcrecinde oldu\u011fu gibi sa\u00e7 ekimi i\u015flemi sonras\u0131nda iyile\u015fme s\u00fcrecinde i\u015flem yap\u0131lan b\u00f6lge ka\u015f\u0131nabilmektedir. Ancak bu b\u00f6lgeyi ka\u015f\u0131rsan\u0131z enfeksiyon riskini artt\u0131rm\u0131\u015f olursunuz.<\/p>\n<p class=\"p1\">Bunun yerine doktorunuz size yazd\u0131\u011f\u0131 ka\u015f\u0131nt\u0131 \u00f6nleyici ila\u00e7lar\u0131 kullanmal\u0131s\u0131n\u0131z. Doktorunuz \u00f6nerdiyse tuzlu sprey sol\u00fcsyonu kullanabilirsiniz. Bu sol\u00fcsyon i\u015flem yap\u0131lan b\u00f6lgedeki mikroplar\u0131 \u00f6ld\u00fcrecektir. \u0130la\u00e7lar\u0131n\u0131z\u0131 ve antibiyotiklerinizi d\u00fczenli bir \u015fekilde kullanmak enfeksiyon riskini \u00f6nleyecektir.<\/p>\n<p class=\"p1\">Sa\u00e7 ekimi i\u015flemi sonras\u0131 sigara ve alkol t\u00fcketimini kesmek veya azaltmak iyile\u015fme s\u00fcrecinizi h\u0131zland\u0131racakt\u0131r. T\u00fcm bunlara uyarsan\u0131z enfeksiyon riskini azaltm\u0131\u015f ve \u00f6nlemi\u015f olacaks\u0131n\u0131z.<\/p>\n<h2 class=\"p1\"><span class=\"ez-toc-section\" id=\"Sac_Ekimi_Islemi_Sonrasi_Enfeksiyon_Kaparsaniz_Ne_Yapmalisiniz\"><\/span>Sa\u00e7 Ekimi \u0130\u015flemi Sonras\u0131 Enfeksiyon Kaparsan\u0131z Ne Yapmal\u0131s\u0131n\u0131z?<span class=\"ez-toc-section-end\"><\/span><\/h2>\n<p class=\"p1\">Sa\u00e7 ekimi i\u015flemi sonras\u0131nda k\u0131zar\u0131kl\u0131k, sa\u00e7 derisinde \u015fi\u015flik, kanama ve sa\u00e7 derisinde yanmalar gibi istenmeyen etkiler hissederseniz hemen sa\u00e7 ekim i\u015fleminizi yapan doktorunuzdan yard\u0131m istemelisiniz.\u00a0Sa\u00e7 ekimi i\u015flemi sonras\u0131nda ya\u015fanan enfeksiyon\u00a0hafife al\u0131nmamal\u0131 ve katiyen atlanmamal\u0131d\u0131r. Hasta enfeksiyon sorununu tek ba\u015f\u0131n\u0131za \u00e7\u00f6zemez.<\/p>\n<p class=\"p1\">Bu durumda mutlaka bir doktora dan\u0131\u015fmal\u0131, enfeksiyonu tedavi etmede ve sa\u011fl\u0131k durumunuzu d\u00fczeltmede doktor yard\u0131m\u0131 \u00f6nemli bir durumdur. Sa\u00e7 ekimi i\u015flemi sonras\u0131 ya\u015fanan enfeksiyon, k\u00fc\u00e7\u00fck bir yara veya b\u00fcy\u00fck bir yarada ortaya \u00e7\u0131kabilecek bir komplikasyondur.<\/p>\n<p class=\"p1\">Hastalar\u0131n sa\u00e7 ekimi i\u015flemi s\u0131ras\u0131nda dikkat etmesi gereken noktalar vard\u0131r. Enfeksiyon riski ya\u015fanabilecek di\u011fer komplikasyonlara g\u00f6re daha d\u00fc\u015f\u00fck bir risk ta\u015f\u0131maktad\u0131r. Sa\u00e7 derisi bak\u0131m\u0131 basittir ve a\u011fr\u0131s\u0131z bir i\u015flemdir. Bu bak\u0131ma dikkat etmek sa\u00e7 ekimi i\u015flemi sonras\u0131 enfeksiyon riskini belirli \u00f6l\u00e7\u00fcde azaltacakt\u0131r.<\/p>\n<p class=\"p1\">Sa\u00e7 derisine iyile\u015fme s\u00fcrecinde \u00e7ok dikkat edilmelidir. Sa\u00e7 derisine s\u00fcrekli dokunmak ve sert hareketlerde bulunmak sa\u011fl\u0131\u011f\u0131n\u0131z\u0131 tehlikeye atar. Hasta i\u015flem sonras\u0131 t\u00fcketilen sigara ve alkol miktar\u0131n\u0131 m\u00fcmk\u00fcn oldu\u011funca azaltmal\u0131d\u0131r. Antibiyotikler enfeksiyon riskini \u00f6nlemek i\u00e7in iyi bir \u00e7\u00f6z\u00fcmd\u00fcr. Ancak doktor yazarsa kullan\u0131lmal\u0131d\u0131r.<\/p>\n<h2 class=\"p1\"><span class=\"ez-toc-section\" id=\"Sac_Ekimi_Islemi_Sonrasinda_Istenmeyen_Etkiler_ve_Komplikasyonlar\"><\/span>Sa\u00e7 Ekimi \u0130\u015flemi Sonras\u0131nda \u0130stenmeyen Etkiler ve Komplikasyonlar<span class=\"ez-toc-section-end\"><\/span><\/h2>\n<p class=\"p1\">Sa\u00e7 ekimi i\u015flemi sonras\u0131nda baz\u0131 durumlarda yan etkiler ve komplikasyonlar olu\u015fabilmektedir. Bunun sebebinin i\u015flemin bilin\u00e7siz ki\u015filere yapt\u0131r\u0131lmas\u0131 ve hastane, t\u0131p merkezi gibi yerlerde yapt\u0131r\u0131lmamas\u0131 oldu\u011funu s\u00f6yleyebiliriz.<\/p>\n<p class=\"p1\">\u0130yi ve uzman bir ki\u015fiye yapt\u0131r\u0131lan i\u015flemlerde hastalarda komplikasyon olu\u015fumu olduk\u00e7a azd\u0131r. Ayr\u0131ca hastalar\u0131nda komplikasyon olu\u015fumlar\u0131nda dikkat etmesi gerekir. \u00c7\u00fcnk\u00fc iyile\u015fme s\u00fcrecinde yap\u0131lan bak\u0131mlar ve doktor tavsiyelerine uymak kompilasyonlar\u0131n olu\u015fumunu azaltacakt\u0131r.<\/p>\n<p class=\"p1\">Sa\u00e7 ekimi i\u015flemini yapacak uzman doktorun ve iyile\u015fme s\u00fcrecinde gerekli \u015fartlara uymas\u0131 gereken hastan\u0131n bilin\u00e7li olmas\u0131 bu komplikasyonlar\u0131n olu\u015fumunu \u00f6nleyecektir. Sa\u00e7 ekimi i\u015flemi sonras\u0131nda dikkat edilmesi gereken bu unsurlara \u00f6zen g\u00f6sterildi\u011finde ve uyuldu\u011funda enfeksiyon riski b\u00fcy\u00fck \u00f6l\u00e7\u00fcde azalacakt\u0131r.<\/p>\n<p class=\"p1\">Sa\u00e7 ekimi operasyonu sonras\u0131nda d\u00fczenli doktor kontrol\u00fcne gitmekte i\u015flemin yan etkilerini ve komplikasyonlar\u0131n\u0131 erken fark edebilmek a\u00e7\u0131s\u0131ndan \u00e7ok \u00f6nemlidir. Bu y\u00fczden doktor kontrollerinizi atlamamal\u0131s\u0131n\u0131z.<\/p>\n<p class=\"p1\">\u0130yile\u015fme s\u00fcrecinde hastan\u0131n ki\u015fisel hijyenine ve \u00f6z bak\u0131m\u0131na \u00f6zen g\u00f6stermesi, sa\u00e7 ekimi yap\u0131lan b\u00f6lgeye temastan ka\u00e7\u0131nmas\u0131 ve sa\u00e7\u0131yla ilgili akl\u0131na tak\u0131lan her soruyu doktorunuza dan\u0131\u015farak yapmas\u0131 hastan\u0131n yarar\u0131na olacakt\u0131r.<\/p>\n<p class=\"p1\">Yasal Uyar\u0131: Bu sayfadaki ifadeler bilgi verme ama\u00e7l\u0131 olup, ba\u011flay\u0131c\u0131 nitelik ta\u015f\u0131maz. Hi\u00e7bir bilgi, tedavi tavsiyesi olmay\u0131p, doktor tavsiyelerinin \u00f6n\u00fcnde de\u011fildir. Kesin bilgi ve talimatlar\u0131, yaln\u0131zca doktorunuzdan alman\u0131z sa\u011fl\u0131\u011f\u0131n\u0131z a\u00e7\u0131s\u0131ndan son derece \u00f6nemlidir.<\/p>\n<p><strong>Kaynak\u00e7a:<\/strong><\/p>\n<p><a href=\"https:\/\/www.healthline.com\/health\/infected-hair-transplant\" target=\"_blank\" rel=\"noopener\">https:\/\/www.healthline.com\/health\/infected-hair-transplant<\/a><\/p>\n","protected":false},"excerpt":{"rendered":"<p>Sa\u00e7 ekimi i\u015flemi yap\u0131l\u0131rken, sa\u00e7 derisinde ve sa\u00e7 ekim alan\u0131nda bir\u00e7ok delik a\u00e7\u0131l\u0131r ve ciltte yaralar olu\u015fur. Bu deliklerden mikrop girme olas\u0131l\u0131\u011f\u0131 bulunur. Bu deliklerden mikrop girdi\u011fi takdirde sa\u00e7 ekimi i\u015flemi sonras\u0131 b\u00f6lge enfeksiyon kapar. Bu sebeple sa\u00e7 ekimi i\u015flemi s\u00fcrecinde uzman doktorun, iyile\u015fme s\u00fcrecinde ise hastan\u0131n i\u015flem yap\u0131lan b\u00f6lgenin mikrop kapmamas\u0131 i\u00e7in dikkat etmelidir. [&hellip;]<\/p>\n","protected":false},"author":1,"featured_media":3979,"comment_status":"closed","ping_status":"closed","sticky":false,"template":"","format":"standard","meta":{"footnotes":""},"categories":[9],"tags":[],"class_list":["post-3977","post","type-post","status-publish","format-standard","has-post-thumbnail","hentry","category-blog"],"_links":{"self":[{"href":"https:\/\/www.yetkinbayer.com\/tr\/wp-json\/wp\/v2\/posts\/3977","targetHints":{"allow":["GET"]}}],"collection":[{"href":"https:\/\/www.yetkinbayer.com\/tr\/wp-json\/wp\/v2\/posts"}],"about":[{"href":"https:\/\/www.yetkinbayer.com\/tr\/wp-json\/wp\/v2\/types\/post"}],"author":[{"embeddable":true,"href":"https:\/\/www.yetkinbayer.com\/tr\/wp-json\/wp\/v2\/users\/1"}],"replies":[{"embeddable":true,"href":"https:\/\/www.yetkinbayer.com\/tr\/wp-json\/wp\/v2\/comments?post=3977"}],"version-history":[{"count":1,"href":"https:\/\/www.yetkinbayer.com\/tr\/wp-json\/wp\/v2\/posts\/3977\/revisions"}],"predecessor-version":[{"id":3992,"href":"https:\/\/www.yetkinbayer.com\/tr\/wp-json\/wp\/v2\/posts\/3977\/revisions\/3992"}],"wp:featuredmedia":[{"embeddable":true,"href":"https:\/\/www.yetkinbayer.com\/tr\/wp-json\/wp\/v2\/media\/3979"}],"wp:attachment":[{"href":"https:\/\/www.yetkinbayer.com\/tr\/wp-json\/wp\/v2\/media?parent=3977"}],"wp:term":[{"taxonomy":"category","embeddable":true,"href":"https:\/\/www.yetkinbayer.com\/tr\/wp-json\/wp\/v2\/categories?post=3977"},{"taxonomy":"post_tag","embeddable":true,"href":"https:\/\/www.yetkinbayer.com\/tr\/wp-json\/wp\/v2\/tags?post=3977"}],"curies":[{"name":"wp","href":"https:\/\/api.w.org\/{rel}","templated":true}]}}