{"id":3940,"date":"2024-02-18T17:21:19","date_gmt":"2024-02-18T14:21:19","guid":{"rendered":"https:\/\/www.yetkinbayer.com\/cracks-after-hair-transplant\/"},"modified":"2025-04-29T15:55:15","modified_gmt":"2025-04-29T12:55:15","slug":"sac-ekimi-sonrasi-catlaklar","status":"publish","type":"post","link":"https:\/\/www.yetkinbayer.com\/tr\/sac-ekimi-sonrasi-catlaklar\/","title":{"rendered":"Sa\u00e7 Ekimi Sonras\u0131 \u00c7atlaklar"},"content":{"rendered":"<p class=\"p1\">Sa\u00e7 ekimi s\u00fcreci sonras\u0131 hastalar\u0131n ya\u015fad\u0131\u011f\u0131 k\u00fc\u00e7\u00fck sorunlar olabilir. Bu sorunlardan biri de sa\u00e7 ekimi sonras\u0131 olu\u015fan \u00e7atlaklard\u0131r. Bu \u00e7atlaklar\u0131n boyutu ki\u015fiden ki\u015fiye de\u011fi\u015febilmektedir. <a href=\"https:\/\/yetkinbayer.com\/sac-ekimi\" target=\"_blank\" rel=\"noopener\">Sa\u00e7 ekimi<\/a> bir s\u00fcre\u00e7tir ve s\u00fcre\u00e7 ilerledik\u00e7e bu sorunlar ortadan kalkar.<\/p>\n<p>&#8220;Sa\u00e7 ekimi sonras\u0131 \u00e7atlak olu\u015fur mu?&#8221; sorusu sa\u00e7 ekimi yapt\u0131rm\u0131\u015f ki\u015filer taraf\u0131ndan en fazla y\u00f6neltilen sorulardan biridir. Dr. Yetkin Bayer, &#8220;Sa\u00e7 ekimi sonras\u0131 \u00e7atlak nedir?&#8221; ve &#8220;Sa\u00e7 ekimi sonras\u0131 \u00e7atlaklar\u0131n olu\u015fmas\u0131 normal midir?&#8221; gibi sorular\u0131 sizler i\u00e7in yan\u0131tl\u0131yor.<\/p>\n<div id=\"ez-toc-container\" class=\"ez-toc-v2_0_82_2 counter-flat ez-toc-counter ez-toc-grey ez-toc-container-direction\">\n<div class=\"ez-toc-title-container\">\n<p class=\"ez-toc-title\" style=\"cursor:inherit\">Table of Contents<\/p>\n<span class=\"ez-toc-title-toggle\"><a href=\"#\" class=\"ez-toc-pull-right ez-toc-btn ez-toc-btn-xs ez-toc-btn-default ez-toc-toggle\" aria-label=\"\u0130\u00e7indekiler Tablosunu A\u00e7\/Kapat\"><span class=\"ez-toc-js-icon-con\"><span class=\"\"><span class=\"eztoc-hide\" style=\"display:none;\">Toggle<\/span><span class=\"ez-toc-icon-toggle-span\"><svg style=\"fill: #999;color:#999\" xmlns=\"http:\/\/www.w3.org\/2000\/svg\" class=\"list-377408\" width=\"20px\" height=\"20px\" viewBox=\"0 0 24 24\" fill=\"none\"><path d=\"M6 6H4v2h2V6zm14 0H8v2h12V6zM4 11h2v2H4v-2zm16 0H8v2h12v-2zM4 16h2v2H4v-2zm16 0H8v2h12v-2z\" fill=\"currentColor\"><\/path><\/svg><svg style=\"fill: #999;color:#999\" class=\"arrow-unsorted-368013\" xmlns=\"http:\/\/www.w3.org\/2000\/svg\" width=\"10px\" height=\"10px\" viewBox=\"0 0 24 24\" version=\"1.2\" baseProfile=\"tiny\"><path d=\"M18.2 9.3l-6.2-6.3-6.2 6.3c-.2.2-.3.4-.3.7s.1.5.3.7c.2.2.4.3.7.3h11c.3 0 .5-.1.7-.3.2-.2.3-.5.3-.7s-.1-.5-.3-.7zM5.8 14.7l6.2 6.3 6.2-6.3c.2-.2.3-.5.3-.7s-.1-.5-.3-.7c-.2-.2-.4-.3-.7-.3h-11c-.3 0-.5.1-.7.3-.2.2-.3.5-.3.7s.1.5.3.7z\"\/><\/svg><\/span><\/span><\/span><\/a><\/span><\/div>\n<nav><ul class='ez-toc-list ez-toc-list-level-1 eztoc-toggle-hide-by-default' ><li class='ez-toc-page-1'><a class=\"ez-toc-link ez-toc-heading-1\" href=\"#\" data-href=\"https:\/\/www.yetkinbayer.com\/tr\/sac-ekimi-sonrasi-catlaklar\/#Sac_Ekimi_Sonrasi_Catlak_Nedir\" >Sa\u00e7 Ekimi Sonras\u0131 \u00c7atlak Nedir?<\/a><\/li><li class='ez-toc-page-1'><a class=\"ez-toc-link ez-toc-heading-2\" href=\"#\" data-href=\"https:\/\/www.yetkinbayer.com\/tr\/sac-ekimi-sonrasi-catlaklar\/#Sac_Ekimi_Sonrasi_Catlaklarin_Olusmasi_Normal_Midir\" >Sa\u00e7 Ekimi Sonras\u0131 \u00c7atlaklar\u0131n Olu\u015fmas\u0131 Normal Midir?<\/a><\/li><li class='ez-toc-page-1'><a class=\"ez-toc-link ez-toc-heading-3\" href=\"#\" data-href=\"https:\/\/www.yetkinbayer.com\/tr\/sac-ekimi-sonrasi-catlaklar\/#Sac_Ekimi_Sonrasi_Catlaklar_Neden_Ortaya_Cikar\" >Sa\u00e7 Ekimi Sonras\u0131 \u00c7atlaklar Neden Ortaya \u00c7\u0131kar?<\/a><\/li><li class='ez-toc-page-1'><a class=\"ez-toc-link ez-toc-heading-4\" href=\"#\" data-href=\"https:\/\/www.yetkinbayer.com\/tr\/sac-ekimi-sonrasi-catlaklar\/#Sac_Ekimi_Sonrasi_Catlaklar_Ne_Zaman_Gecer\" >Sa\u00e7 Ekimi Sonras\u0131 \u00c7atlaklar Ne Zaman Ge\u00e7er?<\/a><\/li><li class='ez-toc-page-1'><a class=\"ez-toc-link ez-toc-heading-5\" href=\"#\" data-href=\"https:\/\/www.yetkinbayer.com\/tr\/sac-ekimi-sonrasi-catlaklar\/#Sac_Ekimi_Sonrasi_Catlaklar_Nasil_Gecer\" >Sa\u00e7 Ekimi Sonras\u0131 \u00c7atlaklar Nas\u0131l Ge\u00e7er?<\/a><\/li><li class='ez-toc-page-1'><a class=\"ez-toc-link ez-toc-heading-6\" href=\"#\" data-href=\"https:\/\/www.yetkinbayer.com\/tr\/sac-ekimi-sonrasi-catlaklar\/#Sac_Ekimi_Sonrasi_Saca_Jole_Surulur_Mu\" >Sa\u00e7 Ekimi Sonras\u0131 Sa\u00e7a J\u00f6le S\u00fcr\u00fcl\u00fcr M\u00fc?<\/a><\/li><li class='ez-toc-page-1'><a class=\"ez-toc-link ez-toc-heading-7\" href=\"#\" data-href=\"https:\/\/www.yetkinbayer.com\/tr\/sac-ekimi-sonrasi-catlaklar\/#Sac_Ekimi_Sonrasi_Ekilen_Saclarin_Cikmama_Olasiligi_Var_Midir\" >Sa\u00e7 Ekimi Sonras\u0131 Ekilen Sa\u00e7lar\u0131n \u00c7\u0131kmama Olas\u0131l\u0131\u011f\u0131 Var M\u0131d\u0131r?<\/a><\/li><li class='ez-toc-page-1'><a class=\"ez-toc-link ez-toc-heading-8\" href=\"#\" data-href=\"https:\/\/www.yetkinbayer.com\/tr\/sac-ekimi-sonrasi-catlaklar\/#Sac_Ekimi_Sonrasinda_Dikkat_Etmeniz_Gerekenler\" >Sa\u00e7 Ekimi Sonras\u0131nda Dikkat Etmeniz Gerekenler<\/a><\/li><\/ul><\/nav><\/div>\n<h2 class=\"p1\"><span class=\"ez-toc-section\" id=\"Sac_Ekimi_Sonrasi_Catlak_Nedir\"><\/span>Sa\u00e7 Ekimi Sonras\u0131 \u00c7atlak Nedir?<span class=\"ez-toc-section-end\"><\/span><\/h2>\n<p class=\"p1\">Sa\u00e7 ekim i\u015flemi sonras\u0131nda olu\u015fan \u00e7atlak, sa\u00e7 ekilen b\u00f6lgede k\u00fc\u00e7\u00fck kanallar \u015feklinde olu\u015fan ve i\u00e7inde sa\u00e7 k\u00f6k\u00fc olmayan iri veya ufak \u00e7atlaklard\u0131r. Olu\u015fan \u00e7atlaklar sa\u00e7 k\u00f6klerinin kenarlar\u0131nda ortaya \u00e7\u0131kmaktad\u0131r.<\/p>\n<h2 class=\"p1\"><span class=\"ez-toc-section\" id=\"Sac_Ekimi_Sonrasi_Catlaklarin_Olusmasi_Normal_Midir\"><\/span>Sa\u00e7 Ekimi Sonras\u0131 \u00c7atlaklar\u0131n Olu\u015fmas\u0131 Normal Midir?<span class=\"ez-toc-section-end\"><\/span><\/h2>\n<p class=\"p1\"><a href=\"https:\/\/yetkinbayer.com\/sac-ekim-sonrasi.html\" target=\"_blank\" rel=\"noopener\">Sa\u00e7 ekimi sonras\u0131<\/a> ekim yap\u0131lan b\u00f6lgede \u00e7atlaklar\u0131n olu\u015fmas\u0131 i\u015flemin normal bir s\u00fcrecidir. Ancak baz\u0131 hastalarda derin \u00e7atlaklar g\u00f6r\u00fclmeyebilmektedir. \u00c7atlaklar sa\u00e7 ekim operasyonunun normal bir a\u015famas\u0131 olarak g\u00f6r\u00fclmektedir ve endi\u015fe duyman\u0131za gerek yoktur. \u0130yile\u015fme s\u00fcreci i\u00e7inde derinizdeki \u00e7atlaklar kendili\u011finden ge\u00e7ecektir. Sa\u00e7 ekimi i\u015flemi yap\u0131ld\u0131ktan 15 g\u00fcn sonra bu sorun devam ediyor ise sa\u00e7 ekim uzman\u0131ndan yard\u0131m istemeniz do\u011fru olacakt\u0131r.<\/p>\n<h2 class=\"p1\"><span class=\"ez-toc-section\" id=\"Sac_Ekimi_Sonrasi_Catlaklar_Neden_Ortaya_Cikar\"><\/span>Sa\u00e7 Ekimi Sonras\u0131 \u00c7atlaklar Neden Ortaya \u00c7\u0131kar?<span class=\"ez-toc-section-end\"><\/span><\/h2>\n<p class=\"p1\">Sa\u00e7 ekimi ameliyat\u0131, cerrahi bir operasyondur. Sa\u00e7 ekimi operasyonunda sa\u00e7 ekilecek b\u00f6lgeye sa\u00e7 k\u00f6klerinin ekilece\u011fi kanallar bir di\u011fer tabirle delikler a\u00e7\u0131l\u0131r. A\u00e7\u0131lan t\u00fcm kanal ve deliklerden d\u0131\u015far\u0131ya belli bir miktarda kan s\u0131z\u0131nt\u0131s\u0131 olur. Sa\u00e7 ekimi i\u015flemi sonras\u0131nda i\u015flem yap\u0131lan b\u00f6lge 2-3 g\u00fcn boyunca y\u0131kanmamal\u0131d\u0131r. Bu sebeple d\u0131\u015far\u0131ya kan s\u0131z\u0131nt\u0131s\u0131 olan b\u00f6lge su ile y\u0131kan\u0131p temizlenememektedir. Derinin y\u00fczeyinde olu\u015fan kan s\u0131z\u0131nt\u0131lar\u0131 p\u0131ht\u0131la\u015farak kurur ve kabuklan\u0131r. Deri y\u00fczeyindeki kan ve kabukla\u015fmalar kuruyunca gerilmekte ve b\u00fcz\u00fc\u015fmektedir. Gerilme sonucunda ise sa\u00e7 ekimi yap\u0131lan b\u00f6lgedeki kabuklar birbirinden ayr\u0131l\u0131r ve sa\u00e7 ekimi sonras\u0131 \u00e7atlaklar olu\u015fur. Sa\u00e7 ekimi operasyonundan sonra olu\u015fan \u00e7atlaklar 3. G\u00fcnden itibaren belirginle\u015fir. En yo\u011fun olarak ise 5. Ve 8. G\u00fcnler aras\u0131nda g\u00f6r\u00fcl\u00fcr. Genellikle ilk haftada ortaya \u00e7\u0131kan \u00e7atlaklar hemen hemen t\u00fcm sa\u00e7 ekimi yapt\u0131ran hastalarda g\u00f6r\u00fclmekte ve normal bir durum oldu\u011fu bilinmektedir. Bu sebeple sa\u00e7 ekim b\u00f6lgesinde \u00e7atlaklar bulunan hastalar\u0131n endi\u015felenmesine gerek yoktur.<\/p>\n<h2 class=\"p1\"><span class=\"ez-toc-section\" id=\"Sac_Ekimi_Sonrasi_Catlaklar_Ne_Zaman_Gecer\"><\/span>Sa\u00e7 Ekimi Sonras\u0131 \u00c7atlaklar Ne Zaman Ge\u00e7er?<span class=\"ez-toc-section-end\"><\/span><\/h2>\n<p class=\"p1\">Sa\u00e7 ekimi operasyonu sonras\u0131 kar\u015f\u0131la\u015f\u0131lan bir\u00e7ok ufak sorunlardan biride \u00e7atlakt\u0131r. Kar\u015f\u0131la\u015f\u0131lan t\u00fcm ufak sorunlar kendili\u011finden ge\u00e7ece\u011fi gibi sa\u00e7 ekimi sonras\u0131 \u00e7atlaklarda kendili\u011finden ge\u00e7mektedir. \u0130lk y\u0131kama sonras\u0131nda g\u00fcnl\u00fck y\u0131kamalarda do\u011fru ve kurallara uygun bir \u015fekilde uyguland\u0131\u011f\u0131nda \u00e7atlaklar 10-12 g\u00fcn aras\u0131nda tamamen kaybolmaktad\u0131r. Bu s\u00fcre\u00e7 bazen 15 g\u00fcne kadar \u00e7\u0131kabilmektedir. Sa\u00e7 ekimi yapt\u0131ran ki\u015filer sa\u00e7lar\u0131n\u0131 d\u00fczenli bir \u015fekilde y\u0131kamaya ba\u015flay\u0131nca sa\u00e7 derinizdeki kabuklar yumu\u015fayarak temizlenmeye ba\u015flayacakt\u0131r. Sa\u00e7 derinizdeki gerginli\u011fe sebep olan bu kabuklar d\u00f6k\u00fcld\u00fc\u011f\u00fcnde sa\u00e7 deriniz eski g\u00f6r\u00fcn\u00fcm\u00fcn\u00fc alacakt\u0131r. Sa\u00e7 ekimi i\u015flemi sonras\u0131nda 15 g\u00fcn ge\u00e7mesine ra\u011fmen \u00e7atlak sorunu devam ediyorsa mutlaka sa\u00e7 ekim uzman\u0131n\u0131za dan\u0131\u015fmal\u0131s\u0131n\u0131z. Uzman\u0131n tavsiyesine g\u00f6re hareket etmek do\u011fru olacakt\u0131r.<\/p>\n<h2 class=\"p1\"><span class=\"ez-toc-section\" id=\"Sac_Ekimi_Sonrasi_Catlaklar_Nasil_Gecer\"><\/span>Sa\u00e7 Ekimi Sonras\u0131 \u00c7atlaklar Nas\u0131l Ge\u00e7er?<span class=\"ez-toc-section-end\"><\/span><\/h2>\n<p class=\"p1\">Sa\u00e7 ekimi sonras\u0131 olu\u015fan \u00e7atlaklar 15 g\u00fcn i\u00e7inde kendili\u011finden ge\u00e7mektedir. Ancak \u00e7atlak problemini ya\u015famamak i\u00e7in ara\u015ft\u0131rmalar yap\u0131yorsan\u0131z veya bu problemi yeni ya\u015famaya ba\u015flad\u0131ysan\u0131z ve nas\u0131l ge\u00e7ece\u011fi hakk\u0131nda bir fikriniz yoksa sa\u00e7 ekimi sonras\u0131 \u00e7atlaklar\u0131 \u00f6nlemek ve \u00e7atlaklar\u0131n \u00e7abuk ge\u00e7mesine sa\u011flayacak dikkat etmeniz gereken baz\u0131 \u00f6nerilerimiz olacakt\u0131r.<\/p>\n<p class=\"p1\">Sa\u00e7 ekiminden sonra, sa\u00e7 ekim uzman\u0131n\u0131z taraf\u0131ndan size verilen ila\u00e7lar\u0131 d\u00fczenli olarak kullanmal\u0131s\u0131n\u0131z.<\/p>\n<p class=\"p1\">Sa\u00e7lar\u0131n\u0131z\u0131 ilk y\u0131kama g\u00fcn\u00fcne kadar sudan, ya\u011fmurdan, g\u00fcne\u015ften korumal\u0131s\u0131n\u0131z ve uzak tutmal\u0131s\u0131n\u0131z.<\/p>\n<p class=\"p1\">\u0130lk sa\u00e7 y\u0131kaman\u0131zda ve 10-15 g\u00fcnl\u00fck sa\u00e7 y\u0131kamas\u0131 boyunca, sa\u00e7 ekim uzman\u0131n\u0131z taraf\u0131ndan verilen yumu\u015fat\u0131c\u0131 krem losyonunu ekim b\u00f6lgesine s\u00fcrerek 45 dakika bekletmeli ve sonras\u0131nda y\u0131kama i\u015flemini ger\u00e7ekle\u015ftirmelisiniz.<\/p>\n<p class=\"p1\">Sa\u00e7lar\u0131n\u0131z\u0131 y\u0131kad\u0131ktan sonra iyi ve d\u00fczg\u00fcn bir \u015fekilde \u015fampuandan ar\u0131nd\u0131rmal\u0131s\u0131n\u0131z.<\/p>\n<p class=\"p1\">Sa\u00e7 ekimi sonras\u0131nda sa\u00e7 derinizde olu\u015fan \u00e7atlaklar geni\u015f ve b\u00fcy\u00fckse sa\u00e7 ekim uzman\u0131n\u0131za dan\u0131\u015fmal\u0131 ve \u00f6nerdi\u011fi krem veya losyonu d\u00fczenli bir \u015fekilde uygulamal\u0131s\u0131n\u0131z.<\/p>\n<h2 class=\"p1\"><span class=\"ez-toc-section\" id=\"Sac_Ekimi_Sonrasi_Saca_Jole_Surulur_Mu\"><\/span>Sa\u00e7 Ekimi Sonras\u0131 Sa\u00e7a J\u00f6le S\u00fcr\u00fcl\u00fcr M\u00fc?<span class=\"ez-toc-section-end\"><\/span><\/h2>\n<p class=\"p1\">Sa\u00e7 ekimi i\u015fleminden sonra sa\u00e7 ekimi yap\u0131lan b\u00f6lgeye j\u00f6le, sprey ve sa\u00e7 boyas\u0131 gibi \u00fcr\u00fcnler ilk 3 ay i\u00e7inde uygulanmamal\u0131d\u0131r. Sa\u00e7 ekimi i\u015fleminden 3 ay sonra bu \u00fcr\u00fcnlerin kullan\u0131lmas\u0131nda hi\u00e7bir sak\u0131nca yoktur.<\/p>\n<h2 class=\"p1\"><span class=\"ez-toc-section\" id=\"Sac_Ekimi_Sonrasi_Ekilen_Saclarin_Cikmama_Olasiligi_Var_Midir\"><\/span>Sa\u00e7 Ekimi Sonras\u0131 Ekilen Sa\u00e7lar\u0131n \u00c7\u0131kmama Olas\u0131l\u0131\u011f\u0131 Var M\u0131d\u0131r?<span class=\"ez-toc-section-end\"><\/span><\/h2>\n<p class=\"p1\">Sa\u00e7 ekimi i\u015flemi sonras\u0131nda ekim yap\u0131lan b\u00f6lgedeki sa\u00e7lar\u0131n tamam\u0131 \u00e7\u0131kmayabilir. \u0130\u015flem ne kadar ba\u015far\u0131l\u0131 olursa olsun <a href=\"https:\/\/yetkinbayer.com\/sac-ekimi-sonuclari.html\" target=\"_blank\" rel=\"noopener\">sonu\u00e7<\/a> %100 ba\u015far\u0131l\u0131 olmaz. Ekim yap\u0131lan b\u00f6lgedeki sa\u00e7lar\u0131n %8-10 civar\u0131n\u0131n tutmamas\u0131 beklenebilir bir durumdur.<\/p>\n<h2 class=\"p1\"><span class=\"ez-toc-section\" id=\"Sac_Ekimi_Sonrasinda_Dikkat_Etmeniz_Gerekenler\"><\/span>Sa\u00e7 Ekimi Sonras\u0131nda Dikkat Etmeniz Gerekenler<span class=\"ez-toc-section-end\"><\/span><\/h2>\n<p class=\"p1\">Sa\u00e7 ekimi operasyonu, sa\u00e7 ekimi konusunda uzman ki\u015filer taraf\u0131ndan uygulanan pratik i\u015flemlerdir. Ge\u00e7irilen bu operasyon sonras\u0131nda g\u00fcr ve sa\u011fl\u0131kl\u0131 sa\u00e7lara kavu\u015fman\u0131z muhtemeldir. Ancak sa\u00e7 ekimi i\u015flemi sonras\u0131nda dikkat etmeniz gereken baz\u0131 durumlar bulunmaktad\u0131r. Bunlar; sa\u00e7 ekimi i\u015flemi sonras\u0131nda bir s\u00fcre a\u011f\u0131r spor yapmamak, bir ay boyunca a\u011f\u0131r \u015feyler kald\u0131rmamak gibi kendinizi yoracak ve zaten gergin olan derinizin daha \u00e7ok gerilmesine sebep olabilecek durumlardan korunmak i\u00e7in dikkat edilmesi gereken \u00f6nemli konulard\u0131r. Sa\u00e7 ekimi i\u015fleminden sonra ilk 15 g\u00fcn \u00e7ok hassas ve \u00f6nemlidir. Bu sebeple ilk 15 g\u00fcn sa\u00e7 derinizi m\u00fcmk\u00fcn olabildi\u011fince korumal\u0131s\u0131n\u0131z.<\/p>\n<p class=\"p1\">Yasal Uyar\u0131: Bu sayfadaki ifadeler bilgi verme ama\u00e7l\u0131 olup, ba\u011flay\u0131c\u0131 nitelik ta\u015f\u0131maz. Hi\u00e7bir bilgi, tedavi tavsiyesi olmay\u0131p, doktor tavsiyelerinin \u00f6n\u00fcnde de\u011fildir. Kesin bilgi ve talimatlar\u0131, yaln\u0131zca doktorunuzdan alman\u0131z sa\u011fl\u0131\u011f\u0131n\u0131z a\u00e7\u0131s\u0131ndan son derece \u00f6nemlidir.<\/p>\n","protected":false},"excerpt":{"rendered":"<p>Sa\u00e7 ekimi s\u00fcreci sonras\u0131 hastalar\u0131n ya\u015fad\u0131\u011f\u0131 k\u00fc\u00e7\u00fck sorunlar olabilir. Bu sorunlardan biri de sa\u00e7 ekimi sonras\u0131 olu\u015fan \u00e7atlaklard\u0131r. Bu \u00e7atlaklar\u0131n boyutu ki\u015fiden ki\u015fiye de\u011fi\u015febilmektedir. Sa\u00e7 ekimi bir s\u00fcre\u00e7tir ve s\u00fcre\u00e7 ilerledik\u00e7e bu sorunlar ortadan kalkar. &#8220;Sa\u00e7 ekimi sonras\u0131 \u00e7atlak olu\u015fur mu?&#8221; sorusu sa\u00e7 ekimi yapt\u0131rm\u0131\u015f ki\u015filer taraf\u0131ndan en fazla y\u00f6neltilen sorulardan biridir. Dr. Yetkin Bayer, [&hellip;]<\/p>\n","protected":false},"author":1,"featured_media":3948,"comment_status":"open","ping_status":"open","sticky":false,"template":"","format":"standard","meta":{"footnotes":""},"categories":[9],"tags":[],"class_list":["post-3940","post","type-post","status-publish","format-standard","has-post-thumbnail","hentry","category-blog"],"_links":{"self":[{"href":"https:\/\/www.yetkinbayer.com\/tr\/wp-json\/wp\/v2\/posts\/3940","targetHints":{"allow":["GET"]}}],"collection":[{"href":"https:\/\/www.yetkinbayer.com\/tr\/wp-json\/wp\/v2\/posts"}],"about":[{"href":"https:\/\/www.yetkinbayer.com\/tr\/wp-json\/wp\/v2\/types\/post"}],"author":[{"embeddable":true,"href":"https:\/\/www.yetkinbayer.com\/tr\/wp-json\/wp\/v2\/users\/1"}],"replies":[{"embeddable":true,"href":"https:\/\/www.yetkinbayer.com\/tr\/wp-json\/wp\/v2\/comments?post=3940"}],"version-history":[{"count":2,"href":"https:\/\/www.yetkinbayer.com\/tr\/wp-json\/wp\/v2\/posts\/3940\/revisions"}],"predecessor-version":[{"id":3976,"href":"https:\/\/www.yetkinbayer.com\/tr\/wp-json\/wp\/v2\/posts\/3940\/revisions\/3976"}],"wp:featuredmedia":[{"embeddable":true,"href":"https:\/\/www.yetkinbayer.com\/tr\/wp-json\/wp\/v2\/media\/3948"}],"wp:attachment":[{"href":"https:\/\/www.yetkinbayer.com\/tr\/wp-json\/wp\/v2\/media?parent=3940"}],"wp:term":[{"taxonomy":"category","embeddable":true,"href":"https:\/\/www.yetkinbayer.com\/tr\/wp-json\/wp\/v2\/categories?post=3940"},{"taxonomy":"post_tag","embeddable":true,"href":"https:\/\/www.yetkinbayer.com\/tr\/wp-json\/wp\/v2\/tags?post=3940"}],"curies":[{"name":"wp","href":"https:\/\/api.w.org\/{rel}","templated":true}]}}