{"id":3675,"date":"2025-04-29T14:44:24","date_gmt":"2025-04-29T11:44:24","guid":{"rendered":"https:\/\/www.yetkinbayer.com\/?p=3675"},"modified":"2025-04-29T14:44:24","modified_gmt":"2025-04-29T11:44:24","slug":"sac-ekimi-sonrasi-ruzgar-saca-zarar-verir-mi","status":"publish","type":"post","link":"https:\/\/www.yetkinbayer.com\/tr\/sac-ekimi-sonrasi-ruzgar-saca-zarar-verir-mi\/","title":{"rendered":"Sa\u00e7 Ekimi Sonras\u0131 R\u00fczg\u00e2r Sa\u00e7a Zarar Verir Mi?"},"content":{"rendered":"<p class=\"p1\">Sa\u00e7lar estetik g\u00f6r\u00fcn\u00fcm\u00fcn tamamlanmas\u0131ndaki \u00f6nemli bir yerde bulunmaktad\u0131r. G\u00fcn\u00fcm\u00fczde sa\u00e7lar\u0131yla ilgili sorun ya\u015fayan insanlar\u0131n say\u0131s\u0131 her ge\u00e7en g\u00fcn daha \u00e7ok artmaktad\u0131r. Burada ki\u015finin kar\u015f\u0131la\u015ft\u0131\u011f\u0131 sa\u011fl\u0131k sorununu \u00e7\u00f6zebilmek ad\u0131na \u00f6ncesinde pek \u00e7ok ara\u015ft\u0131rma yapmak gerekir.<\/p>\n<p class=\"p1\">Bu ara\u015ft\u0131rman\u0131n amac\u0131 problemin kayna\u011f\u0131n\u0131n tespitini sa\u011flamak ve ona uygun \u00e7\u00f6z\u00fcm \u00f6nerileri getirmektir. ki\u015finin sa\u011fl\u0131k ge\u00e7mi\u015fi \u00f6nemli bir noktada yer al\u0131r. ki\u015finin geneti\u011fi, bir cilt hastal\u0131\u011f\u0131n\u0131n olup olmamas\u0131, vitamin de\u011ferlerindeki eksiklikler, ya\u015f\u0131n ilerlemesi, sa\u011fl\u0131ks\u0131z beslenme, kirli ya\u015fam ko\u015fullar\u0131 ve baz\u0131 hastal\u0131klar sa\u00e7larda ortaya \u00e7\u0131kan bu d\u00f6k\u00fclme ya da kellik probleminin temel sebepleri olabilmektedir.<\/p>\n<p class=\"p1\">sa\u00e7 kay\u0131plar\u0131n\u0131 engellemenin en iyi yolu, \u00f6nceden tedbir almakt\u0131r. sa\u011fl\u0131kl\u0131 besinler t\u00fcketmek, zararl\u0131 al\u0131\u015fkanl\u0131klardan uzak durmak, spor yapmak, temizlik kurallar\u0131na riayet etmek, sa\u011fl\u0131\u011fa \u00f6nem vermek bu tedbirlerin baz\u0131lar\u0131d\u0131r. t\u00fcm bu tedbirlere ra\u011fmen sa\u00e7 d\u00f6k\u00fclmesi ile kar\u015f\u0131 kar\u015f\u0131ya kal\u0131nd\u0131\u011f\u0131 durumlar da olabilmektedir. i\u015fte, b\u00f6yle durumda ilk ba\u015fvurulmas\u0131 gereken tedavi y\u00f6ntemlerinden bir tanesi sa\u00e7 ekimidir.<\/p>\n<p class=\"p1\">sa\u00e7 ekimi veya sa\u00e7 nakli i\u015flemi, ki\u015finin \u00f6n k\u0131s\u0131mda d\u00f6k\u00fclm\u00fc\u015f olan b\u00f6lgelere, her iki kula\u011f\u0131n aras\u0131nda bulunan ense k\u0131sm\u0131ndaki b\u00f6lgelerden \u00f6m\u00fcr boyu d\u00f6k\u00fclmeyecek olan sa\u00e7 k\u00f6kleri al\u0131narak \u00f6n k\u0131s\u0131mda a\u00e7\u0131lan kanallara yerle\u015ftirilmesi i\u015flemidir.<\/p>\n<p class=\"p1\">Sa\u00e7 ekimi i\u015flemi, sa\u00e7 d\u00f6k\u00fclmesi ya\u015fayan ki\u015filerde en etkili ve en kal\u0131c\u0131 tedavi olarak kabul edilmektedir. <a href=\"https:\/\/www.yetkinbayer.com\/tr\/sac-ekimi\"><strong>Sa\u00e7 ekimi<\/strong><\/a> yapt\u0131raca\u011f\u0131n\u0131z hastaneye ve sa\u00e7 ekim uzman\u0131na karar verdikten sonra, ekim sonras\u0131nda ya\u015fayabileceklerinizi g\u00f6z \u00f6n\u00fcnde bulundurman\u0131z sa\u011fl\u0131\u011f\u0131n\u0131z a\u00e7\u0131s\u0131ndan b\u00fcy\u00fck bir \u00f6nem arz etmektedir.<\/p>\n<p>&#8220;sa\u00e7 ekimi sonras\u0131 r\u00fczg\u00e2r zararl\u0131 m\u0131d\u0131r?&#8221; sorusu sa\u00e7 ekimi yapt\u0131rm\u0131\u015f ki\u015filer taraf\u0131ndan en fazla y\u00f6neltilen sorulardan biridir. dr. yetkin bayer, &#8220;sa\u00e7 ekimi sonras\u0131 r\u00fczg\u00e2r sa\u00e7a zarar verir mi?&#8221; ve &#8220;sa\u00e7 ekimi sonras\u0131 dikkat edilmesi gerekenler nelerdir?&#8221; gibi sorular\u0131 sizler i\u00e7in yan\u0131tl\u0131yor.<\/p>\n<div id=\"ez-toc-container\" class=\"ez-toc-v2_0_82_2 counter-flat ez-toc-counter ez-toc-grey ez-toc-container-direction\">\n<div class=\"ez-toc-title-container\">\n<p class=\"ez-toc-title\" style=\"cursor:inherit\">Table of Contents<\/p>\n<span class=\"ez-toc-title-toggle\"><a href=\"#\" class=\"ez-toc-pull-right ez-toc-btn ez-toc-btn-xs ez-toc-btn-default ez-toc-toggle\" aria-label=\"\u0130\u00e7indekiler Tablosunu A\u00e7\/Kapat\"><span class=\"ez-toc-js-icon-con\"><span class=\"\"><span class=\"eztoc-hide\" style=\"display:none;\">Toggle<\/span><span class=\"ez-toc-icon-toggle-span\"><svg style=\"fill: #999;color:#999\" xmlns=\"http:\/\/www.w3.org\/2000\/svg\" class=\"list-377408\" width=\"20px\" height=\"20px\" viewBox=\"0 0 24 24\" fill=\"none\"><path d=\"M6 6H4v2h2V6zm14 0H8v2h12V6zM4 11h2v2H4v-2zm16 0H8v2h12v-2zM4 16h2v2H4v-2zm16 0H8v2h12v-2z\" fill=\"currentColor\"><\/path><\/svg><svg style=\"fill: #999;color:#999\" class=\"arrow-unsorted-368013\" xmlns=\"http:\/\/www.w3.org\/2000\/svg\" width=\"10px\" height=\"10px\" viewBox=\"0 0 24 24\" version=\"1.2\" baseProfile=\"tiny\"><path d=\"M18.2 9.3l-6.2-6.3-6.2 6.3c-.2.2-.3.4-.3.7s.1.5.3.7c.2.2.4.3.7.3h11c.3 0 .5-.1.7-.3.2-.2.3-.5.3-.7s-.1-.5-.3-.7zM5.8 14.7l6.2 6.3 6.2-6.3c.2-.2.3-.5.3-.7s-.1-.5-.3-.7c-.2-.2-.4-.3-.7-.3h-11c-.3 0-.5.1-.7.3-.2.2-.3.5-.3.7s.1.5.3.7z\"\/><\/svg><\/span><\/span><\/span><\/a><\/span><\/div>\n<nav><ul class='ez-toc-list ez-toc-list-level-1 eztoc-toggle-hide-by-default' ><li class='ez-toc-page-1'><a class=\"ez-toc-link ez-toc-heading-1\" href=\"#\" data-href=\"https:\/\/www.yetkinbayer.com\/tr\/sac-ekimi-sonrasi-ruzgar-saca-zarar-verir-mi\/#sac_ekimi_sonrasi_ruzgar_saca_zarar_verir_mi\" >sa\u00e7 ekimi sonras\u0131 r\u00fczg\u00e2r sa\u00e7a zarar verir mi?<\/a><\/li><li class='ez-toc-page-1'><a class=\"ez-toc-link ez-toc-heading-2\" href=\"#\" data-href=\"https:\/\/www.yetkinbayer.com\/tr\/sac-ekimi-sonrasi-ruzgar-saca-zarar-verir-mi\/#sac_ekiminden_hemen_sonra_dikkat_edilmesi_gerekenler\" >sa\u00e7 ekiminden hemen sonra dikkat edilmesi gerekenler<\/a><\/li><li class='ez-toc-page-1'><a class=\"ez-toc-link ez-toc-heading-3\" href=\"#\" data-href=\"https:\/\/www.yetkinbayer.com\/tr\/sac-ekimi-sonrasi-ruzgar-saca-zarar-verir-mi\/#saclar_ne_kadar_surede_istenilen_duruma_gelir\" >sa\u00e7lar ne kadar s\u00fcrede istenilen duruma gelir?<\/a><\/li><\/ul><\/nav><\/div>\n<h2 class=\"p1\"><span class=\"ez-toc-section\" id=\"sac_ekimi_sonrasi_ruzgar_saca_zarar_verir_mi\"><\/span>sa\u00e7 ekimi sonras\u0131 r\u00fczg\u00e2r sa\u00e7a zarar verir mi?<span class=\"ez-toc-section-end\"><\/span><\/h2>\n<p class=\"p1\">sa\u00e7 ekimi sonras\u0131nda uzun bir s\u00fcre insanlar ya\u015famlar\u0131nda pek \u00e7ok noktaya dikkat etmelidirler. bu noktalardan biri de insanlar\u0131n bu s\u00fcre\u00e7te fazlaca maruz kalabilecekleri r\u00fczgard\u0131r. r\u00fczg\u00e2r h\u0131z\u0131na g\u00f6re insanlar\u0131n sa\u00e7 k\u00f6klerinde problemler ortaya \u00e7\u0131karabilmektedir.<\/p>\n<p class=\"p1\">Bu problemler sa\u00e7lar\u0131n k\u0131r\u0131lmas\u0131n\u0131 ve geri d\u00f6n\u00fc\u015f\u00fc olmayan s\u0131k\u0131nt\u0131lar\u0131n ortaya \u00e7\u0131kmas\u0131na neden olabilmektedir. burada yap\u0131lmas\u0131 gereken sizi r\u00fczgardan koruyabilecek tedbirler alabilmektir.<\/p>\n<p class=\"p1\">sa\u00e7 ekiminden hemen sonra a\u015f\u0131r\u0131 r\u00fczgar, a\u00e7\u0131k durumdaki sa\u00e7lar\u0131n\u0131za k\u00fc\u00e7\u00fck de olsa sarar verebilir. tabii burada etki sadece havan\u0131n etkisi de\u011fildir. havan\u0131n ta\u015f\u0131d\u0131\u011f\u0131 partik\u00fcller, operasyon b\u00f6lgesine zarar verebilir. bu sadece sa\u00e7 k\u00f6klerinin zarar g\u00f6rmesi de\u011fil, enfeksiyon gibi riskleri de kapsayabilir.<\/p>\n<p class=\"p1\">bu nedenle, en az\u0131ndan ilk 3 g\u00fcn a\u015f\u0131r\u0131 r\u00fczgarl\u0131 ve f\u0131rt\u0131nal\u0131 havalara maruz kalmaman\u0131n faydal\u0131 olaca\u011f\u0131 s\u00f6ylenebilir.<\/p>\n<h2 class=\"p1\"><span class=\"ez-toc-section\" id=\"sac_ekiminden_hemen_sonra_dikkat_edilmesi_gerekenler\"><\/span>sa\u00e7 ekiminden hemen sonra dikkat edilmesi gerekenler<span class=\"ez-toc-section-end\"><\/span><\/h2>\n<p class=\"p1\"><strong><a href=\"https:\/\/www.yetkinbayer.com\/tr\/sac-ekimi-sonrasi\">sa\u00e7 ekimi sonras\u0131<\/a><\/strong> ilk 3 g\u00fcn \u00e7ok \u00f6nemlidir. sa\u00e7 ekimi sonras\u0131nda ilk 3 g\u00fcn b\u00f6lgeye herhangi bir temasta bulunmaman\u0131z gerekiyor. operasyondan sonra ilk 15 g\u00fcn ise sa\u00e7 ekimi yap\u0131lan alan\u0131 olas\u0131 darbe ve \u00e7arpmalara kar\u015f\u0131 korumal\u0131s\u0131n\u0131z.<span class=\"apple-converted-space\">\u00a0<\/span><\/p>\n<p class=\"p1\">Sa\u00e7 ekimi sonras\u0131 ilk y\u0131kaman\u0131n \u00fc\u00e7\u00fcnc\u00fc g\u00fcnde yap\u0131lmas\u0131 gerekiyor. ilk y\u0131kama i\u015flemi i\u00e7in sa\u00e7 ekimi yapt\u0131rd\u0131\u011f\u0131n\u0131z hastaneye gidebilir ya da doktorunuzun direktifleri ile y\u0131kama i\u015flemini kendiniz ger\u00e7ekle\u015ftirebilirsiniz.<span class=\"apple-converted-space\">\u00a0<\/span><\/p>\n<p class=\"p1\">Operasyon sonras\u0131nda sigara, kafein ve alkol kullan\u0131m\u0131ndan ka\u00e7\u0131n\u0131n.<\/p>\n<p class=\"p1\">D\u00fczenli olarak kulland\u0131\u011f\u0131n\u0131z bir ila\u00e7 varsa mutlaka doktorunuza bildirin.<span class=\"apple-converted-space\">\u00a0<\/span><\/p>\n<p class=\"p1\">Vitamin, aspirin ve bitki \u00e7ay\u0131 gibi kan suland\u0131r\u0131c\u0131 \u00f6zelli\u011fi olan ila\u00e7lar\u0131 ilk hafta kullanmay\u0131n.<span class=\"apple-converted-space\">\u00a0<\/span><\/p>\n<p class=\"p1\">Sa\u00e7 ekimi sonras\u0131nda toz, ya\u011fmur, r\u00fczg\u00e2r ve g\u00fcne\u015f \u0131\u015f\u0131nlar\u0131n\u0131n ekilen sa\u00e7 k\u00f6klerine verebilece\u011fi zarar\u0131 \u00f6nlemeniz gerekmektedir. bu nedenle operasyon sonras\u0131 ilk 2 hafta \u015fapka tak\u0131n.<\/p>\n<p class=\"p1\">Operasyondan sonra ilk 15 g\u00fcn ise sa\u00e7 ekimi yap\u0131lan alan\u0131 olas\u0131 darbe ve \u00e7arpmalara kar\u015f\u0131 korumal\u0131s\u0131n\u0131z.<\/p>\n<p class=\"p1\">Sa\u00e7 ekimi i\u015fleminde, don\u00f6r olarak belirlenen b\u00f6lgeden ekilecek olan greftler al\u0131n\u0131r. sa\u00e7 k\u00f6klerinin al\u0131nmas\u0131nda mikromotor cihazlar kullan\u0131l\u0131r. al\u0131nan bu k\u00f6kler ekim b\u00f6lgesine teker teker nakledilir. nakil s\u0131ras\u0131nda, i\u015flem yap\u0131lan b\u00f6lgede a\u00e7\u0131lan g\u00f6zeneklerde k\u0131zar\u0131kl\u0131klar ve kabuklanmalar olu\u015fur. bu kabuklanmalar son derece normaldir ve 15 g\u00fcn i\u00e7erisinde d\u00f6k\u00fcleceklerdir.<span class=\"apple-converted-space\">\u00a0<\/span><\/p>\n<p class=\"p1\">Sa\u00e7 ekimi sonras\u0131nda y\u0131kama i\u00e7in doktorunuz \u00f6zel bir bak\u0131m losyonu verecek. doktorunuzun verdi\u011fi bu losyonu kabuklanmalar\u0131n \u00fczerine d\u00f6k\u00fcp, kabuklar\u0131n yumu\u015famas\u0131 i\u00e7in yakla\u015f\u0131k 1 saat kadar bekletin.<span class=\"apple-converted-space\">\u00a0<\/span><\/p>\n<h2 class=\"p1\"><span class=\"ez-toc-section\" id=\"saclar_ne_kadar_surede_istenilen_duruma_gelir\"><\/span>sa\u00e7lar ne kadar s\u00fcrede istenilen duruma gelir?<span class=\"ez-toc-section-end\"><\/span><\/h2>\n<p class=\"p1\">sa\u00e7 ekimi sonras\u0131nda ekilen sa\u00e7lar\u0131n \u00e7\u0131kmas\u0131, d\u00fc\u015f\u00fcn\u00fclen kadar h\u0131zl\u0131 de\u011fildir. yeni sa\u00e7lar\u0131n \u00e7\u0131kmas\u0131 i\u00e7in \u00f6ncelikle \u015fok d\u00f6k\u00fclme evresinin ya\u015fanmas\u0131 gerekir. \u015fok d\u00f6k\u00fclme evresinde verimsiz olan sa\u00e7lar d\u00f6k\u00fcl\u00fcr. bu sayede ekilen sa\u00e7 k\u00f6kleri yerle\u015fir ve b\u00fcy\u00fcmeleri i\u00e7in gerekli olan alan\u0131 belirlerler.<\/p>\n<p class=\"p1\">\u015eok d\u00f6k\u00fclme evresi ikinci hafta ve \u00fc\u00e7\u00fcnc\u00fc ay aras\u0131nda g\u00f6zlemlenir. \u00fc\u00e7\u00fcnc\u00fc aydan sonra \u015fok d\u00f6k\u00fclme evresinin tamamen bitmesi ile ekilen sa\u00e7lar \u00e7\u0131kmaya ba\u015flar. \u00fc\u00e7\u00fcnc\u00fc ayda ilk \u00e7\u0131kan sa\u00e7lar\u0131n\u0131z, ince ve seyrek g\u00f6z\u00fckecektir.<\/p>\n<p class=\"p1\">sa\u00e7 ekimi sonunda s\u0131k, g\u00fcr ve uzun sa\u00e7lara sahip olmak i\u00e7in en az alt\u0131 ay beklemeniz gerekir. sa\u00e7 ekimi operasyonundan sonra alt\u0131nc\u0131 ayda k\u00f6klerinizin \u00e7o\u011fu \u00e7\u0131km\u0131\u015fken, operasyondan yakla\u015f\u0131k bir y\u0131l sonra sa\u00e7lar\u0131n\u0131z\u0131n tamam\u0131na kavu\u015facaks\u0131n\u0131z.<\/p>\n<p class=\"p1\">yasal uyar\u0131: bu sayfadaki ifadeler bilgi verme ama\u00e7l\u0131 olup, ba\u011flay\u0131c\u0131 nitelik ta\u015f\u0131maz. hi\u00e7bir bilgi, tedavi tavsiyesi olmay\u0131p, doktor tavsiyelerinin \u00f6n\u00fcnde de\u011fildir. kesin bilgi ve talimatlar\u0131, yaln\u0131zca doktorunuzdan alman\u0131z sa\u011fl\u0131\u011f\u0131n\u0131z a\u00e7\u0131s\u0131ndan son derece \u00f6nemlidir.<\/p>\n<p><strong>kaynak\u00e7a:<\/strong><\/p>\n<p><a href=\"https:\/\/hqhairtransplants.com\/hair-transplants\/post-op-aftercare\" target=\"_blank\" rel=\"noopener\">https:\/\/hqhairtransplants.com\/hair-transplants\/post-op-aftercare<\/a><\/p>\n","protected":false},"excerpt":{"rendered":"<p>Sa\u00e7lar estetik g\u00f6r\u00fcn\u00fcm\u00fcn tamamlanmas\u0131ndaki \u00f6nemli bir yerde bulunmaktad\u0131r. G\u00fcn\u00fcm\u00fczde sa\u00e7lar\u0131yla ilgili sorun ya\u015fayan insanlar\u0131n say\u0131s\u0131 her ge\u00e7en g\u00fcn daha \u00e7ok artmaktad\u0131r. Burada ki\u015finin kar\u015f\u0131la\u015ft\u0131\u011f\u0131 sa\u011fl\u0131k sorununu \u00e7\u00f6zebilmek ad\u0131na \u00f6ncesinde pek \u00e7ok ara\u015ft\u0131rma yapmak gerekir. Bu ara\u015ft\u0131rman\u0131n amac\u0131 problemin kayna\u011f\u0131n\u0131n tespitini sa\u011flamak ve ona uygun \u00e7\u00f6z\u00fcm \u00f6nerileri getirmektir. ki\u015finin sa\u011fl\u0131k ge\u00e7mi\u015fi \u00f6nemli bir noktada yer al\u0131r. [&hellip;]<\/p>\n","protected":false},"author":1,"featured_media":3676,"comment_status":"closed","ping_status":"closed","sticky":false,"template":"","format":"standard","meta":{"footnotes":""},"categories":[9],"tags":[],"class_list":["post-3675","post","type-post","status-publish","format-standard","has-post-thumbnail","hentry","category-blog"],"_links":{"self":[{"href":"https:\/\/www.yetkinbayer.com\/tr\/wp-json\/wp\/v2\/posts\/3675","targetHints":{"allow":["GET"]}}],"collection":[{"href":"https:\/\/www.yetkinbayer.com\/tr\/wp-json\/wp\/v2\/posts"}],"about":[{"href":"https:\/\/www.yetkinbayer.com\/tr\/wp-json\/wp\/v2\/types\/post"}],"author":[{"embeddable":true,"href":"https:\/\/www.yetkinbayer.com\/tr\/wp-json\/wp\/v2\/users\/1"}],"replies":[{"embeddable":true,"href":"https:\/\/www.yetkinbayer.com\/tr\/wp-json\/wp\/v2\/comments?post=3675"}],"version-history":[{"count":1,"href":"https:\/\/www.yetkinbayer.com\/tr\/wp-json\/wp\/v2\/posts\/3675\/revisions"}],"predecessor-version":[{"id":3689,"href":"https:\/\/www.yetkinbayer.com\/tr\/wp-json\/wp\/v2\/posts\/3675\/revisions\/3689"}],"wp:featuredmedia":[{"embeddable":true,"href":"https:\/\/www.yetkinbayer.com\/tr\/wp-json\/wp\/v2\/media\/3676"}],"wp:attachment":[{"href":"https:\/\/www.yetkinbayer.com\/tr\/wp-json\/wp\/v2\/media?parent=3675"}],"wp:term":[{"taxonomy":"category","embeddable":true,"href":"https:\/\/www.yetkinbayer.com\/tr\/wp-json\/wp\/v2\/categories?post=3675"},{"taxonomy":"post_tag","embeddable":true,"href":"https:\/\/www.yetkinbayer.com\/tr\/wp-json\/wp\/v2\/tags?post=3675"}],"curies":[{"name":"wp","href":"https:\/\/api.w.org\/{rel}","templated":true}]}}