{"id":3656,"date":"2025-04-29T14:41:38","date_gmt":"2025-04-29T11:41:38","guid":{"rendered":"https:\/\/www.yetkinbayer.com\/?p=3656"},"modified":"2025-04-29T14:41:38","modified_gmt":"2025-04-29T11:41:38","slug":"sac-ekimi-sonrasi-kafaya-darbe","status":"publish","type":"post","link":"https:\/\/www.yetkinbayer.com\/tr\/sac-ekimi-sonrasi-kafaya-darbe\/","title":{"rendered":"Sa\u00e7 Ekimi Sonras\u0131 Kafaya Darbe"},"content":{"rendered":"<p class=\"p1\"><strong>Sa\u00e7 ekimi<\/strong> i\u015flemi titizlik gerektiren bir i\u015flemdir. \u0130\u015flem sonras\u0131 bak\u0131mda dikkat ve titizlik gerektirmektedir. \u0130\u015flem sonras\u0131nda hastan\u0131n bu g\u00f6revi \u00fcstlenmesi gerekmektedir. Sa\u00e7 ekimi i\u015flemi sonras\u0131nda dikkat edilmesi gereken en \u00f6nemli konulardan biride sa\u00e7 ekimi sonras\u0131 kafaya darbedir.<strong> <a href=\"https:\/\/www.yetkinbayer.com\/tr\/sac-ekimi\">Sa\u00e7 ekimi<\/a><\/strong> i\u015flemi sonras\u0131nda kafaya darbe almak i\u015flemin ba\u015far\u0131s\u0131n\u0131 do\u011frudan etkilemektedir.<\/p>\n<p>&#8220;Sa\u00e7 ekimi sonras\u0131 kafaya darbe almak ekimi etkiler mi?&#8221; sorusu sa\u00e7 ekimi yapt\u0131rm\u0131\u015f ki\u015filer taraf\u0131ndan en fazla y\u00f6neltilen sorulardan biridir. Dr. Yetkin Bayer, &#8220;Sa\u00e7 ekimi sonras\u0131 kafaya neden darbe almamal\u0131y\u0131z?&#8221; ve &#8220;Sa\u00e7 ekimi sonras\u0131 kafaya al\u0131nan darbenin olumsuz etkileri nelerdir?&#8221; gibi sorular\u0131 sizler i\u00e7in yan\u0131tl\u0131yor.<\/p>\n<div id=\"ez-toc-container\" class=\"ez-toc-v2_0_82_2 counter-flat ez-toc-counter ez-toc-grey ez-toc-container-direction\">\n<div class=\"ez-toc-title-container\">\n<p class=\"ez-toc-title\" style=\"cursor:inherit\">Table of Contents<\/p>\n<span class=\"ez-toc-title-toggle\"><a href=\"#\" class=\"ez-toc-pull-right ez-toc-btn ez-toc-btn-xs ez-toc-btn-default ez-toc-toggle\" aria-label=\"\u0130\u00e7indekiler Tablosunu A\u00e7\/Kapat\"><span class=\"ez-toc-js-icon-con\"><span class=\"\"><span class=\"eztoc-hide\" style=\"display:none;\">Toggle<\/span><span class=\"ez-toc-icon-toggle-span\"><svg style=\"fill: #999;color:#999\" xmlns=\"http:\/\/www.w3.org\/2000\/svg\" class=\"list-377408\" width=\"20px\" height=\"20px\" viewBox=\"0 0 24 24\" fill=\"none\"><path d=\"M6 6H4v2h2V6zm14 0H8v2h12V6zM4 11h2v2H4v-2zm16 0H8v2h12v-2zM4 16h2v2H4v-2zm16 0H8v2h12v-2z\" fill=\"currentColor\"><\/path><\/svg><svg style=\"fill: #999;color:#999\" class=\"arrow-unsorted-368013\" xmlns=\"http:\/\/www.w3.org\/2000\/svg\" width=\"10px\" height=\"10px\" viewBox=\"0 0 24 24\" version=\"1.2\" baseProfile=\"tiny\"><path d=\"M18.2 9.3l-6.2-6.3-6.2 6.3c-.2.2-.3.4-.3.7s.1.5.3.7c.2.2.4.3.7.3h11c.3 0 .5-.1.7-.3.2-.2.3-.5.3-.7s-.1-.5-.3-.7zM5.8 14.7l6.2 6.3 6.2-6.3c.2-.2.3-.5.3-.7s-.1-.5-.3-.7c-.2-.2-.4-.3-.7-.3h-11c-.3 0-.5.1-.7.3-.2.2-.3.5-.3.7s.1.5.3.7z\"\/><\/svg><\/span><\/span><\/span><\/a><\/span><\/div>\n<nav><ul class='ez-toc-list ez-toc-list-level-1 eztoc-toggle-hide-by-default' ><li class='ez-toc-page-1'><a class=\"ez-toc-link ez-toc-heading-1\" href=\"#\" data-href=\"https:\/\/www.yetkinbayer.com\/tr\/sac-ekimi-sonrasi-kafaya-darbe\/#Sac_Ekimi_Islemi_Sonrasinda_Neden_Kafaya_Darbe_Almamak_Gerekir\" >Sa\u00e7 Ekimi \u0130\u015flemi Sonras\u0131nda Neden Kafaya Darbe Almamak Gerekir?<\/a><\/li><li class='ez-toc-page-1'><a class=\"ez-toc-link ez-toc-heading-2\" href=\"#\" data-href=\"https:\/\/www.yetkinbayer.com\/tr\/sac-ekimi-sonrasi-kafaya-darbe\/#Sac_Ekimi_Islemi_Sonrasinda_Kafaya_Alinan_Darbe_ile_Olusan_Negatif_Etkiler_Ne_Zaman_Gorulur\" >Sa\u00e7 Ekimi \u0130\u015flemi Sonras\u0131nda Kafaya Al\u0131nan Darbe ile Olu\u015fan Negatif Etkiler Ne Zaman G\u00f6r\u00fcl\u00fcr?<\/a><\/li><li class='ez-toc-page-1'><a class=\"ez-toc-link ez-toc-heading-3\" href=\"#\" data-href=\"https:\/\/www.yetkinbayer.com\/tr\/sac-ekimi-sonrasi-kafaya-darbe\/#Sac_Ekimi_Islemi_Sonrasinda_Kafaya_Darbe_Almamak_Icin_Ne_Gibi_Onlemler_Alinmalidir\" >Sa\u00e7 Ekimi \u0130\u015flemi Sonras\u0131nda Kafaya Darbe Almamak \u0130\u00e7in Ne Gibi \u00d6nlemler Al\u0131nmal\u0131d\u0131r?<\/a><\/li><li class='ez-toc-page-1'><a class=\"ez-toc-link ez-toc-heading-4\" href=\"#\" data-href=\"https:\/\/www.yetkinbayer.com\/tr\/sac-ekimi-sonrasi-kafaya-darbe\/#Sac_Ekimi_Islemi_Sonrasinda_Kafaya_Alinan_Darbe_ve_Kanama\" >Sa\u00e7 Ekimi \u0130\u015flemi Sonras\u0131nda Kafaya Al\u0131nan Darbe ve Kanama<\/a><\/li><li class='ez-toc-page-1'><a class=\"ez-toc-link ez-toc-heading-5\" href=\"#\" data-href=\"https:\/\/www.yetkinbayer.com\/tr\/sac-ekimi-sonrasi-kafaya-darbe\/#Sac_Ekimi_Islemi_Sonrasinda_Kafaya_Alinan_Darbe_ve_Agri\" >Sa\u00e7 Ekimi \u0130\u015flemi Sonras\u0131nda Kafaya Al\u0131nan Darbe ve A\u011fr\u0131<\/a><\/li><li class='ez-toc-page-1'><a class=\"ez-toc-link ez-toc-heading-6\" href=\"#\" data-href=\"https:\/\/www.yetkinbayer.com\/tr\/sac-ekimi-sonrasi-kafaya-darbe\/#Sac_Ekimi_Islemi_Sonrasinda_Kafaya_Alinan_Darbe_Hangi_Olumsuz_Sonuclari_Ortaya_Cikartir\" >Sa\u00e7 Ekimi \u0130\u015flemi Sonras\u0131nda Kafaya Al\u0131nan Darbe Hangi Olumsuz Sonu\u00e7lar\u0131 Ortaya \u00c7\u0131kart\u0131r?<\/a><\/li><\/ul><\/nav><\/div>\n<h2 class=\"p1\"><span class=\"ez-toc-section\" id=\"Sac_Ekimi_Islemi_Sonrasinda_Neden_Kafaya_Darbe_Almamak_Gerekir\"><\/span>Sa\u00e7 Ekimi \u0130\u015flemi Sonras\u0131nda Neden Kafaya Darbe Almamak Gerekir?<span class=\"ez-toc-section-end\"><\/span><\/h2>\n<p class=\"p1\">Sa\u00e7 ekimi i\u015flemi sonras\u0131 en hassas d\u00f6nem diye adland\u0131raca\u011f\u0131m\u0131z zaman dilimi ilk 10-15 g\u00fcnd\u00fcr. Bu zaman diliminde hasta greftlere zarar verecek ve yerinden oynatacak her durumdan ka\u00e7\u0131nmal\u0131d\u0131r. Yeni ekilmi\u015f sa\u00e7 k\u00f6klerine i\u00e7erden ve d\u0131\u015far\u0131dan bask\u0131 uygulanmamal\u0131 ve her t\u00fcrl\u00fc darbeden ka\u00e7\u0131n\u0131lmal\u0131d\u0131r.<\/p>\n<p class=\"p1\">Bunun sebebi yeni yerle\u015ftirilen greftlerin yerle\u015ftirildikleri yerde serbest olmas\u0131d\u0131r. Deformasyonlara a\u00e7\u0131k bir \u015fekilde h\u00fccrelerin tutunmas\u0131n\u0131 beklerken d\u0131\u015f fakt\u00f6rlerden de etkilenebilmektedir. Bu y\u00fczden bu hassas s\u00fcre\u00e7te greftleri her t\u00fcrl\u00fc bask\u0131dan korumal\u0131s\u0131n\u0131z. Sa\u00e7 ekimi i\u015flemi sonras\u0131nda kafaya al\u0131nan her t\u00fcrl\u00fc darbe greftlerin yerinden oynamas\u0131na hatta yerinden \u00e7\u0131kmas\u0131na bile sebep olmaktad\u0131r.<\/p>\n<p class=\"p1\">Bu da i\u015flemi do\u011frudan etkilemektedir. Nakledilen sa\u00e7 k\u00f6kleri nakil edilirken ve kanallara yerle\u015ftirilirken canl\u0131 olmaktad\u0131r. Canl\u0131 h\u00fccreler, kanallara tutunabilirlerse canl\u0131 kalabilmektedirler. Kafaya al\u0131nacak her t\u00fcrl\u00fc darbe bu tutunmay\u0131 engelleyecektir. Kafaya darbe gelir ise canl\u0131 h\u00fccreler \u00f6l\u00fcr ve \u00f6l\u00fc h\u00fccrelerden sa\u00e7 \u00e7\u0131kmas\u0131 beklenemez.<\/p>\n<h2 class=\"p1\"><span class=\"ez-toc-section\" id=\"Sac_Ekimi_Islemi_Sonrasinda_Kafaya_Alinan_Darbe_ile_Olusan_Negatif_Etkiler_Ne_Zaman_Gorulur\"><\/span>Sa\u00e7 Ekimi \u0130\u015flemi Sonras\u0131nda Kafaya Al\u0131nan Darbe ile Olu\u015fan Negatif Etkiler Ne Zaman G\u00f6r\u00fcl\u00fcr?<span class=\"ez-toc-section-end\"><\/span><\/h2>\n<p class=\"p1\">Sa\u00e7 ekimi i\u015flemi sonras\u0131nda kafada k\u0131zar\u0131klar ve kabuklanmalar olur. Olu\u015fan bu k\u0131zar\u0131kl\u0131\u011f\u0131n ve kabuklanman\u0131n sebebi v\u00fccudun bu b\u00f6lgenin h\u0131zl\u0131 bir \u015fekilde iyile\u015fmesi i\u00e7in daha fazla kan g\u00f6ndermesidir. Sonras\u0131nda mevcut olan sa\u00e7larda ve yaralar\u0131n iyile\u015fme s\u00fcreci boyunca \u00e7\u0131kan sa\u00e7larda ani bir d\u00f6k\u00fclme meydana gelir.<\/p>\n<p class=\"p1\">Bu s\u00fcre\u00e7ten bir s\u00fcre sonra sa\u00e7lar tekrar \u00e7\u0131kmaya ba\u015flar. Her greftin sa\u00e7 \u00e7\u0131karma ve uzama s\u00fcresi farkl\u0131la\u015fabilir. Bu sebeple t\u00fcm sa\u00e7lar\u0131n \u00e7\u0131kmas\u0131 6 ay\u0131 bulabilmektedir. Kafaya darbe al\u0131n\u0131r ise bu s\u00fcre\u00e7 tamamlanana kadar bir negatiflik g\u00f6zlenmez.<\/p>\n<p class=\"p1\">\u0130yile\u015fme s\u00fcreci tamamland\u0131\u011f\u0131nda sa\u00e7lar tamamen g\u00f6r\u00fcld\u00fc\u011f\u00fc zaman zarar g\u00f6rm\u00fc\u015f greftleri saptamam\u0131z m\u00fcmk\u00fcn olacakt\u0131r. Bu sebeple sa\u00e7 ekimi i\u015flemi sonras\u0131nda kafaya darbe al\u0131nd\u0131\u011f\u0131 i\u015flemin ba\u015far\u0131s\u0131n\u0131 etkileyip etkilemedi\u011fini hemen g\u00f6rmeniz m\u00fcmk\u00fcn olmayacakt\u0131r. Ald\u0131\u011f\u0131n\u0131z darbenin sonu\u00e7lar\u0131n\u0131 fark etmeniz i\u00e7in sa\u00e7 ekim i\u015fleminden 5-6 ge\u00e7mesi gerekir.<\/p>\n<h2 class=\"p1\"><span class=\"ez-toc-section\" id=\"Sac_Ekimi_Islemi_Sonrasinda_Kafaya_Darbe_Almamak_Icin_Ne_Gibi_Onlemler_Alinmalidir\"><\/span>Sa\u00e7 Ekimi \u0130\u015flemi Sonras\u0131nda Kafaya Darbe Almamak \u0130\u00e7in Ne Gibi \u00d6nlemler Al\u0131nmal\u0131d\u0131r?<span class=\"ez-toc-section-end\"><\/span><\/h2>\n<p class=\"p1\">Sa\u00e7 ekimi i\u015flemi sonras\u0131nda kafaya darbe almamak i\u00e7in dikkat edilmesi gereken s\u00fcre\u00e7te yap\u0131lmamas\u0131 gereken baz\u0131 aktiviteler bulunmaktad\u0131r. Bunlar spor ve cinsel ili\u015fki gibi aktivitelerdir. Spor aktivitelerinde kafaya darbe almak ola\u011fan bir durumdur. \u00d6zellikle topla oynanan sporlarda ve kafaya darbe al\u0131nabilecek sporlardan kesinlikle uzak durulmal\u0131d\u0131r.<\/p>\n<p class=\"p1\">Bu sporlar; futbol, boks, g\u00fcre\u015f, tekvando, kick box gibi darbe al\u0131nabilecek sporlard\u0131r. Bu sebeple spor aktivitelerinden uzak durulmal\u0131d\u0131r. Cinsel ili\u015fki s\u0131ras\u0131nda ise ki\u015fi kafas\u0131na bask\u0131 alabilir, kafas\u0131n\u0131 bir yere s\u00fcrtebilir ve hareketlerini kontrol etmekte zorlanabilir.<\/p>\n<p class=\"p1\">Sa\u00e7 ekimi i\u015flemi sonras\u0131nda kafaya al\u0131nabilecek darbeler i\u00e7in uzmanlar taraf\u0131ndan \u015fapka kullan\u0131m\u0131 \u00f6nerilmektedir. Ancak bu \u015fapkalar sa\u00e7 ekimi i\u015flemi yapt\u0131ran ki\u015fiye uygun olmal\u0131d\u0131r.<\/p>\n<h2 class=\"p1\"><span class=\"ez-toc-section\" id=\"Sac_Ekimi_Islemi_Sonrasinda_Kafaya_Alinan_Darbe_ve_Kanama\"><\/span>Sa\u00e7 Ekimi \u0130\u015flemi Sonras\u0131nda Kafaya Al\u0131nan Darbe ve Kanama<span class=\"ez-toc-section-end\"><\/span><\/h2>\n<p class=\"p1\">Sa\u00e7 ekimi i\u015flemi sonras\u0131nda hastalar kafalar\u0131na darbe alabilirler veya kafalar\u0131n\u0131 \u00e7arpabilirler. Bu durumda hemen ak\u0131llar\u0131na sa\u00e7 ekimi i\u015flemim olumsuz etkilenecek mi diye sorular gelir ve tedirginlik ya\u015farlar. Kanama olmad\u0131\u011f\u0131 s\u00fcrece kafaya darbe alman\u0131n veya \u00e7arpman\u0131n b\u00fcy\u00fck ve olumsuz etkileri olmaz.<\/p>\n<p class=\"p1\">K\u00fc\u00e7\u00fck \u00e7apl\u0131 kafa \u00e7arpmas\u0131 ve kafa darbelerinde bu durum hastay\u0131 pek etkilememektedir. Ancak kanama olu\u015fturan darbeler i\u015flemin ba\u015far\u0131s\u0131n\u0131 do\u011frudan etkiler. Sa\u00e7 ekimi i\u015flemi sonras\u0131nda kafaya al\u0131nan darbe kanamal\u0131ysa sa\u00e7 k\u00f6klerinin \u00e7\u0131kmas\u0131na ve gev\u015femesine sebebiyet verebilir.<\/p>\n<p class=\"p1\">Bu durumda sa\u00e7 ekilen b\u00f6lgeyi do\u011frudan etkilemektedir. Bu sebeple sa\u00e7 ekimi i\u015flemi sonras\u0131nda kafaya darbe al\u0131nmamas\u0131 i\u015flemin olumlu sonu\u00e7lanmas\u0131 i\u00e7in en \u00f6nemli noktalardand\u0131r ve hasta kafas\u0131na darbe almamaya dikkat etmelidir.<\/p>\n<h2 class=\"p1\"><span class=\"ez-toc-section\" id=\"Sac_Ekimi_Islemi_Sonrasinda_Kafaya_Alinan_Darbe_ve_Agri\"><\/span>Sa\u00e7 Ekimi \u0130\u015flemi Sonras\u0131nda Kafaya Al\u0131nan Darbe ve A\u011fr\u0131<span class=\"ez-toc-section-end\"><\/span><\/h2>\n<p class=\"p1\">Sa\u00e7 ekimi sonras\u0131nda kafaya darbe al\u0131nmas\u0131 ve kafay\u0131 bir yere \u00e7arpmak b\u00fcy\u00fck bir ac\u0131ya sebebiyet verebilir. Sa\u00e7 ekimi yap\u0131ld\u0131ktan hemen sonras\u0131nda veya yak\u0131n bir s\u00fcre\u00e7te bu durumu ya\u015fad\u0131ysan\u0131z sa\u00e7 ekimi uzman\u0131n\u0131z veya doktorunuzun verdi\u011fi ila\u00e7lar\u0131 kullanmaya devam edebilirsiniz.<\/p>\n<p class=\"p1\">Al\u0131nan a\u011fr\u0131 kesiciler kafa \u00e7arpmas\u0131 ve kafaya darbe al\u0131nmas\u0131 sonucunda ya\u015fad\u0131\u011f\u0131n\u0131z a\u011fr\u0131lar\u0131 dindirecektir. <strong><a href=\"https:\/\/www.yetkinbayer.com\/tr\/sac-ekim-sonrasi\">Sa\u00e7 ekimi sonras\u0131nda<\/a><\/strong> kafaya darbe ald\u0131\u011f\u0131n\u0131z takdirde doktorunuza ve sa\u00e7 ekimi uzman\u0131n\u0131za dan\u0131\u015fabilirsiniz.<\/p>\n<h2 class=\"p1\"><span class=\"ez-toc-section\" id=\"Sac_Ekimi_Islemi_Sonrasinda_Kafaya_Alinan_Darbe_Hangi_Olumsuz_Sonuclari_Ortaya_Cikartir\"><\/span>Sa\u00e7 Ekimi \u0130\u015flemi Sonras\u0131nda Kafaya Al\u0131nan Darbe Hangi Olumsuz Sonu\u00e7lar\u0131 Ortaya \u00c7\u0131kart\u0131r?<span class=\"ez-toc-section-end\"><\/span><\/h2>\n<p>Sa\u00e7 ekimi sonras\u0131 kafaya al\u0131nan darbe, ekilen sa\u00e7 k\u00f6klerini zarar verebilir ve i\u015flemin sonu\u00e7lar\u0131n\u0131 olumsuz etkileyebilir. \u00d6zellikle ilk yedi ila on g\u00fcn, sa\u00e7 k\u00f6klerinin yeni yerlerine tutunabilmesi i\u00e7in \u00e7ok \u00f6nemlidir. Bu s\u00fcre i\u00e7inde al\u0131nan darbeler, k\u00f6klerin yerinden \u00e7\u0131kmas\u0131na veya zay\u0131flamas\u0131na neden olabilir, bu da o b\u00f6lgede sa\u00e7 \u00e7\u0131kmamas\u0131na neden olabilir.<\/p>\n<p>Darbe sonras\u0131 kafa derisi \u015fi\u015febilir, kanama yapabilir veya kabuklanabilir. Bu t\u00fcr travmalar iyile\u015fmeyi geciktirebilir ve enfeksiyon riskini art\u0131rabilir. \u015eiddetli bir darbe, sa\u00e7 ekimi yap\u0131lan b\u00f6lgede cilt alt\u0131ndaki dokulara zarar verebilir ve kal\u0131c\u0131 izler b\u0131rakabilir. Bu da estetik sonu\u00e7lar\u0131 bozabilir.<\/p>\n<p>Ekim sonras\u0131 erken d\u00f6nemde bir darbe meydana geldiyse ve ekilen k\u00f6klerin durumu hakk\u0131nda endi\u015fe duyuyorsan\u0131z, hemen hekiminize dan\u0131\u015fman\u0131z gerekir. Doktorunuz, k\u00f6klerin zarar g\u00f6rm\u00fc\u015f olup olmad\u0131\u011f\u0131n\u0131 de\u011ferlendirebilir ve gerekirse daha fazla \u00f6nlem alabilir. Ba\u015far\u0131l\u0131 bir sa\u00e7 ekimi i\u00e7in, sa\u00e7 ekimi sonras\u0131 d\u00f6nemde kafa derisini stresten ve bas\u0131n\u00e7tan korumal\u0131s\u0131n\u0131z..<\/p>\n<p class=\"p1\"><strong>Yasal Uyar\u0131:<\/strong> Bu sayfadaki ifadeler bilgi verme ama\u00e7l\u0131 olup, ba\u011flay\u0131c\u0131 nitelik ta\u015f\u0131maz. Hi\u00e7bir bilgi, tedavi tavsiyesi olmay\u0131p, doktor tavsiyelerinin \u00f6n\u00fcnde de\u011fildir. Kesin bilgi ve talimatlar\u0131, yaln\u0131zca doktorunuzdan alman\u0131z sa\u011fl\u0131\u011f\u0131n\u0131z a\u00e7\u0131s\u0131ndan son derece \u00f6nemlidir.<\/p>\n<p><strong>Kaynak\u00e7a:<\/strong><\/p>\n<p>https:\/\/www.ncbi.nlm.nih.gov\/pmc\/articles\/PMC6371733<\/p>\n","protected":false},"excerpt":{"rendered":"<p>Sa\u00e7 ekimi i\u015flemi titizlik gerektiren bir i\u015flemdir. \u0130\u015flem sonras\u0131 bak\u0131mda dikkat ve titizlik gerektirmektedir. \u0130\u015flem sonras\u0131nda hastan\u0131n bu g\u00f6revi \u00fcstlenmesi gerekmektedir. Sa\u00e7 ekimi i\u015flemi sonras\u0131nda dikkat edilmesi gereken en \u00f6nemli konulardan biride sa\u00e7 ekimi sonras\u0131 kafaya darbedir. Sa\u00e7 ekimi i\u015flemi sonras\u0131nda kafaya darbe almak i\u015flemin ba\u015far\u0131s\u0131n\u0131 do\u011frudan etkilemektedir. &#8220;Sa\u00e7 ekimi sonras\u0131 kafaya darbe almak ekimi [&hellip;]<\/p>\n","protected":false},"author":1,"featured_media":3657,"comment_status":"closed","ping_status":"closed","sticky":false,"template":"","format":"standard","meta":{"footnotes":""},"categories":[9],"tags":[],"class_list":["post-3656","post","type-post","status-publish","format-standard","has-post-thumbnail","hentry","category-blog"],"_links":{"self":[{"href":"https:\/\/www.yetkinbayer.com\/tr\/wp-json\/wp\/v2\/posts\/3656","targetHints":{"allow":["GET"]}}],"collection":[{"href":"https:\/\/www.yetkinbayer.com\/tr\/wp-json\/wp\/v2\/posts"}],"about":[{"href":"https:\/\/www.yetkinbayer.com\/tr\/wp-json\/wp\/v2\/types\/post"}],"author":[{"embeddable":true,"href":"https:\/\/www.yetkinbayer.com\/tr\/wp-json\/wp\/v2\/users\/1"}],"replies":[{"embeddable":true,"href":"https:\/\/www.yetkinbayer.com\/tr\/wp-json\/wp\/v2\/comments?post=3656"}],"version-history":[{"count":1,"href":"https:\/\/www.yetkinbayer.com\/tr\/wp-json\/wp\/v2\/posts\/3656\/revisions"}],"predecessor-version":[{"id":3670,"href":"https:\/\/www.yetkinbayer.com\/tr\/wp-json\/wp\/v2\/posts\/3656\/revisions\/3670"}],"wp:featuredmedia":[{"embeddable":true,"href":"https:\/\/www.yetkinbayer.com\/tr\/wp-json\/wp\/v2\/media\/3657"}],"wp:attachment":[{"href":"https:\/\/www.yetkinbayer.com\/tr\/wp-json\/wp\/v2\/media?parent=3656"}],"wp:term":[{"taxonomy":"category","embeddable":true,"href":"https:\/\/www.yetkinbayer.com\/tr\/wp-json\/wp\/v2\/categories?post=3656"},{"taxonomy":"post_tag","embeddable":true,"href":"https:\/\/www.yetkinbayer.com\/tr\/wp-json\/wp\/v2\/tags?post=3656"}],"curies":[{"name":"wp","href":"https:\/\/api.w.org\/{rel}","templated":true}]}}