{"id":3626,"date":"2025-04-29T14:40:06","date_gmt":"2025-04-29T11:40:06","guid":{"rendered":"https:\/\/www.yetkinbayer.com\/?p=3626"},"modified":"2025-04-29T14:40:06","modified_gmt":"2025-04-29T11:40:06","slug":"sac-ekimi-sonrasi-ne-zaman-tarak-kullanilir","status":"publish","type":"post","link":"https:\/\/www.yetkinbayer.com\/tr\/sac-ekimi-sonrasi-ne-zaman-tarak-kullanilir\/","title":{"rendered":"Sa\u00e7 Ekimi Sonras\u0131 Ne Zaman Tarak Kullan\u0131l\u0131r?"},"content":{"rendered":"<p class=\"p1\">Sa\u00e7 ekimi i\u015flemi titizlik gerektiren bir i\u015flemdir. \u0130\u015flem sonras\u0131 hastan\u0131n kendi bak\u0131mda dikkat ve titizlik gerektirmektedir. \u0130\u015flem sonras\u0131nda hastan\u0131n bu g\u00f6revi \u00fcstlenmesi gerekmektedir. Sa\u00e7 ekimi i\u015flemi sonras\u0131nda dikkat edilmesi gereken \u00f6nemli konulardan biri de sa\u00e7 ekimi sonras\u0131 tarak kullan\u0131m\u0131d\u0131r. Sa\u00e7 ekimi i\u015flemi sonras\u0131nda sa\u00e7 tara\u011f\u0131 kullanmak i\u015flemin ba\u015far\u0131s\u0131n\u0131 etkilemektedir. Sa\u00e7 ekimi i\u015flemi tamamland\u0131ktan sonra doktorunuzun da direktifleri do\u011frultusunda sa\u00e7 b\u00f6lgenize tarak kullanabilirsiniz ancak bu i\u015flemden \u00e7ok sonra dikkate alman\u0131z gereken bir konudur. \u0130lk dikkat etmeniz gereken konu sa\u00e7lar\u0131n\u0131z\u0131n sa\u011fl\u0131kl\u0131 bir \u015fekilde uzamas\u0131n\u0131 sa\u011flamakt\u0131r.<\/p>\n<p class=\"p1\">Sa\u00e7 ekimi sonras\u0131nda \u00f6zellikle k\u0131sa vadede sa\u00e7 ve sa\u00e7 derisine m\u00fcdahaleden ka\u00e7\u0131nmak, i\u015flemin genel esaslar\u0131ndand\u0131r. Sa\u00e7 ekiminden sonra uzayan sa\u00e7lar\u0131 taramak elbette bir gerekliliktir. Ancak bunu yaparken \u00f6zel ara\u00e7lar kullanmak ve elbette dikkatli bir tarama yapmak son derece \u00f6nemlidir.<\/p>\n<p class=\"p1\">Her ne kadar sa\u00e7lar\u0131n taranabilir boya gelmesi ile iyile\u015fme periyodu paralel olsa da ve sa\u00e7lar art\u0131k iyile\u015fmi\u015f denebilse de, alt\u0131 ila 12 ayl\u0131k periyotta da, dikkatli olmak gerekir. Ki\u015finin operasyonun ba\u015far\u0131s\u0131 i\u00e7in, t\u00fcm detaylar\u0131n yan\u0131nda, sa\u00e7lar\u0131n\u0131 tararken doktorun verece\u011fi talimatlara da uymas\u0131 son derece \u00f6nemlidir.<\/p>\n<p class=\"p1\"><a href=\"https:\/\/yetkinbayer.com\/sac-ekim-sonrasi.html\" target=\"_blank\" rel=\"noopener\">Sa\u00e7 ekimi sonras\u0131<\/a>, sa\u00e7lar uzayacak hale geldikten sonra tarak kullan\u0131m\u0131 yasakl\u0131 de\u011fildir. Ancak yukar\u0131da da belirtti\u011fimiz gibi, sa\u00e7lar\u0131 \u00e7ekmeyecek ve k\u00f6klerini kaz\u0131mayacak taraklar kullan\u0131lmal\u0131 ve bu i\u015flem \u00e7ok s\u0131k yap\u0131lmamal\u0131d\u0131r.<\/p>\n<p>&#8220;Sa\u00e7 ekimi sonras\u0131 tarak kullan\u0131m\u0131 nas\u0131l olur?&#8221; sorusu sa\u00e7 ekimi yapt\u0131rm\u0131\u015f ki\u015filer taraf\u0131ndan en fazla y\u00f6neltilen sorulardan biridir. Dr. Yetkin Bayer, &#8220;Sa\u00e7 ekimi sonras\u0131 tarama ne zaman yap\u0131labilir?&#8221; ve &#8220;Sa\u00e7 ekimi sonras\u0131 tarama nas\u0131l yap\u0131l\u0131r?&#8221; gibi sorular\u0131 sizler i\u00e7in yan\u0131tl\u0131yor.<\/p>\n<div id=\"ez-toc-container\" class=\"ez-toc-v2_0_82_2 counter-flat ez-toc-counter ez-toc-grey ez-toc-container-direction\">\n<div class=\"ez-toc-title-container\">\n<p class=\"ez-toc-title\" style=\"cursor:inherit\">Table of Contents<\/p>\n<span class=\"ez-toc-title-toggle\"><a href=\"#\" class=\"ez-toc-pull-right ez-toc-btn ez-toc-btn-xs ez-toc-btn-default ez-toc-toggle\" aria-label=\"\u0130\u00e7indekiler Tablosunu A\u00e7\/Kapat\"><span class=\"ez-toc-js-icon-con\"><span class=\"\"><span class=\"eztoc-hide\" style=\"display:none;\">Toggle<\/span><span class=\"ez-toc-icon-toggle-span\"><svg style=\"fill: #999;color:#999\" xmlns=\"http:\/\/www.w3.org\/2000\/svg\" class=\"list-377408\" width=\"20px\" height=\"20px\" viewBox=\"0 0 24 24\" fill=\"none\"><path d=\"M6 6H4v2h2V6zm14 0H8v2h12V6zM4 11h2v2H4v-2zm16 0H8v2h12v-2zM4 16h2v2H4v-2zm16 0H8v2h12v-2z\" fill=\"currentColor\"><\/path><\/svg><svg style=\"fill: #999;color:#999\" class=\"arrow-unsorted-368013\" xmlns=\"http:\/\/www.w3.org\/2000\/svg\" width=\"10px\" height=\"10px\" viewBox=\"0 0 24 24\" version=\"1.2\" baseProfile=\"tiny\"><path d=\"M18.2 9.3l-6.2-6.3-6.2 6.3c-.2.2-.3.4-.3.7s.1.5.3.7c.2.2.4.3.7.3h11c.3 0 .5-.1.7-.3.2-.2.3-.5.3-.7s-.1-.5-.3-.7zM5.8 14.7l6.2 6.3 6.2-6.3c.2-.2.3-.5.3-.7s-.1-.5-.3-.7c-.2-.2-.4-.3-.7-.3h-11c-.3 0-.5.1-.7.3-.2.2-.3.5-.3.7s.1.5.3.7z\"\/><\/svg><\/span><\/span><\/span><\/a><\/span><\/div>\n<nav><ul class='ez-toc-list ez-toc-list-level-1 eztoc-toggle-hide-by-default' ><li class='ez-toc-page-1'><a class=\"ez-toc-link ez-toc-heading-1\" href=\"#\" data-href=\"https:\/\/www.yetkinbayer.com\/tr\/sac-ekimi-sonrasi-ne-zaman-tarak-kullanilir\/#Sac_Ekimi_Sonrasi_Tarama_Ne_Zaman_Yapilmalidir\" >Sa\u00e7 Ekimi Sonras\u0131 Tarama Ne Zaman Yap\u0131lmal\u0131d\u0131r?<\/a><\/li><li class='ez-toc-page-1'><a class=\"ez-toc-link ez-toc-heading-2\" href=\"#\" data-href=\"https:\/\/www.yetkinbayer.com\/tr\/sac-ekimi-sonrasi-ne-zaman-tarak-kullanilir\/#Sac_Ekimi_Sonrasi_Tarama_Nasil_Yapilmalidir\" >Sa\u00e7 Ekimi Sonras\u0131 Tarama Nas\u0131l Yap\u0131lmal\u0131d\u0131r?<\/a><\/li><li class='ez-toc-page-1'><a class=\"ez-toc-link ez-toc-heading-3\" href=\"#\" data-href=\"https:\/\/www.yetkinbayer.com\/tr\/sac-ekimi-sonrasi-ne-zaman-tarak-kullanilir\/#Sac_Ekiminden_Sonra_Ekilen_Bolge_Ne_Kadar_Sure_Taranmamalidir\" >Sa\u00e7 Ekiminden Sonra Ekilen B\u00f6lge Ne Kadar S\u00fcre Taranmamal\u0131d\u0131r?<\/a><\/li><li class='ez-toc-page-1'><a class=\"ez-toc-link ez-toc-heading-4\" href=\"#\" data-href=\"https:\/\/www.yetkinbayer.com\/tr\/sac-ekimi-sonrasi-ne-zaman-tarak-kullanilir\/#Sac_Ekiminden_Sonra_Ne_Tur_Tarak_Kullanilmalidir\" >Sa\u00e7 Ekiminden Sonra Ne T\u00fcr Tarak Kullan\u0131lmal\u0131d\u0131r?<\/a><\/li><li class='ez-toc-page-1'><a class=\"ez-toc-link ez-toc-heading-5\" href=\"#\" data-href=\"https:\/\/www.yetkinbayer.com\/tr\/sac-ekimi-sonrasi-ne-zaman-tarak-kullanilir\/#Sac_Ekimi_Islemi_Sonrasinda_Erken_Tarama_Yapilmasi_Hangi_Olumsuz_Sonuclari_Ortaya_Cikartir\" >Sa\u00e7 Ekimi \u0130\u015flemi Sonras\u0131nda Erken Tarama Yap\u0131lmas\u0131 Hangi Olumsuz Sonu\u00e7lar\u0131 Ortaya \u00c7\u0131kart\u0131r?<\/a><\/li><\/ul><\/nav><\/div>\n<h2 class=\"p1\"><span class=\"ez-toc-section\" id=\"Sac_Ekimi_Sonrasi_Tarama_Ne_Zaman_Yapilmalidir\"><\/span>Sa\u00e7 Ekimi Sonras\u0131 Tarama Ne Zaman Yap\u0131lmal\u0131d\u0131r?<span class=\"ez-toc-section-end\"><\/span><\/h2>\n<p class=\"p1\">Sa\u00e7 ekimi sonras\u0131 sa\u00e7 tarama i\u015flemi, ekimin \u00e7ok sonras\u0131nda ger\u00e7ekle\u015fmektedir. Sa\u00e7 ekiminden sonraki en \u00f6nemli ve hassas d\u00f6nem ilk 10-15 g\u00fcnd\u00fcr. Yeni ekilen greftler tam olarak tutana kadar hareket etmemelidir. Bunun sebebi greftlerin bu s\u00fcre\u00e7 boyunca serbest olmas\u0131d\u0131r. Deformasyonlara a\u00e7\u0131k bir \u015fekilde h\u00fccrelerin tutunmas\u0131n\u0131 beklerken d\u0131\u015f fakt\u00f6rlerden de etkilenebilmektedir. Bu y\u00fczden bu hassas s\u00fcre\u00e7te greftleri her t\u00fcrl\u00fc s\u00fcrt\u00fcnmeden korumal\u0131s\u0131n\u0131z. <a href=\"https:\/\/yetkinbayer.com\/sac-ekimi\" target=\"_blank\" rel=\"noopener\">Sa\u00e7 ekimi<\/a> i\u015fleminin ard\u0131ndan kafada olu\u015facak her t\u00fcrl\u00fc s\u00fcrt\u00fcnme, greftlerin yerinden oynamas\u0131na hatta yerinden \u00e7\u0131kmas\u0131na sebep olmaktad\u0131r. Bu da i\u015flemi do\u011frudan etkilemektedir. Nakledilen sa\u00e7 k\u00f6kleri nakil edilirken ve kanallara yerle\u015ftirilirken canl\u0131 olmaktad\u0131r. Canl\u0131 h\u00fccreler, kanallara tutunabilirlerse canl\u0131 kalabilmektedirler. Kafada olu\u015facak her t\u00fcrl\u00fc s\u00fcrt\u00fcnme bu tutunmay\u0131 engelleyecektir. Kafaya darbe gelir ise canl\u0131 h\u00fccreler \u00f6l\u00fcr ve \u00f6l\u00fc h\u00fccrelerden sa\u00e7 \u00e7\u0131kmas\u0131 beklenemez. Bu sebeple tarak kullan\u0131m\u0131 sa\u00e7 ekiminin sonras\u0131ndaki 1. senede uygulanabilir.<\/p>\n<h2 class=\"p1\"><span class=\"ez-toc-section\" id=\"Sac_Ekimi_Sonrasi_Tarama_Nasil_Yapilmalidir\"><\/span>Sa\u00e7 Ekimi Sonras\u0131 Tarama Nas\u0131l Yap\u0131lmal\u0131d\u0131r?<span class=\"ez-toc-section-end\"><\/span><\/h2>\n<p class=\"p1\">Sa\u00e7 ekimi sonras\u0131 tarak kullan\u0131m\u0131\u00a0konusunda acele edilmemelidir. Sa\u00e7 ekimi i\u015flemi sonras\u0131nda kafada k\u0131zar\u0131klar ve kabuklanmalar g\u00f6r\u00fcl\u00fcr. Olu\u015fan bu k\u0131zar\u0131kl\u0131\u011f\u0131n ve kabuklanman\u0131n sebebi v\u00fccudun bu b\u00f6lgenin h\u0131zl\u0131 bir \u015fekilde iyile\u015fmesi i\u00e7in daha fazla kan g\u00f6ndermesi ve iyile\u015fmeyi h\u0131zland\u0131rmas\u0131d\u0131r. Ard\u0131ndan mevcut olan sa\u00e7larda ve yaralar\u0131n iyile\u015fme s\u00fcreci boyunca \u00e7\u0131kan sa\u00e7larda ani bir d\u00f6k\u00fclme meydana gelir. Bu s\u00fcre\u00e7ten bir s\u00fcre sonra sa\u00e7lar tekrar \u00e7\u0131kmaya ba\u015flar. Her greftin sa\u00e7 \u00e7\u0131karma ve uzama s\u00fcresi farkl\u0131la\u015fabilir. Bu sebeple t\u00fcm sa\u00e7lar\u0131n \u00e7\u0131kmas\u0131 6 ay\u0131 bulabilmektedir. \u00c7\u00fcnk\u00fc sa\u00e7lar\u0131n \u00e7\u0131kmas\u0131 zaman alacakt\u0131r. Kal\u0131c\u0131 sa\u00e7lar \u00e7\u0131kmaya ba\u015flad\u0131ktan sonra da yumu\u015fak u\u00e7lu taraklarla hafif \u015fekilde taramak yeterli olacakt\u0131r. Sa\u00e7lar\u0131n\u0131z\u0131n tam olarak kendisini bulmas\u0131 bir y\u0131l\u0131 bulabilir. Tarama i\u015fleminden \u00f6nce sa\u00e7\u0131n\u0131z\u0131n nemli olmas\u0131 \u00f6nerilir Sa\u00e7 nemli iken y\u00fczde 50 oran\u0131nda esnektir. Bu esneklik sa\u00e7\u0131n\u0131z\u0131n koparak d\u00f6k\u00fclmesini ve k\u0131r\u0131lmas\u0131n\u0131 engeller. Sa\u00e7 suyun alt\u0131nda ya da nemli iken nazik\u00e7e taranmal\u0131d\u0131r.<\/p>\n<h2 class=\"p1\"><span class=\"ez-toc-section\" id=\"Sac_Ekiminden_Sonra_Ekilen_Bolge_Ne_Kadar_Sure_Taranmamalidir\"><\/span>Sa\u00e7 Ekiminden Sonra Ekilen B\u00f6lge Ne Kadar S\u00fcre Taranmamal\u0131d\u0131r?<span class=\"ez-toc-section-end\"><\/span><\/h2>\n<p class=\"p1\">Sa\u00e7 ekimi i\u015flemi yap\u0131ld\u0131ktan sonra yakla\u015f\u0131k 2-3 hafta sa\u00e7lar\u0131n\u0131z\u0131 ovman\u0131z ya da ka\u015f\u0131man\u0131z tavsiye edilmemektedir. Sa\u00e7 telleri f\u0131r\u00e7alamaktan da ka\u00e7\u0131n\u0131n \u00e7\u00fcnk\u00fc yara izini etkileyebilir ve ekilen greftlerin gecikmeli yeniden b\u00fcy\u00fcmesine neden olabilir. Sa\u00e7 ekiminden sonraki ilk g\u00fcnlerde operasyondan maksimum sonucu almak i\u00e7in ekstra \u00f6nlemler al\u0131nmal\u0131d\u0131r.\u00a0Sa\u00e7lar\u0131 taramaktan ve \u015fekillendirmekten ka\u00e7\u0131nmak daha iyidir.<\/p>\n<p class=\"p1\">Sa\u00e7 ekimi i\u015fleminden birka\u00e7 g\u00fcn sonra ekilen greftler daha g\u00fc\u00e7l\u00fc ve sa\u011fl\u0131kl\u0131 hale gelir.\u00a0Bu nedenle f\u0131r\u00e7alama greftleri etkilemeyebilir ancak bu hareket iyile\u015fmesi daha fazla zaman ald\u0131\u011f\u0131 i\u00e7in kafa derisine zarar verebilir.<\/p>\n<h2 class=\"p1\"><span class=\"ez-toc-section\" id=\"Sac_Ekiminden_Sonra_Ne_Tur_Tarak_Kullanilmalidir\"><\/span>Sa\u00e7 Ekiminden Sonra Ne T\u00fcr Tarak Kullan\u0131lmal\u0131d\u0131r?<span class=\"ez-toc-section-end\"><\/span><\/h2>\n<p class=\"p1\">Sa\u00e7 ekimin sonras\u0131 sa\u00e7 bak\u0131m\u0131 \u00e7ok \u00f6nemli bir konudur. Titizlik gerektiren tarama i\u015fleminde kulland\u0131\u011f\u0131n\u0131z tara\u011f\u0131n \u00f6ncelikli olarak temiz olmas\u0131 gerekmektedir. Size \u00f6zel, ki\u015fisel kullan\u0131ma mahsus ve temiz bir tarak kullanman\u0131z olmazsa olmazd\u0131r. Se\u00e7ti\u011finiz tara\u011f\u0131n yumu\u015fak u\u00e7lu ve s\u0131k olmamas\u0131 da dikkat edilmesi gereken bir ba\u015fka konudur. Sa\u00e7\u0131n\u0131z\u0131 tararken olduk\u00e7a nazik olmal\u0131s\u0131n\u0131z. Sa\u00e7lar\u0131n\u0131z\u0131 nemliyken taraman\u0131z sa\u00e7 sa\u011fl\u0131n\u0131z i\u00e7in \u00f6nerilmektedir.<\/p>\n<h2 class=\"p1\"><span class=\"ez-toc-section\" id=\"Sac_Ekimi_Islemi_Sonrasinda_Erken_Tarama_Yapilmasi_Hangi_Olumsuz_Sonuclari_Ortaya_Cikartir\"><\/span>Sa\u00e7 Ekimi \u0130\u015flemi Sonras\u0131nda Erken Tarama Yap\u0131lmas\u0131 Hangi Olumsuz Sonu\u00e7lar\u0131 Ortaya \u00c7\u0131kart\u0131r?<span class=\"ez-toc-section-end\"><\/span><\/h2>\n<ul>\n<li class=\"p1\">Greftlerin \u00e7\u0131k\u0131\u015f y\u00f6nlerinde sorunlar olu\u015fturabilir.<\/li>\n<li class=\"p1\">Canl\u0131 k\u00f6klerin \u00f6lmesine neden olabilir.<\/li>\n<li class=\"p1\">Sa\u00e7 ekimi i\u015flemi sonras\u0131nda kafada olu\u015fan s\u00fcrt\u00fcnme greftlerin yerinden oynamas\u0131na hatta \u00e7\u0131kmas\u0131na sebep olabilir.<\/li>\n<li class=\"p1\">Kafada olu\u015fan s\u00fcrt\u00fcnmeyle birlikte k\u00f6klerde bulunan h\u00fccreler \u00f6lebilir. Bu sebeple i\u015flem ba\u015far\u0131s\u0131z olabilmektedir.<\/li>\n<li class=\"p1\">S\u00fcrt\u00fcnme sebebiyle kanama olu\u015fabilir veya a\u011fr\u0131 sebebiyle rahats\u0131zl\u0131k ya\u015fanabilir.<\/li>\n<\/ul>\n<p class=\"p1\">Yasal Uyar\u0131: Bu sayfadaki ifadeler bilgi verme ama\u00e7l\u0131 olup, ba\u011flay\u0131c\u0131 nitelik ta\u015f\u0131maz. Hi\u00e7bir bilgi, tedavi tavsiyesi olmay\u0131p, doktor tavsiyelerinin \u00f6n\u00fcnde de\u011fildir. Kesin bilgi ve talimatlar\u0131, yaln\u0131zca doktorunuzdan alman\u0131z sa\u011fl\u0131\u011f\u0131n\u0131z a\u00e7\u0131s\u0131ndan son derece \u00f6nemlidir.<\/p>\n<p>Kaynak\u00e7a:<\/p>\n<p><a href=\"https:\/\/hairnhair.org\/comb-hair-transplant\" target=\"_blank\" rel=\"noopener\">https:\/\/hairnhair.org\/comb-hair-transplant<\/a><\/p>\n","protected":false},"excerpt":{"rendered":"<p>Sa\u00e7 ekimi i\u015flemi titizlik gerektiren bir i\u015flemdir. \u0130\u015flem sonras\u0131 hastan\u0131n kendi bak\u0131mda dikkat ve titizlik gerektirmektedir. \u0130\u015flem sonras\u0131nda hastan\u0131n bu g\u00f6revi \u00fcstlenmesi gerekmektedir. Sa\u00e7 ekimi i\u015flemi sonras\u0131nda dikkat edilmesi gereken \u00f6nemli konulardan biri de sa\u00e7 ekimi sonras\u0131 tarak kullan\u0131m\u0131d\u0131r. Sa\u00e7 ekimi i\u015flemi sonras\u0131nda sa\u00e7 tara\u011f\u0131 kullanmak i\u015flemin ba\u015far\u0131s\u0131n\u0131 etkilemektedir. Sa\u00e7 ekimi i\u015flemi tamamland\u0131ktan sonra doktorunuzun [&hellip;]<\/p>\n","protected":false},"author":1,"featured_media":3640,"comment_status":"closed","ping_status":"closed","sticky":false,"template":"","format":"standard","meta":{"footnotes":""},"categories":[9],"tags":[],"class_list":["post-3626","post","type-post","status-publish","format-standard","has-post-thumbnail","hentry","category-blog"],"_links":{"self":[{"href":"https:\/\/www.yetkinbayer.com\/tr\/wp-json\/wp\/v2\/posts\/3626","targetHints":{"allow":["GET"]}}],"collection":[{"href":"https:\/\/www.yetkinbayer.com\/tr\/wp-json\/wp\/v2\/posts"}],"about":[{"href":"https:\/\/www.yetkinbayer.com\/tr\/wp-json\/wp\/v2\/types\/post"}],"author":[{"embeddable":true,"href":"https:\/\/www.yetkinbayer.com\/tr\/wp-json\/wp\/v2\/users\/1"}],"replies":[{"embeddable":true,"href":"https:\/\/www.yetkinbayer.com\/tr\/wp-json\/wp\/v2\/comments?post=3626"}],"version-history":[{"count":1,"href":"https:\/\/www.yetkinbayer.com\/tr\/wp-json\/wp\/v2\/posts\/3626\/revisions"}],"predecessor-version":[{"id":3655,"href":"https:\/\/www.yetkinbayer.com\/tr\/wp-json\/wp\/v2\/posts\/3626\/revisions\/3655"}],"wp:featuredmedia":[{"embeddable":true,"href":"https:\/\/www.yetkinbayer.com\/tr\/wp-json\/wp\/v2\/media\/3640"}],"wp:attachment":[{"href":"https:\/\/www.yetkinbayer.com\/tr\/wp-json\/wp\/v2\/media?parent=3626"}],"wp:term":[{"taxonomy":"category","embeddable":true,"href":"https:\/\/www.yetkinbayer.com\/tr\/wp-json\/wp\/v2\/categories?post=3626"},{"taxonomy":"post_tag","embeddable":true,"href":"https:\/\/www.yetkinbayer.com\/tr\/wp-json\/wp\/v2\/tags?post=3626"}],"curies":[{"name":"wp","href":"https:\/\/api.w.org\/{rel}","templated":true}]}}