{"id":3611,"date":"2025-04-29T14:38:24","date_gmt":"2025-04-29T11:38:24","guid":{"rendered":"https:\/\/www.yetkinbayer.com\/?p=3611"},"modified":"2025-04-29T14:38:24","modified_gmt":"2025-04-29T11:38:24","slug":"lazer-epilasyon-sonrasi-cikan-tuyler-nasil-alinir","status":"publish","type":"post","link":"https:\/\/www.yetkinbayer.com\/tr\/lazer-epilasyon-sonrasi-cikan-tuyler-nasil-alinir\/","title":{"rendered":"Lazer Epilasyon Sonras\u0131 \u00c7\u0131kan T\u00fcyler Nas\u0131l Al\u0131n\u0131r?"},"content":{"rendered":"<p class=\"p2\"><span class=\"s1\"><strong><a href=\"https:\/\/www.yetkinbayer.com\/tr\/lazer-epilasyon-goze-zarar-verir-mi\/\">Lazer epilasyon<\/a><\/strong> uygulamalar\u0131 tek seansta %100 ba\u015far\u0131 g\u00f6steremez. Lazer epilasyon 1. Seans sonras\u0131 k\u0131llar genelde birka\u00e7 g\u00fcnde bazen birka\u00e7 haftada k\u0131l k\u00f6klerinden itibaren d\u00fc\u015fer. Ancak t\u00fcm v\u00fccut k\u0131llar\u0131n d\u00f6k\u00fclmesi bir seansta %100 ba\u015far\u0131 sergileyemez. <\/span><\/p>\n<p class=\"p2\"><span class=\"s1\">Lazer epilasyon sonras\u0131 \u00e7\u0131kan t\u00fcyler gibi sorunlarla s\u0131kl\u0131kla kar\u015f\u0131la\u015f\u0131lmaktad\u0131r. Dedi\u011fimiz gibi genelde d\u00f6k\u00fclme birka\u00e7 g\u00fcnde tamamlan\u0131r ama baz\u0131 insanlarda sa\u011fl\u0131k \u2013 genetik yap\u0131lar\u0131ndan dolay\u0131 d\u00f6k\u00fclme birka\u00e7 haftay\u0131 bulabilmektedir. Bu nedenle sab\u0131rla beklemeniz gerekmektedir. Lazerden sonra t\u00fcyleri elle \u00e7ekmek gibi i\u015flemler yap\u0131lmamal\u0131d\u0131r. <\/span><\/p>\n<p class=\"p2\"><span class=\"s1\">Lazer epilasyon cihazlar\u0131 k\u0131l k\u00f6klerine \u0131\u015f\u0131n yollar siz \u00e7ekerseniz k\u0131l k\u00f6k\u00fcn\u00fc de \u00e7ekmi\u015f olursan\u0131z ve bir sonraki seansta cihaz k\u0131l k\u00f6k\u00fcn\u00fc tan\u0131mlayamaz. Bu nedenle \u00e7ekme i\u015fleminden uzak durmal\u0131s\u0131n\u0131z.<\/span><\/p>\n<p>&#8220;Lazer epilasyon sonras\u0131 \u00e7\u0131kan t\u00fcyler nas\u0131l al\u0131n\u0131r?&#8221; sorusu medikal estetik yapt\u0131rm\u0131\u015f ki\u015filer taraf\u0131ndan en fazla y\u00f6neltilen sorulardan biridir. Dr. Yetkin Bayer, &#8220;Lazer epilasyon sonras\u0131 k\u0131llar tekrar \u00e7\u0131kar m\u0131?&#8221; ve &#8220;Lazer epilasyonu ka\u00e7 seans yapt\u0131rmak gerekir?&#8221; gibi sorular\u0131 sizler i\u00e7in yan\u0131tl\u0131yor.<\/p>\n<div id=\"ez-toc-container\" class=\"ez-toc-v2_0_82_2 counter-flat ez-toc-counter ez-toc-grey ez-toc-container-direction\">\n<div class=\"ez-toc-title-container\">\n<p class=\"ez-toc-title\" style=\"cursor:inherit\">Table of Contents<\/p>\n<span class=\"ez-toc-title-toggle\"><a href=\"#\" class=\"ez-toc-pull-right ez-toc-btn ez-toc-btn-xs ez-toc-btn-default ez-toc-toggle\" aria-label=\"\u0130\u00e7indekiler Tablosunu A\u00e7\/Kapat\"><span class=\"ez-toc-js-icon-con\"><span class=\"\"><span class=\"eztoc-hide\" style=\"display:none;\">Toggle<\/span><span class=\"ez-toc-icon-toggle-span\"><svg style=\"fill: #999;color:#999\" xmlns=\"http:\/\/www.w3.org\/2000\/svg\" class=\"list-377408\" width=\"20px\" height=\"20px\" viewBox=\"0 0 24 24\" fill=\"none\"><path d=\"M6 6H4v2h2V6zm14 0H8v2h12V6zM4 11h2v2H4v-2zm16 0H8v2h12v-2zM4 16h2v2H4v-2zm16 0H8v2h12v-2z\" fill=\"currentColor\"><\/path><\/svg><svg style=\"fill: #999;color:#999\" class=\"arrow-unsorted-368013\" xmlns=\"http:\/\/www.w3.org\/2000\/svg\" width=\"10px\" height=\"10px\" viewBox=\"0 0 24 24\" version=\"1.2\" baseProfile=\"tiny\"><path d=\"M18.2 9.3l-6.2-6.3-6.2 6.3c-.2.2-.3.4-.3.7s.1.5.3.7c.2.2.4.3.7.3h11c.3 0 .5-.1.7-.3.2-.2.3-.5.3-.7s-.1-.5-.3-.7zM5.8 14.7l6.2 6.3 6.2-6.3c.2-.2.3-.5.3-.7s-.1-.5-.3-.7c-.2-.2-.4-.3-.7-.3h-11c-.3 0-.5.1-.7.3-.2.2-.3.5-.3.7s.1.5.3.7z\"\/><\/svg><\/span><\/span><\/span><\/a><\/span><\/div>\n<nav><ul class='ez-toc-list ez-toc-list-level-1 eztoc-toggle-hide-by-default' ><li class='ez-toc-page-1'><a class=\"ez-toc-link ez-toc-heading-1\" href=\"#\" data-href=\"https:\/\/www.yetkinbayer.com\/tr\/lazer-epilasyon-sonrasi-cikan-tuyler-nasil-alinir\/#Lazer_Epilasyon_Sabir_Ister\" >Lazer Epilasyon Sab\u0131r \u0130ster<\/a><\/li><li class='ez-toc-page-1'><a class=\"ez-toc-link ez-toc-heading-2\" href=\"#\" data-href=\"https:\/\/www.yetkinbayer.com\/tr\/lazer-epilasyon-sonrasi-cikan-tuyler-nasil-alinir\/#Lazer_Epilasyonu_Kac_Seans_Yaptirmak_Gerekir\" >Lazer Epilasyonu Ka\u00e7 Seans Yapt\u0131rmak Gerekir?<\/a><\/li><li class='ez-toc-page-1'><a class=\"ez-toc-link ez-toc-heading-3\" href=\"#\" data-href=\"https:\/\/www.yetkinbayer.com\/tr\/lazer-epilasyon-sonrasi-cikan-tuyler-nasil-alinir\/#Lazer_Epilasyon_Sonrasi_Killar_Tekrar_Cikar_mi_%E2%80%93_Buyur_mu\" >Lazer Epilasyon Sonras\u0131 K\u0131llar Tekrar \u00c7\u0131kar m\u0131 \u2013 B\u00fcy\u00fcr m\u00fc?<\/a><\/li><\/ul><\/nav><\/div>\n<h2 class=\"p3\"><span class=\"ez-toc-section\" id=\"Lazer_Epilasyon_Sabir_Ister\"><\/span><span class=\"s1\"><b>Lazer Epilasyon Sab\u0131r \u0130ster<\/b><\/span><span class=\"ez-toc-section-end\"><\/span><\/h2>\n<p class=\"p2\"><span class=\"s1\">Lazer epilasyon cihazlar\u0131ndan hi\u00e7biri ama hi\u00e7 biri asla %100 ba\u015far\u0131 sergileyemez. Yani %100 k\u0131llar\u0131 yok edemez, %100 k\u0131llar\u0131n yeniden \u00e7\u0131k\u0131\u015f\u0131n\u0131 engelleyemez. Ba\u015far\u0131l\u0131 bir epilasyon i\u00e7in seanslar ortalama 1 y\u0131l s\u00fcrd\u00fcr\u00fclmelidir. \u00d6nerilen seans 1,5 y\u0131ld\u0131r.<\/span><\/p>\n<p class=\"p2\"><span class=\"s1\"> Elbette aral\u0131klar\u0131 k\u0131sa de\u011fildir. \u00d6rne\u011fin ilk seans\u0131n ard\u0131ndan en az 3 en fazla 6 ay sonra di\u011fer seansa ge\u00e7ilir. Etkili ba\u015far\u0131 sonu\u00e7lar\u0131n\u0131 g\u00f6zlemleyebilmek i\u00e7in seanslar d\u00fczenli olarak devam ettirilmeli <b>lazerden sonra a\u011fdaya d\u00f6n\u00fc\u015f<\/b> yap\u0131lmamal\u0131d\u0131r.<\/span><\/p>\n<h2 class=\"p3\"><span class=\"ez-toc-section\" id=\"Lazer_Epilasyonu_Kac_Seans_Yaptirmak_Gerekir\"><\/span><span class=\"s1\"><b>Lazer Epilasyonu Ka\u00e7 Seans Yapt\u0131rmak Gerekir?<\/b><\/span><span class=\"ez-toc-section-end\"><\/span><\/h2>\n<p class=\"p2\"><span class=\"s1\">En uygun seans say\u0131s\u0131n\u0131 ve s\u00fcre aral\u0131\u011f\u0131n\u0131 g\u00fczellik uzman\u0131n\u0131z verecektir. Biz burada \u00f6n muayene olmadan net bir s\u00fcre \u2013 seans say\u0131s\u0131 veremeyiz. Ancak genelden bahsedebiliriz. Genelde ilk seans sonras\u0131 3 \u2013 4 ay sonras\u0131na ikinci seans randevusu verilir. \u0130lk seansta k\u0131llar\u0131n\u0131z\u0131n neredeyse %70\u2019i kendili\u011finden d\u00fc\u015fecektir. <\/span><\/p>\n<p class=\"p2\"><span class=\"s1\">Kalan %30 ve sonradan \u00e7\u0131kan k\u0131llar i\u00e7in ikinci seansta \u00e7ok daha fazla ba\u015far\u0131 elde edilir. Unutmay\u0131n\u0131z lazer epilasyon asla %100 k\u0131l yok edemez. Ba\u015far\u0131 oran\u0131 %90\u2019d\u0131r. Ancak baz\u0131 ki\u015filerde bu oran daha d\u00fc\u015f\u00fck ya da daha y\u00fcksek olabilir. <\/span><\/p>\n<p class=\"p2\"><span class=\"s1\">Ba\u015far\u0131n\u0131n kriterleri cihaz\u0131n kalitesi, ki\u015finin k\u0131l yap\u0131s\u0131, cilt \u2013 k\u0131l rengi gibi etkenlere ba\u011fl\u0131d\u0131r. Genetik olarak yo\u011fun k\u0131l \u00e7\u0131k\u0131\u015f\u0131 ya\u015fayan bireylerde asla %90 ba\u015far\u0131 elde edilemez. Ayn\u0131 \u015fekilde k\u0131llar\u0131 a\u00e7\u0131k renkli olan ki\u015filerde de ba\u015far\u0131l\u0131 sonu\u00e7 y\u00fczdesi azalacakt\u0131r. <\/span><\/p>\n<h2 class=\"p4\"><span class=\"ez-toc-section\" id=\"Lazer_Epilasyon_Sonrasi_Killar_Tekrar_Cikar_mi_%E2%80%93_Buyur_mu\"><\/span><span class=\"s1\"><b>Lazer Epilasyon Sonras\u0131 K\u0131llar Tekrar \u00c7\u0131kar m\u0131 \u2013 B\u00fcy\u00fcr m\u00fc?<\/b><\/span><span class=\"ez-toc-section-end\"><\/span><\/h2>\n<p class=\"p2\"><span class=\"s1\">Lazer epilasyonlar k\u0131l k\u00f6klerine ortalama 1 mm derinli\u011fe ula\u015farak k\u0131llar\u0131 k\u00f6klerinden kurutarak kendi kendine d\u00fc\u015fmesini sa\u011flar. Lazer epilasyon sonras\u0131 a\u011fdaya d\u00f6n\u00fc\u015f ger\u00e7ekle\u015ftirilmemeli, sab\u0131rla seanslara devam edilmelidir. Lazerden sonra k\u0131llar yeniden \u00e7\u0131kacak ve b\u00fcy\u00fcyecektir. Ancak lazer \u00f6ncesi kadar k\u0131sa s\u00fcrede \u00e7\u0131kmayacak \u2013 b\u00fcy\u00fcmeyecektir. <\/span><\/p>\n<p class=\"p2\"><span class=\"s1\">Seanslar\u0131n\u0131za devam ettik\u00e7e k\u0131llar\u0131n\u0131z\u0131n \u00e7ok daha uzun s\u00fcrede \u00e7\u0131kt\u0131\u011f\u0131n\u0131, az \u00e7\u0131kt\u0131\u011f\u0131n\u0131, ince ve k\u0131sa \u00e7\u0131kt\u0131\u011f\u0131n\u0131 g\u00f6zlemleyebileceksiniz. \u00d6rne\u011fin 4 \u2013 5 seans bir \u2013 bir bu\u00e7uk y\u0131l seansa devam etti\u011finiz takdirde seans aral\u0131\u011f\u0131n\u0131z sadece senede bir defaya d\u00fc\u015fecektir. Birka\u00e7 y\u0131l sonra muhtemelen seansa girmenize bile gerek kalmayacakt\u0131r. Elbette dedi\u011fimiz gibi bu s\u00fcre sadece uzman taraf\u0131ndan sizi muayene ettikten sonra verilebilir.<\/span><\/p>\n<p class=\"p2\"><strong><span class=\"s1\"><i>Kaynak\u00e7a:<\/i><\/span><\/strong><\/p>\n<p class=\"p5\"><span class=\"s2\"><a href=\"https:\/\/www.buzlazer.com\/soru\/lazer-epilasyondan-sonra-cikan-tuyler-nasil-alinmali\" target=\"_blank\" rel=\"noopener\"><i>https:\/\/www.buzlazer.com\/soru\/lazer-epilasyondan-sonra-cikan-tuyler-nasil-alinmali<\/i><\/a><\/span><\/p>\n<p class=\"p5\"><span class=\"s2\"><a href=\"https:\/\/www.marmarahair.com\/lazer-epilasyon-sonrasi-killar-tekrar-cikar-mi\/\" target=\"_blank\" rel=\"noopener\"><i>https:\/\/www.marmarahair.com\/lazer-epilasyon-sonrasi-killar-tekrar-cikar-mi\/<\/i><\/a><\/span><\/p>\n","protected":false},"excerpt":{"rendered":"<p>Lazer epilasyon uygulamalar\u0131 tek seansta %100 ba\u015far\u0131 g\u00f6steremez. Lazer epilasyon 1. Seans sonras\u0131 k\u0131llar genelde birka\u00e7 g\u00fcnde bazen birka\u00e7 haftada k\u0131l k\u00f6klerinden itibaren d\u00fc\u015fer. Ancak t\u00fcm v\u00fccut k\u0131llar\u0131n d\u00f6k\u00fclmesi bir seansta %100 ba\u015far\u0131 sergileyemez. Lazer epilasyon sonras\u0131 \u00e7\u0131kan t\u00fcyler gibi sorunlarla s\u0131kl\u0131kla kar\u015f\u0131la\u015f\u0131lmaktad\u0131r. Dedi\u011fimiz gibi genelde d\u00f6k\u00fclme birka\u00e7 g\u00fcnde tamamlan\u0131r ama baz\u0131 insanlarda sa\u011fl\u0131k \u2013 [&hellip;]<\/p>\n","protected":false},"author":1,"featured_media":3612,"comment_status":"closed","ping_status":"closed","sticky":false,"template":"","format":"standard","meta":{"footnotes":""},"categories":[9],"tags":[],"class_list":["post-3611","post","type-post","status-publish","format-standard","has-post-thumbnail","hentry","category-blog"],"_links":{"self":[{"href":"https:\/\/www.yetkinbayer.com\/tr\/wp-json\/wp\/v2\/posts\/3611","targetHints":{"allow":["GET"]}}],"collection":[{"href":"https:\/\/www.yetkinbayer.com\/tr\/wp-json\/wp\/v2\/posts"}],"about":[{"href":"https:\/\/www.yetkinbayer.com\/tr\/wp-json\/wp\/v2\/types\/post"}],"author":[{"embeddable":true,"href":"https:\/\/www.yetkinbayer.com\/tr\/wp-json\/wp\/v2\/users\/1"}],"replies":[{"embeddable":true,"href":"https:\/\/www.yetkinbayer.com\/tr\/wp-json\/wp\/v2\/comments?post=3611"}],"version-history":[{"count":1,"href":"https:\/\/www.yetkinbayer.com\/tr\/wp-json\/wp\/v2\/posts\/3611\/revisions"}],"predecessor-version":[{"id":3625,"href":"https:\/\/www.yetkinbayer.com\/tr\/wp-json\/wp\/v2\/posts\/3611\/revisions\/3625"}],"wp:featuredmedia":[{"embeddable":true,"href":"https:\/\/www.yetkinbayer.com\/tr\/wp-json\/wp\/v2\/media\/3612"}],"wp:attachment":[{"href":"https:\/\/www.yetkinbayer.com\/tr\/wp-json\/wp\/v2\/media?parent=3611"}],"wp:term":[{"taxonomy":"category","embeddable":true,"href":"https:\/\/www.yetkinbayer.com\/tr\/wp-json\/wp\/v2\/categories?post=3611"},{"taxonomy":"post_tag","embeddable":true,"href":"https:\/\/www.yetkinbayer.com\/tr\/wp-json\/wp\/v2\/tags?post=3611"}],"curies":[{"name":"wp","href":"https:\/\/api.w.org\/{rel}","templated":true}]}}