{"id":3548,"date":"2025-04-29T14:31:50","date_gmt":"2025-04-29T11:31:50","guid":{"rendered":"https:\/\/www.yetkinbayer.com\/?p=3548"},"modified":"2025-04-29T14:31:50","modified_gmt":"2025-04-29T11:31:50","slug":"sac-ekimi-sonrasi-cay-icilir-mi","status":"publish","type":"post","link":"https:\/\/www.yetkinbayer.com\/tr\/sac-ekimi-sonrasi-cay-icilir-mi\/","title":{"rendered":"Sa\u00e7 ekimi sonras\u0131 \u00e7ay i\u00e7ilir mi?"},"content":{"rendered":"<p class=\"p1\">Sa\u00e7 ekimi sonras\u0131 \u00e7ay i\u00e7ilir mi? Sorusu, sa\u00e7 ekim i\u015flemi ile ilgili merak edilen hususlardan bir tanesidir. Sa\u00e7 ekimi ile herhangi bir besin do\u011frudan ili\u015fkilendirilmi\u015f de\u011fildir. Yaln\u0131zca sedasyonun yan etkileri nedeniyle, anestezi kullan\u0131m\u0131na ba\u011fl\u0131 olarak cerrahi uygulamalardan sonra bir s\u00fcre yeme i\u00e7me yasaklanabilir. Fakat, lokal anestezi ile yap\u0131lan bir i\u015flem olsan sa\u00e7 ekiminden sonra \u00e7al i\u00e7mek hakk\u0131nda kesin bir yarg\u0131dan s\u00f6z etmek \u00e7ok do\u011fru olmayabilir.<\/p>\n<p class=\"p1\">\u201cSa\u00e7 ekimi i\u015fleminden sonra bol su t\u00fcketilmelidir. Operasyon sonras\u0131nda ilk 3 g\u00fcn \u00e7ay, kahve ve sigara t\u00fcketilmemesi yararl\u0131 olacakt\u0131r\u201d \u015feklinde baz\u0131 ifadeler s\u00f6z konusudur. Ancak bu; <a href=\"https:\/\/yetkinbayer.com\/sac-ekimi\" target=\"_blank\" rel=\"noopener\">sa\u00e7 ekimi<\/a> sonras\u0131nda \u00e7ay i\u00e7mek zararl\u0131d\u0131r sonucuna ula\u015fmam\u0131z anlam\u0131na gelmez.<\/p>\n<p class=\"p1\">Sa\u00e7 ekiminden sonra nas\u0131l davranaca\u011f\u0131n\u0131z, ne yiyip i\u00e7ebilece\u011finiz veya i\u00e7emeyece\u011finiz karar\u0131 yetkisi, b\u00fct\u00fcn\u00fcyle doktorunuzdad\u0131r. Doktor, uygulaman\u0131n detaylar\u0131na ve sizin genel durumunuza g\u00f6re, size \u00f6zel bir yol haritas\u0131 olu\u015fturabilir. Elbette sa\u00e7 ekiminden sonra uyulmas\u0131 gereken genel hususlar s\u00f6z konusudur. \u00c7ay konusu \u00f6zel olarak doktordan bilgi alman\u0131z gereken hususlardan bir tanesi olarak say\u0131labilir. Bu noktada hekimin verece\u011fi talimatlar\u0131n, operasyonun <a href=\"https:\/\/yetkinbayer.com\/sac-ekimi-sonuclari.html\" target=\"_blank\" rel=\"noopener\">sonu\u00e7lar\u0131<\/a> bak\u0131m\u0131ndan son derece etkili oldu\u011funu unutmay\u0131n\u0131z.<\/p>\n<p>&#8220;Sa\u00e7 ekimi sonras\u0131 \u00e7ay i\u00e7ilir mi?&#8221; sorusu sa\u00e7 ekimi yapt\u0131rm\u0131\u015f ki\u015filer taraf\u0131ndan en fazla y\u00f6neltilen sorulardan biridir. Dr. Yetkin Bayer, &#8220;Sa\u00e7 ekimi sonras\u0131 beslenme nas\u0131l olmal\u0131d\u0131r?&#8221; ve &#8220;Sa\u00e7 ekimi sonras\u0131 dikkat edilmesi gerekenler nelerdir?&#8221; gibi sorular\u0131 sizler i\u00e7in yan\u0131tl\u0131yor.<\/p>\n<div id=\"ez-toc-container\" class=\"ez-toc-v2_0_82_2 counter-flat ez-toc-counter ez-toc-grey ez-toc-container-direction\">\n<div class=\"ez-toc-title-container\">\n<p class=\"ez-toc-title\" style=\"cursor:inherit\">Table of Contents<\/p>\n<span class=\"ez-toc-title-toggle\"><a href=\"#\" class=\"ez-toc-pull-right ez-toc-btn ez-toc-btn-xs ez-toc-btn-default ez-toc-toggle\" aria-label=\"\u0130\u00e7indekiler Tablosunu A\u00e7\/Kapat\"><span class=\"ez-toc-js-icon-con\"><span class=\"\"><span class=\"eztoc-hide\" style=\"display:none;\">Toggle<\/span><span class=\"ez-toc-icon-toggle-span\"><svg style=\"fill: #999;color:#999\" xmlns=\"http:\/\/www.w3.org\/2000\/svg\" class=\"list-377408\" width=\"20px\" height=\"20px\" viewBox=\"0 0 24 24\" fill=\"none\"><path d=\"M6 6H4v2h2V6zm14 0H8v2h12V6zM4 11h2v2H4v-2zm16 0H8v2h12v-2zM4 16h2v2H4v-2zm16 0H8v2h12v-2z\" fill=\"currentColor\"><\/path><\/svg><svg style=\"fill: #999;color:#999\" class=\"arrow-unsorted-368013\" xmlns=\"http:\/\/www.w3.org\/2000\/svg\" width=\"10px\" height=\"10px\" viewBox=\"0 0 24 24\" version=\"1.2\" baseProfile=\"tiny\"><path d=\"M18.2 9.3l-6.2-6.3-6.2 6.3c-.2.2-.3.4-.3.7s.1.5.3.7c.2.2.4.3.7.3h11c.3 0 .5-.1.7-.3.2-.2.3-.5.3-.7s-.1-.5-.3-.7zM5.8 14.7l6.2 6.3 6.2-6.3c.2-.2.3-.5.3-.7s-.1-.5-.3-.7c-.2-.2-.4-.3-.7-.3h-11c-.3 0-.5.1-.7.3-.2.2-.3.5-.3.7s.1.5.3.7z\"\/><\/svg><\/span><\/span><\/span><\/a><\/span><\/div>\n<nav><ul class='ez-toc-list ez-toc-list-level-1 eztoc-toggle-hide-by-default' ><li class='ez-toc-page-1'><a class=\"ez-toc-link ez-toc-heading-1\" href=\"#\" data-href=\"https:\/\/www.yetkinbayer.com\/tr\/sac-ekimi-sonrasi-cay-icilir-mi\/#Sac_Ekimi_Oncesi_ve_Sonrasi_Dikkat_Edilmesi_Gerekenler\" >Sa\u00e7 Ekimi \u00d6ncesi ve Sonras\u0131 Dikkat Edilmesi Gerekenler<\/a><\/li><li class='ez-toc-page-1'><a class=\"ez-toc-link ez-toc-heading-2\" href=\"#\" data-href=\"https:\/\/www.yetkinbayer.com\/tr\/sac-ekimi-sonrasi-cay-icilir-mi\/#Sac_Ekimi_Sonrasi_Beslenme_Nasil_Olmali\" >Sa\u00e7 Ekimi Sonras\u0131 Beslenme Nas\u0131l Olmal\u0131?<\/a><\/li><\/ul><\/nav><\/div>\n<h2 class=\"p1\"><span class=\"ez-toc-section\" id=\"Sac_Ekimi_Oncesi_ve_Sonrasi_Dikkat_Edilmesi_Gerekenler\"><\/span>Sa\u00e7 Ekimi \u00d6ncesi ve Sonras\u0131 Dikkat Edilmesi Gerekenler<span class=\"ez-toc-section-end\"><\/span><\/h2>\n<p class=\"p1\">Sa\u00e7 ekimi i\u015flemi sonras\u0131nda ilk 3 g\u00fcn dinlenilmeli ve sizi yoracak a\u011f\u0131r i\u015flerden ka\u00e7\u0131nmal\u0131s\u0131n\u0131z.<\/p>\n<p class=\"p1\">Sa\u00e7 ekim i\u015flemi sonras\u0131nda sa\u00e7 ekilen b\u00f6lgeyi ilk 3 g\u00fcn g\u00fcne\u015ften, ya\u011fmurdan ve su temas\u0131ndan korumal\u0131s\u0131n\u0131z. D\u0131\u015far\u0131 \u00e7\u0131kman\u0131z gerekli ise ba\u015f\u0131n\u0131z\u0131 s\u0131kmayacak, yumu\u015fak bir kuma\u015ftan yap\u0131lm\u0131\u015f bir \u015fapka kullanabilirsiniz.<\/p>\n<p class=\"p1\">Sa\u00e7 ekimi i\u015fleminden sonra sa\u00e7 ekilen b\u00f6lgeye zarar gelmemesi i\u00e7in bol yakal\u0131, fermuarl\u0131 ve d\u00fc\u011fmeli k\u0131yafetler tercih etmelisiniz.<\/p>\n<p class=\"p1\"><a href=\"https:\/\/yetkinbayer.com\/sac-ekim-sonrasi.html\" target=\"_blank\" rel=\"noopener\">Sa\u00e7 ekimi sonras\u0131nda<\/a> m\u00fcmk\u00fcn oldu\u011funca ba\u015f k\u0131sm\u0131 hafif\u00e7e yukar\u0131da olacak \u015fekilde s\u0131rt\u00fcst\u00fc yatmal\u0131 ve boynunuzun alt\u0131na seyahat yast\u0131\u011f\u0131 veya rulo haline getirdi\u011finiz bir havluyu koymal\u0131s\u0131n\u0131z.<\/p>\n<p class=\"p1\">Operasyon sonras\u0131nda olu\u015facak \u00f6demin h\u0131zl\u0131ca ge\u00e7mesi i\u00e7in ba\u015f\u0131n\u0131z\u0131 m\u00fcmk\u00fcn oldu\u011funca dik tutmal\u0131s\u0131n\u0131z.<\/p>\n<p class=\"p1\">Sa\u00e7 ekimi i\u015flemi sonras\u0131nda, sa\u00e7 ekimi uzman\u0131n\u0131z\u0131n verdi\u011fi re\u00e7etedeki ila\u00e7lar, kremleri, losyonlar, \u015fampuanlar d\u00fczenli ve sa\u00e7 ekimi uzman\u0131n\u0131z\u0131n \u00f6nerdi\u011fi gibi kullan\u0131lmal\u0131d\u0131r.<\/p>\n<p class=\"p1\">Sa\u00e7 ekim i\u015fleminden sonraki g\u00fcn don\u00f6r alana pansuman yap\u0131laca\u011f\u0131 i\u00e7in t\u00fcm ila\u00e7lar\u0131n\u0131z\u0131 yan\u0131n\u0131zda getirmelisiniz.<\/p>\n<p class=\"p1\">Sa\u00e7\u0131n\u0131z\u0131n ilk y\u0131kamas\u0131 durumunuza g\u00f6re 2. veya 3. G\u00fcn yap\u0131lacakt\u0131r. Buna sa\u00e7 ekim uzman\u0131n\u0131z karar verecektir. \u0130lk y\u0131kamadan sonra sa\u00e7 ekimi yap\u0131lan b\u00f6lgeyi 15 g\u00fcn boyunca her g\u00fcn 1 kez tazyiksiz bol suyla y\u0131kamal\u0131s\u0131n\u0131z.<\/p>\n<p class=\"p1\">Sa\u00e7 y\u0131kama s\u0131ras\u0131nda \u00f6ncelikle size verilen losyonu d\u00f6kerek 10 dakika sa\u00e7 derinizdeki kabuklar\u0131n yumu\u015famas\u0131n\u0131 beklemeli ve ard\u0131ndan \u015fampuan\u0131 elinizde k\u00f6p\u00fcrterek kafan\u0131zda s\u00fcrtme hareketi yapmayarak y\u0131kama i\u015flemini ger\u00e7ekle\u015ftirmeli ve iyi bir durulama yapmal\u0131s\u0131n\u0131z.<\/p>\n<p class=\"p1\">Sa\u00e7 ekimi sonras\u0131nda 15 g\u00fcn boyunca terletici ve a\u011f\u0131r sporlar yapmamal\u0131s\u0131n\u0131z. 15 g\u00fcn sonra hafif sporlara ba\u015flayabilirsiniz. Toplu veya kafaya temas gerektiren sporlara i\u015flemin ard\u0131ndan 1 ay sonra ba\u015flanmal\u0131.<\/p>\n<p class=\"p1\">1 ay solaryuma girmemeli ve g\u00fcne\u015f \u0131\u015f\u0131nlar\u0131ndan ka\u00e7\u0131nmal\u0131s\u0131n\u0131z. 1 ay sonunda denize ve havuza girilebilir.<\/p>\n<p class=\"p1\">1. aydan sonra spa, sauna ve hamama gidilebilmektedir.<\/p>\n<p class=\"p1\">Ekilen sa\u00e7lar ilk 1 ayda d\u00f6k\u00fcl\u00fcr ve 3. aydan itibaren tekrar \u00e7\u0131kmaya ba\u015flar. T\u00fcm sa\u00e7lar\u0131n \u00e7\u0131kmas\u0131 1-1,5 seneyi bulmaktad\u0131r.<\/p>\n<p class=\"p1\">Sa\u00e7 ekiminden 1 ay sonra sa\u00e7lar\u0131n\u0131z\u0131 kestirebilirsiniz. \u0130\u015flem sonras\u0131nda ilk 3 ay sa\u00e7lar\u0131n\u0131z\u0131 kestirirken makine kullanmamal\u0131,<span class=\"Apple-converted-space\">\u00a0 <\/span>makas ile kestirmelisiniz. 3 aydan sonra makine de kullanmaya ba\u015flayabilirsiniz.<\/p>\n<h2 class=\"p1\"><span class=\"ez-toc-section\" id=\"Sac_Ekimi_Sonrasi_Beslenme_Nasil_Olmali\"><\/span>Sa\u00e7 Ekimi Sonras\u0131 Beslenme Nas\u0131l Olmal\u0131?<span class=\"ez-toc-section-end\"><\/span><\/h2>\n<p class=\"p1\">Sa\u00e7 ekimi i\u015flemi sonras\u0131nda tercih edece\u011finiz besinler iyile\u015fme s\u00fcrecinizi h\u0131zland\u0131racak ve h\u00fccrelerinizin yenilenmesine yard\u0131mc\u0131 olacakt\u0131r. B vitamini i\u00e7eren g\u0131dalar t\u00fcketmeniz sa\u00e7\u0131n kalitesi, uzamas\u0131 ve b\u00fcy\u00fcmesi i\u00e7in \u00f6nemlidir. B vitaminini, hayvansal g\u0131dalardan, baklagillerden, tam tah\u0131ll\u0131 g\u0131dalardan, brokoli ve \u0131spanak gibi sebzelerden alabilirsiniz. Ayr\u0131ca portakal ve limon gibi meyvelerde de bolca B vitamini bulunmaktad\u0131r. \u00c7inko eksikli\u011fi sa\u00e7 d\u00f6k\u00fclmesini etkileyen bir fakt\u00f6rd\u00fcr. Bu sebeple sa\u00e7 ekimi sonras\u0131 \u00e7inko i\u00e7eren g\u0131dalar t\u00fcketmeniz sa\u00e7lar\u0131n\u0131z\u0131 g\u00fc\u00e7lendirecektir. K\u0131rm\u0131z\u0131 et, yer f\u0131st\u0131\u011f\u0131, hindi eti ve sar\u0131msak gibi besinler t\u00fcketerek \u00e7inko al\u0131m\u0131 ger\u00e7ekle\u015ftirebilirsiniz. \u00c7inko gibi demir eksikli\u011fi de sa\u00e7 d\u00f6k\u00fclmesine sebebiyet verebilir.<\/p>\n<p class=\"p1\">Demiri ise k\u00fcmes hayvanlar\u0131 ve lahana gibi sebzelerden alabilirsiniz. Sa\u00e7 ekimi i\u015flemi sonras\u0131nda A vitamini, C vitamini ve E vitamini de b\u00fcy\u00fck \u00f6nem ta\u015f\u0131maktad\u0131r. E vitamini yaralar\u0131n iyile\u015fmesinde, C vitamini hem yaralar\u0131n iyile\u015fmesinde hem stresle m\u00fccadelede, A vitamini ise sa\u00e7 ekimi i\u015flemi sonras\u0131nda i\u015flem yap\u0131lan dokunun iyile\u015fmesinde ve daha az ka\u015f\u0131nt\u0131 olmas\u0131nda yarar sa\u011flayacakt\u0131r. A vitaminini yumurta, s\u00fct, tereya\u011f\u0131, peynir gibi s\u00fct \u00fcr\u00fcnlerinden alabilirsiniz. C vitaminini narenciye meyvelerinden, E vitaminini bal\u0131k, badem, f\u0131nd\u0131k ve kabak \u00e7ekirde\u011fi gibi kuruyemi\u015flerden alabilirsiniz.<span class=\"Apple-converted-space\">\u00a0 <\/span>T\u00fcm bahsettiklerimiz sonucunda sa\u00e7 ekimi i\u015flemi sonras\u0131nda beslenmede \u00e7ok \u00f6nemlidir. Bu besinleri t\u00fcketirseniz iyile\u015fme s\u00fcreciniz h\u0131zlan\u0131r ve sa\u011fl\u0131kl\u0131 sa\u00e7lara ula\u015fman\u0131z m\u00fcmk\u00fcn olur. Mevcut bir hastal\u0131\u011f\u0131n\u0131z veya alerjiniz bulunuyorsa bu g\u0131dalar\u0131 t\u00fcketmemeli ve doktorunuza dan\u0131\u015fmal\u0131s\u0131n\u0131z.<\/p>\n<p class=\"p1\">Yasal Uyar\u0131: Bu sayfadaki ifadeler bilgi verme ama\u00e7l\u0131 olup, ba\u011flay\u0131c\u0131 nitelik ta\u015f\u0131maz. Hi\u00e7bir bilgi, tedavi tavsiyesi olmay\u0131p, doktor tavsiyelerinin \u00f6n\u00fcnde de\u011fildir. Kesin bilgi ve talimatlar\u0131, yaln\u0131zca doktorunuzdan alman\u0131z sa\u011fl\u0131\u011f\u0131n\u0131z a\u00e7\u0131s\u0131ndan son derece \u00f6nemlidir.<\/p>\n<p>Kaynak\u00e7a:<\/p>\n<p><a href=\"https:\/\/www.advancedhairstudioindia.com\/blogs\/5-things-you-should-consider-before-and-after-hair-transplant-treatment\" target=\"_blank\" rel=\"noopener\">https:\/\/www.advancedhairstudioindia.com\/blogs\/5-things-you-should-consider-before-and-after-hair-transplant-treatment<\/a><\/p>\n","protected":false},"excerpt":{"rendered":"<p>Sa\u00e7 ekimi sonras\u0131 \u00e7ay i\u00e7ilir mi? Sorusu, sa\u00e7 ekim i\u015flemi ile ilgili merak edilen hususlardan bir tanesidir. Sa\u00e7 ekimi ile herhangi bir besin do\u011frudan ili\u015fkilendirilmi\u015f de\u011fildir. Yaln\u0131zca sedasyonun yan etkileri nedeniyle, anestezi kullan\u0131m\u0131na ba\u011fl\u0131 olarak cerrahi uygulamalardan sonra bir s\u00fcre yeme i\u00e7me yasaklanabilir. Fakat, lokal anestezi ile yap\u0131lan bir i\u015flem olsan sa\u00e7 ekiminden sonra \u00e7al [&hellip;]<\/p>\n","protected":false},"author":1,"featured_media":3563,"comment_status":"closed","ping_status":"closed","sticky":false,"template":"","format":"standard","meta":{"footnotes":""},"categories":[9],"tags":[],"class_list":["post-3548","post","type-post","status-publish","format-standard","has-post-thumbnail","hentry","category-blog"],"_links":{"self":[{"href":"https:\/\/www.yetkinbayer.com\/tr\/wp-json\/wp\/v2\/posts\/3548","targetHints":{"allow":["GET"]}}],"collection":[{"href":"https:\/\/www.yetkinbayer.com\/tr\/wp-json\/wp\/v2\/posts"}],"about":[{"href":"https:\/\/www.yetkinbayer.com\/tr\/wp-json\/wp\/v2\/types\/post"}],"author":[{"embeddable":true,"href":"https:\/\/www.yetkinbayer.com\/tr\/wp-json\/wp\/v2\/users\/1"}],"replies":[{"embeddable":true,"href":"https:\/\/www.yetkinbayer.com\/tr\/wp-json\/wp\/v2\/comments?post=3548"}],"version-history":[{"count":1,"href":"https:\/\/www.yetkinbayer.com\/tr\/wp-json\/wp\/v2\/posts\/3548\/revisions"}],"predecessor-version":[{"id":3576,"href":"https:\/\/www.yetkinbayer.com\/tr\/wp-json\/wp\/v2\/posts\/3548\/revisions\/3576"}],"wp:featuredmedia":[{"embeddable":true,"href":"https:\/\/www.yetkinbayer.com\/tr\/wp-json\/wp\/v2\/media\/3563"}],"wp:attachment":[{"href":"https:\/\/www.yetkinbayer.com\/tr\/wp-json\/wp\/v2\/media?parent=3548"}],"wp:term":[{"taxonomy":"category","embeddable":true,"href":"https:\/\/www.yetkinbayer.com\/tr\/wp-json\/wp\/v2\/categories?post=3548"},{"taxonomy":"post_tag","embeddable":true,"href":"https:\/\/www.yetkinbayer.com\/tr\/wp-json\/wp\/v2\/tags?post=3548"}],"curies":[{"name":"wp","href":"https:\/\/api.w.org\/{rel}","templated":true}]}}