{"id":3448,"date":"2025-04-29T13:37:25","date_gmt":"2025-04-29T10:37:25","guid":{"rendered":"https:\/\/www.yetkinbayer.com\/?p=3448"},"modified":"2025-04-29T13:37:25","modified_gmt":"2025-04-29T10:37:25","slug":"estetik-dis-hekimligi","status":"publish","type":"post","link":"https:\/\/www.yetkinbayer.com\/tr\/estetik-dis-hekimligi\/","title":{"rendered":"Estetik Di\u015f Hekimli\u011fi"},"content":{"rendered":"<div id=\"ez-toc-container\" class=\"ez-toc-v2_0_82_2 counter-flat ez-toc-counter ez-toc-grey ez-toc-container-direction\">\n<div class=\"ez-toc-title-container\">\n<p class=\"ez-toc-title\" style=\"cursor:inherit\">Table of Contents<\/p>\n<span class=\"ez-toc-title-toggle\"><a href=\"#\" class=\"ez-toc-pull-right ez-toc-btn ez-toc-btn-xs ez-toc-btn-default ez-toc-toggle\" aria-label=\"\u0130\u00e7indekiler Tablosunu A\u00e7\/Kapat\"><span class=\"ez-toc-js-icon-con\"><span class=\"\"><span class=\"eztoc-hide\" style=\"display:none;\">Toggle<\/span><span class=\"ez-toc-icon-toggle-span\"><svg style=\"fill: #999;color:#999\" xmlns=\"http:\/\/www.w3.org\/2000\/svg\" class=\"list-377408\" width=\"20px\" height=\"20px\" viewBox=\"0 0 24 24\" fill=\"none\"><path d=\"M6 6H4v2h2V6zm14 0H8v2h12V6zM4 11h2v2H4v-2zm16 0H8v2h12v-2zM4 16h2v2H4v-2zm16 0H8v2h12v-2z\" fill=\"currentColor\"><\/path><\/svg><svg style=\"fill: #999;color:#999\" class=\"arrow-unsorted-368013\" xmlns=\"http:\/\/www.w3.org\/2000\/svg\" width=\"10px\" height=\"10px\" viewBox=\"0 0 24 24\" version=\"1.2\" baseProfile=\"tiny\"><path d=\"M18.2 9.3l-6.2-6.3-6.2 6.3c-.2.2-.3.4-.3.7s.1.5.3.7c.2.2.4.3.7.3h11c.3 0 .5-.1.7-.3.2-.2.3-.5.3-.7s-.1-.5-.3-.7zM5.8 14.7l6.2 6.3 6.2-6.3c.2-.2.3-.5.3-.7s-.1-.5-.3-.7c-.2-.2-.4-.3-.7-.3h-11c-.3 0-.5.1-.7.3-.2.2-.3.5-.3.7s.1.5.3.7z\"\/><\/svg><\/span><\/span><\/span><\/a><\/span><\/div>\n<nav><ul class='ez-toc-list ez-toc-list-level-1 eztoc-toggle-hide-by-default' ><li class='ez-toc-page-1'><a class=\"ez-toc-link ez-toc-heading-1\" href=\"#\" data-href=\"https:\/\/www.yetkinbayer.com\/tr\/estetik-dis-hekimligi\/#Estetik_Dis_Hekimligi_Nedir\" >Estetik Di\u015f Hekimli\u011fi Nedir?<\/a><\/li><li class='ez-toc-page-1'><a class=\"ez-toc-link ez-toc-heading-2\" href=\"#\" data-href=\"https:\/\/www.yetkinbayer.com\/tr\/estetik-dis-hekimligi\/#Estetik_Dis_Hekimligi_Prosedurleri_Uzun_Vadede_Guvenli_midir\" >Estetik Di\u015f Hekimli\u011fi Prosed\u00fcrleri Uzun Vadede G\u00fcvenli midir?<\/a><\/li><li class='ez-toc-page-1'><a class=\"ez-toc-link ez-toc-heading-3\" href=\"#\" data-href=\"https:\/\/www.yetkinbayer.com\/tr\/estetik-dis-hekimligi\/#Islem_Sirasinda_Agri_Hissediliyor_mu\" >\u0130\u015flem S\u0131ras\u0131nda A\u011fr\u0131 Hissediliyor mu?<\/a><\/li><li class='ez-toc-page-1'><a class=\"ez-toc-link ez-toc-heading-4\" href=\"#\" data-href=\"https:\/\/www.yetkinbayer.com\/tr\/estetik-dis-hekimligi\/#Estetik_Dis_Hekimligi_Turleri\" >Estetik Di\u015f Hekimli\u011fi T\u00fcrleri<\/a><\/li><li class='ez-toc-page-1'><a class=\"ez-toc-link ez-toc-heading-5\" href=\"#\" data-href=\"https:\/\/www.yetkinbayer.com\/tr\/estetik-dis-hekimligi\/#Estetik_Dis_Hekimligi_Tedavisi_Icin_Neden_Turkiyeyi_Secmelisiniz\" >Estetik Di\u015f Hekimli\u011fi Tedavisi \u0130\u00e7in Neden T\u00fcrkiye&#8217;yi Se\u00e7melisiniz?<\/a><\/li><\/ul><\/nav><\/div>\n<h2><span class=\"ez-toc-section\" id=\"Estetik_Dis_Hekimligi_Nedir\"><\/span><strong>Estetik Di\u015f Hekimli\u011fi Nedir?<\/strong><span class=\"ez-toc-section-end\"><\/span><\/h2>\n<p><strong>Kozmetik di\u015f hekimli\u011fi<\/strong>, di\u015flerin, di\u015f etlerinin ve \u0131s\u0131r\u0131\u011f\u0131n g\u00f6r\u00fcn\u00fcm\u00fcn\u00fc iyile\u015ftirmeyi vurgulayan bir di\u015f hekimli\u011fi dal\u0131d\u0131r. Sa\u011fl\u0131k sorunlar\u0131n\u0131 ele alan geleneksel di\u015f hekimli\u011finin aksine, kozmetik di\u015f hekimli\u011fi \u00f6ncelikle renk, \u015fekil, boyut, hizalama ve genel g\u00f6r\u00fcn\u00fcm gibi di\u015f esteti\u011fini iyile\u015ftirmeye odaklan\u0131r.<\/p>\n<h2><span class=\"ez-toc-section\" id=\"Estetik_Dis_Hekimligi_Prosedurleri_Uzun_Vadede_Guvenli_midir\"><\/span><strong>Estetik Di\u015f Hekimli\u011fi Prosed\u00fcrleri Uzun Vadede G\u00fcvenli midir?<\/strong><span class=\"ez-toc-section-end\"><\/span><\/h2>\n<p>Evet, <strong><a href=\"https:\/\/www.yetkinbayer.com\/tr\/estetik-dis\/\">di\u015f hekimli\u011fi<\/a> <\/strong>prosed\u00fcrleri deneyimli profesyoneller taraf\u0131ndan uyguland\u0131\u011f\u0131nda uzun vadede genellikle g\u00fcvenlidir. Di\u015f teknolojisindeki, malzemelerindeki ve tekniklerindeki ilerlemeler sayesinde, \u00e7o\u011fu kozmetik prosed\u00fcr dayan\u0131kl\u0131 ve kal\u0131c\u0131 sonu\u00e7lar sunmaktad\u0131r. Bununla birlikte, sonu\u00e7lar\u0131n uzun \u00f6m\u00fcrl\u00fcl\u00fc\u011f\u00fc ve g\u00fcvenli\u011fi genellikle tedavi sonras\u0131 uygun bak\u0131ma, hastan\u0131n a\u011f\u0131z al\u0131\u015fkanl\u0131klar\u0131na ve d\u00fczenli di\u015f kontrollerine ba\u011fl\u0131d\u0131r.<\/p>\n<h2><span class=\"ez-toc-section\" id=\"Islem_Sirasinda_Agri_Hissediliyor_mu\"><\/span><strong>\u0130\u015flem S\u0131ras\u0131nda A\u011fr\u0131 Hissediliyor mu?<\/strong><span class=\"ez-toc-section-end\"><\/span><\/h2>\n<p>\u00c7o\u011fu kozmetik di\u015f hekimli\u011fi prosed\u00fcr\u00fc lokal anestezi alt\u0131nda ger\u00e7ekle\u015ftirilerek hastan\u0131n tedavi boyunca rahat etmesi sa\u011flan\u0131r. Modern teknikler ve sakinle\u015ftirici se\u00e7enekler sayesinde hastalar minimum rahats\u0131zl\u0131k ya\u015far. Dr. Yetkin Bayer Kliniklerinde hasta konforu en \u00f6nemli \u00f6nceli\u011fimizdir ve a\u011fr\u0131s\u0131z bir deneyim sa\u011flamak i\u00e7in geli\u015fmi\u015f a\u011fr\u0131 y\u00f6netimi y\u00f6ntemleri kullan\u0131r\u0131z.<\/p>\n<h2><span class=\"ez-toc-section\" id=\"Estetik_Dis_Hekimligi_Turleri\"><\/span><strong>Estetik Di\u015f Hekimli\u011fi T\u00fcrleri<\/strong><span class=\"ez-toc-section-end\"><\/span><\/h2>\n<p>Dr. Yetkin Bayer Klinikleri&#8217;nde geni\u015f bir yelpazede kozmetik di\u015f hekimli\u011fi hizmetleri sunuyoruz:<\/p>\n<ol>\n<li><strong>Di\u015f Beyazlatma:<\/strong> Lekeleri giderir ve di\u015flerinizin rengini a\u00e7ar.<\/li>\n<li><strong>Di\u015f Kaplamalar\u0131:<\/strong> Genellikle porselenden yap\u0131lan ince kabuklar, g\u00f6r\u00fcn\u00fcmlerini iyile\u015ftirmek i\u00e7in di\u015flerin \u00f6n taraf\u0131na yap\u0131\u015ft\u0131r\u0131l\u0131r.<\/li>\n<li><strong>Dental Bonding:<\/strong> Di\u015f renginde kompozit re\u00e7ine kullan\u0131larak yontulmu\u015f veya \u00e7atlam\u0131\u015f di\u015flerin onar\u0131m\u0131.<\/li>\n<li><strong>Di\u015f Kronlar\u0131:<\/strong> Hasarl\u0131 veya \u00e7irkin di\u015fleri \u00f6rterek g\u00f6r\u00fcn\u00fcmlerini ve i\u015flevselliklerini geri kazand\u0131ran kapaklar.<\/li>\n<li><strong>Ortodonti ve Invisalign:<\/strong> Yanl\u0131\u015f hizalanm\u0131\u015f di\u015flerin ve \u0131s\u0131r\u0131klar\u0131n d\u00fczeltilmesi.<\/li>\n<li><strong>Di\u015f \u0130mplantlar\u0131:<\/strong> Eksik di\u015flerin kal\u0131c\u0131 yapay di\u015flerle de\u011fi\u015ftirilmesi.<\/li>\n<\/ol>\n<h2><span class=\"ez-toc-section\" id=\"Estetik_Dis_Hekimligi_Tedavisi_Icin_Neden_Turkiyeyi_Secmelisiniz\"><\/span><strong>Estetik Di\u015f Hekimli\u011fi Tedavisi \u0130\u00e7in Neden T\u00fcrkiye&#8217;yi Se\u00e7melisiniz?<\/strong><span class=\"ez-toc-section-end\"><\/span><\/h2>\n<ol>\n<li><strong>Son Derece Yetenekli Di\u015f Hekimleri:<\/strong> T\u00fcrkiye, kozmetik di\u015f hekimli\u011fi prosed\u00fcrlerinde usta olan \u00e7ok say\u0131da uluslararas\u0131 e\u011fitimli ve yetenekli di\u015f hekimine sahiptir.<\/li>\n<li><strong>Uygun Fiyatl\u0131 Tedavi:<\/strong> Kaliteden \u00f6d\u00fcn vermeden uygun maliyetli hizmetler.<\/li>\n<li><strong>Son Teknoloji Klinikler:<\/strong> Dr. Yetkin Bayer Klinikleri de dahil olmak \u00fczere T\u00fcrk di\u015f klinikleri ileri teknoloji ve modern tesislerle donat\u0131lm\u0131\u015ft\u0131r.<\/li>\n<li><strong>K\u00fclt\u00fcrel ve Turistik Deneyim:<\/strong> Hastalar birinci s\u0131n\u0131f di\u015f bak\u0131m\u0131 alman\u0131n yan\u0131 s\u0131ra T\u00fcrkiye&#8217;nin zengin tarihini ve g\u00fczelliklerini de ke\u015ffedebilirler.<\/li>\n<li><strong>Kolay Eri\u015filebilirlik:<\/strong> Stratejik konumu sayesinde d\u00fcnyan\u0131n \u00e7e\u015fitli yerlerinden kolayca eri\u015filebilen T\u00fcrkiye, sa\u011fl\u0131k turizmi i\u00e7in tercih edilen bir destinasyondur.<\/li>\n<\/ol>\n<p>Dr. Yetkin Bayer Kliniklerinde, d\u00fcnya standartlar\u0131nda di\u015f tedavilerini \u015fefkatli bir yakla\u015f\u0131mla birle\u015ftirmekten gurur duyuyoruz. I\u015f\u0131lt\u0131l\u0131 bir g\u00fcl\u00fcmseme i\u00e7in size rehberlik edecek uzmanl\u0131\u011f\u0131m\u0131za g\u00fcvenin.<\/p>\n","protected":false},"excerpt":{"rendered":"<p>Estetik Di\u015f Hekimli\u011fi Nedir? Kozmetik di\u015f hekimli\u011fi, di\u015flerin, di\u015f etlerinin ve \u0131s\u0131r\u0131\u011f\u0131n g\u00f6r\u00fcn\u00fcm\u00fcn\u00fc iyile\u015ftirmeyi vurgulayan bir di\u015f hekimli\u011fi dal\u0131d\u0131r. Sa\u011fl\u0131k sorunlar\u0131n\u0131 ele alan geleneksel di\u015f hekimli\u011finin aksine, kozmetik di\u015f hekimli\u011fi \u00f6ncelikle renk, \u015fekil, boyut, hizalama ve genel g\u00f6r\u00fcn\u00fcm gibi di\u015f esteti\u011fini iyile\u015ftirmeye odaklan\u0131r. Estetik Di\u015f Hekimli\u011fi Prosed\u00fcrleri Uzun Vadede G\u00fcvenli midir? Evet, di\u015f hekimli\u011fi prosed\u00fcrleri [&hellip;]<\/p>\n","protected":false},"author":1,"featured_media":3449,"comment_status":"closed","ping_status":"closed","sticky":false,"template":"","format":"standard","meta":{"footnotes":""},"categories":[],"tags":[],"class_list":["post-3448","post","type-post","status-publish","format-standard","has-post-thumbnail","hentry"],"_links":{"self":[{"href":"https:\/\/www.yetkinbayer.com\/tr\/wp-json\/wp\/v2\/posts\/3448","targetHints":{"allow":["GET"]}}],"collection":[{"href":"https:\/\/www.yetkinbayer.com\/tr\/wp-json\/wp\/v2\/posts"}],"about":[{"href":"https:\/\/www.yetkinbayer.com\/tr\/wp-json\/wp\/v2\/types\/post"}],"author":[{"embeddable":true,"href":"https:\/\/www.yetkinbayer.com\/tr\/wp-json\/wp\/v2\/users\/1"}],"replies":[{"embeddable":true,"href":"https:\/\/www.yetkinbayer.com\/tr\/wp-json\/wp\/v2\/comments?post=3448"}],"version-history":[{"count":1,"href":"https:\/\/www.yetkinbayer.com\/tr\/wp-json\/wp\/v2\/posts\/3448\/revisions"}],"predecessor-version":[{"id":3462,"href":"https:\/\/www.yetkinbayer.com\/tr\/wp-json\/wp\/v2\/posts\/3448\/revisions\/3462"}],"wp:featuredmedia":[{"embeddable":true,"href":"https:\/\/www.yetkinbayer.com\/tr\/wp-json\/wp\/v2\/media\/3449"}],"wp:attachment":[{"href":"https:\/\/www.yetkinbayer.com\/tr\/wp-json\/wp\/v2\/media?parent=3448"}],"wp:term":[{"taxonomy":"category","embeddable":true,"href":"https:\/\/www.yetkinbayer.com\/tr\/wp-json\/wp\/v2\/categories?post=3448"},{"taxonomy":"post_tag","embeddable":true,"href":"https:\/\/www.yetkinbayer.com\/tr\/wp-json\/wp\/v2\/tags?post=3448"}],"curies":[{"name":"wp","href":"https:\/\/api.w.org\/{rel}","templated":true}]}}