{"id":3433,"date":"2025-04-29T13:36:07","date_gmt":"2025-04-29T10:36:07","guid":{"rendered":"https:\/\/www.yetkinbayer.com\/?p=3433"},"modified":"2025-04-29T13:36:07","modified_gmt":"2025-04-29T10:36:07","slug":"sac-ekimi-sonrasi-araba-kullanimi","status":"publish","type":"post","link":"https:\/\/www.yetkinbayer.com\/tr\/sac-ekimi-sonrasi-araba-kullanimi\/","title":{"rendered":"Sa\u00e7 Ekimi Sonras\u0131 Araba Kullan\u0131m\u0131"},"content":{"rendered":"<p class=\"p1\"><strong>Sa\u00e7 ekim<\/strong> i\u015flemi hastanede yatmay\u0131 gerektirmeyen bir tedavi y\u00f6ntemidir. <strong><a href=\"https:\/\/www.yetkinbayer.com\/tr\/sac-ekim-sonrasi\">Sa\u00e7 ekim i\u015flemi sonras\u0131nda<\/a><\/strong> ki\u015fi evine ya da oteline normalde oldu\u011fu gidebilmektedir. Sa\u00e7 ekim i\u015flemi \u00e7ok kolay bir i\u015flem gibi g\u00f6z\u00fckse de sa\u00e7 ekim i\u015flemi s\u0131ras\u0131ndan ki\u015finin kendini huzursuz ve rahats\u0131z hissetmemesi i\u00e7in anestezi veya y\u00fczeysel sedasyon kullan\u0131m\u0131 ger\u00e7ekle\u015ftirilmektedir.<\/p>\n<p class=\"p1\">Sa\u00e7 ekim i\u015flemi s\u0131ras\u0131nda anestezi ve sedasyon kullan\u0131ld\u0131\u011f\u0131ndan i\u015flemi ge\u00e7iren ki\u015finin refleksleri yava\u015flayabilmektedir. Bu sebeple sa\u00e7 ekim i\u015flemi olan ki\u015filerin \u00f6zellikle araba kullan\u0131m\u0131 k\u0131s\u0131tlanmaktad\u0131r. Sa\u00e7 ekim i\u015flemini ger\u00e7ekle\u015ftiren uzman hekiminin t\u00fcm tavsiyelerine uyulmas\u0131 gerekmektedir.<\/p>\n<p class=\"p1\">Uyulmamas\u0131 halinde sa\u00e7 ekim i\u015flemi olumsuz sonu\u00e7lanabilmektedir. Sa\u00e7 ekim i\u015fleminin oldu\u011fu g\u00fcn merkeze arabayla gelmemeli ya da yan\u0131n\u0131zda arabay\u0131 kullanabilecek ba\u015fka birisinin olmas\u0131 gerekir. Sa\u00e7 ekim i\u015flemi ger\u00e7ekle\u015ftiren ki\u015filerin en az 12 saat araba kullanmalar\u0131na kesinlikle m\u00fcsaade edilmemektedir.<\/p>\n<p class=\"p1\">Sa\u00e7 ekiminden sonra en az\u0131ndan bir g\u00fcnl\u00fck periyotta ara\u00e7 kullanmamak \u00f6nerilir. Bu s\u00fcre\u00e7 sonras\u0131nda ise herhangi bir k\u0131s\u0131tlama s\u00f6z konusu de\u011fildir. Sa\u00e7 ektirmi\u015f olmak, herhangi bir i\u015fi yapamamaya sebep olmaz.<\/p>\n<p>&#8220;Sa\u00e7 ekimi sonras\u0131 araba kullan\u0131m\u0131 tehlikeli mi?&#8221; sorusu sa\u00e7 ekimi yapt\u0131rm\u0131\u015f ki\u015filer taraf\u0131ndan en fazla y\u00f6neltilen sorulardan biridir. Dr. Yetkin Bayer, &#8220;Sa\u00e7 ekimi i\u015flemi nas\u0131l yap\u0131l\u0131r?&#8221; ve &#8220;Sa\u00e7 ekimi kimlere uygulanabilen bir i\u015flemdir?&#8221; gibi sorular\u0131 sizler i\u00e7in yan\u0131tl\u0131yor.<\/p>\n<div id=\"ez-toc-container\" class=\"ez-toc-v2_0_82_2 counter-flat ez-toc-counter ez-toc-grey ez-toc-container-direction\">\n<div class=\"ez-toc-title-container\">\n<p class=\"ez-toc-title\" style=\"cursor:inherit\">Table of Contents<\/p>\n<span class=\"ez-toc-title-toggle\"><a href=\"#\" class=\"ez-toc-pull-right ez-toc-btn ez-toc-btn-xs ez-toc-btn-default ez-toc-toggle\" aria-label=\"\u0130\u00e7indekiler Tablosunu A\u00e7\/Kapat\"><span class=\"ez-toc-js-icon-con\"><span class=\"\"><span class=\"eztoc-hide\" style=\"display:none;\">Toggle<\/span><span class=\"ez-toc-icon-toggle-span\"><svg style=\"fill: #999;color:#999\" xmlns=\"http:\/\/www.w3.org\/2000\/svg\" class=\"list-377408\" width=\"20px\" height=\"20px\" viewBox=\"0 0 24 24\" fill=\"none\"><path d=\"M6 6H4v2h2V6zm14 0H8v2h12V6zM4 11h2v2H4v-2zm16 0H8v2h12v-2zM4 16h2v2H4v-2zm16 0H8v2h12v-2z\" fill=\"currentColor\"><\/path><\/svg><svg style=\"fill: #999;color:#999\" class=\"arrow-unsorted-368013\" xmlns=\"http:\/\/www.w3.org\/2000\/svg\" width=\"10px\" height=\"10px\" viewBox=\"0 0 24 24\" version=\"1.2\" baseProfile=\"tiny\"><path d=\"M18.2 9.3l-6.2-6.3-6.2 6.3c-.2.2-.3.4-.3.7s.1.5.3.7c.2.2.4.3.7.3h11c.3 0 .5-.1.7-.3.2-.2.3-.5.3-.7s-.1-.5-.3-.7zM5.8 14.7l6.2 6.3 6.2-6.3c.2-.2.3-.5.3-.7s-.1-.5-.3-.7c-.2-.2-.4-.3-.7-.3h-11c-.3 0-.5.1-.7.3-.2.2-.3.5-.3.7s.1.5.3.7z\"\/><\/svg><\/span><\/span><\/span><\/a><\/span><\/div>\n<nav><ul class='ez-toc-list ez-toc-list-level-1 eztoc-toggle-hide-by-default' ><li class='ez-toc-page-1'><a class=\"ez-toc-link ez-toc-heading-1\" href=\"#\" data-href=\"https:\/\/www.yetkinbayer.com\/tr\/sac-ekimi-sonrasi-araba-kullanimi\/#Sac_Ekimi_Kimlere_Uygulanabilen_Bir_Islemdir\" >Sa\u00e7 Ekimi Kimlere Uygulanabilen Bir \u0130\u015flemdir?<\/a><\/li><li class='ez-toc-page-1'><a class=\"ez-toc-link ez-toc-heading-2\" href=\"#\" data-href=\"https:\/\/www.yetkinbayer.com\/tr\/sac-ekimi-sonrasi-araba-kullanimi\/#Sac_Ekimi_Yapilacak_Merkezin_Ozellikleri_Nelerdir\" >Sa\u00e7 Ekimi Yap\u0131lacak Merkezin \u00d6zellikleri Nelerdir?<\/a><\/li><li class='ez-toc-page-1'><a class=\"ez-toc-link ez-toc-heading-3\" href=\"#\" data-href=\"https:\/\/www.yetkinbayer.com\/tr\/sac-ekimi-sonrasi-araba-kullanimi\/#Sac_Ekim_Islemi_Nasil_Yapilir\" >Sa\u00e7 Ekim \u0130\u015flemi Nas\u0131l Yap\u0131l\u0131r?<\/a><\/li><\/ul><\/nav><\/div>\n<h2 class=\"p1\"><span class=\"ez-toc-section\" id=\"Sac_Ekimi_Kimlere_Uygulanabilen_Bir_Islemdir\"><\/span>Sa\u00e7 Ekimi Kimlere Uygulanabilen Bir \u0130\u015flemdir?<span class=\"ez-toc-section-end\"><\/span><\/h2>\n<p class=\"p1\">Sa\u00e7 ekim i\u015flemi <strong><a href=\"https:\/\/www.yetkinbayer.com\/tr\/kadinlarda-sac-ekimi\">kad\u0131n<\/a> <\/strong>erkek fark etmeksizin sa\u00e7 d\u00f6k\u00fclmesi ve kellik ya\u015fayan t\u00fcm ki\u015filere uygulanabilen bir i\u015flemdir. <strong><a href=\"https:\/\/www.yetkinbayer.com\/tr\/sac-ekimi\">Sa\u00e7 ekimi<\/a><\/strong> i\u015flemi \u00f6ncesinde ki\u015fiye yap\u0131lacak olan testlerde ve incelemelerde herhangi bir eksiklik ya da engel g\u00f6r\u00fclmedi\u011fi zaman sa\u00e7 ekim i\u015flemi ger\u00e7ekle\u015ftirilebilmektedir.<\/p>\n<p class=\"p1\">Kanser tedavisi g\u00f6rmekte olan hastalar\u0131n tedavi s\u00fcreci bitmeden kesinlikle sa\u00e7 ekim i\u015flemi olamayaca\u011f\u0131n\u0131 s\u00f6ylemek gerekir. Ayn\u0131 zamanda \u015feker hastalar\u0131 i\u00e7inde sa\u00e7 ekim i\u015flemi uygulan\u0131rken \u00e7ok dikkatli olunmas\u0131 gerekmektedir.<\/p>\n<p class=\"p1\">Sa\u00e7 ekim i\u015flemi s\u0131ras\u0131nda kullan\u0131lan sol\u00fcsyonlar\u0131n i\u00e7erdi\u011fi maddelere kar\u015f\u0131 bir alerjisi olan ki\u015filere de sa\u00e7 ekim i\u015flemi uygulanmamaktad\u0131r. Ki\u015finin sa\u00e7l\u0131 b\u00f6lgelerinde ya da v\u00fccudunun di\u011fer b\u00f6l\u00fcmlerinden al\u0131nacak olan k\u00f6kler yetersiz ise yine sa\u00e7 ekim i\u015flemi yap\u0131lamayacakt\u0131r.<\/p>\n<p class=\"p1\">Sa\u00e7 ekim i\u015flemi yaln\u0131zca ki\u015finin kendi sa\u00e7 k\u00f6kleri ve v\u00fccut k\u0131llar\u0131 ile yap\u0131labilecek bir i\u015flemdir. Bu sebeplerin en az birisinin sa\u00e7 ekimi yapt\u0131rmak isteyen ki\u015fide olmas\u0131 sa\u00e7 ekim i\u015fleminin yap\u0131lamayaca\u011f\u0131n\u0131 g\u00f6stermektedir. \u0130yi bir sa\u00e7 ekim merkezi ve iyi bir hekim ile \u00e7al\u0131\u015ft\u0131\u011f\u0131n\u0131z zaman yapt\u0131raca\u011f\u0131n\u0131z sa\u00e7 ekim i\u015flemlerinden sorun ya\u015faman\u0131z minimuma d\u00fc\u015fecektir.<\/p>\n<p class=\"p1\">Merdiven alt\u0131 mek\u00e2nlarda yap\u0131lan i\u015flemlerle hem sa\u011fl\u0131\u011f\u0131n\u0131zdan olursunuz hem de estetik a\u00e7\u0131dan hi\u00e7 ho\u015f g\u00f6r\u00fcnmeyen yaralara sahip olabilirsiniz. Daha \u00f6nce bir \u00e7ok sa\u00e7 ekim i\u015flemi yap\u0131lm\u0131\u015f Sa\u011fl\u0131k Bakanl\u0131\u011f\u0131ndan onayl\u0131 merkezleri tercih ederek sa\u00e7 ekim i\u015fleminin sizin i\u00e7in uygun olup olmad\u0131\u011f\u0131n\u0131 \u00f6\u011frenebilirsiniz.<\/p>\n<h2 class=\"p1\"><span class=\"ez-toc-section\" id=\"Sac_Ekimi_Yapilacak_Merkezin_Ozellikleri_Nelerdir\"><\/span>Sa\u00e7 Ekimi Yap\u0131lacak Merkezin \u00d6zellikleri Nelerdir?<span class=\"ez-toc-section-end\"><\/span><\/h2>\n<p class=\"p1\">Son zamanlarda bir \u00e7ok ki\u015fi sa\u00e7 ekimi yapt\u0131rmak istemektedir. Bu yo\u011funluktan faydalanmak i\u00e7in bir\u00e7ok merdiven alt\u0131 sa\u00e7 ekim merkezleri ortaya \u00e7\u0131km\u0131\u015ft\u0131r. Bu tarz kurulu\u015flar\u0131n yasal olmad\u0131\u011f\u0131n\u0131 ve sa\u011fl\u0131\u011f\u0131 olumsuz etkileyece\u011fini bilmeniz gerekir. Sa\u00e7 ekimi yapt\u0131r\u0131lacak merkezi detayl\u0131 bir \u015fekilde ara\u015ft\u0131rmak gerekmektedir.<\/p>\n<p class=\"p1\">Sa\u011fl\u0131k Bakanl\u0131\u011f\u0131n\u0131n t\u00fcm \u015fartlar\u0131n\u0131 yerine getirmi\u015f, hijyen konusunda sorun olmayan, detayl\u0131 bir ameliyathanesi olan, uzun s\u00fcreli olarak ayn\u0131 doktor ve yard\u0131mc\u0131 ekibiyle birlikte \u00e7al\u0131\u015fmakta olan, hak edilen \u00fccretin \u00fcst\u00fcnde fahi\u015f fiyatlar talep etmeyen, i\u015flem s\u0131ras\u0131nda uygulanan sa\u00e7 k\u00f6k\u00fc say\u0131s\u0131na g\u00f6re do\u011fru fiyat s\u00f6yleyen ve en \u00f6nemlisi acil bir durum olu\u015ftu\u011fu zaman m\u00fcdahale edebilecek kapasiteye sahip ki\u015fi ve merkezlerle \u00e7al\u0131\u015fmak sa\u00e7 ekim i\u015fleminin sa\u011fl\u0131kl\u0131 bir \u015fekilde sonu\u00e7lanmas\u0131 i\u00e7in en \u00f6nemli ad\u0131mlardan birisidir.<\/p>\n<h2 class=\"p1\"><span class=\"ez-toc-section\" id=\"Sac_Ekim_Islemi_Nasil_Yapilir\"><\/span>Sa\u00e7 Ekim \u0130\u015flemi Nas\u0131l Yap\u0131l\u0131r?<span class=\"ez-toc-section-end\"><\/span><\/h2>\n<p class=\"p1\">Sa\u00e7 ekimi i\u015flemi yap\u0131lmaya ba\u015flamadan \u00f6nce\u00a0i\u015flem yapt\u0131rmak isteyen hastayla bir \u00f6n g\u00f6r\u00fc\u015fme ve muayene ger\u00e7ekle\u015ftirilir. Bu g\u00f6r\u00fc\u015fme s\u0131ras\u0131nda i\u015flem yapt\u0131racak hastan\u0131n sa\u00e7 analizi ve baz\u0131 kan testleri yap\u0131lmaktad\u0131r. B analiz ve testlerin sonucunda ki\u015finin sa\u00e7 ekim i\u015flemi i\u00e7in uygun olup olmad\u0131\u011f\u0131 belirlenmektedir.<\/p>\n<p class=\"p1\">Sa\u00e7 ekim i\u015flemi yap\u0131l\u0131rken \u00f6ncelikle i\u015flem yap\u0131lacak ki\u015finin \u00f6n sa\u00e7 \u00e7izgisi \u00e7izilir ve sonras\u0131nda kellik ve seyreklik ya\u015fanan b\u00f6lgeye ne kadar sa\u00e7 k\u00f6k\u00fc ekilece\u011fi belirlenmektedir.<\/p>\n<p class=\"p1\">Ense k\u0131sm\u0131ndan ya da v\u00fccudun ba\u015fka b\u00f6lgesinden ne kadar sa\u00e7 ve k\u0131l k\u00f6k\u00fc al\u0131naca\u011f\u0131n\u0131 g\u00f6steren baz\u0131 \u00e7izimler yap\u0131l\u0131r ve bu \u00e7izimlerin ard\u0131ndan belirlenen b\u00f6lgelere sa\u00e7 ekim i\u015flemi yapmak i\u00e7in i\u015flem yap\u0131lacak ki\u015fiye anestezi uygulanarak sa\u00e7 k\u00f6k\u00fc al\u0131m\u0131 ba\u015flamaktad\u0131r Sa\u00e7 k\u00f6kleri tek tek al\u0131narak \u00f6zel bir d\u00fczleme dizilmektedir.<\/p>\n<p class=\"p1\">Al\u0131nan sa\u00e7 k\u00f6kleri aras\u0131ndan sa\u00e7 ekim i\u015flemine uyum sa\u011flayamayacak sa\u00e7 k\u00f6kleri kullan\u0131lmaz. Sa\u00e7 ekimi yap\u0131lacak b\u00f6lgede a\u00e7\u0131lan kanallar a\u00e7\u0131l\u0131r bu kanallar yaln\u0131zca sa\u00e7 k\u00f6klerinin yerle\u015ftirilebilece\u011fi b\u00fcy\u00fckl\u00fcktedir. A\u00e7\u0131lan kanallar sa\u00e7 k\u00f6klerinin bu b\u00f6lgeye tutunmas\u0131n\u0131 kolayla\u015ft\u0131rmak i\u00e7in yap\u0131lmaktad\u0131r.<\/p>\n<p class=\"p1\">Sa\u00e7 ekim i\u015flemi tamamland\u0131ktan sonra uygun ko\u015fullarda yap\u0131lan i\u015flemlerde enfeksiyon \u00e7ok fazla g\u00f6r\u00fclememektedir. Ancak sa\u00e7 ekim i\u015flemi yapt\u0131ran ki\u015finin dikkat etmesi gereken baz\u0131 noktalar bulunmaktad\u0131r.<\/p>\n<p class=\"p1\">Bu noktalara dikkat edildi\u011fi takdirde sa\u00e7 ekim i\u015flemi olumlu sonu\u00e7lanacakt\u0131r. Sa\u00e7 ekim i\u015flemi ger\u00e7ekle\u015ftirilen hasta en az 12 saat araba kullanamaz, birka\u00e7 ay a\u011f\u0131rl\u0131k kald\u0131ramaz, kirli ortamlarda bulunamaz. Bunlar gibi bi \u00e7ok maddeye dikkat edildi\u011finde sa\u00e7 ekim i\u015flemi \u00f6m\u00fcrl\u00fck olacakt\u0131r.<\/p>\n<p class=\"p1\">Bir daha kellik ve sa\u00e7 seyrekle\u015fmesi gibi problemler ya\u015famamak i\u00e7in sa\u00e7 ekiminden sonra dikkat edilmesi gereken noktalara mutlaka dikkat edilmelidir. \u0130\u015flemi ger\u00e7ekle\u015ftiren hekim ve merkezin sa\u00e7 ekiminden sonra verece\u011fi talimatlara uyarak sa\u00e7 ekim i\u015flemini olumlu bir \u015fekilde sonu\u00e7land\u0131rabilirsiniz.<\/p>\n<p class=\"p1\">Yasal Uyar\u0131: Bu sayfadaki ifadeler bilgi verme ama\u00e7l\u0131 olup, ba\u011flay\u0131c\u0131 nitelik ta\u015f\u0131maz. Hi\u00e7bir bilgi, tedavi tavsiyesi olmay\u0131p, doktor tavsiyelerinin \u00f6n\u00fcnde de\u011fildir. Kesin bilgi ve talimatlar\u0131, yaln\u0131zca doktorunuzdan alman\u0131z sa\u011fl\u0131\u011f\u0131n\u0131z a\u00e7\u0131s\u0131ndan son derece \u00f6nemlidir.<\/p>\n<p><strong>Kaynak\u00e7a:<\/strong><\/p>\n<p><a href=\"https:\/\/fellermedical.com\/can-i-drive-myself-to-and-from-my-hair-transplant\" target=\"_blank\" rel=\"noopener\">https:\/\/fellermedical.com\/can-i-drive-myself-to-and-from-my-hair-transplant<\/a><\/p>\n","protected":false},"excerpt":{"rendered":"<p>Sa\u00e7 ekim i\u015flemi hastanede yatmay\u0131 gerektirmeyen bir tedavi y\u00f6ntemidir. Sa\u00e7 ekim i\u015flemi sonras\u0131nda ki\u015fi evine ya da oteline normalde oldu\u011fu gidebilmektedir. Sa\u00e7 ekim i\u015flemi \u00e7ok kolay bir i\u015flem gibi g\u00f6z\u00fckse de sa\u00e7 ekim i\u015flemi s\u0131ras\u0131ndan ki\u015finin kendini huzursuz ve rahats\u0131z hissetmemesi i\u00e7in anestezi veya y\u00fczeysel sedasyon kullan\u0131m\u0131 ger\u00e7ekle\u015ftirilmektedir. Sa\u00e7 ekim i\u015flemi s\u0131ras\u0131nda anestezi ve sedasyon [&hellip;]<\/p>\n","protected":false},"author":1,"featured_media":3434,"comment_status":"closed","ping_status":"closed","sticky":false,"template":"","format":"standard","meta":{"footnotes":""},"categories":[9],"tags":[],"class_list":["post-3433","post","type-post","status-publish","format-standard","has-post-thumbnail","hentry","category-blog"],"_links":{"self":[{"href":"https:\/\/www.yetkinbayer.com\/tr\/wp-json\/wp\/v2\/posts\/3433","targetHints":{"allow":["GET"]}}],"collection":[{"href":"https:\/\/www.yetkinbayer.com\/tr\/wp-json\/wp\/v2\/posts"}],"about":[{"href":"https:\/\/www.yetkinbayer.com\/tr\/wp-json\/wp\/v2\/types\/post"}],"author":[{"embeddable":true,"href":"https:\/\/www.yetkinbayer.com\/tr\/wp-json\/wp\/v2\/users\/1"}],"replies":[{"embeddable":true,"href":"https:\/\/www.yetkinbayer.com\/tr\/wp-json\/wp\/v2\/comments?post=3433"}],"version-history":[{"count":1,"href":"https:\/\/www.yetkinbayer.com\/tr\/wp-json\/wp\/v2\/posts\/3433\/revisions"}],"predecessor-version":[{"id":3447,"href":"https:\/\/www.yetkinbayer.com\/tr\/wp-json\/wp\/v2\/posts\/3433\/revisions\/3447"}],"wp:featuredmedia":[{"embeddable":true,"href":"https:\/\/www.yetkinbayer.com\/tr\/wp-json\/wp\/v2\/media\/3434"}],"wp:attachment":[{"href":"https:\/\/www.yetkinbayer.com\/tr\/wp-json\/wp\/v2\/media?parent=3433"}],"wp:term":[{"taxonomy":"category","embeddable":true,"href":"https:\/\/www.yetkinbayer.com\/tr\/wp-json\/wp\/v2\/categories?post=3433"},{"taxonomy":"post_tag","embeddable":true,"href":"https:\/\/www.yetkinbayer.com\/tr\/wp-json\/wp\/v2\/tags?post=3433"}],"curies":[{"name":"wp","href":"https:\/\/api.w.org\/{rel}","templated":true}]}}