{"id":3403,"date":"2025-04-29T13:33:42","date_gmt":"2025-04-29T10:33:42","guid":{"rendered":"https:\/\/www.yetkinbayer.com\/?p=3403"},"modified":"2025-04-29T13:33:42","modified_gmt":"2025-04-29T10:33:42","slug":"sac-ekimi-sonrasi-gunese-ne-zaman-cikilir","status":"publish","type":"post","link":"https:\/\/www.yetkinbayer.com\/tr\/sac-ekimi-sonrasi-gunese-ne-zaman-cikilir\/","title":{"rendered":"Sa\u00e7 Ekimi Sonras\u0131 G\u00fcne\u015fe Ne Zaman \u00c7\u0131k\u0131l\u0131r?"},"content":{"rendered":"<p class=\"p1\"><strong>Sa\u00e7 ekimi<\/strong> asl\u0131nda cerrahi bir i\u015flem olup sa\u00e7 derisinde kanallar a\u00e7\u0131larak sa\u00e7 greftlerinin bu kanallara oturtulmas\u0131 \u015feklinde yap\u0131l\u0131r.<span class=\"Apple-converted-space\">\u00a0<\/span>Burada \u00f6nemli olan sa\u00e7 greftlerinin a\u00e7\u0131lan kanallara yani sa\u00e7 k\u00f6klerine iyi bir \u015fekilde tutunmas\u0131n\u0131 sa\u011flamakt\u0131r.<\/p>\n<p class=\"p1\">Sa\u00e7 ekiminden sonraki s\u00fcre\u00e7 olduk\u00e7a hassas bir s\u00fcre\u00e7 olup ekilen sa\u00e7lar\u0131n sa\u011fl\u0131kla yerine oturmas\u0131 i\u00e7in dikkat edilmesi gereken baz\u0131 hususlar bulunur. Bu hususlara dikkat edildi\u011finde yeni sa\u00e7lar zamanla ki\u015finin kendi sa\u00e7lar\u0131ndan ay\u0131rt edilemeyecek kadar do\u011fal bir g\u00f6r\u00fcn\u00fcme kavu\u015fur.<\/p>\n<p class=\"p1\"><strong><a href=\"https:\/\/www.yetkinbayer.com\/tr\/sac-ekim-sonrasi\">Sa\u00e7 ekimi sonras\u0131<\/a><\/strong> dikkat edilmesi gereken konulardan biri de g\u00fcne\u015fe \u00e7\u0131k\u0131lmas\u0131 hakk\u0131ndad\u0131r. Sa\u00e7 ekimi yapt\u0131ran ki\u015filerin g\u00fcne\u015fe \u00e7\u0131kmaktan ka\u00e7\u0131nmas\u0131 gerekir. Sa\u00e7 ekimi s\u0131ras\u0131nda sa\u00e7 derisinde yap\u0131lan bu i\u015flemler sonucu hassasiyet olu\u015fur.<\/p>\n<p class=\"p1\">Hen\u00fcz sa\u00e7 k\u00f6kleri yara durumunda oldu\u011fundan g\u00fcne\u015fin bir \u00e7ok olumsuz etkisi olu\u015facakt\u0131r. Dolay\u0131s\u0131yla uzmanlar sa\u00e7 ekim i\u015fleminden sonra 3-4 ay s\u00fcreyle g\u00fcne\u015fle direk temas\u0131 \u00f6nermezler. Bu etkiler a\u015fa\u011f\u0131da anlat\u0131lmaktad\u0131r.<\/p>\n<p>&#8220;Sa\u00e7 ekimi sonras\u0131 ne zaman g\u00fcne\u015fe \u00e7\u0131k\u0131l\u0131r?&#8221; sorusu sa\u00e7 ekimi yapt\u0131rm\u0131\u015f ki\u015filer taraf\u0131ndan en fazla y\u00f6neltilen sorulardan biridir. Dr. Yetkin Bayer, &#8220;Sa\u00e7 ekimi sonras\u0131 neden g\u00fcne\u015fe \u00e7\u0131k\u0131lmaz?&#8221; ve &#8220;Sa\u00e7 ekimi sonras\u0131 g\u00fcne\u015fe \u00e7\u0131karken nelere dikkat edilmelir?&#8221; gibi sorular\u0131 sizler i\u00e7in yan\u0131tl\u0131yor.<\/p>\n<div id=\"ez-toc-container\" class=\"ez-toc-v2_0_82_2 counter-flat ez-toc-counter ez-toc-grey ez-toc-container-direction\">\n<div class=\"ez-toc-title-container\">\n<p class=\"ez-toc-title\" style=\"cursor:inherit\">Table of Contents<\/p>\n<span class=\"ez-toc-title-toggle\"><a href=\"#\" class=\"ez-toc-pull-right ez-toc-btn ez-toc-btn-xs ez-toc-btn-default ez-toc-toggle\" aria-label=\"\u0130\u00e7indekiler Tablosunu A\u00e7\/Kapat\"><span class=\"ez-toc-js-icon-con\"><span class=\"\"><span class=\"eztoc-hide\" style=\"display:none;\">Toggle<\/span><span class=\"ez-toc-icon-toggle-span\"><svg style=\"fill: #999;color:#999\" xmlns=\"http:\/\/www.w3.org\/2000\/svg\" class=\"list-377408\" width=\"20px\" height=\"20px\" viewBox=\"0 0 24 24\" fill=\"none\"><path d=\"M6 6H4v2h2V6zm14 0H8v2h12V6zM4 11h2v2H4v-2zm16 0H8v2h12v-2zM4 16h2v2H4v-2zm16 0H8v2h12v-2z\" fill=\"currentColor\"><\/path><\/svg><svg style=\"fill: #999;color:#999\" class=\"arrow-unsorted-368013\" xmlns=\"http:\/\/www.w3.org\/2000\/svg\" width=\"10px\" height=\"10px\" viewBox=\"0 0 24 24\" version=\"1.2\" baseProfile=\"tiny\"><path d=\"M18.2 9.3l-6.2-6.3-6.2 6.3c-.2.2-.3.4-.3.7s.1.5.3.7c.2.2.4.3.7.3h11c.3 0 .5-.1.7-.3.2-.2.3-.5.3-.7s-.1-.5-.3-.7zM5.8 14.7l6.2 6.3 6.2-6.3c.2-.2.3-.5.3-.7s-.1-.5-.3-.7c-.2-.2-.4-.3-.7-.3h-11c-.3 0-.5.1-.7.3-.2.2-.3.5-.3.7s.1.5.3.7z\"\/><\/svg><\/span><\/span><\/span><\/a><\/span><\/div>\n<nav><ul class='ez-toc-list ez-toc-list-level-1 eztoc-toggle-hide-by-default' ><li class='ez-toc-page-1'><a class=\"ez-toc-link ez-toc-heading-1\" href=\"#\" data-href=\"https:\/\/www.yetkinbayer.com\/tr\/sac-ekimi-sonrasi-gunese-ne-zaman-cikilir\/#Sac_Ekiminden_Sonra_Gunese_Neden_Cikilmaz\" >Sa\u00e7 Ekiminden Sonra G\u00fcne\u015fe Neden \u00c7\u0131k\u0131lmaz?<\/a><\/li><li class='ez-toc-page-1'><a class=\"ez-toc-link ez-toc-heading-2\" href=\"#\" data-href=\"https:\/\/www.yetkinbayer.com\/tr\/sac-ekimi-sonrasi-gunese-ne-zaman-cikilir\/#Gunes_Kremi_Sac_Ekiminden_Sonra_Gunese_Cikmak_Konusunda_Bir_Cozum_Olabilir_mi\" >G\u00fcne\u015f Kremi Sa\u00e7 Ekiminden Sonra G\u00fcne\u015fe \u00c7\u0131kmak Konusunda Bir \u00c7\u00f6z\u00fcm Olabilir mi?<\/a><\/li><li class='ez-toc-page-1'><a class=\"ez-toc-link ez-toc-heading-3\" href=\"#\" data-href=\"https:\/\/www.yetkinbayer.com\/tr\/sac-ekimi-sonrasi-gunese-ne-zaman-cikilir\/#Sac_Ekimi_Sonrasi_Gunese_Cikarken_Nelere_Dikkat_Edilmelidir\" >Sa\u00e7 Ekimi Sonras\u0131 G\u00fcne\u015fe \u00c7\u0131karken Nelere Dikkat Edilmelidir?<\/a><\/li><\/ul><\/nav><\/div>\n<h2 class=\"p1\"><span class=\"ez-toc-section\" id=\"Sac_Ekiminden_Sonra_Gunese_Neden_Cikilmaz\"><\/span>Sa\u00e7 Ekiminden Sonra G\u00fcne\u015fe Neden \u00c7\u0131k\u0131lmaz?<span class=\"ez-toc-section-end\"><\/span><\/h2>\n<p class=\"p1\">G\u00fcne\u015fin cilde olan zararl\u0131 etkileri hemen herkes\u00e7e bilinmektedir. Ekim yap\u0131lan sa\u00e7 derisi olduk\u00e7a hassas ve kabuk ba\u011flayacak yaralarla doludur. Sa\u00e7 derisi olduk\u00e7a hassas oldu\u011fundan g\u00fcne\u015f \u0131\u015f\u0131nlar\u0131n\u0131n direk sa\u00e7 derisine temas\u0131 bu s\u00fcre\u00e7te m\u00fcmk\u00fcn mertebe ka\u00e7\u0131n\u0131lmas\u0131 gereken bir durumdur.<\/p>\n<p class=\"p1\">\u00d6ncelikle g\u00fcne\u015f \u0131\u015f\u0131nlar\u0131 sa\u00e7 greftlerine zarar verebilir. \u00c7\u00fcnk\u00fc g\u00fcne\u015f \u0131\u015f\u0131nlar\u0131 asl\u0131nda derinin sadece \u00fcst y\u00fczeyine zarar vermez, alttaki dokulara kadar etki eder. Bir di\u011fer mesele g\u00fcne\u015f \u0131\u015f\u0131nlar\u0131n\u0131n ciltte lekelenmeye sebep olmas\u0131d\u0131r. Bilindi\u011fi \u00fczere g\u00fcne\u015f \u0131\u015f\u0131nlar\u0131na maruz kalan ciltte olu\u015fan baz\u0131 lekeler ise uzun s\u00fcreler boyunca kal\u0131c\u0131 olabilir.<\/p>\n<p class=\"p1\">\u00dcstelik derinin alt katmanlar\u0131 \u00fcst katman\u0131ndan daha ge\u00e7 iyile\u015fir. Dolay\u0131s\u0131yla sa\u00e7 derisi ve k\u00f6klerinin iyile\u015fti\u011fini d\u00fc\u015f\u00fcnerek hemen g\u00fcne\u015fe maruz b\u0131rakmaya ba\u015flamak da yerinde olmayacakt\u0131r. Sa\u00e7 greftleri tam anlam\u0131yla tutununcaya kadar beklenmesi gerekir. Aksi halde g\u00fcne\u015fe maruz kalmak greft kayb\u0131na yol a\u00e7abilir.<\/p>\n<h2 class=\"p1\"><span class=\"ez-toc-section\" id=\"Gunes_Kremi_Sac_Ekiminden_Sonra_Gunese_Cikmak_Konusunda_Bir_Cozum_Olabilir_mi\"><\/span>G\u00fcne\u015f Kremi Sa\u00e7 Ekiminden Sonra G\u00fcne\u015fe \u00c7\u0131kmak Konusunda Bir \u00c7\u00f6z\u00fcm Olabilir mi?<span class=\"ez-toc-section-end\"><\/span><\/h2>\n<p class=\"p1\">Asl\u0131nda g\u00fcne\u015f kremi ile cilt katmanlar\u0131na direkt olarak etki eden ultraviyole \u0131\u015f\u0131nlar\u0131n zararl\u0131<span class=\"Apple-converted-space\">\u00a0 <\/span>etkilerini bertaraf etmek m\u00fcmk\u00fcnd\u00fcr. Ancak hen\u00fcz cerrahi i\u015flem g\u00f6rm\u00fc\u015f kafa derisine direkt olarak g\u00fcne\u015f kremi uygulamak m\u00fcmk\u00fcn de\u011fildir. Yaralar tam kapanmadan b\u00f6yle bir uygulama yap\u0131l\u0131rsa sa\u00e7 k\u00f6klerinin enfeksiyon kapmas\u0131 dahi s\u00f6z konusu olabilir.<\/p>\n<p class=\"p1\">Yakla\u015f\u0131k 2 hafta boyunca g\u00fcne\u015fe hi\u00e7bir \u015fekilde maruz b\u0131rakmaks\u0131z\u0131n sa\u00e7 derisi korunmal\u0131 ve m\u00fcmk\u00fcnse ev ortam\u0131nda kal\u0131nmal\u0131d\u0131r. Ancak bu 2 haftal\u0131k s\u00fcrecin sonunda g\u00fcne\u015f kremi parmaklarla bas\u0131 uygulamadan kullan\u0131labilir. Yine de g\u00fcne\u015f kremi kullan\u0131m\u0131 da 2 saatte bir yenileme gerektiren bir uygulamad\u0131r.<\/p>\n<p class=\"p1\">Koruyuculuk a\u00e7\u0131s\u0131ndan uygulaman\u0131n bol \u015fekilde s\u00fcr\u00fclerek yap\u0131lmas\u0131 gerekir. Dolay\u0131s\u0131yla bu \u015fekilde bir kullan\u0131m da konforlu olmayabilir. \u00dcstelik bol miktar kullan\u0131mda greftlerin yine s\u00fcrekli olarak nemli kalmas\u0131 s\u00f6z konusu olabilece\u011finden greftlere gelebilecek bir zarar ihtimali olu\u015fabilir.<\/p>\n<p class=\"p1\">Ancak sprey g\u00fcne\u015f kremlerinin kullan\u0131m\u0131 burada olduk\u00e7a i\u015flevsel olabilir. Herhangi bir uygulama yapmadan \u00f6nce cerrahi i\u015flemi yapan uzmana mutlaka dan\u0131\u015fmal\u0131 ve onay al\u0131narak g\u00fcne\u015f kremi uygulamas\u0131 yap\u0131lmal\u0131d\u0131r. T\u00fcm bu anlat\u0131lanlardan sonra <strong><a href=\"https:\/\/www.yetkinbayer.com\/tr\/sac-ekimi\">sa\u00e7 ekimi<\/a><\/strong> yap\u0131ld\u0131ktan sonra g\u00fcne\u015fe \u00e7\u0131k\u0131lmas\u0131 gerekiyorsa neler yap\u0131lmas\u0131 gerekti\u011fini a\u015fa\u011f\u0131da aktarmaktay\u0131z;<\/p>\n<h2 class=\"p1\"><span class=\"ez-toc-section\" id=\"Sac_Ekimi_Sonrasi_Gunese_Cikarken_Nelere_Dikkat_Edilmelidir\"><\/span>Sa\u00e7 Ekimi Sonras\u0131 G\u00fcne\u015fe \u00c7\u0131karken Nelere Dikkat Edilmelidir?<span class=\"ez-toc-section-end\"><\/span><\/h2>\n<p class=\"p1\">Sa\u00e7 ekimi i\u015fleminden sonra belli bir m\u00fcddet g\u00fcne\u015fe \u00e7\u0131kmamak en iyi tercih olacakt\u0131r. Ancak ki\u015finin bu kadar uzun bir s\u00fcre hayattan soyutlanmas\u0131 elbette beklenemez. A\u015fa\u011f\u0131da belirtilen uygulamalar\u0131 yerine getirerek kolayca sa\u00e7 ekim b\u00f6lgesi g\u00fcne\u015ften korunabilir ve zarar g\u00f6rmesi engellenebilir.<\/p>\n<p class=\"p1\">G\u00fcne\u015f kremi yukar\u0131da yaz\u0131lan uyar\u0131lar dikkate al\u0131narak ve uygulamay\u0131 yapan uzmana dan\u0131\u015farak kullanabilir ve sa\u00e7 derisi g\u00fcne\u015fin zararl\u0131 \u0131\u015f\u0131nlar\u0131ndan korunabilir. Bunun yan\u0131nda en pratik ve en sa\u011fl\u0131kl\u0131 \u00e7\u00f6z\u00fcm geni\u015f bir bandana ya da \u015fapka kullanmak olabilir.<\/p>\n<p class=\"p1\">Burada \u015fapka ya da bandana tak\u0131l\u0131rken son derece dikkatli olunmal\u0131d\u0131r. M\u00fcmk\u00fcnse arkas\u0131 geni\u015fleyebilen \u015fapkalar se\u00e7ilerek \u015fapkan\u0131n olduk\u00e7a bol olmas\u0131 sa\u011flanmal\u0131d\u0131r. Bolla\u015ft\u0131r\u0131lan \u015fapka iki yandan el yard\u0131m\u0131yla da geni\u015fletilerek kafa \u00fczerine koyulmal\u0131 fakat \u015fapka tam anlam\u0131yla ge\u00e7irilmemelidir.<\/p>\n<p class=\"p1\">B\u00f6ylece sa\u00e7l\u0131 deri y\u00fczeyinde herhangi bir s\u00fcrt\u00fcnme a\u00e7\u0131\u011fa \u00e7\u0131kmayacak ve sa\u00e7 greftleri zarar g\u00f6rmeyerek greft kayb\u0131 da olu\u015fmayacakt\u0131r. Bunlar\u0131n yan\u0131 s\u0131ra e\u011fer elden geliyorsa g\u00fcne\u015f \u0131\u015f\u0131nlar\u0131n\u0131n dik a\u00e7\u0131yla geldi\u011fi \u00f6\u011flen saatleri d\u0131\u015far\u0131 \u00e7\u0131kmak i\u00e7in tercih edilmeyebilir.<\/p>\n<p class=\"p1\">Sonu\u00e7 olarak sa\u00e7 ekimi sonras\u0131nda g\u00fcne\u015ften korunmaya ne kadar dikkat edilirse, <strong><a href=\"https:\/\/www.yetkinbayer.com\/tr\/sac-ekimi-sonuclari\">sa\u00e7 ekim i\u015fleminin sonu\u00e7lar\u0131<\/a><\/strong> o kadar memnuniyet verici olacakt\u0131r. Greft kayb\u0131 ya\u015fatacak t\u00fcm bu durumlardan ka\u00e7\u0131n\u0131ld\u0131\u011f\u0131nda i\u015flem sonucunda sa\u00e7lar\u0131n ekim oldu\u011fu neredeyse hi\u00e7 belli olmaz.<\/p>\n<p class=\"p1\">T\u00fcm bu g\u00fcne\u015ften korunma s\u00fcreci zorlu olacaksa, bu ka\u00e7\u0131nma i\u015f hayat\u0131 ve g\u00fcndelik hayata uymuyorsa sa\u00e7 ekim i\u015flemini yaz ve bahar d\u00f6nemleri yerine k\u0131\u015f d\u00f6neminde yapt\u0131rmak da olduk\u00e7a iyi bir se\u00e7enek olabilir. Sa\u00e7 ekimi i\u015flemi ile ki\u015filer kendilerini olduk\u00e7a iyi hissedebilir ve memnuniyet duyabilirler.<\/p>\n<p class=\"p1\">T\u00fcm bu s\u00fcre\u00e7ler hakk\u0131nda uzmanlardan bilgi almak ve sa\u00e7 derisini kontrol ettirdikten sonra i\u015flemin yap\u0131lmas\u0131 hakk\u0131nda uzmanla birlikte karar vermek en do\u011fru yol olacakt\u0131r.<\/p>\n<p class=\"p1\">Yasal Uyar\u0131: Bu sayfadaki ifadeler bilgi verme ama\u00e7l\u0131 olup, ba\u011flay\u0131c\u0131 nitelik ta\u015f\u0131maz. Hi\u00e7bir bilgi, tedavi tavsiyesi olmay\u0131p, doktor tavsiyelerinin \u00f6n\u00fcnde de\u011fildir. Kesin bilgi ve talimatlar\u0131, yaln\u0131zca doktorunuzdan alman\u0131z sa\u011fl\u0131\u011f\u0131n\u0131z a\u00e7\u0131s\u0131ndan son derece \u00f6nemlidir.<\/p>\n<p>Kaynak\u00e7a:<\/p>\n<p><a href=\"https:\/\/www.treatmentroomslondon.com\/hair-transplant-tips\/why-avoiding-the-sun-after-a-fue-hair-transplant-is-essential\" target=\"_blank\" rel=\"noopener\">https:\/\/www.treatmentroomslondon.com\/hair-transplant-tips\/why-avoiding-the-sun-after-a-fue-hair-transplant-is-essential<\/a><\/p>\n","protected":false},"excerpt":{"rendered":"<p>Sa\u00e7 ekimi asl\u0131nda cerrahi bir i\u015flem olup sa\u00e7 derisinde kanallar a\u00e7\u0131larak sa\u00e7 greftlerinin bu kanallara oturtulmas\u0131 \u015feklinde yap\u0131l\u0131r.\u00a0Burada \u00f6nemli olan sa\u00e7 greftlerinin a\u00e7\u0131lan kanallara yani sa\u00e7 k\u00f6klerine iyi bir \u015fekilde tutunmas\u0131n\u0131 sa\u011flamakt\u0131r. Sa\u00e7 ekiminden sonraki s\u00fcre\u00e7 olduk\u00e7a hassas bir s\u00fcre\u00e7 olup ekilen sa\u00e7lar\u0131n sa\u011fl\u0131kla yerine oturmas\u0131 i\u00e7in dikkat edilmesi gereken baz\u0131 hususlar bulunur. Bu hususlara [&hellip;]<\/p>\n","protected":false},"author":1,"featured_media":3404,"comment_status":"closed","ping_status":"closed","sticky":false,"template":"","format":"standard","meta":{"footnotes":""},"categories":[],"tags":[],"class_list":["post-3403","post","type-post","status-publish","format-standard","has-post-thumbnail","hentry"],"_links":{"self":[{"href":"https:\/\/www.yetkinbayer.com\/tr\/wp-json\/wp\/v2\/posts\/3403","targetHints":{"allow":["GET"]}}],"collection":[{"href":"https:\/\/www.yetkinbayer.com\/tr\/wp-json\/wp\/v2\/posts"}],"about":[{"href":"https:\/\/www.yetkinbayer.com\/tr\/wp-json\/wp\/v2\/types\/post"}],"author":[{"embeddable":true,"href":"https:\/\/www.yetkinbayer.com\/tr\/wp-json\/wp\/v2\/users\/1"}],"replies":[{"embeddable":true,"href":"https:\/\/www.yetkinbayer.com\/tr\/wp-json\/wp\/v2\/comments?post=3403"}],"version-history":[{"count":1,"href":"https:\/\/www.yetkinbayer.com\/tr\/wp-json\/wp\/v2\/posts\/3403\/revisions"}],"predecessor-version":[{"id":3417,"href":"https:\/\/www.yetkinbayer.com\/tr\/wp-json\/wp\/v2\/posts\/3403\/revisions\/3417"}],"wp:featuredmedia":[{"embeddable":true,"href":"https:\/\/www.yetkinbayer.com\/tr\/wp-json\/wp\/v2\/media\/3404"}],"wp:attachment":[{"href":"https:\/\/www.yetkinbayer.com\/tr\/wp-json\/wp\/v2\/media?parent=3403"}],"wp:term":[{"taxonomy":"category","embeddable":true,"href":"https:\/\/www.yetkinbayer.com\/tr\/wp-json\/wp\/v2\/categories?post=3403"},{"taxonomy":"post_tag","embeddable":true,"href":"https:\/\/www.yetkinbayer.com\/tr\/wp-json\/wp\/v2\/tags?post=3403"}],"curies":[{"name":"wp","href":"https:\/\/api.w.org\/{rel}","templated":true}]}}