{"id":3388,"date":"2025-04-29T13:32:12","date_gmt":"2025-04-29T10:32:12","guid":{"rendered":"https:\/\/www.yetkinbayer.com\/?p=3388"},"modified":"2025-04-29T13:32:12","modified_gmt":"2025-04-29T10:32:12","slug":"sac-ekimi-sonrasi-gorulen-sac-kirilmasi-nedir","status":"publish","type":"post","link":"https:\/\/www.yetkinbayer.com\/tr\/sac-ekimi-sonrasi-gorulen-sac-kirilmasi-nedir\/","title":{"rendered":"Sa\u00e7 Ekimi Sonras\u0131 G\u00f6r\u00fclen Sa\u00e7 K\u0131r\u0131lmas\u0131 Nedir?"},"content":{"rendered":"<p class=\"p1\"><strong>Sa\u00e7<\/strong>, bireyin fiziksel g\u00f6r\u00fcnt\u00fcs\u00fcn\u00fcn en \u00f6nemli tamamlay\u0131c\u0131s\u0131 olarak kar\u015f\u0131m\u0131za \u00e7\u0131kmaktad\u0131r. G\u00fczel bir g\u00f6r\u00fcn\u00fcm\u00fcn \u00f6nemli bir par\u00e7as\u0131d\u0131r. G\u00f6r\u00fcnt\u00fcn\u00fcn yan\u0131 s\u0131ra sa\u011flad\u0131\u011f\u0131 \u00f6zg\u00fcven sayesinde bireyin sosyal \u00e7evresindeki ili\u015fkileri \u00fczerinde ki\u015fiye olumlu etkileri vard\u0131r. Zaman i\u00e7erinde \u00e7e\u015fitli sebeplerden \u00f6t\u00fcr\u00fc insanlar sa\u00e7 kay\u0131plar\u0131 ya\u015fayabilmektedirler.<\/p>\n<p class=\"p1\">G\u00f6rsel olarak sonradan zorunlu olarak sahip olduklar\u0131 g\u00f6r\u00fcnt\u00fcye kar\u015f\u0131 bireyler \u00f6nlem almak i\u00e7in bir\u00e7ok yola ba\u015fvurabilirler. Bu sorunun \u00e7\u00f6z\u00fcm\u00fcnde pek \u00e7ok y\u00f6ntem kullan\u0131labilmektedir. Mezoterapi, <strong><a href=\"https:\/\/www.yetkinbayer.com\/tr\/sac-ekimi\/\">sa\u00e7 ekimi<\/a><\/strong>\u00a0sa\u00e7 protezi gibi y\u00f6ntemler bu tedavide kullan\u0131lsa da baz\u0131 durumlarda bu y\u00f6ntemlerden birden fazlas\u0131 tercih edilmektedir. Bu sayede daha kal\u0131c\u0131 sonu\u00e7lar elde edilmeye \u00e7al\u0131\u015f\u0131lmaktad\u0131r.<\/p>\n<p class=\"p1\">Sa\u00e7 ekimi sonras\u0131nda g\u00f6r\u00fclen sa\u00e7 k\u0131r\u0131lmas\u0131 ekim yapt\u0131ranlar\u0131n hi\u00e7 de istemedi\u011fi bir durum olarak kar\u015f\u0131m\u0131za \u00e7\u0131kar. Sa\u00e7 ekimi yapt\u0131ran kimselerin b\u00fcy\u00fck \u00e7o\u011funlu\u011fu sa\u00e7lar\u0131n\u0131n hemen g\u00fcr bir g\u00f6r\u00fcnt\u00fcye sahip olmas\u0131n\u0131 istemektedirler. Ancak baz\u0131 istenmeyen durumlarla kar\u015f\u0131la\u015fabilmektedirler.<\/p>\n<p class=\"p1\">Kar\u015f\u0131la\u015ft\u0131klar\u0131 sorunlardan biri de sa\u00e7 ekimi sonras\u0131nda sa\u00e7larda g\u00f6r\u00fclen k\u0131r\u0131lma olmaktad\u0131r. Sa\u00e7 ekim i\u015flemleri bir s\u00fcreci meydana getirmektedir. Bu y\u00fczden zamana b\u0131rakmadan \u00e7\u00f6z\u00fclebilecek bir hastal\u0131k de\u011fildir. Yakla\u015f\u0131k olarak tedavi i\u00e7in alt\u0131 ayl\u0131k bir s\u00fcreci kendi i\u00e7erisinde bar\u0131nd\u0131rmaktad\u0131r.<\/p>\n<p>&#8220;Sa\u00e7 ekimi sonras\u0131 sa\u00e7 k\u0131r\u0131lmas\u0131 olur mu?&#8221; sorusu sa\u00e7 ekimi yapt\u0131rm\u0131\u015f ki\u015filer taraf\u0131ndan en fazla y\u00f6neltilen sorulardan biridir. Dr. Yetkin Bayer, &#8220;Sa\u00e7 ekimi sonras\u0131 g\u00f6r\u00fclen sa\u00e7 k\u0131r\u0131lmas\u0131 nedir?&#8221; ve &#8220;Sa\u00e7 bak\u0131m\u0131nda p\u00fcf noktalar nelerdir?&#8221; gibi sorular\u0131 sizler i\u00e7in yan\u0131tl\u0131yor.<\/p>\n<div id=\"ez-toc-container\" class=\"ez-toc-v2_0_82_2 counter-flat ez-toc-counter ez-toc-grey ez-toc-container-direction\">\n<div class=\"ez-toc-title-container\">\n<p class=\"ez-toc-title\" style=\"cursor:inherit\">Table of Contents<\/p>\n<span class=\"ez-toc-title-toggle\"><a href=\"#\" class=\"ez-toc-pull-right ez-toc-btn ez-toc-btn-xs ez-toc-btn-default ez-toc-toggle\" aria-label=\"\u0130\u00e7indekiler Tablosunu A\u00e7\/Kapat\"><span class=\"ez-toc-js-icon-con\"><span class=\"\"><span class=\"eztoc-hide\" style=\"display:none;\">Toggle<\/span><span class=\"ez-toc-icon-toggle-span\"><svg style=\"fill: #999;color:#999\" xmlns=\"http:\/\/www.w3.org\/2000\/svg\" class=\"list-377408\" width=\"20px\" height=\"20px\" viewBox=\"0 0 24 24\" fill=\"none\"><path d=\"M6 6H4v2h2V6zm14 0H8v2h12V6zM4 11h2v2H4v-2zm16 0H8v2h12v-2zM4 16h2v2H4v-2zm16 0H8v2h12v-2z\" fill=\"currentColor\"><\/path><\/svg><svg style=\"fill: #999;color:#999\" class=\"arrow-unsorted-368013\" xmlns=\"http:\/\/www.w3.org\/2000\/svg\" width=\"10px\" height=\"10px\" viewBox=\"0 0 24 24\" version=\"1.2\" baseProfile=\"tiny\"><path d=\"M18.2 9.3l-6.2-6.3-6.2 6.3c-.2.2-.3.4-.3.7s.1.5.3.7c.2.2.4.3.7.3h11c.3 0 .5-.1.7-.3.2-.2.3-.5.3-.7s-.1-.5-.3-.7zM5.8 14.7l6.2 6.3 6.2-6.3c.2-.2.3-.5.3-.7s-.1-.5-.3-.7c-.2-.2-.4-.3-.7-.3h-11c-.3 0-.5.1-.7.3-.2.2-.3.5-.3.7s.1.5.3.7z\"\/><\/svg><\/span><\/span><\/span><\/a><\/span><\/div>\n<nav><ul class='ez-toc-list ez-toc-list-level-1 eztoc-toggle-hide-by-default' ><li class='ez-toc-page-1'><a class=\"ez-toc-link ez-toc-heading-1\" href=\"#\" data-href=\"https:\/\/www.yetkinbayer.com\/tr\/sac-ekimi-sonrasi-gorulen-sac-kirilmasi-nedir\/#Sac_ekimi_sonrasi_gorulen_sac_kirilmasi_nedir\" >Sa\u00e7 ekimi sonras\u0131 g\u00f6r\u00fclen sa\u00e7 k\u0131r\u0131lmas\u0131 nedir?<\/a><\/li><li class='ez-toc-page-1'><a class=\"ez-toc-link ez-toc-heading-2\" href=\"#\" data-href=\"https:\/\/www.yetkinbayer.com\/tr\/sac-ekimi-sonrasi-gorulen-sac-kirilmasi-nedir\/#Sac_bakiminda_puf_noktalar_neler\" >Sa\u00e7 bak\u0131m\u0131nda p\u00fcf noktalar neler?<\/a><\/li><li class='ez-toc-page-1'><a class=\"ez-toc-link ez-toc-heading-3\" href=\"#\" data-href=\"https:\/\/www.yetkinbayer.com\/tr\/sac-ekimi-sonrasi-gorulen-sac-kirilmasi-nedir\/#Ameliyat_oncesi_ve_sonrasinda_dikkat_edilmesi_gerekenler\" >Ameliyat \u00f6ncesi ve sonras\u0131nda dikkat edilmesi gerekenler<\/a><\/li><\/ul><\/nav><\/div>\n<h2 class=\"p1\"><span class=\"ez-toc-section\" id=\"Sac_ekimi_sonrasi_gorulen_sac_kirilmasi_nedir\"><\/span>Sa\u00e7 ekimi sonras\u0131 g\u00f6r\u00fclen sa\u00e7 k\u0131r\u0131lmas\u0131 nedir?<span class=\"ez-toc-section-end\"><\/span><\/h2>\n<p class=\"p1\">Sa\u00e7 ekimi veya sa\u00e7 nakli i\u015flemi, ki\u015finin \u00f6n k\u0131s\u0131mda d\u00f6k\u00fclm\u00fc\u015f olan b\u00f6lgelere, her iki kula\u011f\u0131n aras\u0131nda bulunan ense k\u0131sm\u0131ndaki b\u00f6lgelerden \u00f6m\u00fcr boyu d\u00f6k\u00fclmeyecek olan sa\u00e7 k\u00f6kleri al\u0131narak \u00f6n k\u0131s\u0131mda a\u00e7\u0131lan kanallara yerle\u015ftirilmesi i\u015flemidir. <strong><a href=\"https:\/\/www.yetkinbayer.com\/tr\/sac-ekimi-sonrasi\/\">Sa\u00e7 ekimi sonras\u0131<\/a><\/strong> yap\u0131lan bu tedavinin daha sa\u011flam ve uzun s\u00fcreli olmas\u0131n\u0131 sa\u011flamak amac\u0131yla ilave tedaviler yapmak m\u00fcmk\u00fcnd\u00fcr.<\/p>\n<p class=\"p1\">Sa\u00e7 ekimi, kaybedilen sa\u00e7lar\u0131n yerine yine ki\u015finin kendi sa\u00e7lar\u0131n\u0131n yerle\u015ftirilmesi ile uygulanan kal\u0131c\u0131 ve en g\u00fcvenilir bir yollardan biridir. Ameliyats\u0131z, kesiksiz, ne\u015fter kullan\u0131lmadan yap\u0131ld\u0131\u011f\u0131 i\u00e7in i\u015flem sonras\u0131nda herhangi bir iz kalma ihtimali olmaz. Ayr\u0131ca sa\u00e7 ekiminde ki\u015finin kendi do\u011fal sa\u00e7lar\u0131 kullan\u0131ld\u0131\u011f\u0131 i\u00e7in yeni sa\u00e7lar di\u011ferlerinden farkl\u0131 olmayan, do\u011fal bir g\u00f6r\u00fcn\u00fcme sahip olmalar\u0131 sa\u011flan\u0131r.<\/p>\n<p class=\"p1\">Sa\u00e7 k\u0131r\u0131\u011f\u0131 nemini kaybeden ve zarar g\u00f6rm\u00fc\u015f sa\u00e7lar\u0131n u\u00e7lar\u0131n\u0131n k\u0131r\u0131larak kopmas\u0131d\u0131r. Sa\u00e7lar, kad\u0131n ve erkeklerin en hassas oldu\u011fu konular\u0131n ba\u015f\u0131nda gelir. Bilhassa kad\u0131nlar\u0131n sa\u00e7lar\u0131n da s\u0131k s\u0131k boya, perma ve sa\u00e7 a\u00e7\u0131c\u0131 gibi i\u015flemlere maruz kal\u0131r. Is\u0131l i\u015flemlerin yo\u011fun kullan\u0131m\u0131, sa\u00e7\u0131n s\u00fcrekli ayn\u0131 bi\u00e7imde ve \u00e7ok s\u0131k\u0131 bir \u015fekilde arkaya do\u011fru toplanmas\u0131 sa\u00e7 k\u0131r\u0131lma sebeplerindendir.<\/p>\n<p class=\"p1\">Ayr\u0131ca yanl\u0131\u015f \u00fcr\u00fcn kullan\u0131m\u0131 gibi fakt\u00f6rler zamanla sa\u00e7\u0131n zay\u0131flamas\u0131na, kurumas\u0131na, cans\u0131zla\u015fmas\u0131na ve k\u0131r\u0131lmas\u0131na neden olabilir. Her sa\u00e7 telinin \u00fczerinde koruyucu bir tabaka bulunur ve koruyucu tabaka sa\u00e7 telinin ucuna do\u011fru incelir ve sa\u00e7 u\u00e7lar\u0131n\u0131 olumsuz d\u0131\u015f etkenlere kar\u015f\u0131 savunmas\u0131z b\u0131rak\u0131r. K\u00f6k ve telin orta b\u00f6l\u00fcm\u00fcne k\u0131yasla daha zay\u0131f olan u\u00e7larda k\u0131r\u0131k olu\u015fumlar\u0131 ya\u015fanmaya ba\u015flar.<\/p>\n<h2 class=\"p1\"><span class=\"ez-toc-section\" id=\"Sac_bakiminda_puf_noktalar_neler\"><\/span>Sa\u00e7 bak\u0131m\u0131nda p\u00fcf noktalar neler?<span class=\"ez-toc-section-end\"><\/span><\/h2>\n<p class=\"p1\">\u2022 Sa\u00e7lar\u0131n\u0131z\u0131n do\u011fal nem dengesini korumaya destek veren \u00fcr\u00fcnler sa\u00e7 k\u0131r\u0131klar\u0131n\u0131n \u00f6nlenmesine yard\u0131mc\u0131 olabilir.<\/p>\n<p class=\"p1\">\u2022 Sa\u00e7lar\u0131n beslenmesine ve onar\u0131lmas\u0131na yard\u0131mc\u0131 olacak do\u011fal i\u00e7eriklerle \u00fcretilmi\u015f \u015fampuanlar\u0131 kullanabilirsiniz.<\/p>\n<p class=\"p1\">\u2022 Besleyici i\u00e7eri\u011fe sahip sa\u00e7 bak\u0131m s\u00fctleri ve bak\u0131m maskeleri kullanarak sa\u00e7lar\u0131n eski canl\u0131l\u0131\u011f\u0131na kavu\u015fmas\u0131n\u0131 ve k\u0131r\u0131klara kar\u015f\u0131 daha diren\u00e7li olmas\u0131n\u0131 sa\u011flayabilirsiniz.<\/p>\n<p class=\"p1\">\u2022 G\u00fcn i\u00e7inde nem deste\u011fini sa\u011flamak i\u00e7in, Kimyasal uygulamalar (boya, perma, r\u00f6fle, g\u00f6lge) sonucu sa\u00e7ta olu\u015fan y\u0131pranmalar\u0131 azaltmak i\u00e7in do\u011fal sular kullan\u0131labilir.<\/p>\n<p class=\"p1\">Sa\u00e7lar\u0131n\u0131zda k\u0131r\u0131k olu\u015fumunu \u00f6nlemek i\u00e7in neler yapabilirsiniz?<\/p>\n<p class=\"p1\">\u2022 Sa\u00e7lar\u0131n\u0131z\u0131 \u0131s\u0131l\u0131 i\u015flemlerden belli bir zaman uzak tutarak sa\u00e7lar\u0131n toparlanmas\u0131na katk\u0131 sa\u011flayabilirsiniz.<\/p>\n<p class=\"p1\">\u2022 Sa\u00e7lar\u0131n\u0131z\u0131 y\u0131kad\u0131ktan sonra havlu ile kurutmay\u0131 deneyebilirsiniz. F\u00f6n makinas\u0131 ile kurutmak, \u00e7o\u011fu zaman sa\u00e7 yanmas\u0131na sebep olabilmekte.<\/p>\n<p class=\"p1\">\u2022 Yumu\u015fak sa\u00e7 f\u0131r\u00e7as\u0131 tercih etmelisiniz.<\/p>\n<p class=\"p1\">\u2022 Sa\u00e7lar\u0131n\u0131z\u0131n m\u00fcmk\u00fcn oldu\u011funca do\u011fal hali ile b\u0131rak\u0131n\u0131z.<\/p>\n<p class=\"p1\">\u2022 Sa\u00e7lar\u0131n\u0131z\u0131 s\u0131k\u0131 bir \u015fekilde toplamaktan ka\u00e7\u0131n\u0131n.<\/p>\n<p class=\"p1\">\u2022 Boya ve perma gibi kimyasal uygulamalardan uzak durmaya gayret ediniz.<\/p>\n<p class=\"p1\">\u2022 Sa\u00e7lar\u0131n\u0131z\u0131n \u0131slakken daha k\u0131r\u0131lgan oldu\u011funu unutmay\u0131n\u0131z, \u0131s\u0131l i\u015flem yap\u0131lacaksa sa\u00e7lar\u0131n\u0131z \u0131slakken bu i\u015flemleri yapmamaya gayret ediniz.<\/p>\n<p class=\"p1\">\u2022 Sa\u00e7lar\u0131n\u0131z\u0131 tararken geni\u015f di\u015fli tarak kullan\u0131m sa\u011flay\u0131n, daha az k\u0131r\u0131k olu\u015fumu olacakt\u0131r.<\/p>\n<h2 class=\"p1\"><span class=\"ez-toc-section\" id=\"Ameliyat_oncesi_ve_sonrasinda_dikkat_edilmesi_gerekenler\"><\/span>Ameliyat \u00f6ncesi ve sonras\u0131nda dikkat edilmesi gerekenler<span class=\"ez-toc-section-end\"><\/span><\/h2>\n<p class=\"p1\">1.\u0130\u015flemden bir hafta \u00f6nce vitamin, takviye, aspirin veya a\u011fr\u0131 kesici al\u0131nmamal\u0131d\u0131r.<\/p>\n<p class=\"p1\">2.\u0130\u015flemden \u00f6nce sa\u00e7 derisi hafif bir \u015fampuanla y\u0131kanabilir. \u0130\u015flemden sonra ise 10 g\u00fcn boyunca doktorun verdi\u011fi losyon ve \u015fampuan\u0131 uygulan\u0131r.<\/p>\n<p class=\"p1\">3.Ameliyat b\u00f6lgesini korumak i\u00e7in ameliyattan sonraki ilk birka\u00e7 g\u00fcn bandaj kullan\u0131lmal\u0131d\u0131r.<\/p>\n<p class=\"p1\">4. A\u011f\u0131r i\u015flerden kesinlikle uzak durulmal\u0131d\u0131r. A\u011f\u0131r i\u015fler sizin tedavi s\u00fcrecinizi i\u00e7inden \u00e7\u0131k\u0131lmaz bir hale ta\u015f\u0131maktad\u0131r.<\/p>\n<p class=\"p1\">5.Stresten, pani\u011fe, kayg\u0131ya, sinirlenmeye yol a\u00e7acak psikolojik hadiselerden uzak durulmal\u0131d\u0131r. Zira stres insan\u0131 her y\u00f6nden etkileyebilmektedir.<\/p>\n<p class=\"p1\">6.\u0130lk bir hafta antibiyotik kullanaca\u011f\u0131n\u0131z i\u00e7in alkol kullan\u0131lmamal\u0131d\u0131r. \u00c7\u00fcnk\u00fc birbirleri ile etkile\u015fime girebilecek pek \u00e7ok madde de tedavi s\u00fcreci daha zor bir duruma gelmekte ve \u00e7\u00f6z\u00fcm \u00f6nerileri de daha k\u0131s\u0131tl\u0131 olmaktad\u0131r.<\/p>\n<p class=\"p1\">Sa\u00e7 ekimi sonras\u0131 komplikasyonlar hakk\u0131nda bilgi almak i\u00e7in doktorunuza ba\u015fvurunuz. Normal d\u0131\u015f\u0131 olarak tan\u0131mlayaca\u011f\u0131n\u0131z her durumu doktora bildirmek son derece \u00f6nemlidir. \u00d6n\u00fcne ge\u00e7i\u015febilecek sorunlar\u0131, b\u00fcy\u00fctmeden hekimden destek almak \u00e7ok \u00f6nemlidir.<\/p>\n<p class=\"p1\">Yasal Uyar\u0131: Bu sayfadaki ifadeler bilgi verme ama\u00e7l\u0131 olup, ba\u011flay\u0131c\u0131 nitelik ta\u015f\u0131maz. Hi\u00e7bir bilgi, tedavi tavsiyesi olmay\u0131p, doktor tavsiyelerinin \u00f6n\u00fcnde de\u011fildir. Kesin bilgi ve talimatlar\u0131, yaln\u0131zca doktorunuzdan alman\u0131z sa\u011fl\u0131\u011f\u0131n\u0131z a\u00e7\u0131s\u0131ndan son derece \u00f6nemlidir.<\/p>\n","protected":false},"excerpt":{"rendered":"<p>Sa\u00e7, bireyin fiziksel g\u00f6r\u00fcnt\u00fcs\u00fcn\u00fcn en \u00f6nemli tamamlay\u0131c\u0131s\u0131 olarak kar\u015f\u0131m\u0131za \u00e7\u0131kmaktad\u0131r. G\u00fczel bir g\u00f6r\u00fcn\u00fcm\u00fcn \u00f6nemli bir par\u00e7as\u0131d\u0131r. G\u00f6r\u00fcnt\u00fcn\u00fcn yan\u0131 s\u0131ra sa\u011flad\u0131\u011f\u0131 \u00f6zg\u00fcven sayesinde bireyin sosyal \u00e7evresindeki ili\u015fkileri \u00fczerinde ki\u015fiye olumlu etkileri vard\u0131r. Zaman i\u00e7erinde \u00e7e\u015fitli sebeplerden \u00f6t\u00fcr\u00fc insanlar sa\u00e7 kay\u0131plar\u0131 ya\u015fayabilmektedirler. G\u00f6rsel olarak sonradan zorunlu olarak sahip olduklar\u0131 g\u00f6r\u00fcnt\u00fcye kar\u015f\u0131 bireyler \u00f6nlem almak i\u00e7in bir\u00e7ok yola [&hellip;]<\/p>\n","protected":false},"author":1,"featured_media":3389,"comment_status":"closed","ping_status":"closed","sticky":false,"template":"","format":"standard","meta":{"footnotes":""},"categories":[9],"tags":[],"class_list":["post-3388","post","type-post","status-publish","format-standard","has-post-thumbnail","hentry","category-blog"],"_links":{"self":[{"href":"https:\/\/www.yetkinbayer.com\/tr\/wp-json\/wp\/v2\/posts\/3388","targetHints":{"allow":["GET"]}}],"collection":[{"href":"https:\/\/www.yetkinbayer.com\/tr\/wp-json\/wp\/v2\/posts"}],"about":[{"href":"https:\/\/www.yetkinbayer.com\/tr\/wp-json\/wp\/v2\/types\/post"}],"author":[{"embeddable":true,"href":"https:\/\/www.yetkinbayer.com\/tr\/wp-json\/wp\/v2\/users\/1"}],"replies":[{"embeddable":true,"href":"https:\/\/www.yetkinbayer.com\/tr\/wp-json\/wp\/v2\/comments?post=3388"}],"version-history":[{"count":1,"href":"https:\/\/www.yetkinbayer.com\/tr\/wp-json\/wp\/v2\/posts\/3388\/revisions"}],"predecessor-version":[{"id":3402,"href":"https:\/\/www.yetkinbayer.com\/tr\/wp-json\/wp\/v2\/posts\/3388\/revisions\/3402"}],"wp:featuredmedia":[{"embeddable":true,"href":"https:\/\/www.yetkinbayer.com\/tr\/wp-json\/wp\/v2\/media\/3389"}],"wp:attachment":[{"href":"https:\/\/www.yetkinbayer.com\/tr\/wp-json\/wp\/v2\/media?parent=3388"}],"wp:term":[{"taxonomy":"category","embeddable":true,"href":"https:\/\/www.yetkinbayer.com\/tr\/wp-json\/wp\/v2\/categories?post=3388"},{"taxonomy":"post_tag","embeddable":true,"href":"https:\/\/www.yetkinbayer.com\/tr\/wp-json\/wp\/v2\/tags?post=3388"}],"curies":[{"name":"wp","href":"https:\/\/api.w.org\/{rel}","templated":true}]}}