{"id":3373,"date":"2025-04-29T13:29:55","date_gmt":"2025-04-29T10:29:55","guid":{"rendered":"https:\/\/www.yetkinbayer.com\/?p=3373"},"modified":"2025-05-27T16:20:55","modified_gmt":"2025-05-27T13:20:55","slug":"tepe-bolgesi-sac-ekimi","status":"publish","type":"post","link":"https:\/\/www.yetkinbayer.com\/tr\/tepe-bolgesi-sac-ekimi\/","title":{"rendered":"Tepe B\u00f6lgesi Sa\u00e7 Ekimi Ba\u015far\u0131 Oran\u0131 Nedir?"},"content":{"rendered":"<div id=\"ez-toc-container\" class=\"ez-toc-v2_0_82_2 counter-flat ez-toc-counter ez-toc-grey ez-toc-container-direction\">\n<div class=\"ez-toc-title-container\">\n<p class=\"ez-toc-title\" style=\"cursor:inherit\">Table of Contents<\/p>\n<span class=\"ez-toc-title-toggle\"><a href=\"#\" class=\"ez-toc-pull-right ez-toc-btn ez-toc-btn-xs ez-toc-btn-default ez-toc-toggle\" aria-label=\"\u0130\u00e7indekiler Tablosunu A\u00e7\/Kapat\"><span class=\"ez-toc-js-icon-con\"><span class=\"\"><span class=\"eztoc-hide\" style=\"display:none;\">Toggle<\/span><span class=\"ez-toc-icon-toggle-span\"><svg style=\"fill: #999;color:#999\" xmlns=\"http:\/\/www.w3.org\/2000\/svg\" class=\"list-377408\" width=\"20px\" height=\"20px\" viewBox=\"0 0 24 24\" fill=\"none\"><path d=\"M6 6H4v2h2V6zm14 0H8v2h12V6zM4 11h2v2H4v-2zm16 0H8v2h12v-2zM4 16h2v2H4v-2zm16 0H8v2h12v-2z\" fill=\"currentColor\"><\/path><\/svg><svg style=\"fill: #999;color:#999\" class=\"arrow-unsorted-368013\" xmlns=\"http:\/\/www.w3.org\/2000\/svg\" width=\"10px\" height=\"10px\" viewBox=\"0 0 24 24\" version=\"1.2\" baseProfile=\"tiny\"><path d=\"M18.2 9.3l-6.2-6.3-6.2 6.3c-.2.2-.3.4-.3.7s.1.5.3.7c.2.2.4.3.7.3h11c.3 0 .5-.1.7-.3.2-.2.3-.5.3-.7s-.1-.5-.3-.7zM5.8 14.7l6.2 6.3 6.2-6.3c.2-.2.3-.5.3-.7s-.1-.5-.3-.7c-.2-.2-.4-.3-.7-.3h-11c-.3 0-.5.1-.7.3-.2.2-.3.5-.3.7s.1.5.3.7z\"\/><\/svg><\/span><\/span><\/span><\/a><\/span><\/div>\n<nav><ul class='ez-toc-list ez-toc-list-level-1 eztoc-toggle-hide-by-default' ><li class='ez-toc-page-1'><a class=\"ez-toc-link ez-toc-heading-1\" href=\"#\" data-href=\"https:\/\/www.yetkinbayer.com\/tr\/tepe-bolgesi-sac-ekimi\/#Tepe_Bolgesi_Sac_Ekimi_Nedir\" >Tepe B\u00f6lgesi Sa\u00e7 Ekimi Nedir?<\/a><\/li><li class='ez-toc-page-1'><a class=\"ez-toc-link ez-toc-heading-2\" href=\"#\" data-href=\"https:\/\/www.yetkinbayer.com\/tr\/tepe-bolgesi-sac-ekimi\/#Sac_Ekimi_Asamalari\" >Sa\u00e7 Ekimi A\u015famalar\u0131<\/a><\/li><li class='ez-toc-page-1'><a class=\"ez-toc-link ez-toc-heading-3\" href=\"#\" data-href=\"https:\/\/www.yetkinbayer.com\/tr\/tepe-bolgesi-sac-ekimi\/#Tepe_Bolgesi_Sac_Ekimi_Sonuclari_Ne_Zaman_Alinir\" >Tepe B\u00f6lgesi Sa\u00e7 Ekimi Sonu\u00e7lar\u0131 Ne Zaman Al\u0131n\u0131r?<\/a><\/li><li class='ez-toc-page-1'><a class=\"ez-toc-link ez-toc-heading-4\" href=\"#\" data-href=\"https:\/\/www.yetkinbayer.com\/tr\/tepe-bolgesi-sac-ekimi\/#Sac_Ekimi_Tepe_Bolgesini_Tam_olarak_Kapatir_mi\" >Sa\u00e7 Ekimi Tepe B\u00f6lgesini Tam olarak Kapat\u0131r m\u0131?<\/a><\/li><li class='ez-toc-page-1'><a class=\"ez-toc-link ez-toc-heading-5\" href=\"#\" data-href=\"https:\/\/www.yetkinbayer.com\/tr\/tepe-bolgesi-sac-ekimi\/#Tepe_Bolgesi_Sac_Ekimi_Yapildiginda_Fiyatlar_Degisir_mi\" >Tepe B\u00f6lgesi Sa\u00e7 Ekimi Yap\u0131ld\u0131\u011f\u0131nda Fiyatlar De\u011fi\u015fir mi?<\/a><\/li><li class='ez-toc-page-1'><a class=\"ez-toc-link ez-toc-heading-6\" href=\"#\" data-href=\"https:\/\/www.yetkinbayer.com\/tr\/tepe-bolgesi-sac-ekimi\/#Tepe_Bolgesi_Sac_Ekimi_Basari_Orani_Nedir\" >Tepe B\u00f6lgesi Sa\u00e7 Ekimi Ba\u015far\u0131 Oran\u0131 Nedir?<\/a><\/li><li class='ez-toc-page-1'><a class=\"ez-toc-link ez-toc-heading-7\" href=\"#\" data-href=\"https:\/\/www.yetkinbayer.com\/tr\/tepe-bolgesi-sac-ekimi\/#Tepe_Bolgesi_Sac_Ekimi_Sonrasi_Dikkat_Edilmesi_Gerekenler_Nelerdir\" >Tepe B\u00f6lgesi Sa\u00e7 Ekimi Sonras\u0131 Dikkat Edilmesi Gerekenler Nelerdir?<\/a><\/li><li class='ez-toc-page-1'><a class=\"ez-toc-link ez-toc-heading-8\" href=\"#\" data-href=\"https:\/\/www.yetkinbayer.com\/tr\/tepe-bolgesi-sac-ekimi\/#Tepe_Bolgesi_Sac_Ekimi_Nasil_Yapilir\" >Tepe B\u00f6lgesi Sa\u00e7 Ekimi Nas\u0131l Yap\u0131l\u0131r?<\/a><\/li><\/ul><\/nav><\/div>\n<h2><span class=\"ez-toc-section\" id=\"Tepe_Bolgesi_Sac_Ekimi_Nedir\"><\/span>Tepe B\u00f6lgesi Sa\u00e7 Ekimi Nedir?<span class=\"ez-toc-section-end\"><\/span><\/h2>\n<p>Tepe b\u00f6lgesi sa\u00e7 ekimi, ba\u015f\u0131n \u00fcst k\u0131sm\u0131nda yani tepe noktas\u0131nda olu\u015fan seyrelme ya da kellik sorununu \u00e7\u00f6zmek i\u00e7in uygulanan bir i\u015flem. Bu y\u00f6ntemde, genellikle ensenizden veya kulak arkan\u0131zdan al\u0131nan sa\u011fl\u0131kl\u0131 sa\u00e7 k\u00f6kleri, tepe b\u00f6lgesine, tamamen do\u011fal bir g\u00f6r\u00fcn\u00fcm elde etmek i\u00e7in \u00f6nceden belirlenmi\u015f a\u00e7\u0131 ve yo\u011funlukta tek tek ekleniyor. Ama\u00e7 hem do\u011fal duran hem de uzun y\u0131llar dayanacak sa\u00e7lara sahip olman\u0131z.<\/p>\n<p>Bu b\u00f6lge, sa\u00e7 tellerinin farkl\u0131 y\u00f6nlere ve a\u00e7\u0131lara do\u011fru b\u00fcy\u00fcmesi nedeniyle ekim s\u0131ras\u0131nda ekstra \u00f6zen gerektiriyor. K\u00f6klerin, mevcut sa\u00e7lar\u0131n\u0131za uyum sa\u011flayacak \u015fekilde yerle\u015ftirilmesi, hem estetik b\u00fct\u00fcnl\u00fc\u011f\u00fc koruyor hem de sa\u00e7lar\u0131n\u0131z uzad\u0131\u011f\u0131nda do\u011fru y\u00f6nde durmas\u0131n\u0131 sa\u011fl\u0131yor. Kullan\u0131lan ileri teknoloji mikromotorlar ve geni\u015f a\u00e7\u0131l\u0131 mikrokan\u00fcl sistemleri sayesinde, doku travmas\u0131 minimumda tutularak y\u00fcksek ba\u015far\u0131 oran\u0131 elde ediliyor ve iyile\u015fme s\u00fcreci h\u0131zlan\u0131yor.<\/p>\n<p>Ekim sonras\u0131 ilk birka\u00e7 g\u00fcn hafif \u015fi\u015flik ve kabuklanma g\u00f6r\u00fclmesi \u00e7ok normal. Do\u011fru bak\u0131m rutinleri ve uzman\u0131n\u0131z\u0131n kontrolleriyle bu s\u00fcreci konforlu bir \u015fekilde atlatabilirsiniz. Yakla\u015f\u0131k 3-4 ay sonra ekilen k\u00f6klerden ince t\u00fcyler \u00e7\u0131kmaya ba\u015flar, 9-12 ayl\u0131k d\u00f6nemde ise tamamen do\u011fal yo\u011funlu\u011fa ve dokuya sahip yeni sa\u00e7lar\u0131n\u0131za kavu\u015fmu\u015f olursunuz.<\/p>\n<p>&#8220;<strong>Tepe b\u00f6lgesi sa\u00e7 ekimi sonras\u0131 sonu\u00e7lar ne zaman al\u0131n\u0131r<\/strong>?&#8221; sorusu sa\u00e7 ekimi yapt\u0131rm\u0131\u015f ki\u015filer taraf\u0131ndan en fazla y\u00f6neltilen sorulardan biridir. Dr. Yetkin Bayer, &#8220;<strong>Sa\u00e7 ekimi a\u015famalar\u0131 nelerdir?<\/strong>&#8221; ve &#8220;<strong>Sa\u00e7 ekimi tepe b\u00f6lgesini tam olarak kapat\u0131r m\u0131?<\/strong>&#8221; gibi sorular\u0131 sizler i\u00e7in yan\u0131tl\u0131yor.<\/p>\n<h2 class=\"p1\"><span class=\"ez-toc-section\" id=\"Sac_Ekimi_Asamalari\"><\/span>Sa\u00e7 Ekimi A\u015famalar\u0131<span class=\"ez-toc-section-end\"><\/span><\/h2>\n<p class=\"p1\">Klasik <strong><a href=\"https:\/\/www.yetkinbayer.com\/tr\/sac-ekimi\">sa\u00e7 ekimi<\/a><\/strong> yap\u0131m\u0131nda yap\u0131lan anestezi uygulamas\u0131 verteks b\u00f6lgesinde de yap\u0131lmaktad\u0131r. Hem a\u011fr\u0131n\u0131n hafiflemesi hem i\u015flemin kolayl\u0131\u011f\u0131 i\u00e7in tercih edilmekte ve konforlu bir s\u00fcre\u00e7 sa\u011flanmaktad\u0131r. A\u015faman\u0131n bir sonraki s\u00fcreci ise ekim i\u015flemidir.<\/p>\n<p class=\"p1\">Birden fazla y\u00f6ntemi olabilmesiyle birlikte hekimden hekime de\u011fi\u015fkenlik g\u00f6stermekte ve detaylar\u0131 ayr\u0131nt\u0131l\u0131 bir \u015fekilde konu\u015fabilirsiniz. Her ki\u015finin kanallar\u0131 ve sa\u00e7 y\u00f6nleri farkl\u0131 oldu\u011fu i\u00e7in ki\u015fiye \u00f6zg\u00fc kanal a\u00e7\u0131l\u0131m\u0131 yap\u0131lmal\u0131 ve yapay g\u00f6r\u00fcnt\u00fcden uzak durulmal\u0131d\u0131r.<\/p>\n<p class=\"p1\">Daire \u015feklinde sa\u00e7 \u00e7\u0131k\u0131\u015f \u015fekli dikkate al\u0131nmal\u0131d\u0131r. Merdiven alt\u0131 yerlerde i\u015flem yap\u0131lmamal\u0131 ve uzman hekimler taraf\u0131ndan sa\u00e7 y\u00f6nlerine dikkat edilerek profesyonel bir g\u00f6r\u00fcnt\u00fc elde edilmelidir.<\/p>\n<p class=\"p1\">Y\u00f6n olarak dikkat edilen b\u00f6lgede \u00f6n ve orta b\u00f6lgenin y\u00f6n\u00fc \u00f6ne do\u011fru verilmelidir. Ki\u015fide b\u00f6lgenin tam d\u00f6k\u00fclme ya\u015fanmayan b\u00f6lgeler var ise muayene s\u0131ras\u0131nda a\u00e7\u0131lar\u0131na dikkat edilmeli ve tedavi s\u00fcreci ona g\u00f6re belirlenmelidir. Kimi hastalarda sadece b\u00f6lgenin daralt\u0131lmas\u0131 hedeflenirken di\u011fer yandan ba\u015fka ki\u015filerde ise b\u00f6lgenin tamamen kapat\u0131lmas\u0131 \u00f6ng\u00f6r\u00fcl\u00fcr.<\/p>\n<h2 class=\"p1\"><span class=\"ez-toc-section\" id=\"Tepe_Bolgesi_Sac_Ekimi_Sonuclari_Ne_Zaman_Alinir\"><\/span>Tepe B\u00f6lgesi Sa\u00e7 Ekimi Sonu\u00e7lar\u0131 Ne Zaman Al\u0131n\u0131r?<span class=\"ez-toc-section-end\"><\/span><\/h2>\n<p class=\"p1\">Tepe b\u00f6lgesi sa\u00e7 d\u00f6k\u00fclmesi, daha fazla sa\u00e7 k\u00f6k\u00fcn\u00fcn yok oldu\u011fu alanlard\u0131r. \u00c7\u00fcnk\u00fc kay\u0131p oran\u0131 di\u011fer d\u00f6k\u00fclmelere nazaran daha fazlad\u0131r. Bruada yap\u0131lacak ekim i\u015fleminde g\u00f6rece daha fazla don\u00f6r kullan\u0131lmas\u0131 gerekebilir.<\/p>\n<p class=\"p1\">Kimi vakalarda seans say\u0131s\u0131 art\u0131r\u0131larak, d\u00f6k\u00fclmenin ya\u015fand\u0131\u011f\u0131 b\u00f6lgede daha iyi bir kapatma sa\u011flanmaya \u00e7al\u0131\u015f\u0131labilir. Tabii bu hekiminizin verece\u011fi bir karard\u0131r. Bu noktada d\u00f6k\u00fclmeden kast\u0131m\u0131z, ekimden sonras\u0131 \u015fok d\u00f6k\u00fclme de\u011fil, sa\u00e7 ekimi \u00f6ncesindeki d\u00f6k\u00fclme durumudur.<\/p>\n<p class=\"p1\">Varteks b\u00f6lgesi sa\u00e7 d\u00f6k\u00fclmesi sonras\u0131 yap\u0131lan tedavilerin \u00e7\u0131k\u0131\u015f\u0131 6 ay kadar beklenmektedir. Daha zor bir s\u00fcre\u00e7 oldu\u011fu i\u00e7in bu kadar uzun s\u00fcrmektedir, di\u011fer tip d\u00f6k\u00fclmelerde 4. Ay yeterli olup sonu\u00e7lar daha h\u0131zl\u0131 g\u00f6r\u00fclmektedir. Ki\u015filer motivasyonlar\u0131n\u0131 y\u00fcksek tutmal\u0131 ve 6. Aya kadar beklemeyi normal olarak g\u00f6rmelidir.<\/p>\n<h2 class=\"p1\"><span class=\"ez-toc-section\" id=\"Sac_Ekimi_Tepe_Bolgesini_Tam_olarak_Kapatir_mi\"><\/span>Sa\u00e7 Ekimi Tepe B\u00f6lgesini Tam olarak Kapat\u0131r m\u0131?<span class=\"ez-toc-section-end\"><\/span><\/h2>\n<p class=\"p1\">Sa\u00e7 ekimi tepe b\u00f6lgesi tutmamas\u0131 s\u00f6z konusu olmamakla birlikte belli oranda kay\u0131p ya\u015fanmas\u0131 muhtemeldir. Kay\u0131ps\u0131z bir \u015fekilde tutunma g\u00f6r\u00fclmese de sonu\u00e7 olarak <strong>ekim sonu\u00e7lar\u0131nda<\/strong> ba\u015far\u0131 oran\u0131 y\u00fcksektir.<\/p>\n<p class=\"p1\">Uzman hekim ve do\u011fru teknikler ile iyi sonu\u00e7lar al\u0131nmakla birlikte b\u00f6lgenin tam muayenesi ve son teknoloji kullan\u0131lmas\u0131 hem ekim i\u015fini ba\u015far\u0131yla sonu\u00e7lanmas\u0131na yard\u0131mc\u0131 olmakta hem konforlu bir tedavi s\u00fcreci sa\u011flanm\u0131\u015f olmaktad\u0131r.<\/p>\n<h2 class=\"p1\"><span class=\"ez-toc-section\" id=\"Tepe_Bolgesi_Sac_Ekimi_Yapildiginda_Fiyatlar_Degisir_mi\"><\/span>Tepe B\u00f6lgesi Sa\u00e7 Ekimi Yap\u0131ld\u0131\u011f\u0131nda Fiyatlar De\u011fi\u015fir mi?<span class=\"ez-toc-section-end\"><\/span><\/h2>\n<p class=\"p1\">Sa\u00e7 ekiminin yap\u0131ld\u0131\u011f\u0131 b\u00f6lge fiyatlar\u0131 g\u00f6rece etkiler. Sa\u00e7 ekimi fiyatlar\u0131n\u0131 etkileyen ba\u015fl\u0131ca fakt\u00f6r greft say\u0131s\u0131d\u0131r. E\u011fer sa\u011f ekimi yap\u0131lan tepe b\u00f6lge tamamen kel ise buraya daha fazla greft ve hatta ikinci bir seans gerekebilir. Bu bak\u0131mdan fiyatlar de\u011fi\u015fiklik g\u00f6sterir demek yanl\u0131\u015f olmaz. Ancak fiyat bilgisi i\u00e7in muayene olmal\u0131 ve gerekesinimlerinizi tespit ettirmelisiniz.<\/p>\n<h2 class=\"p1\"><span class=\"ez-toc-section\" id=\"Tepe_Bolgesi_Sac_Ekimi_Basari_Orani_Nedir\"><\/span>Tepe B\u00f6lgesi Sa\u00e7 Ekimi Ba\u015far\u0131 Oran\u0131 Nedir?<span class=\"ez-toc-section-end\"><\/span><\/h2>\n<p class=\"p1\">Sa\u00e7 ekimi g\u00fcn\u00fcm\u00fczde estetik cerrahi operasyonlar\u0131n\u0131n ba\u015f\u0131nda gelmektedir. Ki\u015fiden ki\u015fiye tedavinin ilerleyi\u015fi ve s\u00fcreci de\u011fi\u015fmekte olup her hekimn kulland\u0131\u011f\u0131 y\u00f6ntem de farkl\u0131d\u0131r. Son teknolojik y\u00f6ntemlerin kullan\u0131lmas\u0131 hasta olan ki\u015finin hekimine g\u00fcvenmesi s\u00fcreci daha konforlu hale getirmektedir.<\/p>\n<p class=\"p1\">Sa\u00e7 ekimi tepe noktas\u0131 kolay olmamakla birlikte sa\u00e7\u0131n a\u00e7\u0131s\u0131na \u00e7ok dikkat edilmeli ve yapay bir g\u00f6r\u00fcn\u00fcmden uzak durulmas\u0131 sa\u011flanmal\u0131d\u0131r. %100 ba\u015far\u0131 oran\u0131 \u00e7ok m\u00fcmk\u00fcn olmasa da %90 %95 civar\u0131nda ba\u015far\u0131 m\u00fcmk\u00fcnd\u00fcr. Bu sebeple ki\u015filer hekimine g\u00fcvenmeli ve <strong>sa\u00e7 ekimi sonras\u0131nda<\/strong> bak\u0131m\u0131na dikkat edilmelidir.<\/p>\n<h2 class=\"p1\"><span class=\"ez-toc-section\" id=\"Tepe_Bolgesi_Sac_Ekimi_Sonrasi_Dikkat_Edilmesi_Gerekenler_Nelerdir\"><\/span>Tepe B\u00f6lgesi Sa\u00e7 Ekimi Sonras\u0131 Dikkat Edilmesi Gerekenler Nelerdir?<span class=\"ez-toc-section-end\"><\/span><\/h2>\n<p class=\"p1\">Tepe b\u00f6lgesi sa\u00e7 ekimi di\u011fer ekimler ile ayn\u0131 olmakla birlikte aralar\u0131nda fark \u00e7ok azd\u0131r. Kabuk g\u00f6r\u00fcnt\u00fcs\u00fc olmakla birlikte 10. G\u00fcnden sonra d\u00f6k\u00fclme g\u00f6r\u00fclmekte ve normal bir s\u00fcre\u00e7 olarak beklenmektedir. Ekim sonras\u0131 bak\u0131m normal bak\u0131m ile ayn\u0131d\u0131r. Ertesi g\u00fcn y\u0131kamas\u0131 yap\u0131labilir.<\/p>\n<p class=\"p1\">Dinlenme s\u0131ras\u0131nda yat\u0131\u015f ayn\u0131 olmakla birlikte, \u015fi\u015flik daha az oldu\u011fu i\u00e7in dikkat edilmesi gereken s\u00fcre\u00e7 daha konforludur. \u0130yile\u015fme s\u00fcreci di\u011fer ekim s\u00fcre\u00e7leriyle ayn\u0131 olmakla birlikte \u015fok d\u00f6k\u00fclme oranlar\u0131 y\u00fcksek g\u00f6r\u00fclebilir.<\/p>\n<p class=\"p1\">Ayr\u0131ca DHI y\u00f6ntemi kullan\u0131l\u0131r ise sa\u00e7\u0131n tamam\u0131 tra\u015f edilmedi\u011fi i\u00e7in g\u00f6rsel bir sorun ya\u015fanma olas\u0131l\u0131\u011f\u0131 da daha d\u00fc\u015f\u00fckt\u00fcr. Ba\u015f b\u00f6lgesinin tam tra\u015f edilmemesi hekim i\u00e7in daha uygun olmakla birlikte sa\u00e7\u0131n a\u00e7\u0131s\u0131n\u0131n y\u00f6n\u00fc belirlenmekte ve ekim i\u00e7in kolayl\u0131k sa\u011flanmaktad\u0131r.<\/p>\n<p class=\"p2\">Yasal Uyar\u0131: Bu sayfadaki ifadeler bilgi verme ama\u00e7l\u0131 olup, ba\u011flay\u0131c\u0131 nitelik ta\u015f\u0131maz. Hi\u00e7bir bilgi, tedavi tavsiyesi olmay\u0131p, doktor tavsiyelerinin \u00f6n\u00fcnde de\u011fildir. Kesin bilgi ve talimatlar\u0131, yaln\u0131zca doktorunuzdan alman\u0131z sa\u011fl\u0131\u011f\u0131n\u0131z a\u00e7\u0131s\u0131ndan son derece \u00f6nemlidir.<\/p>\n<h2><span class=\"ez-toc-section\" id=\"Tepe_Bolgesi_Sac_Ekimi_Nasil_Yapilir\"><\/span>Tepe B\u00f6lgesi Sa\u00e7 Ekimi Nas\u0131l Yap\u0131l\u0131r?<span class=\"ez-toc-section-end\"><\/span><\/h2>\n<p>Tepe b\u00f6lgesi sa\u00e7 ekimi, ba\u015f\u0131n \u00fcst k\u0131sm\u0131ndaki seyrelme veya kellik probleminin don\u00f6r b\u00f6lgeden al\u0131nan sa\u00e7 k\u00f6kleriyle doldurulmas\u0131 i\u015flemi olarak uygulan\u0131r. Bu y\u00f6ntem, lokal anestezi alt\u0131nda konforlu bir \u015fekilde ger\u00e7ekle\u015ftirilir; \u00f6nce ense veya yanlardaki sa\u011fl\u0131kl\u0131 sa\u00e7 k\u00f6kleri mikromotor u\u00e7lu \u00f6zel ara\u00e7larla tek tek toplan\u0131r ve canl\u0131l\u0131klar\u0131 korunarak haz\u0131rlanan nakil kanallar\u0131na aktar\u0131l\u0131r. Bu a\u015fama, sa\u00e7 k\u00f6klerinin besin ve oksijen ak\u0131\u015f\u0131n\u0131n devam\u0131n\u0131 sa\u011flayarak tutunma oran\u0131n\u0131 art\u0131r\u0131r.<\/p>\n<p>Nakil \u00f6ncesi planlama s\u00fcrecinde, kanal a\u00e7ma a\u00e7\u0131s\u0131 ve yo\u011funlu\u011fu modern g\u00f6r\u00fcnt\u00fcleme teknikleriyle belirlenir. B\u00f6ylece, yeni k\u00f6kler mevcut sa\u00e7lar\u0131n y\u00f6n\u00fc ve yo\u011funlu\u011fuyla uyumlu olacak bi\u00e7imde yerle\u015ftirilir; bu durum ekim sonras\u0131 b\u00fcy\u00fcmenin do\u011fal bir g\u00f6r\u00fcn\u00fcm ile sonu\u00e7lanmas\u0131n\u0131 destekler. Her kanal, sa\u00e7 k\u00f6k\u00fcne uygun \u00e7apta a\u00e7\u0131larak minimal doku travmas\u0131 hedeflenir ve iyile\u015fme s\u00fcresi k\u0131salt\u0131l\u0131r.<\/p>\n<p>Operasyon sonras\u0131 ilk 5\u20137 g\u00fcn i\u00e7inde kabuklanma ve hafif \u015fi\u015flik normal kabul edilir. Bu d\u00f6nemde \u00f6dem kontrol\u00fc i\u00e7in so\u011fuk kompres ve hafif ba\u015f y\u00fckseltme \u00f6nerilirken, bak\u0131m talimatlar\u0131na uymak k\u00f6klerin sa\u011fl\u0131kl\u0131 bi\u00e7imde k\u00f6klenmesine katk\u0131 sunar. Yakla\u015f\u0131k iki hafta sonra kabuklar d\u00f6k\u00fcl\u00fcrken, 3\u20134 ay i\u00e7inde yeni sa\u00e7 tellerinin ince olarak belirmesi, 9\u201312 ayda ise istenen yo\u011funlu\u011fa ula\u015f\u0131lmas\u0131 beklenir.<\/p>\n<p>Kaynak\u00e7a:<\/p>\n<p><a href=\"https:\/\/www.treatmentroomslondon.com\/fue-hair-transplant-surgery\/hair-transplant-timeline\" target=\"_blank\" rel=\"noopener\">https:\/\/www.treatmentroomslondon.com\/fue-hair-transplant-surgery\/hair-transplant-timeline<\/a><\/p>\n","protected":false},"excerpt":{"rendered":"<p>Tepe B\u00f6lgesi Sa\u00e7 Ekimi Nedir? Tepe b\u00f6lgesi sa\u00e7 ekimi, ba\u015f\u0131n \u00fcst k\u0131sm\u0131nda yani tepe noktas\u0131nda olu\u015fan seyrelme ya da kellik sorununu \u00e7\u00f6zmek i\u00e7in uygulanan bir i\u015flem. Bu y\u00f6ntemde, genellikle ensenizden veya kulak arkan\u0131zdan al\u0131nan sa\u011fl\u0131kl\u0131 sa\u00e7 k\u00f6kleri, tepe b\u00f6lgesine, tamamen do\u011fal bir g\u00f6r\u00fcn\u00fcm elde etmek i\u00e7in \u00f6nceden belirlenmi\u015f a\u00e7\u0131 ve yo\u011funlukta tek tek ekleniyor. Ama\u00e7 [&hellip;]<\/p>\n","protected":false},"author":1,"featured_media":3374,"comment_status":"closed","ping_status":"closed","sticky":false,"template":"","format":"standard","meta":{"footnotes":""},"categories":[9],"tags":[],"class_list":["post-3373","post","type-post","status-publish","format-standard","has-post-thumbnail","hentry","category-blog"],"_links":{"self":[{"href":"https:\/\/www.yetkinbayer.com\/tr\/wp-json\/wp\/v2\/posts\/3373","targetHints":{"allow":["GET"]}}],"collection":[{"href":"https:\/\/www.yetkinbayer.com\/tr\/wp-json\/wp\/v2\/posts"}],"about":[{"href":"https:\/\/www.yetkinbayer.com\/tr\/wp-json\/wp\/v2\/types\/post"}],"author":[{"embeddable":true,"href":"https:\/\/www.yetkinbayer.com\/tr\/wp-json\/wp\/v2\/users\/1"}],"replies":[{"embeddable":true,"href":"https:\/\/www.yetkinbayer.com\/tr\/wp-json\/wp\/v2\/comments?post=3373"}],"version-history":[{"count":3,"href":"https:\/\/www.yetkinbayer.com\/tr\/wp-json\/wp\/v2\/posts\/3373\/revisions"}],"predecessor-version":[{"id":9223,"href":"https:\/\/www.yetkinbayer.com\/tr\/wp-json\/wp\/v2\/posts\/3373\/revisions\/9223"}],"wp:featuredmedia":[{"embeddable":true,"href":"https:\/\/www.yetkinbayer.com\/tr\/wp-json\/wp\/v2\/media\/3374"}],"wp:attachment":[{"href":"https:\/\/www.yetkinbayer.com\/tr\/wp-json\/wp\/v2\/media?parent=3373"}],"wp:term":[{"taxonomy":"category","embeddable":true,"href":"https:\/\/www.yetkinbayer.com\/tr\/wp-json\/wp\/v2\/categories?post=3373"},{"taxonomy":"post_tag","embeddable":true,"href":"https:\/\/www.yetkinbayer.com\/tr\/wp-json\/wp\/v2\/tags?post=3373"}],"curies":[{"name":"wp","href":"https:\/\/api.w.org\/{rel}","templated":true}]}}