{"id":3343,"date":"2025-04-29T13:26:16","date_gmt":"2025-04-29T10:26:16","guid":{"rendered":"https:\/\/www.yetkinbayer.com\/?p=3343"},"modified":"2025-04-29T13:26:16","modified_gmt":"2025-04-29T10:26:16","slug":"sac-ekimi-sonrasi-uyusukluk-ne-zaman-gecer","status":"publish","type":"post","link":"https:\/\/www.yetkinbayer.com\/tr\/sac-ekimi-sonrasi-uyusukluk-ne-zaman-gecer\/","title":{"rendered":"Sa\u00e7 Ekimi Sonras\u0131 Uyu\u015fukluk Ne Zaman Ge\u00e7er?"},"content":{"rendered":"<p><span style=\"font-weight: 400;\"><strong>Sa\u00e7 ekimi<\/strong> sonras\u0131 kafa b\u00f6lgesinde uyu\u015fukluk g\u00f6zlenmesinin nedeni tedavi s\u0131ras\u0131nda uygulanan ila\u00e7lard\u0131r. Bu ila\u00e7lar tedavi s\u0131ras\u0131nda en az ac\u0131 hissedilmesi ve k\u00f6k\u00fcn deriye en iyi \u015fekilde n\u00fcfuz etmesi i\u00e7in uygulanmaktad\u0131r. Uyu\u015fukluk tedaviden sonraki 2-3 ayl\u0131k s\u00fcre\u00e7 i\u00e7erisinde ge\u00e7ecektir. Kafa derinizde uyu\u015fukluk hissetmeniz durumunda doktorunuzu bu durumdan mutlaka haberdar ediniz.<\/span><\/p>\n<p>&#8220;Sa\u00e7 ekimi sonras\u0131 uyu\u015fukluk ne zaman ge\u00e7er?&#8221; sorusu <strong><a href=\"https:\/\/www.yetkinbayer.com\/tr\/sac-ekimi\/\">sa\u00e7 ekimi<\/a><\/strong> yapt\u0131rm\u0131\u015f ki\u015filer taraf\u0131ndan en fazla y\u00f6neltilen sorulardan biridir. Dr. Yetkin Bayer, &#8220;Sa\u00e7 ekimi sonras\u0131 kafada hissizlik neden olur?&#8221; ve &#8220;Sa\u00e7 ekimi sonras\u0131 uyu\u015fukluk nas\u0131l ge\u00e7er?&#8221; gibi sorular\u0131 sizler i\u00e7in yan\u0131tl\u0131yor.<\/p>\n<div id=\"ez-toc-container\" class=\"ez-toc-v2_0_82_2 counter-flat ez-toc-counter ez-toc-grey ez-toc-container-direction\">\n<div class=\"ez-toc-title-container\">\n<p class=\"ez-toc-title\" style=\"cursor:inherit\">Table of Contents<\/p>\n<span class=\"ez-toc-title-toggle\"><a href=\"#\" class=\"ez-toc-pull-right ez-toc-btn ez-toc-btn-xs ez-toc-btn-default ez-toc-toggle\" aria-label=\"\u0130\u00e7indekiler Tablosunu A\u00e7\/Kapat\"><span class=\"ez-toc-js-icon-con\"><span class=\"\"><span class=\"eztoc-hide\" style=\"display:none;\">Toggle<\/span><span class=\"ez-toc-icon-toggle-span\"><svg style=\"fill: #999;color:#999\" xmlns=\"http:\/\/www.w3.org\/2000\/svg\" class=\"list-377408\" width=\"20px\" height=\"20px\" viewBox=\"0 0 24 24\" fill=\"none\"><path d=\"M6 6H4v2h2V6zm14 0H8v2h12V6zM4 11h2v2H4v-2zm16 0H8v2h12v-2zM4 16h2v2H4v-2zm16 0H8v2h12v-2z\" fill=\"currentColor\"><\/path><\/svg><svg style=\"fill: #999;color:#999\" class=\"arrow-unsorted-368013\" xmlns=\"http:\/\/www.w3.org\/2000\/svg\" width=\"10px\" height=\"10px\" viewBox=\"0 0 24 24\" version=\"1.2\" baseProfile=\"tiny\"><path d=\"M18.2 9.3l-6.2-6.3-6.2 6.3c-.2.2-.3.4-.3.7s.1.5.3.7c.2.2.4.3.7.3h11c.3 0 .5-.1.7-.3.2-.2.3-.5.3-.7s-.1-.5-.3-.7zM5.8 14.7l6.2 6.3 6.2-6.3c.2-.2.3-.5.3-.7s-.1-.5-.3-.7c-.2-.2-.4-.3-.7-.3h-11c-.3 0-.5.1-.7.3-.2.2-.3.5-.3.7s.1.5.3.7z\"\/><\/svg><\/span><\/span><\/span><\/a><\/span><\/div>\n<nav><ul class='ez-toc-list ez-toc-list-level-1 eztoc-toggle-hide-by-default' ><li class='ez-toc-page-1'><a class=\"ez-toc-link ez-toc-heading-1\" href=\"#\" data-href=\"https:\/\/www.yetkinbayer.com\/tr\/sac-ekimi-sonrasi-uyusukluk-ne-zaman-gecer\/#Sac_Ekimi_Sonrasi_Kafada_Hissizlik_Neden_Olur\" >Sa\u00e7 Ekimi Sonras\u0131 Kafada Hissizlik Neden Olur?<\/a><\/li><li class='ez-toc-page-1'><a class=\"ez-toc-link ez-toc-heading-2\" href=\"#\" data-href=\"https:\/\/www.yetkinbayer.com\/tr\/sac-ekimi-sonrasi-uyusukluk-ne-zaman-gecer\/#Sac_Ekimi_Sonrasi_Uyusukluk_Nasil_Gecer\" >Sa\u00e7 Ekimi Sonras\u0131 Uyu\u015fukluk Nas\u0131l Ge\u00e7er?<\/a><\/li><li class='ez-toc-page-1'><a class=\"ez-toc-link ez-toc-heading-3\" href=\"#\" data-href=\"https:\/\/www.yetkinbayer.com\/tr\/sac-ekimi-sonrasi-uyusukluk-ne-zaman-gecer\/#Sac_ekiminden_sonra_kafadaki_uyusma_ne_zaman_gecer\" >Sa\u00e7 ekiminden sonra kafadaki uyu\u015fma ne zaman ge\u00e7er?<\/a><\/li><li class='ez-toc-page-1'><a class=\"ez-toc-link ez-toc-heading-4\" href=\"#\" data-href=\"https:\/\/www.yetkinbayer.com\/tr\/sac-ekimi-sonrasi-uyusukluk-ne-zaman-gecer\/#Lokal_anestezi_sonrasi_uyusukluk_ne_zaman_gecer\" >Lokal anestezi sonras\u0131 uyu\u015fukluk ne zaman ge\u00e7er?<\/a><\/li><li class='ez-toc-page-1'><a class=\"ez-toc-link ez-toc-heading-5\" href=\"#\" data-href=\"https:\/\/www.yetkinbayer.com\/tr\/sac-ekimi-sonrasi-uyusukluk-ne-zaman-gecer\/#Sac_ekiminden_sonra_karincalanma_neden_olur\" >Sa\u00e7 ekiminden sonra kar\u0131ncalanma neden olur?<\/a><\/li><li class='ez-toc-page-1'><a class=\"ez-toc-link ez-toc-heading-6\" href=\"#\" data-href=\"https:\/\/www.yetkinbayer.com\/tr\/sac-ekimi-sonrasi-uyusukluk-ne-zaman-gecer\/#Sac_ekimi_sonrasi_kafada_gerginlik_ne_zaman_gecer\" >Sa\u00e7 ekimi sonras\u0131 kafada gerginlik ne zaman ge\u00e7er?<\/a><\/li><\/ul><\/nav><\/div>\n<h2><span class=\"ez-toc-section\" id=\"Sac_Ekimi_Sonrasi_Kafada_Hissizlik_Neden_Olur\"><\/span>Sa\u00e7 Ekimi Sonras\u0131 Kafada Hissizlik Neden Olur?<span class=\"ez-toc-section-end\"><\/span><\/h2>\n<p>Herhangi bir ameliyat gibi sa\u00e7 ekim ameliyat\u0131 da baz\u0131 riskler ta\u015f\u0131r. Olas\u0131 yan etkiler aras\u0131nda baz\u0131 sinir hasar\u0131 olas\u0131l\u0131\u011f\u0131 da vard\u0131r. Ancak hastalar\u0131n b\u00fcy\u00fck \u00e7o\u011funlu\u011fu ameliyattan herhangi bir komplikasyon ya\u015famadan \u00e7\u0131kar ve g\u00fcnl\u00fck hayat\u0131na devam eder.<\/p>\n<p>Ancak, i\u015flemden sonra kafa derinizin uyu\u015fmas\u0131 ve kar\u0131ncalanmas\u0131 normaldir. Bu sadece cerrahi travmadan sonra sinirlerinizin iyile\u015fmesinin k\u0131sa vadeli bir yan etkisidir. \u00c7ok nadir olsa da baz\u0131 hastalarda bu uyu\u015fukluk hissi ge\u00e7mez ve devam eder. Sa\u00e7 ekimi ameliyat\u0131n\u0131zdan sonra sa\u00e7 deriniz k\u0131rm\u0131z\u0131 ve \u015fi\u015fmi\u015f g\u00f6r\u00fcnebilir. Ayr\u0131ca muhtemelen nakil yerinde kabuklanma da olacakt\u0131r. Bununla birlikte, rahats\u0131zl\u0131\u011f\u0131n hafif oldu\u011funu unutmay\u0131n.<\/p>\n<p>\u0130ki ila \u00fc\u00e7 g\u00fcn i\u00e7inde t\u00fcm yan etkiler ge\u00e7mi\u015f olacakt\u0131r. Sa\u00e7l\u0131 deri kabuklar\u0131 da i\u015flemden yakla\u015f\u0131k 10 g\u00fcn sonra iyile\u015fir. Kafa derisi tipik olarak ameliyattan yakla\u015f\u0131k iki hafta sonra normal renkte g\u00f6r\u00fcn\u00fcr. Sa\u00e7 derinizdeki sinirler, t\u0131pk\u0131 v\u00fccudun di\u011fer b\u00f6lgelerinde oldu\u011fu gibi bir\u00e7ok daldan olu\u015fan bir a\u011f olu\u015fturur.<\/p>\n<p>Dallar, kafa derisinin y\u00fczeyine \u00e7ok yak\u0131n durur ve bu sebeple ka\u015f\u0131nma hissi uyand\u0131r\u0131r. Sa\u00e7 restorasyon ameliyat\u0131 s\u0131ras\u0131nda, cerrah kafa derisinde bazen bu sinirlere zarar veren veya kesen k\u00fc\u00e7\u00fck kesikler a\u00e7ar.<\/p>\n<p>A\u011f ileti\u015fim hatlar\u0131 k\u0131r\u0131ld\u0131\u011f\u0131nda, sinirler art\u0131k beyninize dokunma sinyalleri g\u00f6ndermez. Sonu\u00e7 olarak, bu b\u00f6lgelerde uyu\u015fma ya\u015fars\u0131n\u0131z. Bu hasar\u0131n meydana gelebilece\u011fi alanlar, sa\u00e7 derinizdeki don\u00f6r b\u00f6lgesini ve al\u0131c\u0131 b\u00f6lgesini i\u00e7erir.<\/p>\n<h2 class=\"p1\"><span class=\"ez-toc-section\" id=\"Sac_Ekimi_Sonrasi_Uyusukluk_Nasil_Gecer\"><\/span><span class=\"s1\"><b>Sa\u00e7 Ekimi Sonras\u0131 Uyu\u015fukluk Nas\u0131l Ge\u00e7er?<\/b><\/span><span class=\"ez-toc-section-end\"><\/span><\/h2>\n<p class=\"p1\"><span class=\"s1\">Sa\u00e7 ekimi i\u015fleminde anesteziye ba\u011fl\u0131 olarak olu\u015fan uyu\u015fukluk belirli bir s\u00fcre rahats\u0131z edici olabilir. Sa\u00e7 ekimi sonras\u0131 uyu\u015fukluk durumunun zaman i\u00e7inde ge\u00e7ece\u011fini belirtmek gerekir. Genel olarak incelenirse sa\u00e7 ekimi sonras\u0131 uyu\u015fukluk ilk 24 saatte ortadan kalkar. <\/span><\/p>\n<p class=\"p1\"><span class=\"s1\">Nadir de olsa baz\u0131 ki\u015filerde daha uzun s\u00fcre devam etti\u011fi de g\u00f6zlemlenebilir. Uzun s\u00fcren durumlarda tedaviyi yapan hekim taraf\u0131ndan belirtilen \u00f6nerilere uyulmal\u0131d\u0131r.<span class=\"Apple-converted-space\">\u00a0 <\/span>24 saat sonras\u0131ndaki s\u00fcre i\u00e7in do\u011frudan uzmanlardan bilgi al\u0131nmas\u0131 gerekir.<\/span><\/p>\n<p class=\"p1\"><span class=\"s1\">Sa\u00e7 ekimi sonras\u0131 ekim yap\u0131lan b\u00f6lgede ve don\u00f6r b\u00f6lgede uyu\u015fukluk s\u00fcrekli olarak takipte kal\u0131nmal\u0131d\u0131r. Genellikle hastalar\u00a0sa\u00e7 ekimi sonras\u0131 uyu\u015fukluk nas\u0131l ge\u00e7er diye merak ediyor. Sa\u00e7 ekimi sonras\u0131 uyu\u015fukluk ilk olarak operasyondan 10 saat kadar ge\u00e7ti\u011finde azalmaya ba\u015flar. Operasyon yap\u0131lan b\u00f6lge birka\u00e7 g\u00fcn sonra iyile\u015fmeye ba\u015flar. Bu s\u00fcre\u00e7te birka\u00e7 hafta i\u00e7erisinde ise uyu\u015fukluk hissi yava\u015ftan ge\u00e7er ve sonras\u0131nda tamamen ortadan kalkar.<\/span><\/p>\n<p class=\"p1\"><span class=\"s1\">Ancak\u00a0sa\u00e7 ekimi sonras\u0131 uyu\u015fukluk\u00a0s\u00fcreci daha da uzun olabilir. Baz\u0131 hastalarda uyu\u015fukluk s\u00fcreci 1 ay kadar s\u00fcrerken uyu\u015fukluk hissi baz\u0131 ki\u015filerde ameliyat\u0131n \u00fcst\u00fcnden 8 \u2013 9 ay kadar daha devam eder. B\u00f6yle uzun s\u00fcreli uyu\u015fukluk olmas\u0131 durumunda tela\u015flanmak \u00e7ok olas\u0131d\u0131r. Ancak bu durum da gayet normal olur. Operasyon sonras\u0131 don\u00f6r b\u00f6lgede 1 y\u0131l kadar uyu\u015fukluk hissi olabilir. Uyu\u015fuklu\u011fun ne kadar s\u00fcre devam edece\u011fi tamamen hastaya ve kullan\u0131lan tekni\u011fe g\u00f6re farkl\u0131 olur.<\/span><\/p>\n<p class=\"p1\"><span class=\"s1\">Sa\u00e7 ekiminin yap\u0131ld\u0131\u011f\u0131 birka\u00e7 g\u00fcn i\u00e7inde ekim ve don\u00f6r b\u00f6lgedeki hissizle\u015fmeye ba\u011fl\u0131 uyu\u015fukluk anla\u015f\u0131lmayabilir. Zaman i\u00e7erisinde b\u00f6lgedeki uyu\u015fukluklar ge\u00e7er. Bu s\u00fcre\u00e7te hekim taraf\u0131ndan verilen \u00f6nerilere uymak gerekir. \u00d6zellikle hastalar\u0131n bu s\u00fcre\u00e7te b\u00f6lgenin iyile\u015fme s\u00fcrecine dikkat etmesi gerekiyor. Uyu\u015fukluk hissi boyunca doktor ile koordineli bir \u015fekilde s\u00fcre\u00e7 takip edilmelidir.<\/span><\/p>\n<h2 class=\"JlqpRe\"><span class=\"ez-toc-section\" id=\"Sac_ekiminden_sonra_kafadaki_uyusma_ne_zaman_gecer\"><\/span><span class=\"JCzEY tNxQIb\"><span class=\"CSkcDe\">Sa\u00e7 ekiminden sonra kafadaki uyu\u015fma ne zaman ge\u00e7er?<\/span><\/span><span class=\"ez-toc-section-end\"><\/span><\/h2>\n<p>Sa\u00e7 ekiminden sonra genellikle iki ila alt\u0131 hafta i\u00e7inde kafa uyu\u015fmalar\u0131 azalmaya ba\u015flar ve \u00e7o\u011fu zaman tamamen ge\u00e7er. Sa\u00e7 ekimi s\u0131ras\u0131nda uygulanan anestezinin do\u011fas\u0131 ve i\u015flemin sinir u\u00e7lar\u0131n\u0131 ge\u00e7ici olarak etkilemesi nedeniyle bu uyu\u015fma meydana gelir. \u00d6zellikle sa\u00e7 k\u00f6klerinin al\u0131nd\u0131\u011f\u0131 don\u00f6r b\u00f6lge ve ekim b\u00f6lgesinde uyu\u015fma hissedilebilir.<\/p>\n<p>Sinirlerin iyile\u015fme s\u00fcresi ki\u015fiden ki\u015fiye de\u011fi\u015fti\u011fi i\u00e7in, baz\u0131 insanlarda bu durum birka\u00e7 ay s\u00fcrebilir. \u00d6zellikle b\u00fcy\u00fck alanlarda ekim yap\u0131lm\u0131\u015fsa ya da yo\u011fun bir i\u015flem yap\u0131lm\u0131\u015fsa uyu\u015fma daha uzun s\u00fcrebilir. Ancak hissizlik genellikle tamamen ortadan kalkar ve sinirler zamanla yenilenir.<\/p>\n<p>Bu s\u00fcre\u00e7 boyunca, sinirlerin iyile\u015fmeye ba\u015flad\u0131\u011f\u0131n\u0131 g\u00f6steren hafif hassasiyet veya kar\u0131ncalanma da hissedilebilir. E\u011fer uyu\u015fma birka\u00e7 ay sonra bile ge\u00e7miyor veya dokundu\u011funuzda b\u00f6lgeye dokundu\u011funuzda a\u011fr\u0131l\u0131 bir his olu\u015fuyorsa, doktorunuza gitmeniz gerekir. Bu durum, nadir de olsa sinir hasar\u0131n\u0131n bir i\u015fareti olabilir ve bir uzmandan yard\u0131m almak gerekebilir.<\/p>\n<h2 class=\"JlqpRe\"><span class=\"ez-toc-section\" id=\"Lokal_anestezi_sonrasi_uyusukluk_ne_zaman_gecer\"><\/span><span class=\"JCzEY tNxQIb\"><span class=\"CSkcDe\">Lokal anestezi sonras\u0131 uyu\u015fukluk ne zaman ge\u00e7er?<\/span><\/span><span class=\"ez-toc-section-end\"><\/span><\/h2>\n<p>Lokal anestezi uyguland\u0131ktan sonra uyu\u015fukluk genellikle iki ila d\u00f6rt saat i\u00e7inde ortadan kalkar. \u0130la\u00e7, anestezi uygulanan b\u00f6lgede his kayb\u0131na neden olur, ancak v\u00fccut onu yava\u015f\u00e7a par\u00e7alar. Bununla birlikte, i\u015flem t\u00fcr\u00fcne, kullan\u0131lan anesteziye ve ki\u015finin metabolizma h\u0131z\u0131na ba\u011fl\u0131 olarak bu s\u00fcre biraz daha uzun s\u00fcrebilir.<\/p>\n<p>Lokal anestezi, \u00f6zellikle sa\u00e7 ekimi gibi uzun s\u00fcren i\u015flemlerde, baz\u0131 ki\u015filerde 12 ila 24 saat boyunca uyu\u015fukluk hissi verebilir. Bunun nedeni i\u015flemin yo\u011funlu\u011fu ve kullan\u0131lan ila\u00e7lar\u0131n dozudur. Sa\u00e7 ekimi gibi durumlarda, kafa derisinde sinirlerin etkilenmesi nedeniyle uyu\u015fma birka\u00e7 g\u00fcn veya nadiren birka\u00e7 hafta s\u00fcrebilir.<\/p>\n<p>Uyu\u015fuklu\u011fun tamamen ge\u00e7ti\u011fi zaman, sinirlerin normale d\u00f6nmeye ba\u015flad\u0131\u011f\u0131n\u0131 g\u00f6steren hafif hassasiyet veya kar\u0131ncalanma da olabilir. E\u011fer uyu\u015fukluk bir g\u00fcnden fazla devam eder veya b\u00f6lgede \u015fiddetli a\u011fr\u0131, \u015fi\u015flik veya di\u011fer anormal belirtiler ortaya \u00e7\u0131karsa, doktorunuza ba\u015fvurmal\u0131s\u0131n\u0131z.<\/p>\n<h2 class=\"JlqpRe\"><span class=\"ez-toc-section\" id=\"Sac_ekiminden_sonra_karincalanma_neden_olur\"><\/span>Sa\u00e7 ekiminden sonra kar\u0131ncalanma neden olur?<span class=\"ez-toc-section-end\"><\/span><\/h2>\n<p>Sa\u00e7 ekiminden sonra kafa derisinde kar\u0131ncalanma hissi, genellikle sinirlerin kendini onarmas\u0131yla ba\u011flant\u0131l\u0131d\u0131r. Kafa derisindeki mikrokanallar a\u00e7\u0131l\u0131rken, sa\u00e7 ekimi s\u0131ras\u0131nda sinir u\u00e7lar\u0131 k\u0131smen zarar g\u00f6rebilir veya etkilenebilir. Ekim sonras\u0131 duyusal de\u011fi\u015fiklikler, uyu\u015fukluk, kar\u0131ncalanma veya hassasiyet gibi olabilir. Sinirlerin iyile\u015fmeye ba\u015flad\u0131\u011f\u0131n\u0131 ve yeniden \u00e7al\u0131\u015ft\u0131\u011f\u0131n\u0131 g\u00f6steren bir i\u015faret kar\u0131ncalanmad\u0131r.<\/p>\n<p>Ekimden sonraki 2-8 hafta aras\u0131nda bu his s\u0131kl\u0131kla g\u00f6r\u00fcl\u00fcr ve zamanla azal\u0131r. Ancak baz\u0131 ki\u015filerde kar\u0131ncalanma birka\u00e7 ay s\u00fcrebilir. Bu, i\u015flem yap\u0131lan b\u00f6lgenin geni\u015fli\u011fine ve ki\u015finin sinirlerinin yenilenme h\u0131z\u0131na ba\u011fl\u0131 olarak de\u011fi\u015febilir. Bu durum genellikle zarars\u0131zd\u0131r ve ekimden kaynaklanan do\u011fal bir yan etkidir.<\/p>\n<p>\u015eiddetli a\u011fr\u0131, k\u0131zar\u0131kl\u0131k veya \u015fi\u015flik kar\u0131ncalanman\u0131n yan\u0131 s\u0131ra ortaya \u00e7\u0131k\u0131yorsa, bir enfeksiyon veya ba\u015fka bir komplikasyonun i\u015fareti olabilir ve doktorunuza dan\u0131\u015fman\u0131z gerekir. Biraz rahats\u0131z edici olsa bile, bu duygu genelde kendili\u011finden ortadan kalkar ve kafa derisindeki duyular normal hale gelir.<\/p>\n<div>\n<h2 class=\"JlqpRe\"><span class=\"ez-toc-section\" id=\"Sac_ekimi_sonrasi_kafada_gerginlik_ne_zaman_gecer\"><\/span>Sa\u00e7 ekimi sonras\u0131 kafada gerginlik ne zaman ge\u00e7er?<span class=\"ez-toc-section-end\"><\/span><\/h2>\n<p>Sa\u00e7 ekimi sonras\u0131 kafa a\u011fr\u0131s\u0131 genellikle 1-2 hafta i\u00e7inde azal\u0131r. \u0130\u015flem s\u0131ras\u0131nda sa\u00e7 derisinde ve dokularda olu\u015fan mikrokanallar\u0131n don\u00f6r b\u00f6lgeden al\u0131nan sa\u00e7 k\u00f6klerine verdi\u011fi tepki bu duyguyu olu\u015fturur. Ek olarak, sa\u00e7 ekimi s\u0131ras\u0131nda kafa derisine uygulanan lokal anestezi ve i\u015flem sonras\u0131 olu\u015fan \u00f6dem, kafa derisini gerginle\u015ftirebilir.<\/p>\n<p>Ekim yap\u0131lan b\u00f6lge ve don\u00f6r alan iyile\u015ftik\u00e7e stres kaybolur. \u0130\u015flem s\u0131ras\u0131nda kullan\u0131lan y\u00f6ntem ve cilt yap\u0131s\u0131 baz\u0131 ki\u015filerde birka\u00e7 hafta daha s\u00fcrebilir. Ancak bu durum genellikle ge\u00e7icidir ve uzun s\u00fcreli bir rahats\u0131zl\u0131k olu\u015fturmaz.<\/p>\n<p>Bu s\u00fcre\u00e7te ba\u015f\u0131n\u0131z\u0131 y\u00fcksek pozisyonda tutarak yatmak, gerginli\u011fi ve \u00f6demi azaltabilir. \u0130yile\u015fme, doktorunuzun \u00f6nerdi\u011fi \u015fekilde d\u00fczenli olarak bak\u0131m yapmak ve ila\u00e7lar\u0131n\u0131z\u0131 kullanmak yoluyla h\u0131zlan\u0131r. A\u011fr\u0131, \u015fi\u015flik veya enfeksiyon belirtileri birka\u00e7 hafta sonra ge\u00e7mezse veya gerginlik hissi birka\u00e7 hafta sonra ge\u00e7mezse doktorunuza gitmeniz gerekir.<\/p>\n<\/div>\n","protected":false},"excerpt":{"rendered":"<p>Sa\u00e7 ekimi sonras\u0131 kafa b\u00f6lgesinde uyu\u015fukluk g\u00f6zlenmesinin nedeni tedavi s\u0131ras\u0131nda uygulanan ila\u00e7lard\u0131r. Bu ila\u00e7lar tedavi s\u0131ras\u0131nda en az ac\u0131 hissedilmesi ve k\u00f6k\u00fcn deriye en iyi \u015fekilde n\u00fcfuz etmesi i\u00e7in uygulanmaktad\u0131r. Uyu\u015fukluk tedaviden sonraki 2-3 ayl\u0131k s\u00fcre\u00e7 i\u00e7erisinde ge\u00e7ecektir. Kafa derinizde uyu\u015fukluk hissetmeniz durumunda doktorunuzu bu durumdan mutlaka haberdar ediniz. &#8220;Sa\u00e7 ekimi sonras\u0131 uyu\u015fukluk ne zaman [&hellip;]<\/p>\n","protected":false},"author":1,"featured_media":3344,"comment_status":"closed","ping_status":"closed","sticky":false,"template":"","format":"standard","meta":{"footnotes":""},"categories":[9],"tags":[],"class_list":["post-3343","post","type-post","status-publish","format-standard","has-post-thumbnail","hentry","category-blog"],"_links":{"self":[{"href":"https:\/\/www.yetkinbayer.com\/tr\/wp-json\/wp\/v2\/posts\/3343","targetHints":{"allow":["GET"]}}],"collection":[{"href":"https:\/\/www.yetkinbayer.com\/tr\/wp-json\/wp\/v2\/posts"}],"about":[{"href":"https:\/\/www.yetkinbayer.com\/tr\/wp-json\/wp\/v2\/types\/post"}],"author":[{"embeddable":true,"href":"https:\/\/www.yetkinbayer.com\/tr\/wp-json\/wp\/v2\/users\/1"}],"replies":[{"embeddable":true,"href":"https:\/\/www.yetkinbayer.com\/tr\/wp-json\/wp\/v2\/comments?post=3343"}],"version-history":[{"count":1,"href":"https:\/\/www.yetkinbayer.com\/tr\/wp-json\/wp\/v2\/posts\/3343\/revisions"}],"predecessor-version":[{"id":3357,"href":"https:\/\/www.yetkinbayer.com\/tr\/wp-json\/wp\/v2\/posts\/3343\/revisions\/3357"}],"wp:featuredmedia":[{"embeddable":true,"href":"https:\/\/www.yetkinbayer.com\/tr\/wp-json\/wp\/v2\/media\/3344"}],"wp:attachment":[{"href":"https:\/\/www.yetkinbayer.com\/tr\/wp-json\/wp\/v2\/media?parent=3343"}],"wp:term":[{"taxonomy":"category","embeddable":true,"href":"https:\/\/www.yetkinbayer.com\/tr\/wp-json\/wp\/v2\/categories?post=3343"},{"taxonomy":"post_tag","embeddable":true,"href":"https:\/\/www.yetkinbayer.com\/tr\/wp-json\/wp\/v2\/tags?post=3343"}],"curies":[{"name":"wp","href":"https:\/\/api.w.org\/{rel}","templated":true}]}}