{"id":3327,"date":"2025-04-29T13:23:07","date_gmt":"2025-04-29T10:23:07","guid":{"rendered":"https:\/\/www.yetkinbayer.com\/?p=3327"},"modified":"2025-04-29T13:23:55","modified_gmt":"2025-04-29T10:23:55","slug":"sac-ekimi-sonrasi-pullanma-normal-mi","status":"publish","type":"post","link":"https:\/\/www.yetkinbayer.com\/tr\/sac-ekimi-sonrasi-pullanma-normal-mi\/","title":{"rendered":"Sa\u00e7 Ekimi Sonras\u0131 Pullanma Normal Mi?"},"content":{"rendered":"<p class=\"p1\"><strong>Sa\u00e7<\/strong>, bireyin fiziksel g\u00f6r\u00fcnt\u00fcs\u00fcn\u00fcn en \u00f6nemli tamamlay\u0131c\u0131s\u0131 olarak kar\u015f\u0131m\u0131za \u00e7\u0131kmaktad\u0131r. G\u00fczel bir g\u00f6r\u00fcn\u00fcm\u00fcn \u00f6nemli bir par\u00e7as\u0131d\u0131r. G\u00f6r\u00fcnt\u00fcn\u00fcn yan\u0131 s\u0131ra sa\u011flad\u0131\u011f\u0131 \u00f6zg\u00fcven sayesinde bireyin sosyal \u00e7evresindeki ili\u015fkileri \u00fczerinde ki\u015fiye olumlu etkileri vard\u0131r.<\/p>\n<p class=\"p1\">Zaman i\u00e7erinde \u00e7e\u015fitli sebeplerden \u00f6t\u00fcr\u00fc insanlar sa\u00e7 kay\u0131plar\u0131 ya\u015fayabilmektedirler. G\u00f6rsel olarak sonradan zorunlu olarak sahip olduklar\u0131 g\u00f6r\u00fcnt\u00fcye kar\u015f\u0131 bireyler \u00f6nlem almak i\u00e7in bir\u00e7ok yola ba\u015fvurabilirler. Bu sorunun \u00e7\u00f6z\u00fcm\u00fcnde pek \u00e7ok y\u00f6ntem kullan\u0131labilmektedir.<\/p>\n<p class=\"p1\">Mezoterapi, sa\u00e7 ekimi, sa\u00e7 protezi gibi y\u00f6ntemler bu tedavide kullan\u0131lsa da baz\u0131 durumlarda bu y\u00f6ntemlerden birden fazlas\u0131 tercih edilmektedir. Bu sayede daha kal\u0131c\u0131 sonu\u00e7lar elde edilmeye \u00e7al\u0131\u015f\u0131lmaktad\u0131r.<\/p>\n<p class=\"p1\">Burada ki\u015finin kar\u015f\u0131la\u015ft\u0131\u011f\u0131 sa\u011fl\u0131k sorununu \u00e7\u00f6zebilmek ad\u0131na \u00f6ncesinde pek \u00e7ok ara\u015ft\u0131rma yapmak gerekir. Ki\u015finin sa\u011fl\u0131k ge\u00e7mi\u015fi \u00f6nemli bir noktada yer al\u0131r.<\/p>\n<p class=\"p1\">Ki\u015finin geneti\u011fi, bir cilt hastal\u0131\u011f\u0131n\u0131n olup olmamas\u0131, vitamin de\u011ferlerindeki eksiklikler, ya\u015f\u0131n ilerlemesi, sa\u011fl\u0131ks\u0131z beslenme, kirli ya\u015fam ko\u015fullar\u0131 ve baz\u0131 hastal\u0131klar sa\u00e7larda ortaya \u00e7\u0131kan bu problemin temel sebepleri olabilmektedir. Sebepler tespit edildikten sonra ki\u015fi i\u00e7in en uygun y\u00f6ntem tespit edilmekte ve buna g\u00f6re uygulama a\u015famas\u0131na ge\u00e7ilmektedir.<\/p>\n<p>&#8220;Sa\u00e7 ekimi sonras\u0131 pullanma olu\u015fur mu?&#8221; sorusu sa\u00e7 ekimi yapt\u0131rm\u0131\u015f ki\u015filer taraf\u0131ndan en fazla y\u00f6neltilen sorulardan biridir. Dr. Yetkin Bayer, &#8220;Sa\u00e7 ekimi sonras\u0131 pullanma nedir?&#8221; ve &#8220;Sa\u00e7 ekimi sonras\u0131 y\u0131kama s\u00fcreci nas\u0131l olur?&#8221; gibi sorular\u0131 sizler i\u00e7in yan\u0131tl\u0131yor.<\/p>\n<div id=\"ez-toc-container\" class=\"ez-toc-v2_0_82_2 counter-flat ez-toc-counter ez-toc-grey ez-toc-container-direction\">\n<div class=\"ez-toc-title-container\">\n<p class=\"ez-toc-title\" style=\"cursor:inherit\">Table of Contents<\/p>\n<span class=\"ez-toc-title-toggle\"><a href=\"#\" class=\"ez-toc-pull-right ez-toc-btn ez-toc-btn-xs ez-toc-btn-default ez-toc-toggle\" aria-label=\"\u0130\u00e7indekiler Tablosunu A\u00e7\/Kapat\"><span class=\"ez-toc-js-icon-con\"><span class=\"\"><span class=\"eztoc-hide\" style=\"display:none;\">Toggle<\/span><span class=\"ez-toc-icon-toggle-span\"><svg style=\"fill: #999;color:#999\" xmlns=\"http:\/\/www.w3.org\/2000\/svg\" class=\"list-377408\" width=\"20px\" height=\"20px\" viewBox=\"0 0 24 24\" fill=\"none\"><path d=\"M6 6H4v2h2V6zm14 0H8v2h12V6zM4 11h2v2H4v-2zm16 0H8v2h12v-2zM4 16h2v2H4v-2zm16 0H8v2h12v-2z\" fill=\"currentColor\"><\/path><\/svg><svg style=\"fill: #999;color:#999\" class=\"arrow-unsorted-368013\" xmlns=\"http:\/\/www.w3.org\/2000\/svg\" width=\"10px\" height=\"10px\" viewBox=\"0 0 24 24\" version=\"1.2\" baseProfile=\"tiny\"><path d=\"M18.2 9.3l-6.2-6.3-6.2 6.3c-.2.2-.3.4-.3.7s.1.5.3.7c.2.2.4.3.7.3h11c.3 0 .5-.1.7-.3.2-.2.3-.5.3-.7s-.1-.5-.3-.7zM5.8 14.7l6.2 6.3 6.2-6.3c.2-.2.3-.5.3-.7s-.1-.5-.3-.7c-.2-.2-.4-.3-.7-.3h-11c-.3 0-.5.1-.7.3-.2.2-.3.5-.3.7s.1.5.3.7z\"\/><\/svg><\/span><\/span><\/span><\/a><\/span><\/div>\n<nav><ul class='ez-toc-list ez-toc-list-level-1 eztoc-toggle-hide-by-default' ><li class='ez-toc-page-1'><a class=\"ez-toc-link ez-toc-heading-1\" href=\"#\" data-href=\"https:\/\/www.yetkinbayer.com\/tr\/sac-ekimi-sonrasi-pullanma-normal-mi\/#Sac_ekimi_sonrasi_pullanma_nedir\" >Sa\u00e7 ekimi sonras\u0131 pullanma nedir?<\/a><\/li><li class='ez-toc-page-1'><a class=\"ez-toc-link ez-toc-heading-2\" href=\"#\" data-href=\"https:\/\/www.yetkinbayer.com\/tr\/sac-ekimi-sonrasi-pullanma-normal-mi\/#Sac_ekimi_sonrasi_yikama_sureci\" >Sa\u00e7 ekimi sonras\u0131 y\u0131kama s\u00fcreci<\/a><\/li><li class='ez-toc-page-1'><a class=\"ez-toc-link ez-toc-heading-3\" href=\"#\" data-href=\"https:\/\/www.yetkinbayer.com\/tr\/sac-ekimi-sonrasi-pullanma-normal-mi\/#Sac_ekimi_sonrasi_pullanma_gorulme_sebepleri\" >Sa\u00e7 ekimi sonras\u0131 pullanma g\u00f6r\u00fclme sebepleri<\/a><\/li><\/ul><\/nav><\/div>\n<h2 class=\"p1\"><span class=\"ez-toc-section\" id=\"Sac_ekimi_sonrasi_pullanma_nedir\"><\/span>Sa\u00e7 ekimi sonras\u0131 pullanma nedir?<span class=\"ez-toc-section-end\"><\/span><\/h2>\n<p class=\"p1\">Sa\u00e7 ekimi sonras\u0131 pullanma, sa\u00e7 derisinin tahri\u015f olup d\u00f6k\u00fclmesi ile meydana gelir. \u00c7e\u015fitli nedenlerle sa\u00e7 diplerinde bu d\u00f6k\u00fclme g\u00f6r\u00fclebilir. Bu d\u00f6k\u00fclme ka\u015f\u0131nt\u0131ya da neden olabilir.<span class=\"Apple-converted-space\">\u00a0 <\/span>Fakat kafa derisinin s\u00fcrekli ka\u015f\u0131nmas\u0131 tahri\u015f olmas\u0131na neden olabilir. Sa\u00e7 derisinde olu\u015fan bu <strong><a href=\"https:\/\/www.yetkinbayer.com\/tr\/sac-ekim-sonrasi\">sa\u00e7 ekimi sonras\u0131<\/a><\/strong> deri d\u00f6k\u00fclmesi hastalar\u0131n \u00e7o\u011funda g\u00f6r\u00fclebilir ve ciddi sonu\u00e7lar\u0131 olan bir durum de\u011fildir.<\/p>\n<p class=\"p1\">Sa\u00e7 ekimi sonras\u0131 deri d\u00f6k\u00fclmesi olarak ilerleyen bu s\u00fcre\u00e7, iyile\u015fme s\u00fcrecine ba\u011fl\u0131 olarak ger\u00e7ekle\u015fir ve endi\u015fe edilecek bir durum de\u011fildir. Fakat ka\u015f\u0131ma ile yap\u0131lan yanl\u0131\u015f bir hareket, k\u00f6klerin yerinden oynamas\u0131na neden olabilir. Sa\u00e7 ektirenlerin \u00e7o\u011funda g\u00f6r\u00fclen sa\u00e7 ekimi sonras\u0131 deri d\u00f6k\u00fclmesi, ekim i\u015fleminin ola\u011fan bir s\u00fcrecidir ve dikkatli bir \u015fekilde atlat\u0131l\u0131rsa herhangi bir sorun te\u015fkil etmez.<\/p>\n<p class=\"p1\">Sa\u00e7 ekimi operasyondan bir hafta ya da 10 g\u00fcn sonra sa\u00e7 ekimi sonras\u0131 deri d\u00f6k\u00fclmesi k\u0131smen de olsa ger\u00e7ekle\u015fir. 3-4 hafta sonra \u015fok d\u00f6k\u00fclme ile sa\u00e7\u0131n telleri kesik sa\u00e7lar \u015feklinde d\u00f6k\u00fclmektedir.<\/p>\n<h2 class=\"p1\"><span class=\"ez-toc-section\" id=\"Sac_ekimi_sonrasi_yikama_sureci\"><\/span>Sa\u00e7 ekimi sonras\u0131 y\u0131kama s\u00fcreci<span class=\"ez-toc-section-end\"><\/span><\/h2>\n<p class=\"p1\">Sa\u00e7 ekimi sonras\u0131 y\u0131kama i\u015flemi, sa\u00e7 ekimi operasyonunu takip eden s\u00fcre\u00e7te, doktorun \u00f6nerisine g\u00f6re 3 veya 4.<span class=\"Apple-converted-space\">\u00a0 <\/span>g\u00fcn yap\u0131l\u0131r. Sa\u00e7 ekimi sonras\u0131 y\u0131kama, sa\u00e7 k\u00f6klerindeki kabuklanmay\u0131 yumu\u015fat\u0131r. Losyonlama ile sa\u00e7 k\u00f6klerine zarar vermeden ve sa\u00e7\u0131n \u00f6zel bir \u015fekilde y\u0131kanabilmesi s\u00fcrecine dayan\u0131r.<\/p>\n<p class=\"p1\"><strong><a href=\"https:\/\/www.yetkinbayer.com\/tr\/sac-ekim\">Sa\u00e7 ekimi<\/a><\/strong> sonras\u0131 y\u0131kama olduk\u00e7a \u00f6nemli ve hassas bir i\u015flemdir ve sa\u00e7 ekimi sonras\u0131 deri d\u00f6k\u00fclmesi bazen bu i\u015flem s\u0131ras\u0131nda g\u00f6r\u00fclebilir. Do\u011fru yap\u0131lmad\u0131\u011f\u0131 takdirde yeni ekilen sa\u00e7 k\u00f6kleri zarar g\u00f6r\u00fcr. Sa\u00e7 ekimi sonras\u0131 ilk y\u0131kama m\u00fcmk\u00fcnse hem\u015fireler taraf\u0131ndan sa\u00e7 ekim merkezinde ger\u00e7ekle\u015ftirilmelidir.<\/p>\n<p class=\"p1\">Sa\u00e7 ekimi sonras\u0131 y\u0131kama s\u00fcresince sa\u00e7 k\u00f6kleri \u00e7ok yeni oldu\u011fundan, yeni nakledildikleri alanlara tam yerle\u015fmezler. Bu s\u00fcre\u00e7te yap\u0131lacak olan yanl\u0131\u015f bir hareket, k\u00f6klerin zarar g\u00f6rmesine ve yerinden oynamas\u0131na neden olabilir. K\u00f6klerin sa\u00e7 derisini tutmas\u0131 engellenir.<\/p>\n<p class=\"p1\">Sa\u00e7 ekimi sonras\u0131 y\u0131kama, kabuklanmalar\u0131n kolay bir \u015fekilde sa\u00e7 k\u00f6klerinden ayr\u0131lmas\u0131n\u0131 ve k\u00f6klerin hava almas\u0131n\u0131 sa\u011flar. Sa\u00e7 ekimi sonras\u0131 y\u0131kama acele bir \u015fekilde ya da yanl\u0131\u015f yap\u0131l\u0131rsa o b\u00f6lgede bulunan k\u0131l k\u00f6kleri zarar g\u00f6r\u00fcr. \u0130lk y\u0131kama i\u015flemi, 1 aydan fazla bir s\u00fcre devam edece\u011fi i\u00e7in ilk y\u0131kaman\u0131n do\u011fru bir \u015fekilde \u00f6\u011frenilmesi gerekir.<\/p>\n<h2 class=\"p1\"><span class=\"ez-toc-section\" id=\"Sac_ekimi_sonrasi_pullanma_gorulme_sebepleri\"><\/span>Sa\u00e7 ekimi sonras\u0131 pullanma g\u00f6r\u00fclme sebepleri<span class=\"ez-toc-section-end\"><\/span><\/h2>\n<p class=\"p1\">1.Sa\u00e7 ekimi sonras\u0131 deri d\u00f6k\u00fclmesi ve bir\u00e7ok kritik fakt\u00f6r\u00fcn etkisi alt\u0131nda kalan sa\u00e7 k\u00f6kleri i\u00e7in hi\u00e7 \u015f\u00fcphesiz en \u00f6nemli noktalar\u0131n ba\u015f\u0131nda sa\u00e7 ekimi sonras\u0131 y\u0131kama yani operasyondan sonra kullan\u0131lan \u015fampuanlar ve ila\u00e7 gelir.<\/p>\n<p class=\"p1\">Bu noktada hekim tavsiyelerin genelinin ortak bulu\u015ftu\u011fu k\u0131s\u0131m; ilk 2 haftal\u0131k d\u00f6nem i\u00e7erisinde sa\u00e7 k\u00f6klerine herhangi bir zarar gelmemesi ad\u0131na kimyasal i\u00e7eri\u011fe sahip \u015fampuanlar\u0131n kullan\u0131lmamas\u0131 gerekti\u011fi, ilerleyen periyotlarda ise klasik g\u00fcnl\u00fck \u015fampuanlar\u0131n kullan\u0131m\u0131na devam edece\u011fi \u015feklindedir.<\/p>\n<p class=\"p1\">Sa\u00e7 ekimi sonras\u0131 \u015fampuan kullan\u0131m\u0131 kapsam\u0131nda aranmas\u0131 gereken ilk \u00f6zellik; \u015fampuan\u0131n sa\u00e7 k\u00f6klerinin, sa\u00e7 derisine tutunmas\u0131n\u0131 kolayla\u015ft\u0131racak bir yap\u0131ya sahip olmas\u0131 gerekti\u011fidir.<\/p>\n<p class=\"p1\">Sa\u00e7 ekimi sonras\u0131 tra\u015f, \u015fok d\u00f6k\u00fclmenin ard\u0131ndan sa\u00e7lar\u0131n yeniden \u00e7\u0131k\u0131\u015f zaman\u0131 olan, operasyonun 2. ay\u0131nda olunur. Don\u00f6r b\u00f6lgeden sa\u00e7 k\u00f6klerinin daha rahat toplan\u0131p, ekilmesi i\u00e7in sa\u00e7lar, ekim operasyonu ger\u00e7ekle\u015ftirilmeden \u00f6nce, tra\u015f edilir.<\/p>\n<p class=\"p1\">Tra\u015flanan sa\u00e7lar, operasyondan sonra uzamay\u0131 s\u00fcrd\u00fcr\u00fcrken, bu s\u00fcre i\u00e7inde sa\u00e7 ekimi sonras\u0131 deri d\u00f6k\u00fclmesi ger\u00e7ekle\u015firse ekim yap\u0131lan b\u00f6lgedeki sa\u00e7lar\u0131n \u00e7\u0131kmas\u0131 ve uzamas\u0131 ise biraz zaman al\u0131r. Dolay\u0131s\u0131yla sa\u00e7 ekimi sonras\u0131 tra\u015f i\u00e7in ekilen sa\u00e7lar\u0131n deriye uyum sa\u011flamas\u0131n\u0131 beklemek gerekir.<\/p>\n<p class=\"p1\">Dolay\u0131s\u0131yla t\u00fcketti\u011finiz her g\u0131dan\u0131n mutlaka yeni ekilen sa\u00e7 k\u00f6klerinin \u00fczerinde ve sa\u00e7 ekimi sonras\u0131 deri d\u00f6k\u00fclmesine etkisi olacakt\u0131r. Beslenme sisteminiz mikro ve makro besin \u00f6\u011felerinden (mineraller, vitaminler, protein ve ya\u011f asitleri) yoksun kald\u0131\u011f\u0131nda h\u00fccre zar\u0131nda fonksiyon bozukluklar\u0131 meydana gelebilmektedir.<\/p>\n<p class=\"p1\">Pullanma, soyulma ve kuruma gibi sorunlar\u0131n \u00fcstesinden gelmek i\u00e7in doktorunuzun tavsiyelerine uyunuz. Size verilecek merhem ve kremleri eksiksiz bi\u00e7imde kullanman\u0131z, bu sorunun \u00fcstesinden gelmenize yard\u0131mc\u0131 olacakt\u0131r.<\/p>\n<p class=\"p1\">Yasal Uyar\u0131: Bu sayfadaki ifadeler bilgi verme ama\u00e7l\u0131 olup, ba\u011flay\u0131c\u0131 nitelik ta\u015f\u0131maz. Hi\u00e7bir bilgi, tedavi tavsiyesi olmay\u0131p, doktor tavsiyelerinin \u00f6n\u00fcnde de\u011fildir. Kesin bilgi ve talimatlar\u0131, yaln\u0131zca doktorunuzdan alman\u0131z sa\u011fl\u0131\u011f\u0131n\u0131z a\u00e7\u0131s\u0131ndan son derece \u00f6nemlidir.<\/p>\n<p><strong>Kaynak\u00e7a:<\/strong><\/p>\n<p><a href=\"https:\/\/www.hairman.com\/is-it-dandruff-or-something-else\" target=\"_blank\" rel=\"noopener\">https:\/\/www.hairman.com\/is-it-dandruff-or-something-else<\/a><\/p>\n","protected":false},"excerpt":{"rendered":"<p>Sa\u00e7, bireyin fiziksel g\u00f6r\u00fcnt\u00fcs\u00fcn\u00fcn en \u00f6nemli tamamlay\u0131c\u0131s\u0131 olarak kar\u015f\u0131m\u0131za \u00e7\u0131kmaktad\u0131r. G\u00fczel bir g\u00f6r\u00fcn\u00fcm\u00fcn \u00f6nemli bir par\u00e7as\u0131d\u0131r. G\u00f6r\u00fcnt\u00fcn\u00fcn yan\u0131 s\u0131ra sa\u011flad\u0131\u011f\u0131 \u00f6zg\u00fcven sayesinde bireyin sosyal \u00e7evresindeki ili\u015fkileri \u00fczerinde ki\u015fiye olumlu etkileri vard\u0131r. Zaman i\u00e7erinde \u00e7e\u015fitli sebeplerden \u00f6t\u00fcr\u00fc insanlar sa\u00e7 kay\u0131plar\u0131 ya\u015fayabilmektedirler. G\u00f6rsel olarak sonradan zorunlu olarak sahip olduklar\u0131 g\u00f6r\u00fcnt\u00fcye kar\u015f\u0131 bireyler \u00f6nlem almak i\u00e7in bir\u00e7ok yola [&hellip;]<\/p>\n","protected":false},"author":1,"featured_media":3328,"comment_status":"closed","ping_status":"closed","sticky":false,"template":"","format":"standard","meta":{"footnotes":""},"categories":[9],"tags":[],"class_list":["post-3327","post","type-post","status-publish","format-standard","has-post-thumbnail","hentry","category-blog"],"_links":{"self":[{"href":"https:\/\/www.yetkinbayer.com\/tr\/wp-json\/wp\/v2\/posts\/3327","targetHints":{"allow":["GET"]}}],"collection":[{"href":"https:\/\/www.yetkinbayer.com\/tr\/wp-json\/wp\/v2\/posts"}],"about":[{"href":"https:\/\/www.yetkinbayer.com\/tr\/wp-json\/wp\/v2\/types\/post"}],"author":[{"embeddable":true,"href":"https:\/\/www.yetkinbayer.com\/tr\/wp-json\/wp\/v2\/users\/1"}],"replies":[{"embeddable":true,"href":"https:\/\/www.yetkinbayer.com\/tr\/wp-json\/wp\/v2\/comments?post=3327"}],"version-history":[{"count":2,"href":"https:\/\/www.yetkinbayer.com\/tr\/wp-json\/wp\/v2\/posts\/3327\/revisions"}],"predecessor-version":[{"id":3342,"href":"https:\/\/www.yetkinbayer.com\/tr\/wp-json\/wp\/v2\/posts\/3327\/revisions\/3342"}],"wp:featuredmedia":[{"embeddable":true,"href":"https:\/\/www.yetkinbayer.com\/tr\/wp-json\/wp\/v2\/media\/3328"}],"wp:attachment":[{"href":"https:\/\/www.yetkinbayer.com\/tr\/wp-json\/wp\/v2\/media?parent=3327"}],"wp:term":[{"taxonomy":"category","embeddable":true,"href":"https:\/\/www.yetkinbayer.com\/tr\/wp-json\/wp\/v2\/categories?post=3327"},{"taxonomy":"post_tag","embeddable":true,"href":"https:\/\/www.yetkinbayer.com\/tr\/wp-json\/wp\/v2\/tags?post=3327"}],"curies":[{"name":"wp","href":"https:\/\/api.w.org\/{rel}","templated":true}]}}