{"id":3296,"date":"2025-04-29T13:15:00","date_gmt":"2025-04-29T10:15:00","guid":{"rendered":"https:\/\/www.yetkinbayer.com\/?p=3296"},"modified":"2025-04-29T13:15:00","modified_gmt":"2025-04-29T10:15:00","slug":"bir-insanin-sacinda-kac-tane-tel-vardir","status":"publish","type":"post","link":"https:\/\/www.yetkinbayer.com\/tr\/bir-insanin-sacinda-kac-tane-tel-vardir\/","title":{"rendered":"Bir insan\u0131n sa\u00e7\u0131nda ka\u00e7 tane tel vard\u0131r?"},"content":{"rendered":"<p>&lt;p class=&#8221;p1&#8243;&gt;&lt;span class=&#8221;s1&#8243;&gt;Bir insan kafas\u0131ndaki sa\u00e7 k\u00f6klerinin say\u0131s\u0131 1.000.000 olarak tahmin edilmektedir ve &lt;strong&gt;&lt;a href=&#8221;https:\/\/www.yetkinbayer.com\/tr\/kas-ekimi&#8221;&gt;ka\u015f&lt;\/a&gt;,&lt;\/strong&gt; pirzola, sakal, b\u0131y\u0131k ve sa\u00e7\u0131 i\u00e7erir. Peki &lt;strong&gt;bir insan\u0131n sa\u00e7\u0131nda ka\u00e7 tane tel vard\u0131r&lt;\/strong&gt;? Bir kafa derisinde yakla\u015f\u0131k 100.000 ila 150.000 sa\u00e7 teli olu\u015fmaktad\u0131r ve baz\u0131 ki\u015filerde bu say\u0131 220.000&#8217;i bulabiliyor. &lt;\/span&gt;&lt;\/p&gt;<br \/>\n&lt;p class=&#8221;p1&#8243;&gt;&lt;span class=&#8221;s1&#8243;&gt;Bir ki\u015finin 100.000 sa\u00e7\u0131 varsa insan sa\u00e7\u0131 k\u00fc\u00e7\u00fck, 200.000 varsa insan sa\u00e7\u0131 kal\u0131n demektir. Bir insan do\u011fdu\u011funda kafa derisinde yakla\u015f\u0131k 1.100 k\u00f6k\u00fc bulunur ancak bu k\u00f6klerin tamam\u0131 k\u0131ll\u0131 sa\u00e7 grubundad\u0131r yani geli\u015fmemi\u015f sa\u00e7lard\u0131r. &lt;\/span&gt;&lt;\/p&gt;<br \/>\n&lt;p class=&#8221;p1&#8243;&gt;&lt;span class=&#8221;s1&#8243;&gt;Bir ki\u015fi 1 ya\u015f\u0131na geldi\u011finde santimetre karede 800 sa\u00e7 teli olmas\u0131na ra\u011fmen, 6 ya\u015f\u0131na geldi\u011finde 600 sa\u00e7 teli kal\u0131r. Ki\u015fi ergenli\u011fe ula\u015ft\u0131\u011f\u0131nda santimetre kareye d\u00fc\u015fen sa\u00e7 s\u0131kl\u0131\u011f\u0131 300-500 k\u00f6k kadar azal\u0131r. &lt;\/span&gt;&lt;\/p&gt;<br \/>\n&lt;p class=&#8221;p1&#8243;&gt;&lt;span class=&#8221;s1&#8243;&gt;\u0130nsan v\u00fccudunun sa\u00e7 derisi d\u0131\u015f\u0131ndaki b\u00f6lgelerdeki sa\u00e7 k\u00f6kleri genellikle tek formdayken kafa derisindeki sa\u00e7 k\u00f6kleri 4 k\u00f6ke kadar \u00e7\u0131kabilir. Sa\u00e7 d\u00f6k\u00fclmesi sorunu olmayan bir yeti\u015fkinin bo\u011faz\u0131nda 100 ila 150 folik\u00fcler molek\u00fcl \u00fcnite bulunur. Sa\u00e7 d\u00f6k\u00fclmesi ile ilgili bir sorun varsa bu say\u0131 60&#8217;a inecektir. Bir sa\u00e7\u0131n ya\u015fam\u0131 boyunca \u00fc\u00e7 a\u015famas\u0131 vard\u0131r.&lt;\/span&gt;&lt;\/p&gt;<br \/>\n&lt;p class=&#8221;p1&#8243;&gt;&lt;span class=&#8221;s1&#8243;&gt;&lt;strong&gt;&lt;a href=&#8221;https:\/\/www.yetkinbayer.com\/tr\/sac-ekimi&#8221;&gt;Sa\u00e7 ekimi&lt;\/a&gt;&lt;\/strong&gt; ve olgunla\u015fma evresi \u00dc\u00e7 y\u0131l veya bazen daha fazla s\u00fcren bu d\u00f6nemde sa\u00e7lar b\u00fcy\u00fcmeye devam eder, sa\u011fl\u0131kl\u0131 ve g\u00fc\u00e7l\u00fcd\u00fcr. Duraklama ve kafa kar\u0131\u015f\u0131kl\u0131\u011f\u0131 evresi, Eskimenin fark edildi\u011fi ancak kabul edilmedi\u011fi ans\u0131z\u0131n gelen bir d\u00f6nemdir. &lt;\/span&gt;&lt;\/p&gt;<br \/>\n&lt;p class=&#8221;p1&#8243;&gt;&lt;span class=&#8221;s1&#8243;&gt;Yakla\u015f\u0131k on g\u00fcn s\u00fcrer ve \u00e7abuk ge\u00e7er. Zay\u0131fl\u0131k ve t\u00fckenme a\u015famas\u0131, Bu, emeklilik ve dinlenme zaman\u0131d\u0131r. Y\u0131kama ve f\u0131r\u00e7alama s\u0131ras\u0131nda d\u00f6k\u00fclen ve alarma neden olan sa\u00e7, \u00f6mr\u00fcn\u00fcn sonuna gelmi\u015f ve yerine yeni yeni konan sa\u00e7lard\u0131r. &lt;\/span&gt;&lt;\/p&gt;<br \/>\n&lt;p class=&#8221;p1&#8243;&gt;&lt;span class=&#8221;s1&#8243;&gt;G\u00fcnde 100 sa\u00e7 teli normal kabul edilir. Her sa\u00e7 k\u00f6k\u00fcnden \u00f6m\u00fcr boyu 20 kez yeni sa\u00e7 \u00e7\u0131kabilir. Her sa\u00e7\u0131n\u0131n modeli farkl\u0131d\u0131r ve bu nedenle, belirli bir hastal\u0131ktan kaynaklanan bir d\u00f6k\u00fclme nedeni olmad\u0131k\u00e7a sa\u00e7 d\u00f6k\u00fclmesi belirgin de\u011fildir. Herkes ayn\u0131 takvime uyuyorsa belli zamanlarda sa\u00e7lar\u0131n kesilmesi gerekiyor ve ard\u0131ndan sa\u00e7lar\u0131m\u0131z\u0131n uzamas\u0131 gerekiyor. &lt;\/span&gt;&lt;\/p&gt;<br \/>\n&lt;p class=&#8221;p1&#8243;&gt;&lt;span class=&#8221;s1&#8243;&gt;Ergenlik d\u00f6neminde erkeklerde ve eri\u015fkinlere kadar kad\u0131nlarda sa\u00e7 b\u00fcy\u00fcme h\u0131z\u0131 daha y\u00fcksektir. 15 ila 30 ya\u015f, b\u00fcy\u00fcme h\u0131z\u0131n\u0131n en y\u00fcksek oldu\u011fu ya\u015flard\u0131r. Yeni sa\u00e7lar eskisinden daha h\u0131zl\u0131 uzar. Sa\u00e7 g\u00fcnde yakla\u015f\u0131k 0,3 mm, ayda 1 cm ve y\u0131lda 12 cm uzar. Bele ula\u015fan sa\u00e7 80 ila 90 cm\u2019dir ve 7 y\u0131lda uzar.&lt;\/span&gt;&lt;\/p&gt;<br \/>\n&#8220;Bir insan\u0131n sa\u00e7\u0131nda ka\u00e7 tane tel vard\u0131r?&#8221; sorusu sa\u00e7 ekimi yapt\u0131racak ki\u015filer taraf\u0131ndan en fazla y\u00f6neltilen sorulardan biridir. Dr. Yetkin Bayer, &#8220;G\u00fcnde ka\u00e7 tel sa\u00e7\u0131n\u0131z d\u00f6k\u00fcl\u00fcr?&#8221; ve &#8220;Sa\u00e7 d\u00f6k\u00fclmesi \u00e7e\u015fiteleri nelerdir?&#8221; gibi sorular\u0131 sizler i\u00e7in yan\u0131tl\u0131yor.<br \/>\n&lt;h2 class=&#8221;p2&#8243;&gt;&lt;span class=&#8221;s2&#8243;&gt;&lt;b&gt;G\u00fcnde ka\u00e7 tel sa\u00e7\u0131m\u0131z d\u00f6k\u00fcl\u00fcr?&lt;\/b&gt;&lt;\/span&gt;&lt;\/h2&gt;<br \/>\n&lt;p class=&#8221;p1&#8243;&gt;&lt;span class=&#8221;s1&#8243;&gt;Normal insan kafa derisinde ortalama 100.000 sa\u00e7 k\u00f6k\u00fc vard\u0131r. Her sa\u00e7 k\u00f6k\u00fc burada say\u0131s\u0131z kez b\u00fcy\u00fcyebilir, bu y\u00fczden endi\u015felenmenize gerek yok. G\u00fcnde 50 ila 100 tel sa\u00e7 d\u00f6k\u00fclmesi normal kabul edilir. Bahar aylar\u0131nda 200 civar\u0131 sa\u00e7 kayb\u0131 normal kar\u015f\u0131lan\u0131yor.&lt;\/span&gt;&lt;\/p&gt;<\/p>\n<p>&lt;h2 class=&#8221;p1&#8243;&gt;&lt;span class=&#8221;s1&#8243;&gt;&lt;b&gt;Sa\u00e7 D\u00f6k\u00fclmesi \u00c7e\u015fitleri&lt;\/b&gt;&lt;\/span&gt;&lt;\/h2&gt;<br \/>\n&lt;h3 class=&#8221;p1&#8243;&gt;&lt;span class=&#8221;s1&#8243;&gt;&lt;b&gt;Erkek Tipi Sa\u00e7 D\u00f6k\u00fclmesi&lt;\/b&gt;&lt;\/span&gt;&lt;\/h3&gt;<br \/>\n&lt;p class=&#8221;p1&#8243;&gt;&lt;span class=&#8221;s1&#8243;&gt;Androjenlerin genetik olarak neden oldu\u011fu sa\u00e7 d\u00f6k\u00fclmesine androgenetik sa\u00e7 d\u00f6k\u00fclmesi denir. Erkeklerin yakla\u015f\u0131k yar\u0131s\u0131nda ve kad\u0131nlar\u0131n 25&#8217;inde g\u00f6r\u00fcl\u00fcr. Hastalar sa\u00e7 d\u00f6k\u00fclmesinin her zaman ciddi oldu\u011funu s\u00f6ylese de telojen sa\u00e7 d\u00f6k\u00fclmesinin aksine genellikle k\u00fc\u00e7\u00fck bir d\u00f6k\u00fclmedir ve y\u0131llarca s\u00fcrer. &lt;\/span&gt;&lt;\/p&gt;<br \/>\n&lt;p class=&#8221;p1&#8243;&gt;&lt;span class=&#8221;s1&#8243;&gt;Bazen hastalar sa\u00e7lar\u0131n\u0131n d\u00f6k\u00fclmesi yerine inceldi\u011fini fark ederler. Temel olarak, sa\u00e7\u0131n ucundaki sa\u00e7 g\u00f6r\u00fcn\u00fcrd\u00fc ve sa\u00e7\u0131n arkas\u0131na k\u0131yasla bir teneke kaydedildi. \u00d6zellikle kad\u0131nlarda erken evrelerin te\u015fhisi zordur ve di\u011fer sa\u00e7 d\u00f6k\u00fclmeleri ile kolayl\u0131kla kar\u0131\u015ft\u0131r\u0131labilir. Ayr\u0131ca tedavinin y\u0131llar alaca\u011f\u0131 da unutulmamal\u0131d\u0131r.&lt;\/span&gt;&lt;\/p&gt;<\/p>\n<p>&lt;h3 class=&#8221;p1&#8243;&gt;&lt;span class=&#8221;s1&#8243;&gt;&lt;b&gt;Sa\u00e7 K\u0131ran Tipi Sa\u00e7 D\u00f6k\u00fclmesi&lt;\/b&gt;&lt;\/span&gt;&lt;\/h3&gt;<br \/>\n&lt;p class=&#8221;p1&#8243;&gt;&lt;span class=&#8221;s1&#8243;&gt;Aniden ortaya \u00e7\u0131kan ve bir veya daha fazla dairesel, \u00e7e\u015fitli \u00e7aplarda tamamen kel alanlarla karakterize, s\u0131kl\u0131kla g\u00f6r\u00fclen bir hastal\u0131kt\u0131r. Ancak ad\u0131ndan da anla\u015f\u0131laca\u011f\u0131 gibi mantar hastal\u0131\u011f\u0131 de\u011fildir ve bula\u015f\u0131c\u0131 de\u011fildir. Sadece sa\u00e7larda de\u011fil &lt;strong&gt;&lt;a href=&#8221;https:\/\/www.yetkinbayer.com\/tr\/sakal-ekimi&#8221;&gt;sakal&lt;\/a&gt;&lt;\/strong&gt; b\u00f6lgesinde de g\u00f6r\u00fclebilir. Genellikle birka\u00e7 ay veya y\u0131l i\u00e7inde tedaviye sonu\u00e7 verir. Sa\u00e7lar\u0131n\u0131z hala d\u00f6k\u00fcl\u00fcyorsa endi\u015felenmeyin. En k\u0131sa s\u00fcrede muayene ve gerekli tetkiklerin yap\u0131lmas\u0131 ve tedaviye gidilmesi \u00e7ok \u00f6nemlidir.&lt;\/span&gt;&lt;\/p&gt;<\/p>\n<p>&lt;h3 class=&#8221;p1&#8243;&gt;&lt;span class=&#8221;s1&#8243;&gt;&lt;b&gt;Tirot Hormonlar\u0131na Ba\u011fl\u0131 Sa\u00e7 D\u00f6k\u00fclmesi&lt;\/b&gt;&lt;\/span&gt;&lt;\/h3&gt;<br \/>\n&lt;p class=&#8221;p1&#8243;&gt;&lt;span class=&#8221;s1&#8243;&gt;Hipotiroidi olan tiroid bezinin inaktif durumda olmas\u0131 durumunda yo\u011fun sa\u00e7 d\u00f6k\u00fclmesi veya v\u00fccut kayb\u0131 g\u00f6zlemlenebilir. Tiroid hormon tedavisinden sonra sa\u00e7lar ortalama 8 haftada normale d\u00f6nmeye ba\u015flar. Kronik hipotiroidizmde kal\u0131c\u0131 k\u00f6k kayb\u0131 geli\u015fir ve tiroid bezinin a\u015f\u0131r\u0131 kullan\u0131m\u0131 yani hipertiroidizm sa\u00e7 d\u00f6k\u00fclmesine neden olabilir.&lt;\/span&gt;&lt;\/p&gt;<\/p>\n<p>&lt;h3 class=&#8221;p1&#8243;&gt;&lt;span class=&#8221;s1&#8243;&gt;&lt;b&gt;Vitamin Eksikli\u011fine Ba\u011fl\u0131 Sa\u00e7 D\u00f6k\u00fclmesi&lt;\/b&gt;&lt;\/span&gt;&lt;\/h3&gt;<br \/>\n&lt;p class=&#8221;p1&#8243;&gt;&lt;span class=&#8221;s1&#8243;&gt;Do\u011fumdan sonra \u00f6zellikle 1. aydan 4. aya kadar hormonal de\u011fi\u015fikliklere ba\u011fl\u0131 olarak sa\u00e7 d\u00f6k\u00fclmesi ba\u015flayabilir ve genellikle 6 aydan k\u0131sa s\u00fcrer. \u00d6zellikle sa\u00e7lar\u0131n \u00f6n k\u0131s\u0131mlar\u0131nda incelme, sivilce, adet d\u00fczensizli\u011fi, sa\u00e7 uzamas\u0131nda art\u0131\u015f gibi problemlerde hastalarda kontrol edilmesi gerekir. &lt;\/span&gt;&lt;\/p&gt;<br \/>\n&lt;p class=&#8221;p1&#8243;&gt;&lt;span class=&#8221;s1&#8243;&gt;Yayg\u0131n sa\u00e7 d\u00f6k\u00fclmesinden yani t\u00fcm sa\u00e7 derisini kaplamas\u0131ndan \u015fikayet eden kad\u0131nlarda demir eksikli\u011fi g\u00f6r\u00fcl\u00fcr. Anemi olmadan demir depolar\u0131n\u0131 azaltmak bile sa\u00e7 d\u00f6k\u00fclmesine neden olabilir. \u00c7inko, biotin, B12 vitamini, folik asit eksikli\u011fi ve D vitamini de sa\u00e7 d\u00f6k\u00fclmesine neden olur. &lt;\/span&gt;&lt;\/p&gt;<br \/>\n&lt;p class=&#8221;p1&#8243;&gt;&lt;span class=&#8221;s1&#8243;&gt;Sa\u00e7 d\u00f6k\u00fclmesi, s\u0131k\u0131 diyetlere ba\u015flad\u0131ktan yakla\u015f\u0131k 1 ila 6 ay sonra ortaya \u00e7\u0131kabilir. V\u00fccuttaki protein depolar\u0131n\u0131n azalmas\u0131, sa\u00e7 h\u00fccrelerinde yetersiz protein \u00fcretimine ve sa\u00e7 d\u00f6k\u00fclmesine neden olur. Y\u00fcksek ate\u015fle seyreden hastal\u0131k veya ameliyattan 2 ila 5 ay sonra sa\u00e7 d\u00f6k\u00fclmesi g\u00f6r\u00fclebilir.&lt;\/span&gt;&lt;\/p&gt;<\/p>\n<p>&lt;h3 class=&#8221;p1&#8243;&gt;&lt;span class=&#8221;s1&#8243;&gt;&lt;b&gt;Strese Ba\u011fl\u0131 Sa\u00e7 D\u00f6k\u00fclmesi&lt;\/b&gt;&lt;\/span&gt;&lt;\/h3&gt;<br \/>\n&lt;p class=&#8221;p1&#8243;&gt;&lt;span class=&#8221;s1&#8243;&gt;Di\u011fer tansiyon ila\u00e7lar\u0131, kolesterol d\u00fc\u015f\u00fcr\u00fcc\u00fc ila\u00e7lar, tiroid hormonu d\u00fc\u015f\u00fcr\u00fcc\u00fc ila\u00e7lar, do\u011fum kontrol haplar\u0131, baz\u0131 psikiyatrik ila\u00e7lar, A vitamini ve baz\u0131 ila\u00e7lar sa\u00e7 d\u00f6k\u00fclmesine neden olabilir. &lt;\/span&gt;&lt;\/p&gt;<br \/>\n&lt;p class=&#8221;p1&#8243;&gt;&lt;span class=&#8221;s1&#8243;&gt;Sa\u00e7 d\u00f6k\u00fclmesi tek ba\u015f\u0131na stres seviyelerini art\u0131rabilir ve bir k\u0131s\u0131r d\u00f6ng\u00fcye neden olabilir. 2 aydan uzun s\u00fcren sa\u00e7 d\u00f6k\u00fclmesi \u00f6nemli g\u00f6r\u00fclmeli ve \u00e7e\u015fitli rahats\u0131zl\u0131klar\u0131n\u0131z oldu\u011funu d\u00fc\u015f\u00fcnmek i\u00e7in bir uzman bir doktora ba\u015fvurmal\u0131s\u0131n\u0131z.&lt;\/span&gt;&lt;\/p&gt;<\/p>\n<p>&lt;h3 class=&#8221;p1&#8243;&gt;&lt;span class=&#8221;s1&#8243;&gt;&lt;b&gt;Di\u015f \u00c7\u00fcr\u00fcklerine Ba\u011fl\u0131 Sa\u00e7 D\u00f6k\u00fclmesi&lt;\/b&gt;&lt;\/span&gt;&lt;\/h3&gt;<br \/>\n&lt;p class=&#8221;p1&#8243;&gt;&lt;span class=&#8221;s1&#8243;&gt;Sa\u00e7 d\u00f6k\u00fclmesine \u00e7\u00fcr\u00fck ve dolay\u0131s\u0131yla sa\u00e7 enfeksiyonu neden olabilir. Di\u015f a\u011fr\u0131s\u0131 ile v\u00fccuda giren bakterilerle sava\u015fan ba\u011f\u0131\u015f\u0131kl\u0131k sistemi, v\u00fccudun kendi sa\u011fl\u0131kl\u0131 h\u00fccrelerine zarar verebilir. Bu durumda ba\u011f\u0131\u015f\u0131kl\u0131k sistemi sa\u00e7 k\u00f6klerini etkileyerek sa\u00e7 d\u00f6k\u00fclmesine neden olur. Bu nedenle, sa\u00e7 d\u00f6k\u00fclmesini \u00f6nlemek i\u00e7in \u00e7\u00fcr\u00fcklerin tedavisi i\u00e7in di\u015f hekiminde bir check-up yap\u0131lmas\u0131 gereklidir.&lt;\/span&gt;&lt;\/p&gt;<br \/>\nKaynak\u00e7a:<\/p>\n<p>&lt;a href=&#8221;https:\/\/www.healthline.com\/health\/how-many-hairs-on-a-human-head&#8221;&gt;https:\/\/www.healthline.com\/health\/how-many-hairs-on-a-human-head&lt;\/a&gt;<\/p>\n","protected":false},"excerpt":{"rendered":"<p>&lt;p class=&#8221;p1&#8243;&gt;&lt;span class=&#8221;s1&#8243;&gt;Bir insan kafas\u0131ndaki sa\u00e7 k\u00f6klerinin say\u0131s\u0131 1.000.000 olarak tahmin edilmektedir ve &lt;strong&gt;&lt;a href=&#8221;https:\/\/www.yetkinbayer.com\/tr\/kas-ekimi&#8221;&gt;ka\u015f&lt;\/a&gt;,&lt;\/strong&gt; pirzola, sakal, b\u0131y\u0131k ve sa\u00e7\u0131 i\u00e7erir. Peki &lt;strong&gt;bir insan\u0131n sa\u00e7\u0131nda ka\u00e7 tane tel vard\u0131r&lt;\/strong&gt;? Bir kafa derisinde yakla\u015f\u0131k 100.000 ila 150.000 sa\u00e7 teli olu\u015fmaktad\u0131r ve baz\u0131 ki\u015filerde bu say\u0131 220.000&#8217;i bulabiliyor. &lt;\/span&gt;&lt;\/p&gt; &lt;p class=&#8221;p1&#8243;&gt;&lt;span class=&#8221;s1&#8243;&gt;Bir ki\u015finin 100.000 sa\u00e7\u0131 varsa insan [&hellip;]<\/p>\n","protected":false},"author":1,"featured_media":3297,"comment_status":"closed","ping_status":"closed","sticky":false,"template":"","format":"standard","meta":{"footnotes":""},"categories":[9],"tags":[],"class_list":["post-3296","post","type-post","status-publish","format-standard","has-post-thumbnail","hentry","category-blog"],"_links":{"self":[{"href":"https:\/\/www.yetkinbayer.com\/tr\/wp-json\/wp\/v2\/posts\/3296","targetHints":{"allow":["GET"]}}],"collection":[{"href":"https:\/\/www.yetkinbayer.com\/tr\/wp-json\/wp\/v2\/posts"}],"about":[{"href":"https:\/\/www.yetkinbayer.com\/tr\/wp-json\/wp\/v2\/types\/post"}],"author":[{"embeddable":true,"href":"https:\/\/www.yetkinbayer.com\/tr\/wp-json\/wp\/v2\/users\/1"}],"replies":[{"embeddable":true,"href":"https:\/\/www.yetkinbayer.com\/tr\/wp-json\/wp\/v2\/comments?post=3296"}],"version-history":[{"count":1,"href":"https:\/\/www.yetkinbayer.com\/tr\/wp-json\/wp\/v2\/posts\/3296\/revisions"}],"predecessor-version":[{"id":3310,"href":"https:\/\/www.yetkinbayer.com\/tr\/wp-json\/wp\/v2\/posts\/3296\/revisions\/3310"}],"wp:featuredmedia":[{"embeddable":true,"href":"https:\/\/www.yetkinbayer.com\/tr\/wp-json\/wp\/v2\/media\/3297"}],"wp:attachment":[{"href":"https:\/\/www.yetkinbayer.com\/tr\/wp-json\/wp\/v2\/media?parent=3296"}],"wp:term":[{"taxonomy":"category","embeddable":true,"href":"https:\/\/www.yetkinbayer.com\/tr\/wp-json\/wp\/v2\/categories?post=3296"},{"taxonomy":"post_tag","embeddable":true,"href":"https:\/\/www.yetkinbayer.com\/tr\/wp-json\/wp\/v2\/tags?post=3296"}],"curies":[{"name":"wp","href":"https:\/\/api.w.org\/{rel}","templated":true}]}}