{"id":3281,"date":"2025-04-29T13:13:21","date_gmt":"2025-04-29T10:13:21","guid":{"rendered":"https:\/\/www.yetkinbayer.com\/?p=3281"},"modified":"2025-04-29T13:13:35","modified_gmt":"2025-04-29T10:13:35","slug":"dis-cekiminden-kac-gun-sonra-protez-takilir","status":"publish","type":"post","link":"https:\/\/www.yetkinbayer.com\/tr\/dis-cekiminden-kac-gun-sonra-protez-takilir\/","title":{"rendered":"Di\u015f \u00c7ekiminden Ka\u00e7 G\u00fcn Sonra Protez Tak\u0131l\u0131r?"},"content":{"rendered":"<p><a href=\"https:\/\/yetkinbayer.com\/dis-protezi-nedir.html\" target=\"_blank\" rel=\"noopener\">Di\u015f protezleri<\/a>, \u00e7e\u015fitli sebeplerle eksilen di\u015flerin yerinin tamamlanmas\u0131 i\u00e7in yap\u0131lan yapay di\u015flerdir. Di\u015f protezleri di\u015f eti dokusunun sa\u011fl\u0131\u011f\u0131n\u0131 ve esteti\u011fini korumak i\u00e7in de gereklidir. Di\u015f kayb\u0131n\u0131n pek \u00e7ok farkl\u0131 sebebi olabilir. Bazen bir kaza sonucu, bazen de di\u015f eti hastal\u0131klar\u0131 y\u00fcz\u00fcnden meydana gelebilir. Ayr\u0131ca a\u011f\u0131z temizli\u011fine \u00f6nem verilmedi\u011fi durumlarda di\u015f \u00e7\u00fcr\u00fckleri de di\u015f \u00e7ekilmesinin nedenleri aras\u0131nda yer al\u0131r.<\/p>\n<p>&#8220;Di\u015f \u00e7ekiminden ka\u00e7 g\u00fcn sonra protez tak\u0131l\u0131r?&#8221; sorusu di\u015f tedavisi olacak ki\u015filer taraf\u0131ndan en fazla y\u00f6neltilen sorulardan biridir. Dr. Yetkin Bayer, &#8220;Di\u015f \u00e7ekimi sonras\u0131 s\u00fcre\u00e7 nas\u0131ld\u0131r?&#8221; ve &#8220;Di\u015f \u00e7ekimi sonras\u0131 protez ne zaman tak\u0131l\u0131r?&#8221; gibi sorular\u0131 sizler i\u00e7in yan\u0131tl\u0131yor.<\/p>\n<p>Di\u015f protezleri, sabit ve hareketli protezler olarak iki ana ba\u015fl\u0131kta s\u0131n\u0131fland\u0131r\u0131lmaktad\u0131r. Her iki di\u015f protezinin de s\u00fcre\u00e7leri, tercih edilme sebepleri ve iyile\u015fme s\u00fcreleri birbirinden farkl\u0131l\u0131k g\u00f6stermektedir.<\/p>\n<p>Sabit protezlerin nihai halini alabilmesi i\u00e7in d\u00f6rt temel a\u015faman\u0131n tamamlanmas\u0131 gerekir. Bu a\u015famalar \u00f6l\u00e7\u00fc al\u0131nmas\u0131, alt yap\u0131 provas\u0131, porselen prova, cila ve simantasyon (yap\u0131\u015ft\u0131rma) olarak s\u0131ralanabilir. Tabii bu a\u015famalardan \u00f6nce, \u00e7ekilen di\u015fin yerinin iyile\u015fme s\u00fcrecinin de tamamlanm\u0131\u015f olmas\u0131 gerekir. Bu da hastadan hastaya de\u011fi\u015fmekle beraber, hastan\u0131n sa\u011fl\u0131k durumuna, sigara kullan\u0131m\u0131na, kan\u0131n\u0131n p\u0131ht\u0131la\u015fma h\u0131z\u0131na g\u00f6re farkl\u0131l\u0131k g\u00f6sterebilir. Bu s\u00fcre\u00e7 1 hafta i\u00e7inde tamamlanabilece\u011fi gibi, protez i\u015fleminin yap\u0131lmaya ba\u015flamas\u0131 i\u00e7in 1 ay kadar bir s\u00fcreye de ihtiya\u00e7 duyulabilir. Ayn\u0131 zamanda yap\u0131lan provalar\u0131n ne kadar sa\u011fl\u0131kl\u0131 ve do\u011fru bir \u015fekilde yap\u0131ld\u0131\u011f\u0131 da olduk\u00e7a \u00f6nemlidir. Bu provalar\u0131n amac\u0131, do\u011fru \u00f6l\u00e7\u00fcn\u00fcn al\u0131n\u0131p al\u0131nmad\u0131\u011f\u0131n\u0131n kontrol\u00fcd\u00fcr. Dolay\u0131s\u0131yla do\u011fru \u00f6l\u00e7\u00fc al\u0131nmad\u0131\u011f\u0131 durumlarda s\u00fcre\u00e7 uzayacakt\u0131r.<\/p>\n<p>Hareketli protezler ise hasta taraf\u0131ndan tak\u0131l\u0131p \u00e7\u0131kar\u0131labilen ve yine eksik di\u015flerin tamamlanmas\u0131 i\u00e7in kullan\u0131lan di\u015f protezleridir. Hastan\u0131n tam di\u015fsizlik durumunda tercih edilen total protezler, par\u00e7al\u0131 di\u015f kay\u0131plar\u0131 i\u00e7in kullan\u0131lan parsiyel protezler, tam di\u015f kay\u0131plar\u0131nda di\u015fsiz s\u00fcre ge\u00e7irilmek istenmedi\u011finde kullan\u0131lan immediyat protezler ve var olan di\u015fin \u00fczerine yap\u0131lan di\u015f \u00fcst\u00fc protezler olarak d\u00f6rt ana grupta incelenebilir. Yine bu protezlerin tak\u0131labilmesi i\u00e7in di\u015fteki gerekli t\u00fcm \u00e7ekim i\u015flemlerinin tamamlanm\u0131\u015f olmas\u0131 ve di\u015f eti iyile\u015fmesinin sa\u011flanm\u0131\u015f olmas\u0131 gerekmektedir. Bu s\u00fcre de daha \u00f6nce belirtti\u011fimiz gibi hastadan hastaya g\u00f6re de\u011fi\u015febilmektedir.<\/p>\n<p>Son y\u0131llarda di\u015f kayb\u0131 tedavisi i\u00e7in en \u00e7ok tercih edilen y\u00f6ntemlerden biri de implant tedavisidir. \u0130mplant tedavisinin yap\u0131labilmesi i\u00e7in de \u00e7ekilen di\u015fin k\u00f6k\u00fcn\u00fcn yer ald\u0131\u011f\u0131 kemi\u011fin tam iyile\u015fmesi \u00f6nemlidir. Kemik defektlerinin iyile\u015fmesi hastadan hastaya de\u011fi\u015febilmek ile ortalama 3 ile 6 ay aras\u0131 s\u00fcrd\u00fc\u011f\u00fcn\u00fc s\u00f6ylemek m\u00fcmk\u00fcnd\u00fcr. Ayr\u0131ca hastan\u0131n yap\u0131s\u0131 gere\u011fi sin\u00fcs lifting i\u015flemi de yap\u0131lacaksa, 6 ay s\u00fcre ile beklenmesi gerekebilir.<\/p>\n<p>Hastan\u0131n yap\u0131s\u0131, varsa di\u011fer hastal\u0131klar\u0131 ve a\u011f\u0131z bak\u0131m\u0131na verdi\u011fi \u00f6nem protez tedavisine ba\u015flay\u0131ncaya kadar ge\u00e7en bekleme s\u00fcresinin etkileyen en \u00f6nemli fakt\u00f6rlerdendir. B\u00f6yle bir tedaviye ba\u015flan\u0131ld\u0131\u011f\u0131nda, bekleme s\u00fcresinin 6 aya kadar uzayabilece\u011fi her zaman g\u00f6z \u00f6n\u00fcnde tutulmal\u0131d\u0131r. Di\u015f \u00e7ekiminin ertesinde, di\u015f hekimi ile planlanan kontrollere uyulmas\u0131 ve di\u015f hekiminin \u00f6nerdi\u011fi tedaviyi kolayla\u015ft\u0131r\u0131c\u0131 hususlara dikkat edilmesi de bu s\u00fcrenin k\u0131salt\u0131lmas\u0131nda \u00f6nem arz eder.<\/p>\n<p>Kaynak\u00e7a:<\/p>\n<p><a href=\"https:\/\/www.mdcenteroms.com\/dental-implant-wait-after-extraction\" target=\"_blank\" rel=\"noopener\">https:\/\/www.mdcenteroms.com\/dental-implant-wait-after-extraction<\/a><\/p>\n","protected":false},"excerpt":{"rendered":"<p>Di\u015f protezleri, \u00e7e\u015fitli sebeplerle eksilen di\u015flerin yerinin tamamlanmas\u0131 i\u00e7in yap\u0131lan yapay di\u015flerdir. Di\u015f protezleri di\u015f eti dokusunun sa\u011fl\u0131\u011f\u0131n\u0131 ve esteti\u011fini korumak i\u00e7in de gereklidir. Di\u015f kayb\u0131n\u0131n pek \u00e7ok farkl\u0131 sebebi olabilir. Bazen bir kaza sonucu, bazen de di\u015f eti hastal\u0131klar\u0131 y\u00fcz\u00fcnden meydana gelebilir. Ayr\u0131ca a\u011f\u0131z temizli\u011fine \u00f6nem verilmedi\u011fi durumlarda di\u015f \u00e7\u00fcr\u00fckleri de di\u015f \u00e7ekilmesinin nedenleri [&hellip;]<\/p>\n","protected":false},"author":1,"featured_media":3282,"comment_status":"closed","ping_status":"closed","sticky":false,"template":"","format":"standard","meta":{"footnotes":""},"categories":[9],"tags":[],"class_list":["post-3281","post","type-post","status-publish","format-standard","has-post-thumbnail","hentry","category-blog"],"_links":{"self":[{"href":"https:\/\/www.yetkinbayer.com\/tr\/wp-json\/wp\/v2\/posts\/3281","targetHints":{"allow":["GET"]}}],"collection":[{"href":"https:\/\/www.yetkinbayer.com\/tr\/wp-json\/wp\/v2\/posts"}],"about":[{"href":"https:\/\/www.yetkinbayer.com\/tr\/wp-json\/wp\/v2\/types\/post"}],"author":[{"embeddable":true,"href":"https:\/\/www.yetkinbayer.com\/tr\/wp-json\/wp\/v2\/users\/1"}],"replies":[{"embeddable":true,"href":"https:\/\/www.yetkinbayer.com\/tr\/wp-json\/wp\/v2\/comments?post=3281"}],"version-history":[{"count":1,"href":"https:\/\/www.yetkinbayer.com\/tr\/wp-json\/wp\/v2\/posts\/3281\/revisions"}],"predecessor-version":[{"id":3295,"href":"https:\/\/www.yetkinbayer.com\/tr\/wp-json\/wp\/v2\/posts\/3281\/revisions\/3295"}],"wp:featuredmedia":[{"embeddable":true,"href":"https:\/\/www.yetkinbayer.com\/tr\/wp-json\/wp\/v2\/media\/3282"}],"wp:attachment":[{"href":"https:\/\/www.yetkinbayer.com\/tr\/wp-json\/wp\/v2\/media?parent=3281"}],"wp:term":[{"taxonomy":"category","embeddable":true,"href":"https:\/\/www.yetkinbayer.com\/tr\/wp-json\/wp\/v2\/categories?post=3281"},{"taxonomy":"post_tag","embeddable":true,"href":"https:\/\/www.yetkinbayer.com\/tr\/wp-json\/wp\/v2\/tags?post=3281"}],"curies":[{"name":"wp","href":"https:\/\/api.w.org\/{rel}","templated":true}]}}