{"id":3160,"date":"2025-04-29T12:12:25","date_gmt":"2025-04-29T09:12:25","guid":{"rendered":"https:\/\/www.yetkinbayer.com\/?p=3160"},"modified":"2025-04-29T12:12:25","modified_gmt":"2025-04-29T09:12:25","slug":"sac-ekimi-sonrasi-sprey-kullanilir-mi","status":"publish","type":"post","link":"https:\/\/www.yetkinbayer.com\/tr\/sac-ekimi-sonrasi-sprey-kullanilir-mi\/","title":{"rendered":"Sa\u00e7 Ekimi Sonras\u0131 Sprey Kullan\u0131l\u0131r M\u0131?"},"content":{"rendered":"<p class=\"p1\">Bir di\u011fer bilinen ad\u0131 da Sa\u00e7 Nakli olan sa\u00e7 ekimi operasyonu olduk\u00e7a \u00f6nemli bir estetik m\u00fcdahaledir. Sa\u00e7\u0131n yan b\u00f6lgelerinden ve ensedeki sa\u00e7 bitiminin oldu\u011fu b\u00f6lgeden al\u0131nan sa\u00e7 k\u00f6klerinin, sa\u00e7\u0131n d\u00f6k\u00fclme g\u00f6sterdi\u011fi b\u00f6lgeye nakli ile ger\u00e7ekle\u015fir.<\/p>\n<p class=\"p1\">Uzman doktorlar ve klinikler de ger\u00e7ekle\u015ftirilmesi gereken bu i\u015flemin en iyi \u015fekilde sonu\u00e7 verebilmesi i\u00e7in, sa\u00e7 nakli yap\u0131ld\u0131ktan sonra ki s\u00fcre\u00e7te \u00e7ok \u00f6nemlidir. Sa\u00e7 ekilen b\u00f6lge g\u00fcne\u015f \u0131\u015f\u0131nlar\u0131ndan dahi korunmak ve doktorunuzun uyar\u0131lar\u0131 do\u011frultusunda dikkatli davran\u0131lmas\u0131 gerekmektedir. \u0130lk g\u00fcnler g\u00fcne\u015fin dik \u0131\u015f\u0131nlar\u0131ndan korunmak i\u00e7in \u015fapka tak\u0131lmas\u0131 \u00f6nerilirken, spor yap\u0131lmas\u0131 dahi zararl\u0131 g\u00f6r\u00fclmektedir.<\/p>\n<p class=\"p1\">Sa\u00e7 ekiminden sonra sprey kullan\u0131m\u0131 konusunda sa\u00e7 ektiren herkesin \u00f6\u011frenmek istedi\u011fi hususlardan biridir. Asl\u0131nda bu konuyu ikiye ay\u0131rabiliriz. \u0130lki hepimizin de bildi\u011fi sa\u00e7lar\u0131n \u015fekillendirilmesi i\u00e7in kullan\u0131lan sa\u00e7 spreyidir. \u0130kincisi ise sa\u00e7 ekim i\u015flemini destekleyici ve k\u00f6kleri besleyici kullan\u0131lan spreylerdir.<\/p>\n<p>&#8220;<strong>Sa\u00e7 ekimi sonras\u0131 sprey kullan\u0131l\u0131r m\u0131?<\/strong>&#8221; sorusu sa\u00e7 ekimi yapt\u0131rm\u0131\u015f ki\u015filer taraf\u0131ndan en fazla y\u00f6neltilen sorulardan biridir. Dr. Yetkin Bayer, &#8220;Sa\u00e7 ekimi sonras\u0131 sprey kullan\u0131m\u0131 nas\u0131l olur?&#8221; ve &#8220;Sa\u00e7 ekimi sonras\u0131 sprey kullan\u0131rken nelere dikkat etmelisiniz?&#8221; gibi sorular\u0131 sizler i\u00e7in yan\u0131tl\u0131yor.<\/p>\n<div id=\"ez-toc-container\" class=\"ez-toc-v2_0_82_2 counter-flat ez-toc-counter ez-toc-grey ez-toc-container-direction\">\n<div class=\"ez-toc-title-container\">\n<p class=\"ez-toc-title\" style=\"cursor:inherit\">Table of Contents<\/p>\n<span class=\"ez-toc-title-toggle\"><a href=\"#\" class=\"ez-toc-pull-right ez-toc-btn ez-toc-btn-xs ez-toc-btn-default ez-toc-toggle\" aria-label=\"\u0130\u00e7indekiler Tablosunu A\u00e7\/Kapat\"><span class=\"ez-toc-js-icon-con\"><span class=\"\"><span class=\"eztoc-hide\" style=\"display:none;\">Toggle<\/span><span class=\"ez-toc-icon-toggle-span\"><svg style=\"fill: #999;color:#999\" xmlns=\"http:\/\/www.w3.org\/2000\/svg\" class=\"list-377408\" width=\"20px\" height=\"20px\" viewBox=\"0 0 24 24\" fill=\"none\"><path d=\"M6 6H4v2h2V6zm14 0H8v2h12V6zM4 11h2v2H4v-2zm16 0H8v2h12v-2zM4 16h2v2H4v-2zm16 0H8v2h12v-2z\" fill=\"currentColor\"><\/path><\/svg><svg style=\"fill: #999;color:#999\" class=\"arrow-unsorted-368013\" xmlns=\"http:\/\/www.w3.org\/2000\/svg\" width=\"10px\" height=\"10px\" viewBox=\"0 0 24 24\" version=\"1.2\" baseProfile=\"tiny\"><path d=\"M18.2 9.3l-6.2-6.3-6.2 6.3c-.2.2-.3.4-.3.7s.1.5.3.7c.2.2.4.3.7.3h11c.3 0 .5-.1.7-.3.2-.2.3-.5.3-.7s-.1-.5-.3-.7zM5.8 14.7l6.2 6.3 6.2-6.3c.2-.2.3-.5.3-.7s-.1-.5-.3-.7c-.2-.2-.4-.3-.7-.3h-11c-.3 0-.5.1-.7.3-.2.2-.3.5-.3.7s.1.5.3.7z\"\/><\/svg><\/span><\/span><\/span><\/a><\/span><\/div>\n<nav><ul class='ez-toc-list ez-toc-list-level-1 eztoc-toggle-hide-by-default' ><li class='ez-toc-page-1'><a class=\"ez-toc-link ez-toc-heading-1\" href=\"#\" data-href=\"https:\/\/www.yetkinbayer.com\/tr\/sac-ekimi-sonrasi-sprey-kullanilir-mi\/#Sac_Ekimi_Sonrasi_Sac_Spreyi_Kullanimi\" >Sa\u00e7 Ekimi Sonras\u0131 Sa\u00e7 Spreyi Kullan\u0131m\u0131<\/a><\/li><li class='ez-toc-page-1'><a class=\"ez-toc-link ez-toc-heading-2\" href=\"#\" data-href=\"https:\/\/www.yetkinbayer.com\/tr\/sac-ekimi-sonrasi-sprey-kullanilir-mi\/#Sac_Ekimi_Sonrasi_Sprey_Kullanimi\" >Sa\u00e7 Ekimi Sonras\u0131 Sprey Kullan\u0131m\u0131<\/a><\/li><\/ul><\/nav><\/div>\n<h2 class=\"p1\"><span class=\"ez-toc-section\" id=\"Sac_Ekimi_Sonrasi_Sac_Spreyi_Kullanimi\"><\/span>Sa\u00e7 Ekimi Sonras\u0131 Sa\u00e7 Spreyi Kullan\u0131m\u0131<span class=\"ez-toc-section-end\"><\/span><\/h2>\n<p class=\"p1\">Sa\u00e7lar\u0131n \u015fekillendirilmesi i\u00e7in kozmetik olarak kullan\u0131lan sa\u00e7 spreylerinin kullan\u0131lmas\u0131 \u00f6nerilmemektedir. E\u011fer sa\u00e7 spreyi kullan\u0131lmak istenirse de doktorunuzun size belirtti\u011fi zamandan sonra onun \u00f6nerileri ile do\u011fru \u015fekilde kullan\u0131lmal\u0131d\u0131r. Sa\u00e7 spreyleri sa\u011fl\u0131kl\u0131 sa\u00e7larda dahi gere\u011finden fazla kullan\u0131ld\u0131\u011f\u0131ndan ya da do\u011fru mesafeden s\u0131k\u0131lmad\u0131\u011f\u0131ndan sa\u00e7 tellerine ve sa\u00e7 derisine zirar vermektedir.<\/p>\n<p class=\"p1\">Sa\u00e7 ekiminden sonra sa\u00e7 spreyi kullan\u0131lmas\u0131 da yeni ekilen sa\u00e7 tellerine ve k\u00f6klerine zarar verece\u011finden dolay\u0131 ilk d\u00f6nemlerde asla \u00f6nerilmez. Fakat sa\u00e7 spreyi kullanabilmek i\u00e7in yine de <strong><a href=\"https:\/\/www.yetkinbayer.com\/tr\/sac-ekimi\/\">sa\u00e7 ekimi<\/a><\/strong> merkezlerinden sizin i\u00e7in verilecek en do\u011fru \u00f6nerileri \u00f6\u011frenebilirsiniz.<\/p>\n<p class=\"p1\">Sa\u00e7lara istenilen \u015fekle sokulmas\u0131nda ve do\u011fru kullan\u0131mda parlak ve hacimli g\u00f6stermesinin yan\u0131 s\u0131ra sa\u00e7 derisini bir bariyer gibi kapatarak sa\u00e7\u0131n k\u00f6klerinin nefes almas\u0131n\u0131 da \u00f6nleyebilmektedir.<\/p>\n<p class=\"p1\">Sa\u00e7 derisinin nefes almamas\u0131 da sa\u00e7lar\u0131n d\u00f6k\u00fclmesine sebep olur. Sa\u00e7 d\u00f6k\u00fclmesinin yan\u0131 s\u0131ra sa\u00e7 terlerlinin k\u0131r\u0131lmas\u0131na da sebep olacakt\u0131r. Bu sebeplerden dolay\u0131 sa\u00e7 spreyinin kullan\u0131lmas\u0131 sa\u00e7 nakli yapt\u0131ranlara tavsiye edilmemektedir.<\/p>\n<h2 class=\"p1\"><span class=\"ez-toc-section\" id=\"Sac_Ekimi_Sonrasi_Sprey_Kullanimi\"><\/span>Sa\u00e7 Ekimi Sonras\u0131 Sprey Kullan\u0131m\u0131<span class=\"ez-toc-section-end\"><\/span><\/h2>\n<p class=\"p1\">Burada bahsedece\u011fimiz sprey, sa\u00e7\u0131 \u015fekillendirmek i\u00e7in kozmetik olan sa\u00e7 spreylerinden de\u011fildir. Sa\u00e7 ekiminden sonra sprey kullan\u0131lmas\u0131 son derece \u00f6nemlidir. Sa\u00e7 spreyinin kullan\u0131m\u0131 en az sa\u00e7 ekim i\u015flemi kadar \u00f6nem te\u015fkil etmektedir. Sa\u00e7 ekim i\u015fleminizden sonra sa\u00e7 derinizde k\u0131zar\u0131kl\u0131klar ve \u015fi\u015flikler olacakt\u0131r.<\/p>\n<p class=\"p1\">Bu ameliyat\u0131n ard\u0131ndan yakla\u015f\u0131k 4 g\u00fcn kadar s\u00fcrecektir. Ameliyat sonras\u0131 olu\u015fan \u015fi\u015fliklerin d\u00f6rd\u00fcnc\u00fc g\u00fcn kaybolmas\u0131 gerekmektedir. Operasyon sonras\u0131 \u015fi\u015fen al\u0131n\u0131n da azalmas\u0131 ad\u0131na kafan\u0131za yast\u0131\u011fa dik koyacak \u015fekilde uyulmas\u0131 \u00f6nerilir.<\/p>\n<p class=\"p1\">Bunlara ek olarak da sa\u00e7 ekim i\u015fleminden sonra sa\u00e7 spreyi kullan\u0131lmas\u0131 \u00f6nerilir ve bu \u00f6zel bir \u015fampuan ve losyon ile desteklenmelidir. Doktorunuzun size \u00f6nerece\u011fi sprey, \u015fampuan ve losyon yakla\u015f\u0131k 10 g\u00fcn boyunca kullan\u0131lmal\u0131d\u0131r. Sa\u00e7lar\u0131n\u0131z\u0131 y\u0131kay\u0131p bu \u00fcr\u00fcnleri de kullanarak kafan\u0131zda olu\u015fan \u015fi\u015flik, k\u0131zar\u0131kl\u0131k ve di\u011fer durumlar i\u00e7in iyile\u015fme s\u00fcrecini sorunsuz \u015fekilde atlatman\u0131z hedeflenir.<\/p>\n<p class=\"p1\">Sa\u00e7 y\u0131kama i\u015flemi ameliyat sonras\u0131 kafada olu\u015fan kabuklar\u0131 tedavi etmeye yard\u0131mc\u0131 olacakt\u0131r. Sa\u00e7 ekilen b\u00f6lgede sa\u00e7 k\u00f6kleri hen\u00fcz tam olarak ba\u011flanamad\u0131\u011f\u0131 i\u00e7in darbelerden de sert fiziki m\u00fcdahalelerden de korunmas\u0131 gerek. Ameliyat\u0131n ard\u0131ndan 1 hafta ge\u00e7mesi ile sa\u00e7 k\u00f6kleriniz daha sa\u011flam bir ba\u011flanma ger\u00e7ekle\u015ftirecektir.<\/p>\n<p class=\"p1\">Sa\u00e7 nakil i\u015fleminden sonra ilk birka\u00e7 gece a\u011fr\u0131l\u0131 ge\u00e7ebilir. B\u00f6yle bir durumda doktorunuzun size \u00f6nerece\u011fi re\u00e7eteli bir a\u011fr\u0131 kesici kullanabilirsiniz. Sa\u00e7 ekimi i\u015fleminden sonra yanma ve ka\u015f\u0131nt\u0131 da hissedebilirsiniz. Bu rahats\u0131z edici etkiler i\u00e7in de doktorunuzun size sa\u011flayaca\u011f\u0131 ila\u00e7lar\u0131 ve \u00fcr\u00fcnler kullanabilirsiniz. <strong><a href=\"https:\/\/www.yetkinbayer.com\/tr\/sac-ekimi-sonrasi\">Sa\u00e7 ekim i\u015flemi sonras\u0131<\/a><\/strong> doktorunuz size sa\u00e7 spreyi kullan\u0131m\u0131 da \u00f6nerebilir bu da ka\u015f\u0131nt\u0131lar\u0131 iyile\u015fmesine yard\u0131mc\u0131 olur.<\/p>\n<p class=\"p1\">Sa\u00e7 ekiminden sonra ilk y\u0131kama i\u015flemi 2 g\u00fcn sonra yap\u0131lmal\u0131d\u0131r. Sa\u00e7 y\u0131kama esnas\u0131nda ilk durulama sonras\u0131 kabuklar b\u00fcy\u00fck oranda d\u00f6k\u00fclme g\u00f6sterir. \u0130lk sa\u00e7 y\u0131kama i\u015flemi de sa\u00e7 naklini yapt\u0131rd\u0131\u011f\u0131n\u0131z, klinikte yap\u0131lmal\u0131d\u0131r. \u00c7\u00fcnk\u00fc ilk y\u0131kama i\u015flemi son derece dikkatli ve uzman ki\u015filer taraf\u0131ndan yap\u0131lmal\u0131d\u0131r.<\/p>\n<p class=\"p1\">Fakat ilk y\u0131kama i\u015flemenin ard\u0131ndan daha sonra hasta kendisi sa\u00e7lar\u0131n\u0131 y\u0131kamaya devam edebilir. Bu s\u00fcre\u00e7 i\u00e7erisinde de sa\u00e7 spreyi kullan\u0131m\u0131 yap\u0131labilir. Yakla\u015f\u0131k 5 \u2013 10 sonra da \u015fampuan kullanmaya ba\u015flayabilirsiniz ve sa\u00e7lar\u0131n\u0131z\u0131 normal \u015fekilde y\u0131kayabilirsiniz. Baz\u0131 ekilen sa\u00e7lar\u0131n 2 \u2013 3 ay sonra d\u00fc\u015ft\u00fc\u011f\u00fcn\u00fc de belirtmek gerekir fakat bunda korkulacak bir \u015fey yoktur. \u00c7\u00fcnk\u00fc ekilen yeni sa\u00e7lar art\u0131k kal\u0131c\u0131 \u015fekilde b\u00fcy\u00fcmeye ba\u015flayacak ve daima kafan\u0131za kalacak.<\/p>\n<p class=\"p1\">Anla\u015f\u0131ld\u0131\u011f\u0131 \u00fczere sa\u00e7 ekimi i\u015flemi sonras\u0131 bu \u00f6zel spreylerin kullan\u0131lmas\u0131 \u015fartt\u0131r. Fakat bu sa\u00e7 spreyinin sa\u00e7\u0131 \u015fekillendirmek i\u00e7in kullan\u0131lan kozmetik sa\u00e7 spreylerinden \u00e7ok farkl\u0131 bir \u00fcr\u00fcn oldu\u011funun da tekrar alt\u0131n\u0131 \u00e7izmekte fayda var. Burada size verilecek sa\u00e7 spreyi, yap\u0131lan operasyon sonras\u0131 sa\u00e7 nakli performans\u0131n\u0131n en iyi \u015fekilde ortaya konmas\u0131n\u0131 desteklemektedir.<\/p>\n<p class=\"p1\">Sa\u00e7 ekim i\u015fleminizden sonra doktorunuzun size belirtti\u011fi t\u00fcm bak\u0131mlar\u0131n eksiksiz ve do\u011fru \u015fekilde yap\u0131lmas\u0131 gerekir. Bu bak\u0131mlar hem en iyi sonucu almak hem de iyile\u015fme s\u00fcrecini h\u0131zland\u0131rmak i\u00e7in \u00f6nem ta\u015f\u0131maktad\u0131r. Hekiminizin talimatlar\u0131n\u0131 uygulaman\u0131z bu bak\u0131mdan \u00e7ok \u00f6nemlidir.<\/p>\n<p class=\"p1\">Yasal Uyar\u0131: Bu sayfadaki ifadeler bilgi verme ama\u00e7l\u0131 olup, ba\u011flay\u0131c\u0131 nitelik ta\u015f\u0131maz. Hi\u00e7bir bilgi, tedavi tavsiyesi olmay\u0131p, doktor tavsiyelerinin \u00f6n\u00fcnde de\u011fildir. Kesin bilgi ve talimatlar\u0131, yaln\u0131zca doktorunuzdan alman\u0131z sa\u011fl\u0131\u011f\u0131n\u0131z a\u00e7\u0131s\u0131ndan son derece \u00f6nemlidir.<\/p>\n<p><strong>Kaynak\u00e7a:<\/strong><\/p>\n<p><a href=\"https:\/\/www.hairlossdoctors.com\/blog\/2019\/04\/02\/is-it-safe-to-use-197593\" target=\"_blank\" rel=\"noopener\">https:\/\/www.hairlossdoctors.com\/blog\/2019\/04\/02\/is-it-safe-to-use-197593<\/a><\/p>\n","protected":false},"excerpt":{"rendered":"<p>Bir di\u011fer bilinen ad\u0131 da Sa\u00e7 Nakli olan sa\u00e7 ekimi operasyonu olduk\u00e7a \u00f6nemli bir estetik m\u00fcdahaledir. Sa\u00e7\u0131n yan b\u00f6lgelerinden ve ensedeki sa\u00e7 bitiminin oldu\u011fu b\u00f6lgeden al\u0131nan sa\u00e7 k\u00f6klerinin, sa\u00e7\u0131n d\u00f6k\u00fclme g\u00f6sterdi\u011fi b\u00f6lgeye nakli ile ger\u00e7ekle\u015fir. Uzman doktorlar ve klinikler de ger\u00e7ekle\u015ftirilmesi gereken bu i\u015flemin en iyi \u015fekilde sonu\u00e7 verebilmesi i\u00e7in, sa\u00e7 nakli yap\u0131ld\u0131ktan sonra ki [&hellip;]<\/p>\n","protected":false},"author":1,"featured_media":3161,"comment_status":"closed","ping_status":"closed","sticky":false,"template":"","format":"standard","meta":{"footnotes":""},"categories":[9],"tags":[],"class_list":["post-3160","post","type-post","status-publish","format-standard","has-post-thumbnail","hentry","category-blog"],"_links":{"self":[{"href":"https:\/\/www.yetkinbayer.com\/tr\/wp-json\/wp\/v2\/posts\/3160","targetHints":{"allow":["GET"]}}],"collection":[{"href":"https:\/\/www.yetkinbayer.com\/tr\/wp-json\/wp\/v2\/posts"}],"about":[{"href":"https:\/\/www.yetkinbayer.com\/tr\/wp-json\/wp\/v2\/types\/post"}],"author":[{"embeddable":true,"href":"https:\/\/www.yetkinbayer.com\/tr\/wp-json\/wp\/v2\/users\/1"}],"replies":[{"embeddable":true,"href":"https:\/\/www.yetkinbayer.com\/tr\/wp-json\/wp\/v2\/comments?post=3160"}],"version-history":[{"count":1,"href":"https:\/\/www.yetkinbayer.com\/tr\/wp-json\/wp\/v2\/posts\/3160\/revisions"}],"predecessor-version":[{"id":3174,"href":"https:\/\/www.yetkinbayer.com\/tr\/wp-json\/wp\/v2\/posts\/3160\/revisions\/3174"}],"wp:featuredmedia":[{"embeddable":true,"href":"https:\/\/www.yetkinbayer.com\/tr\/wp-json\/wp\/v2\/media\/3161"}],"wp:attachment":[{"href":"https:\/\/www.yetkinbayer.com\/tr\/wp-json\/wp\/v2\/media?parent=3160"}],"wp:term":[{"taxonomy":"category","embeddable":true,"href":"https:\/\/www.yetkinbayer.com\/tr\/wp-json\/wp\/v2\/categories?post=3160"},{"taxonomy":"post_tag","embeddable":true,"href":"https:\/\/www.yetkinbayer.com\/tr\/wp-json\/wp\/v2\/tags?post=3160"}],"curies":[{"name":"wp","href":"https:\/\/api.w.org\/{rel}","templated":true}]}}