{"id":3143,"date":"2025-04-29T12:09:32","date_gmt":"2025-04-29T09:09:32","guid":{"rendered":"https:\/\/www.yetkinbayer.com\/?p=3143"},"modified":"2025-04-29T12:09:32","modified_gmt":"2025-04-29T09:09:32","slug":"sac-ekimi-sonrasi-kepeklenme-onlenebilir-mi","status":"publish","type":"post","link":"https:\/\/www.yetkinbayer.com\/tr\/sac-ekimi-sonrasi-kepeklenme-onlenebilir-mi\/","title":{"rendered":"Sa\u00e7 Ekimi Sonras\u0131 Kepeklenme \u00d6nlenebilir Mi?"},"content":{"rendered":"<p class=\"p1\"><strong>Sa\u00e7 ekimi<\/strong> sonras\u0131, farkl\u0131 zaman aral\u0131klar\u0131nda farkl\u0131 sorunlar\u0131n ortaya \u00e7\u0131kabilme durumu vard\u0131r. Sa\u00e7 ekimi yapt\u0131ranlar\u0131n iyile\u015fme periyodunda, kafa derisinde kuruma, soyulma ve kepeklenme gibi sorunlarla kar\u015f\u0131la\u015fma durumu s\u00f6z konusudur. Bu genel olarak beklenen bir durum olmakla birlikte, kepek, sa\u00e7 derisinde bir anormalli\u011fin i\u015fareti olarak da tan\u0131mlan\u0131r.<\/p>\n<p class=\"p1\">Hatta baz\u0131 durumlarda kayna\u011f\u0131 olan hastal\u0131\u011f\u0131n, sa\u00e7 d\u00f6k\u00fclmesine neden olabilece\u011fi dahi s\u00f6ylenebilir. Bu nedenle <strong><a href=\"https:\/\/www.yetkinbayer.com\/tr\/sac-ekimi\">sa\u00e7 ekimi<\/a><\/strong> sonra kepeklenme, belli bir d\u00fczey i\u00e7in normal say\u0131lsa da, asl\u0131nda dikkat edilmesi gereken bir durumdur. Ciddi d\u00fczeyli kepeklenme durumuna m\u00fcdahale edilmesi son derece \u00f6nemlidir ve giderilmesi i\u00e7in doktora ba\u015fvurmak gerekebilir.<\/p>\n<p class=\"p1\">Sa\u00e7 ekiminden sonra ortaya \u00e7\u0131kabilecek komplikasyonlar hakk\u0131nda hekiminizden bilgi alabilirsiniz. Elbette bu i\u015flem sonras\u0131nda baz\u0131 yang\u0131 durumlar\u0131 s\u00f6z konusu olabilece\u011fi gibi deri d\u00f6k\u00fclmeleri de s\u00f6z konusu olabilir. Kepeklenme de bu durumlardan bir tanesidir.<\/p>\n<p>&#8220;<strong>Sa\u00e7 ekimi sonras\u0131 kepeklenme olur mu?<\/strong>&#8221; sorusu sa\u00e7 ekimi yapt\u0131rm\u0131\u015f ki\u015filer taraf\u0131ndan en fazla y\u00f6neltilen sorulardan biridir. Dr. Yetkin Bayer, &#8220;Kepek nedir?&#8221; ve &#8220;<strong>Sa\u00e7 ekimi sonras\u0131 kepeklenme \u00f6nlenebilir mi?<\/strong>&#8221; gibi sorular\u0131 sizler i\u00e7in yan\u0131tl\u0131yor.<\/p>\n<div id=\"ez-toc-container\" class=\"ez-toc-v2_0_82_2 counter-flat ez-toc-counter ez-toc-grey ez-toc-container-direction\">\n<div class=\"ez-toc-title-container\">\n<p class=\"ez-toc-title\" style=\"cursor:inherit\">Table of Contents<\/p>\n<span class=\"ez-toc-title-toggle\"><a href=\"#\" class=\"ez-toc-pull-right ez-toc-btn ez-toc-btn-xs ez-toc-btn-default ez-toc-toggle\" aria-label=\"\u0130\u00e7indekiler Tablosunu A\u00e7\/Kapat\"><span class=\"ez-toc-js-icon-con\"><span class=\"\"><span class=\"eztoc-hide\" style=\"display:none;\">Toggle<\/span><span class=\"ez-toc-icon-toggle-span\"><svg style=\"fill: #999;color:#999\" xmlns=\"http:\/\/www.w3.org\/2000\/svg\" class=\"list-377408\" width=\"20px\" height=\"20px\" viewBox=\"0 0 24 24\" fill=\"none\"><path d=\"M6 6H4v2h2V6zm14 0H8v2h12V6zM4 11h2v2H4v-2zm16 0H8v2h12v-2zM4 16h2v2H4v-2zm16 0H8v2h12v-2z\" fill=\"currentColor\"><\/path><\/svg><svg style=\"fill: #999;color:#999\" class=\"arrow-unsorted-368013\" xmlns=\"http:\/\/www.w3.org\/2000\/svg\" width=\"10px\" height=\"10px\" viewBox=\"0 0 24 24\" version=\"1.2\" baseProfile=\"tiny\"><path d=\"M18.2 9.3l-6.2-6.3-6.2 6.3c-.2.2-.3.4-.3.7s.1.5.3.7c.2.2.4.3.7.3h11c.3 0 .5-.1.7-.3.2-.2.3-.5.3-.7s-.1-.5-.3-.7zM5.8 14.7l6.2 6.3 6.2-6.3c.2-.2.3-.5.3-.7s-.1-.5-.3-.7c-.2-.2-.4-.3-.7-.3h-11c-.3 0-.5.1-.7.3-.2.2-.3.5-.3.7s.1.5.3.7z\"\/><\/svg><\/span><\/span><\/span><\/a><\/span><\/div>\n<nav><ul class='ez-toc-list ez-toc-list-level-1 eztoc-toggle-hide-by-default' ><li class='ez-toc-page-1'><a class=\"ez-toc-link ez-toc-heading-1\" href=\"#\" data-href=\"https:\/\/www.yetkinbayer.com\/tr\/sac-ekimi-sonrasi-kepeklenme-onlenebilir-mi\/#Kepek_nedir\" >Kepek nedir?<\/a><\/li><li class='ez-toc-page-1'><a class=\"ez-toc-link ez-toc-heading-2\" href=\"#\" data-href=\"https:\/\/www.yetkinbayer.com\/tr\/sac-ekimi-sonrasi-kepeklenme-onlenebilir-mi\/#Sac_Ekimi_Sonrasi_Kepeklenme_onlenebilir_mi\" >Sa\u00e7 Ekimi Sonras\u0131 Kepeklenme \u00f6nlenebilir mi?<\/a><\/li><li class='ez-toc-page-1'><a class=\"ez-toc-link ez-toc-heading-3\" href=\"#\" data-href=\"https:\/\/www.yetkinbayer.com\/tr\/sac-ekimi-sonrasi-kepeklenme-onlenebilir-mi\/#Sac_ekimi_sonrasinda_kepek_sampuani_kullanilir_mi\" >Sa\u00e7 ekimi sonras\u0131nda kepek \u015fampuan\u0131 kullan\u0131l\u0131r m\u0131?<\/a><\/li><\/ul><\/nav><\/div>\n<h2 class=\"p1\"><span class=\"ez-toc-section\" id=\"Kepek_nedir\"><\/span>Kepek nedir?<span class=\"ez-toc-section-end\"><\/span><\/h2>\n<p class=\"p1\">Kepek, gri veya beyaz renkte olu\u015fabilir. Asl\u0131nda sa\u00e7 derisinde birikmi\u015f olan \u00f6l\u00fc deri h\u00fccreleri olarak tan\u0131mlanan kepek, bu \u00f6l\u00fc h\u00fccrelerin bir araya gelmesi sonucu g\u00f6zle g\u00f6r\u00fcl\u00fcr hale gelir. \u00d6l\u00fc deri h\u00fccreleri kafa derisinde pul pul yap\u0131lar olu\u015fturur ve bu yap\u0131lar\u0131n b\u00fcy\u00fcmesi kepek olu\u015fmas\u0131na neden olur.<\/p>\n<p class=\"p1\">Kepek olu\u015fumu bir cilt rahats\u0131zl\u0131\u011f\u0131 olarak da tan\u0131mlanabilir ve belirtilerin g\u00f6r\u00fclmesi durumunda doktor kontrol\u00fcnde belli bir tak\u0131m testlerin uygulanmas\u0131 uygun g\u00f6r\u00fcl\u00fcr.<\/p>\n<p class=\"p1\">Kepek sa\u00e7lar\u0131 ya\u011fl\u0131 olan, uzun s\u00fcredir y\u0131kanmam\u0131\u015f olan ya da sa\u00e7lar\u0131 uzun olmas\u0131 sebebiyle sa\u00e7 derisinin iyi temizlenemedi\u011fi ki\u015filerde daha s\u0131k g\u00f6r\u00fcl\u00fcr Kepek olu\u015fumunda kullan\u0131lan \u015fampuan da \u00f6nemlidir. Sa\u00e7 derisinde kepek olu\u015fumu g\u00f6r\u00fclen ki\u015filer bu b\u00f6lgede belirli cilt rahats\u0131zl\u0131klar\u0131 ya\u015famamak i\u00e7in uzman doktorlara ba\u015fvurmal\u0131 ve doktorlar\u0131n verece\u011fi ila\u00e7lar\u0131 kullanmal\u0131d\u0131r.<\/p>\n<p class=\"p1\">Sa\u00e7 ekimi sonras\u0131 kepek olu\u015fumu, ki\u015filerin sa\u00e7 derilerinde bulunan \u00f6l\u00fc h\u00fccrelerin artmas\u0131 sebebiyle artabilmektedir. Genel olarak sa\u00e7 derisinde bulunan \u00f6l\u00fc h\u00fccrelerin bir araya gelmesi sonucu g\u00f6zle g\u00f6r\u00fcl\u00fcr hale gelen kepek olu\u015fumu sa\u00e7 ekimi yapt\u0131ran ki\u015filerin de kar\u015f\u0131la\u015ft\u0131\u011f\u0131 durumlardan birisidir.<\/p>\n<p class=\"p1\">Sa\u00e7 ekimi s\u0131ras\u0131nda sa\u00e7 derisine uygulanan yanl\u0131\u015f ila\u00e7lar da kepek yapabilece\u011fi gibi sa\u00e7 ekimi s\u0131ras\u0131nda \u00f6l\u00fc olan sa\u00e7 k\u00f6klerinin aktif olmas\u0131 ve h\u00fccre d\u00f6ng\u00fcs\u00fcn\u00fcn yerine gelmesi sonucu sa\u00e7 derisinde daha fazla kepek olu\u015fumu g\u00f6r\u00fclebilmektedir. Canl\u0131 sa\u00e7 derisindeki yenilenme h\u0131z\u0131 daha fazla olaca\u011f\u0131 i\u00e7in daha fazla \u00f6l\u00fc sa\u00e7 h\u00fccresi bulunur ve bu \u00f6l\u00fc sa\u00e7 h\u00fccreleri bir araya gelerek kepek olu\u015ftururlar.<\/p>\n<p class=\"p1\"><a href=\"https:\/\/www.yetkinbayer.com\/tr\/sac-ekim-sonrasi\">Sa\u00e7 ekimi sonras\u0131<\/a> kepek olu\u015fumu g\u00f6r\u00fclen ki\u015filer, uzman doktorlara ba\u015fvurmal\u0131 ve kepek olu\u015fumunu engellemek amac\u0131yla verilen ila\u00e7lar\u0131 kullanmal\u0131d\u0131rlar. Kepek olu\u015fumunu engellemek i\u00e7in kulland\u0131klar\u0131 \u015fampuan\u0131 da de\u011fi\u015ftiren ki\u015filer doktorlar taraf\u0131ndan belirlenen ve kepek olu\u015fumunu engellemek amac\u0131yla \u00fcretilmi\u015f olan \u015fampuanlar\u0131 kullan\u0131rlar.<\/p>\n<h2 class=\"p1\"><span class=\"ez-toc-section\" id=\"Sac_Ekimi_Sonrasi_Kepeklenme_onlenebilir_mi\"><\/span>Sa\u00e7 Ekimi Sonras\u0131 Kepeklenme \u00f6nlenebilir mi?<span class=\"ez-toc-section-end\"><\/span><\/h2>\n<p class=\"p1\">Sa\u00e7 ekimi sonras\u0131 kepeklenmenin \u00f6nlenmesinde market \u00e7\u00f6z\u00fcmleri uygulamak olduk\u00e7a yanl\u0131\u015f bir yakla\u015f\u0131md\u0131r. Mevcut ko\u015fullarda herhangi bir kepek s\u00f6z konusu de\u011fil iken, yeni sa\u00e7 k\u00f6klerinin yerle\u015fmeye ve uzamaya ba\u015flamas\u0131ndan sonra kepeklenme ya\u015fanmas\u0131 ekim i\u015fleminin do\u011fas\u0131 ile ilgilidir ve bak\u0131m s\u00fcreci, yine sa\u00e7 ekiminin uzmanlar\u0131 taraf\u0131ndan belirlenen ko\u015fullarda yap\u0131lmal\u0131d\u0131r.<\/p>\n<p class=\"p1\">Sa\u00e7 ekimi yapan doktor sa\u00e7 ve sa\u00e7 derisi bak\u0131m\u0131 ile ilgili olarak size baz\u0131 talimatlar verecektir. Kullanaca\u011f\u0131n\u0131z \u015fampuan, losyon, krem ve merhemler; hekimin verdiklerinin d\u0131\u015f\u0131na \u00e7\u0131kmamal\u0131d\u0131r. Kepeklenme olan b\u00f6lge kaz\u0131nmamal\u0131 ve kepekler kafaya m\u00fcdahale edilerek d\u00f6k\u00fclmeye \u00e7al\u0131\u015f\u0131lmamal\u0131d\u0131r. Bu durumda sa\u00e7 ve sa\u00e7 derisine zarar verebilmeniz m\u00fcmk\u00fcn olacakt\u0131r ki, <strong>sa\u00e7 ekiminin sonu\u00e7lar\u0131n\u0131<\/strong> etkileyebilirsiniz.<\/p>\n<p class=\"p1\">Belli d\u00fczeyde beklenen kepeklenme durumunun \u00f6nlenmesi \u00f6nerilmez. Bunun i\u00e7in bir y\u00f6ntem de yoktur. Sa\u00e7 derisi, yeni sa\u00e7 k\u00f6kleri yerle\u015firken yenilenecek ve do\u011fal olarak deri at\u0131lacakt\u0131r. Bu nedenle bu derilerin d\u00f6k\u00fclmesi asl\u0131nda negatif bir durum da de\u011fildir.<\/p>\n<p class=\"p1\">Tabii estetik olarak bir iyile\u015fme kaydetmek i\u00e7in hekiminizden konu hakk\u0131nda destek alabilmeniz de m\u00fcmk\u00fcnd\u00fcr. Sa\u00e7 ekiminin sonu\u00e7lar\u0131 hakk\u0131nda detayl\u0131 bilgi size yine hekiminiz tarar\u0131ndan verilebilecektir.<\/p>\n<h2 class=\"p1\"><span class=\"ez-toc-section\" id=\"Sac_ekimi_sonrasinda_kepek_sampuani_kullanilir_mi\"><\/span>Sa\u00e7 ekimi sonras\u0131nda kepek \u015fampuan\u0131 kullan\u0131l\u0131r m\u0131?<span class=\"ez-toc-section-end\"><\/span><\/h2>\n<p class=\"p1\">Doktorunuz re\u00e7ete ve tavsiye edilen \u00fcr\u00fcnler d\u0131\u015f\u0131ndaki \u00fcr\u00fcnleri kullanman\u0131z\u0131 serbest b\u0131rakana kadar, market \u00fcr\u00fcnleri kullanman\u0131z do\u011fru de\u011fildir. Sa\u00e7 derisinin iyile\u015fme s\u00fcrecinde dikkatli olunmas\u0131 ve bu \u00fcr\u00fcnlerin kullan\u0131lmamas\u0131 zaten <strong><a href=\"https:\/\/www.yetkinbayer.com\/tr\/sac-ekimi\">sa\u00e7 ekimi<\/a><\/strong> yap\u0131ld\u0131ktan sonra size verilecek talimatlar i\u00e7erisinde yer al\u0131r.<\/p>\n<p class=\"p1\">Sa\u00e7 ekimi sonras\u0131 kepeklenme, e\u011fer kafa derisinde ba\u015fka bir sorun yok ise iyile\u015fme s\u00fcreci i\u00e7erisinde periyodik olarak azal\u0131r ve yok olur.<\/p>\n<p class=\"p1\">Sa\u00e7 ekiminin yan etkileri ve artc\u0131l komplikasyonlar\u0131 olarak da tan\u0131mlanabilecek bu durumu b\u00fcy\u00fck bir problem gibi de\u011ferlendirmeme ve iyile\u015fme s\u00fcrecinde bu duruma bir m\u00fcddet tahamm\u00fcl g\u00f6stermek gerekir.<\/p>\n<p class=\"p1\">Hekiminizin tavsiye ve talimatlar\u0131na uyman\u0131z halinde, sa\u00e7 ekiminden sonra komplikasyonlar daha az seviyede ortaya \u00e7\u0131kacakt\u0131r. Kepeklenme gibi sorunlar dahil olmak \u00fczere sorunlar\u0131n genelinin \u00fcstesinden gelme durumunuz daha kolay olacakt\u0131r.<\/p>\n<p class=\"p1\">Yasal Uyar\u0131: Bu sayfadaki ifadeler bilgi verme ama\u00e7l\u0131 olup, ba\u011flay\u0131c\u0131 nitelik ta\u015f\u0131maz. Hi\u00e7bir bilgi, tedavi tavsiyesi olmay\u0131p, doktor tavsiyelerinin \u00f6n\u00fcnde de\u011fildir. Kesin bilgi ve talimatlar\u0131, yaln\u0131zca doktorunuzdan alman\u0131z sa\u011fl\u0131\u011f\u0131n\u0131z a\u00e7\u0131s\u0131ndan son derece \u00f6nemlidir.<\/p>\n<p><strong>Kaymak\u00e7a:<\/strong><\/p>\n<p><a href=\"https:\/\/vjclinics.com\/will-dandruff-affect-your-hair-growth-after-a-hair-transplant\" target=\"_blank\" rel=\"noopener\">https:\/\/vjclinics.com\/will-dandruff-affect-your-hair-growth-after-a-hair-transplant<\/a><\/p>\n","protected":false},"excerpt":{"rendered":"<p>Sa\u00e7 ekimi sonras\u0131, farkl\u0131 zaman aral\u0131klar\u0131nda farkl\u0131 sorunlar\u0131n ortaya \u00e7\u0131kabilme durumu vard\u0131r. Sa\u00e7 ekimi yapt\u0131ranlar\u0131n iyile\u015fme periyodunda, kafa derisinde kuruma, soyulma ve kepeklenme gibi sorunlarla kar\u015f\u0131la\u015fma durumu s\u00f6z konusudur. Bu genel olarak beklenen bir durum olmakla birlikte, kepek, sa\u00e7 derisinde bir anormalli\u011fin i\u015fareti olarak da tan\u0131mlan\u0131r. Hatta baz\u0131 durumlarda kayna\u011f\u0131 olan hastal\u0131\u011f\u0131n, sa\u00e7 d\u00f6k\u00fclmesine neden [&hellip;]<\/p>\n","protected":false},"author":1,"featured_media":3144,"comment_status":"closed","ping_status":"closed","sticky":false,"template":"","format":"standard","meta":{"footnotes":""},"categories":[9],"tags":[],"class_list":["post-3143","post","type-post","status-publish","format-standard","has-post-thumbnail","hentry","category-blog"],"_links":{"self":[{"href":"https:\/\/www.yetkinbayer.com\/tr\/wp-json\/wp\/v2\/posts\/3143","targetHints":{"allow":["GET"]}}],"collection":[{"href":"https:\/\/www.yetkinbayer.com\/tr\/wp-json\/wp\/v2\/posts"}],"about":[{"href":"https:\/\/www.yetkinbayer.com\/tr\/wp-json\/wp\/v2\/types\/post"}],"author":[{"embeddable":true,"href":"https:\/\/www.yetkinbayer.com\/tr\/wp-json\/wp\/v2\/users\/1"}],"replies":[{"embeddable":true,"href":"https:\/\/www.yetkinbayer.com\/tr\/wp-json\/wp\/v2\/comments?post=3143"}],"version-history":[{"count":1,"href":"https:\/\/www.yetkinbayer.com\/tr\/wp-json\/wp\/v2\/posts\/3143\/revisions"}],"predecessor-version":[{"id":3157,"href":"https:\/\/www.yetkinbayer.com\/tr\/wp-json\/wp\/v2\/posts\/3143\/revisions\/3157"}],"wp:featuredmedia":[{"embeddable":true,"href":"https:\/\/www.yetkinbayer.com\/tr\/wp-json\/wp\/v2\/media\/3144"}],"wp:attachment":[{"href":"https:\/\/www.yetkinbayer.com\/tr\/wp-json\/wp\/v2\/media?parent=3143"}],"wp:term":[{"taxonomy":"category","embeddable":true,"href":"https:\/\/www.yetkinbayer.com\/tr\/wp-json\/wp\/v2\/categories?post=3143"},{"taxonomy":"post_tag","embeddable":true,"href":"https:\/\/www.yetkinbayer.com\/tr\/wp-json\/wp\/v2\/tags?post=3143"}],"curies":[{"name":"wp","href":"https:\/\/api.w.org\/{rel}","templated":true}]}}