{"id":2844,"date":"2025-04-28T18:14:35","date_gmt":"2025-04-28T15:14:35","guid":{"rendered":"https:\/\/www.yetkinbayer.com\/?p=2844"},"modified":"2025-04-28T18:14:35","modified_gmt":"2025-04-28T15:14:35","slug":"ip-aski-yuz-germe-sonrasi-iyilesme-sureci","status":"publish","type":"post","link":"https:\/\/www.yetkinbayer.com\/tr\/ip-aski-yuz-germe-sonrasi-iyilesme-sureci\/","title":{"rendered":"\u0130p Ask\u0131 Y\u00fcz Germe Sonras\u0131 \u0130yile\u015fme S\u00fcreci"},"content":{"rendered":"<p><span style=\"font-weight: 400;\"><strong>Y\u00fcz germe<\/strong> operasyonlar\u0131n\u0131n tamam\u0131nda hastan\u0131n genel sa\u011fl\u0131k durumu, ya\u015f\u0131, kilosu, zararl\u0131 al\u0131\u015fkanl\u0131klar\u0131 gibi pek \u00e7ok etki iyile\u015fme s\u00fcrecinin k\u0131sa ya da uzun s\u00fcrmesine katk\u0131 sunacakt\u0131r. Hekimin \u00f6nerilerine kulak kabart\u0131ld\u0131\u011f\u0131nda iyile\u015fme s\u00fcrecini \u00e7ok daha k\u0131sa bir zamanda atlatabilirsiniz.\u00a0<\/span><\/p>\n<p>&#8220;\u0130p ask\u0131 y\u00fcz germe sonras\u0131 iyile\u015fme s\u00fcreci nas\u0131l olur?&#8221; sorusu medikal estetik yapt\u0131racak ki\u015filer taraf\u0131ndan en fazla y\u00f6neltilen sorulardan biridir. Dr. Yetkin Bayer, &#8220;\u0130p ask\u0131 y\u00fcz germe sonras\u0131 iyile\u015fme s\u00fcrecinde dikkat edilmesi gerekenler nelerdir?&#8221; ve &#8220;\u0130p ask\u0131 y\u00fcz germe sonras\u0131 iyile\u015fme s\u00fcrecinde fiziksel aktivite yap\u0131l\u0131r m\u0131?&#8221; gibi sorular\u0131 sizler i\u00e7in yan\u0131tl\u0131yor.<\/p>\n<div id=\"ez-toc-container\" class=\"ez-toc-v2_0_82_2 counter-flat ez-toc-counter ez-toc-grey ez-toc-container-direction\">\n<div class=\"ez-toc-title-container\">\n<p class=\"ez-toc-title\" style=\"cursor:inherit\">Table of Contents<\/p>\n<span class=\"ez-toc-title-toggle\"><a href=\"#\" class=\"ez-toc-pull-right ez-toc-btn ez-toc-btn-xs ez-toc-btn-default ez-toc-toggle\" aria-label=\"\u0130\u00e7indekiler Tablosunu A\u00e7\/Kapat\"><span class=\"ez-toc-js-icon-con\"><span class=\"\"><span class=\"eztoc-hide\" style=\"display:none;\">Toggle<\/span><span class=\"ez-toc-icon-toggle-span\"><svg style=\"fill: #999;color:#999\" xmlns=\"http:\/\/www.w3.org\/2000\/svg\" class=\"list-377408\" width=\"20px\" height=\"20px\" viewBox=\"0 0 24 24\" fill=\"none\"><path d=\"M6 6H4v2h2V6zm14 0H8v2h12V6zM4 11h2v2H4v-2zm16 0H8v2h12v-2zM4 16h2v2H4v-2zm16 0H8v2h12v-2z\" fill=\"currentColor\"><\/path><\/svg><svg style=\"fill: #999;color:#999\" class=\"arrow-unsorted-368013\" xmlns=\"http:\/\/www.w3.org\/2000\/svg\" width=\"10px\" height=\"10px\" viewBox=\"0 0 24 24\" version=\"1.2\" baseProfile=\"tiny\"><path d=\"M18.2 9.3l-6.2-6.3-6.2 6.3c-.2.2-.3.4-.3.7s.1.5.3.7c.2.2.4.3.7.3h11c.3 0 .5-.1.7-.3.2-.2.3-.5.3-.7s-.1-.5-.3-.7zM5.8 14.7l6.2 6.3 6.2-6.3c.2-.2.3-.5.3-.7s-.1-.5-.3-.7c-.2-.2-.4-.3-.7-.3h-11c-.3 0-.5.1-.7.3-.2.2-.3.5-.3.7s.1.5.3.7z\"\/><\/svg><\/span><\/span><\/span><\/a><\/span><\/div>\n<nav><ul class='ez-toc-list ez-toc-list-level-1 eztoc-toggle-hide-by-default' ><li class='ez-toc-page-1'><a class=\"ez-toc-link ez-toc-heading-1\" href=\"#\" data-href=\"https:\/\/www.yetkinbayer.com\/tr\/ip-aski-yuz-germe-sonrasi-iyilesme-sureci\/#Ip_Aski_Yuz_Germe_Sonrasi_Iyilesme_Sureci_Nasil_Olur\" >\u0130p Ask\u0131 Y\u00fcz Germe Sonras\u0131 \u0130yile\u015fme S\u00fcreci Nas\u0131l Olur?<\/a><\/li><li class='ez-toc-page-1'><a class=\"ez-toc-link ez-toc-heading-2\" href=\"#\" data-href=\"https:\/\/www.yetkinbayer.com\/tr\/ip-aski-yuz-germe-sonrasi-iyilesme-sureci\/#Ip_Aski_Yuz_Germe_Sonrasi_Iyilesme_Surecinde_Dikkat_Edilmesi_Gerekenler\" >\u0130p Ask\u0131 Y\u00fcz Germe Sonras\u0131 \u0130yile\u015fme S\u00fcrecinde Dikkat Edilmesi Gerekenler<\/a><\/li><\/ul><\/nav><\/div>\n<h2><span class=\"ez-toc-section\" id=\"Ip_Aski_Yuz_Germe_Sonrasi_Iyilesme_Sureci_Nasil_Olur\"><\/span>\u0130p Ask\u0131 Y\u00fcz Germe Sonras\u0131 \u0130yile\u015fme S\u00fcreci Nas\u0131l Olur?<span class=\"ez-toc-section-end\"><\/span><\/h2>\n<p><i><span style=\"font-weight: 400;\"><strong>\u0130p ask\u0131 y\u00fcz germe<\/strong> sonras\u0131 iyile\u015fme s\u00fcrecini a\u015fama a\u015fama payla\u015f\u0131yoruz;<\/span><\/i><\/p>\n<ul>\n<li style=\"font-weight: 400;\"><span style=\"font-weight: 400;\">\u0130\u015flem sonras\u0131 ilk g\u00fcn hafif d\u00fczeyde a\u011fr\u0131 ya\u015fanmas\u0131 normaldir. Hafif a\u011fr\u0131lar\u0131n\u0131z i\u00e7in doktorunuz size a\u011fr\u0131 kesici re\u00e7ete edecektir. Belirlendi\u011fi \u015fekilde kullanarak ilk g\u00fcn\u00fc atlatabilirsiniz.<\/span><\/li>\n<li style=\"font-weight: 400;\"><span style=\"font-weight: 400;\">Y\u00fcz germe operasyonu sonras\u0131 y\u00fczde \u015fi\u015fkinlikler ve hafif d\u00fczeyde morluklar g\u00f6zlemlenebilir. Bu belirtilerin tamamen iyile\u015fmesi bir hafta \u2013 on g\u00fcn s\u00fcrmektedir. \u00d6nerilere dikkat ederek s\u00fcreci bir hafta ya da daha k\u0131sa s\u00fcrede atlatabilirsiniz.\u00a0<\/span><\/li>\n<li style=\"font-weight: 400;\"><span style=\"font-weight: 400;\">Operasyon ger\u00e7ekle\u015ftirilmeden hemen \u00f6nce hastaya verilen ila\u00e7lar, lokal anesteziler ge\u00e7ici kuvvetsizlik \u2013 halsizlik olu\u015fturabilir. Tamamen normal bir durum olup birka\u00e7 saat i\u00e7erisinde halsizli\u011finizin azald\u0131\u011f\u0131n\u0131 hissedebilirsiniz.\u00a0<\/span><\/li>\n<li style=\"font-weight: 400;\"><span style=\"font-weight: 400;\">Operasyon sonra 1 ya da 2 saat sonra hastan\u0131n aya\u011fa kalkmas\u0131 \u00f6nerilmektedir. Aya\u011fa kalkarak k\u0131sa y\u00fcr\u00fcy\u00fc\u015fler ge\u00e7irmesi, s\u0131v\u0131 t\u00fcketmesi, beslenmeye ba\u015flamas\u0131 iyile\u015fme s\u00fcrecini h\u0131zland\u0131ran etkiler aras\u0131ndad\u0131r.\u00a0<\/span><\/li>\n<li style=\"font-weight: 400;\"><span style=\"font-weight: 400;\">Hastan\u0131n genel durumu dikkate al\u0131nd\u0131\u011f\u0131nda i\u015flem sonras\u0131 1 ya da 2 g\u00fcn hastanede kalmas\u0131 \u00f6nerilebilir. Daha gen\u00e7 ve sa\u011fl\u0131k durumu iyi olanlar ise operasyonun ard\u0131ndan 3 \u2013 4 saat ge\u00e7tikten sonra taburcu olarak sosyal ya\u015famlar\u0131na geri d\u00f6nebilirler.\u00a0<\/span><\/li>\n<li style=\"font-weight: 400;\"><span style=\"font-weight: 400;\">Ortalama 45 dakika s\u00fcren i\u015flemden sonra ilk \u00fc\u00e7 g\u00fcn s\u00fcresince ciltte ka\u015f\u0131nt\u0131 hissi ya\u015fanabilir. Ka\u015f\u0131nt\u0131lar hafif d\u00fczeyde olup ka\u015f\u0131nmaktan ka\u00e7\u0131n\u0131lmal\u0131d\u0131r.\u00a0<\/span><\/li>\n<li style=\"font-weight: 400;\"><span style=\"font-weight: 400;\">Operasyon sonras\u0131 cildi korumak, olas\u0131 enfeksiyonlardan uzakla\u015ft\u0131rmak, iyile\u015fme s\u00fcrecini k\u0131saltmak gibi nedenlerden dolay\u0131 bandajlar tak\u0131lmaktad\u0131r. Bandajlar \u00f6dem meydana gelmesini ve cildin daha h\u0131zl\u0131 toparlanmas\u0131n\u0131 desteklemek amac\u0131 ile yerle\u015ftirilir. Hastan\u0131n mevcut sa\u011fl\u0131k ko\u015fullar\u0131na g\u00f6re en fazla bir hafta sonra t\u00fcm bandajlar \u00e7\u0131kart\u0131lmaktad\u0131r.\u00a0<\/span><\/li>\n<li style=\"font-weight: 400;\"><span style=\"font-weight: 400;\">Hastaya tak\u0131lan drenler i\u015flemin bitim s\u00fcresi baz al\u0131narak 1 g\u00fcn\u00fcn tamamlanmas\u0131 ile birlikte \u00e7\u0131kart\u0131l\u0131r.\u00a0<\/span><\/li>\n<li style=\"font-weight: 400;\"><span style=\"font-weight: 400;\">Nadiren de olsa y\u00fczde his kay\u0131plar\u0131 ya\u015fanabilmektedir. Bu t\u00fcr durumlar en ge\u00e7 \u00fc\u00e7 hafta sonra bitmektedir.\u00a0<\/span><\/li>\n<\/ul>\n<h2><span class=\"ez-toc-section\" id=\"Ip_Aski_Yuz_Germe_Sonrasi_Iyilesme_Surecinde_Dikkat_Edilmesi_Gerekenler\"><\/span>\u0130p Ask\u0131 Y\u00fcz Germe Sonras\u0131 \u0130yile\u015fme S\u00fcrecinde Dikkat Edilmesi Gerekenler<span class=\"ez-toc-section-end\"><\/span><\/h2>\n<p><span style=\"font-weight: 400;\">T\u00fcm estetik ve cerrahi i\u015flemlerde oldu\u011fu gibi ip ask\u0131 y\u00fcz germe sonras\u0131 iyile\u015fme s\u00fcrecinin sekteye u\u011framamas\u0131 i\u00e7in dikkat edilmesi gerekenler vard\u0131r. Bu a\u015famay\u0131 a\u015fa\u011f\u0131daki \u015fekilde s\u0131ralayabiliriz:<\/span><\/p>\n<ul>\n<li><b>\u0130\u015flemden 1 \u2013 2 Saat Sonra Aya\u011fa Kalk\u0131n<\/b><\/li>\n<\/ul>\n<p><span style=\"font-weight: 400;\">\u0130\u015flem bittikten sonra lokal uyu\u015fturucular ve di\u011fer ila\u00e7lardan sonra halsizli\u011fin h\u0131zla giderilmesi i\u00e7in aya\u011fa kalkman\u0131z ve yava\u015f hareketlerle y\u00fcr\u00fcy\u00fc\u015fler yapman\u0131z gerekmektedir. Y\u00fcr\u00fcy\u00fc\u015f yapmak hem ila\u00e7lar\u0131n etkisinin daha h\u0131zl\u0131 ge\u00e7mesini sa\u011flar, hem halsizli\u011finizi giderir, hem de genel aktiflik sergiledi\u011finiz i\u00e7in t\u00fcm v\u00fccut fonksiyonlar\u0131n\u0131z\u0131n normale d\u00f6nmesini sa\u011flar.<\/span><\/p>\n<ul>\n<li><b>\u0130\u015flem Sonras\u0131 1 \u2013 2 Saat Sonra Beslenmeye Ba\u015flay\u0131n<\/b><\/li>\n<\/ul>\n<p><span style=\"font-weight: 400;\">Operasyondan 1 \u2013 2 saat ge\u00e7tikten sonra y\u00fcr\u00fcy\u00fc\u015f yapmal\u0131 ve yemeye \u2013 i\u00e7meye ba\u015flamal\u0131s\u0131n\u0131z. Yeme \u2013 i\u00e7meden kas\u0131t a\u011f\u0131r ve t\u0131ka basa doymak demek de\u011fildir. Bir bardak su i\u00e7erek i\u015fe ba\u015flayabilirsiniz. Ard\u0131ndan hafif, sebzeli \u2013 etli yiyecekler yemenizde bir sak\u0131nca yoktur. \u0130lk beslenme evresi lokal ila\u00e7lar\u0131n verdi\u011fi kuvvetsizlik hissini h\u0131zla giderecektir.<\/span><\/p>\n<ul>\n<li><b>Ka\u015f\u0131nmaktan Uzak Durmal\u0131s\u0131n\u0131z<\/b><\/li>\n<\/ul>\n<p><span style=\"font-weight: 400;\">\u0130lk g\u00fcnler ciltte ka\u015f\u0131nt\u0131 hissetmeniz normaldir. Ka\u015f\u0131nma iste\u011finiz \u00e7ok \u015fiddetli olmayacakt\u0131r ve k\u0131sa s\u00fcrede ge\u00e7ecek bir durumdur.<\/span><\/p>\n<ul>\n<li><b>\u0130lk 20 G\u00fcn Y\u00fcz\u00fcn\u00fcze Su \u00c7arparak Y\u0131kamay\u0131n<\/b><\/li>\n<\/ul>\n<p><span style=\"font-weight: 400;\">\u0130lk yirmi g\u00fcn bu t\u00fcr operasyonlarda olduk\u00e7a \u00f6nemlidir. T\u00fcm belirtiler ge\u00e7mi\u015f olsa da y\u00fcz\u00fcn\u00fcze bask\u0131 uygulay\u0131c\u0131 hareketlerden uzak durmal\u0131s\u0131n\u0131z.\u00a0<\/span><\/p>\n<ul>\n<li><b>Kab\u0131zl\u0131\u011fa Neden Olacak Yiyeceklerden Uzak Durunuz<\/b><\/li>\n<\/ul>\n<p><span style=\"font-weight: 400;\">\u0130lk g\u00fcnler ba\u015fta olmak \u00fczere ilk bir hafta ge\u00e7ene kadar <a href=\"https:\/\/www.sezaileventoglu.com\/tr\/icerik\/242\/kabizliga-neden-olan-yiyecekler-nelerdir\" target=\"_blank\" rel=\"noopener\">kab\u0131zl\u0131\u011fa neden olabilecek g\u0131dalardan<\/a> uzak durunuz. Kat\u0131 yiyecekleri t\u00fcketebilirsiniz ama yo\u011funluklu olarak t\u00fcketmemelisiniz. Tuvalet ihtiyac\u0131n\u0131 giderirken t\u00fcm kas gruplar\u0131n\u0131z \u00e7oktan aza do\u011fru da olsa \u00e7al\u0131\u015fmaktad\u0131r. Bu nedenle ilk bir hafta kab\u0131zl\u0131k ya\u015famamaya \u00f6zen g\u00f6steriniz.<\/span><\/p>\n<ul>\n<li><b>\u0130lk Ay Y\u00fcz \u00dcst\u00fc Uyumay\u0131n\u0131z<\/b><\/li>\n<\/ul>\n<p><span style=\"font-weight: 400;\">\u0130lk bir ay y\u00fcz \u00fcst\u00fc yatmaktan ka\u00e7\u0131n\u0131n\u0131z. Yan\u0131n\u0131za <a href=\"https:\/\/www.yesilist.com\/sizin-icin-en-uygun-uyku-pozisyonu-hangisi\/\" target=\"_blank\" rel=\"noopener\">yatarak uyku pozisyonunuzu<\/a> sa\u011flayabilir ya da s\u0131rt \u00fcst\u00fc yatabilirsiniz. Y\u00fcz \u00fcst\u00fc yatma al\u0131\u015fkanl\u0131\u011f\u0131n\u0131z varsa dikkat etmelisiniz.\u00a0<\/span><\/p>\n<ul>\n<li><b>Bir Hafta Ge\u00e7tikten Sonra Kontroll\u00fc Olarak Bak\u0131m Yapabilirsiniz<\/b><\/li>\n<\/ul>\n<p><span style=\"font-weight: 400;\">Bir haftadan \u00f6nce bak\u0131m \u00fcr\u00fcnlerinizi kullanmamal\u0131s\u0131n\u0131z. \u00dcr\u00fcnlerinizin i\u00e7erisinde yer alan bile\u015fenler hen\u00fcz tam olarak toparlanmayan cildinizde enfeksiyonlara neden olabilir. Bir haftan\u0131n ard\u0131ndan cildinize \u00e7ok bast\u0131rmada \u2013 masaj yapmadan gerekli bak\u0131mlar\u0131n\u0131za ba\u015flayabilirsiniz.<\/span><\/p>\n<ul>\n<li><b>\u0130lk \u00dc\u00e7 Hafta Yo\u011fun Spor ve Fiziksel Faaliyetlerden Uzak Durunuz<\/b><\/li>\n<\/ul>\n<p><span style=\"font-weight: 400;\">Spor yapmak, yo\u011fun fiziksel aktivitelerde bulunmak i\u00e7in \u00fc\u00e7 hafta beklemelisiniz. Ard\u0131ndan orta derecede yo\u011funluk ve zorlu\u011fa sahip egzersizlere ba\u015flayabilirsiniz. \u00dcst d\u00fczey zorluk ve yo\u011funluk gerektiren spor aktiviteleri i\u00e7in 5 haftan\u0131n tamamlanmas\u0131n\u0131 beklemelisiniz.<\/span><\/p>\n","protected":false},"excerpt":{"rendered":"<p>Y\u00fcz germe operasyonlar\u0131n\u0131n tamam\u0131nda hastan\u0131n genel sa\u011fl\u0131k durumu, ya\u015f\u0131, kilosu, zararl\u0131 al\u0131\u015fkanl\u0131klar\u0131 gibi pek \u00e7ok etki iyile\u015fme s\u00fcrecinin k\u0131sa ya da uzun s\u00fcrmesine katk\u0131 sunacakt\u0131r. Hekimin \u00f6nerilerine kulak kabart\u0131ld\u0131\u011f\u0131nda iyile\u015fme s\u00fcrecini \u00e7ok daha k\u0131sa bir zamanda atlatabilirsiniz.\u00a0 &#8220;\u0130p ask\u0131 y\u00fcz germe sonras\u0131 iyile\u015fme s\u00fcreci nas\u0131l olur?&#8221; sorusu medikal estetik yapt\u0131racak ki\u015filer taraf\u0131ndan en fazla y\u00f6neltilen [&hellip;]<\/p>\n","protected":false},"author":1,"featured_media":2845,"comment_status":"closed","ping_status":"closed","sticky":false,"template":"","format":"standard","meta":{"footnotes":""},"categories":[9],"tags":[],"class_list":["post-2844","post","type-post","status-publish","format-standard","has-post-thumbnail","hentry","category-blog"],"_links":{"self":[{"href":"https:\/\/www.yetkinbayer.com\/tr\/wp-json\/wp\/v2\/posts\/2844","targetHints":{"allow":["GET"]}}],"collection":[{"href":"https:\/\/www.yetkinbayer.com\/tr\/wp-json\/wp\/v2\/posts"}],"about":[{"href":"https:\/\/www.yetkinbayer.com\/tr\/wp-json\/wp\/v2\/types\/post"}],"author":[{"embeddable":true,"href":"https:\/\/www.yetkinbayer.com\/tr\/wp-json\/wp\/v2\/users\/1"}],"replies":[{"embeddable":true,"href":"https:\/\/www.yetkinbayer.com\/tr\/wp-json\/wp\/v2\/comments?post=2844"}],"version-history":[{"count":1,"href":"https:\/\/www.yetkinbayer.com\/tr\/wp-json\/wp\/v2\/posts\/2844\/revisions"}],"predecessor-version":[{"id":2858,"href":"https:\/\/www.yetkinbayer.com\/tr\/wp-json\/wp\/v2\/posts\/2844\/revisions\/2858"}],"wp:featuredmedia":[{"embeddable":true,"href":"https:\/\/www.yetkinbayer.com\/tr\/wp-json\/wp\/v2\/media\/2845"}],"wp:attachment":[{"href":"https:\/\/www.yetkinbayer.com\/tr\/wp-json\/wp\/v2\/media?parent=2844"}],"wp:term":[{"taxonomy":"category","embeddable":true,"href":"https:\/\/www.yetkinbayer.com\/tr\/wp-json\/wp\/v2\/categories?post=2844"},{"taxonomy":"post_tag","embeddable":true,"href":"https:\/\/www.yetkinbayer.com\/tr\/wp-json\/wp\/v2\/tags?post=2844"}],"curies":[{"name":"wp","href":"https:\/\/api.w.org\/{rel}","templated":true}]}}