{"id":2829,"date":"2025-04-28T18:13:35","date_gmt":"2025-04-28T15:13:35","guid":{"rendered":"https:\/\/www.yetkinbayer.com\/?p=2829"},"modified":"2025-04-28T18:13:35","modified_gmt":"2025-04-28T15:13:35","slug":"sac-ekimi-sonrasi-yagmur-zarar-verir-mi","status":"publish","type":"post","link":"https:\/\/www.yetkinbayer.com\/tr\/sac-ekimi-sonrasi-yagmur-zarar-verir-mi\/","title":{"rendered":"Sa\u00e7 Ekimi Sonras\u0131 Ya\u011fmur Zarar Verir Mi?"},"content":{"rendered":"<p class=\"p1\">Sa\u00e7 ekimi hassas bir i\u015flemdir. \u0130\u015flem \u00f6ncesinde, i\u015flem s\u0131ras\u0131nda ve i\u015flem sonras\u0131nda dikkatle uyulmas\u0131 gereken hususlar vard\u0131r. \u0130\u015flem \u00f6ncesi prosed\u00fcrler hastan\u0131n ve i\u015flemi uygulayacak merkezin ortak sorumlulu\u011fu alt\u0131ndad\u0131r. \u0130\u015flemin uygulanmas\u0131 s\u0131ras\u0131nda i\u015f y\u00fck\u00fc uygulamay\u0131 yapan ekip ve uygulaman\u0131n yap\u0131ld\u0131\u011f\u0131 merkezin \u00fczerindedir. Sa\u00e7 nakli ger\u00e7ekle\u015ftikten sonraki s\u00fcre\u00e7te ise sorumluluk hastan\u0131n kendisindedir. Hasta uygulama sonras\u0131 gereken bak\u0131mlar\u0131 bak\u0131mlar\u0131n\u0131 vaktinde ve titizlikle yapmal\u0131d\u0131r. <a href=\"https:\/\/yetkinbayer.com\/sac-ekim-sonrasi.html\" target=\"_blank\" rel=\"noopener\">Sa\u00e7 ekimi sonras\u0131nda<\/a> kafan\u0131n ya\u011fmur suyuna maruz kalmamas\u0131 gerekir. Bu durum yap\u0131lan i\u015flemden al\u0131nacak verimi do\u011frudan etkilemektedir.<\/p>\n<p>&#8220;Sa\u00e7 ekimi sonras\u0131 ya\u011fmura maruz kal\u0131rsak ne olur?&#8221; sorusu sa\u00e7 ekimi yapt\u0131rm\u0131\u015f ki\u015filer taraf\u0131ndan en fazla y\u00f6neltilen sorulardan biridir. Dr. Yetkin Bayer, &#8220;Sa\u00e7 ekimi sonras\u0131 iyile\u015fme s\u00fcreci nas\u0131ld\u0131r?&#8221; ve &#8220;Sa\u00e7 ekimi sonras\u0131 neden ya\u011fmura maruz kalmamak gerekir?&#8221; gibi sorular\u0131 sizler i\u00e7in yan\u0131tl\u0131yor.<\/p>\n<div id=\"ez-toc-container\" class=\"ez-toc-v2_0_82_2 counter-flat ez-toc-counter ez-toc-grey ez-toc-container-direction\">\n<div class=\"ez-toc-title-container\">\n<p class=\"ez-toc-title\" style=\"cursor:inherit\">Table of Contents<\/p>\n<span class=\"ez-toc-title-toggle\"><a href=\"#\" class=\"ez-toc-pull-right ez-toc-btn ez-toc-btn-xs ez-toc-btn-default ez-toc-toggle\" aria-label=\"\u0130\u00e7indekiler Tablosunu A\u00e7\/Kapat\"><span class=\"ez-toc-js-icon-con\"><span class=\"\"><span class=\"eztoc-hide\" style=\"display:none;\">Toggle<\/span><span class=\"ez-toc-icon-toggle-span\"><svg style=\"fill: #999;color:#999\" xmlns=\"http:\/\/www.w3.org\/2000\/svg\" class=\"list-377408\" width=\"20px\" height=\"20px\" viewBox=\"0 0 24 24\" fill=\"none\"><path d=\"M6 6H4v2h2V6zm14 0H8v2h12V6zM4 11h2v2H4v-2zm16 0H8v2h12v-2zM4 16h2v2H4v-2zm16 0H8v2h12v-2z\" fill=\"currentColor\"><\/path><\/svg><svg style=\"fill: #999;color:#999\" class=\"arrow-unsorted-368013\" xmlns=\"http:\/\/www.w3.org\/2000\/svg\" width=\"10px\" height=\"10px\" viewBox=\"0 0 24 24\" version=\"1.2\" baseProfile=\"tiny\"><path d=\"M18.2 9.3l-6.2-6.3-6.2 6.3c-.2.2-.3.4-.3.7s.1.5.3.7c.2.2.4.3.7.3h11c.3 0 .5-.1.7-.3.2-.2.3-.5.3-.7s-.1-.5-.3-.7zM5.8 14.7l6.2 6.3 6.2-6.3c.2-.2.3-.5.3-.7s-.1-.5-.3-.7c-.2-.2-.4-.3-.7-.3h-11c-.3 0-.5.1-.7.3-.2.2-.3.5-.3.7s.1.5.3.7z\"\/><\/svg><\/span><\/span><\/span><\/a><\/span><\/div>\n<nav><ul class='ez-toc-list ez-toc-list-level-1 eztoc-toggle-hide-by-default' ><li class='ez-toc-page-1'><a class=\"ez-toc-link ez-toc-heading-1\" href=\"#\" data-href=\"https:\/\/www.yetkinbayer.com\/tr\/sac-ekimi-sonrasi-yagmur-zarar-verir-mi\/#Sac_ekimi_sonrasi_iyilesme_sureci\" >Sa\u00e7 ekimi sonras\u0131 iyile\u015fme s\u00fcreci<\/a><\/li><li class='ez-toc-page-1'><a class=\"ez-toc-link ez-toc-heading-2\" href=\"#\" data-href=\"https:\/\/www.yetkinbayer.com\/tr\/sac-ekimi-sonrasi-yagmur-zarar-verir-mi\/#Sac_ekimi_sonrasi_neden_yagmura_maruz_kalmamak_gerekir\" >Sa\u00e7 ekimi sonras\u0131 neden ya\u011fmura maruz kalmamak gerekir?<\/a><\/li><li class='ez-toc-page-1'><a class=\"ez-toc-link ez-toc-heading-3\" href=\"#\" data-href=\"https:\/\/www.yetkinbayer.com\/tr\/sac-ekimi-sonrasi-yagmur-zarar-verir-mi\/#Sac_ekim_isleminin_ardindan_yagmura_maruz_kalinirsa_ne_olur\" >Sa\u00e7 ekim i\u015fleminin ard\u0131ndan ya\u011fmura maruz kal\u0131n\u0131rsa ne olur?<\/a><\/li><li class='ez-toc-page-1'><a class=\"ez-toc-link ez-toc-heading-4\" href=\"#\" data-href=\"https:\/\/www.yetkinbayer.com\/tr\/sac-ekimi-sonrasi-yagmur-zarar-verir-mi\/#Sac_ekiminden_sonra_yagmurdan_nasil_korunabilir\" >Sa\u00e7 ekiminden sonra ya\u011fmurdan nas\u0131l korunabilir?<\/a><\/li><li class='ez-toc-page-1'><a class=\"ez-toc-link ez-toc-heading-5\" href=\"#\" data-href=\"https:\/\/www.yetkinbayer.com\/tr\/sac-ekimi-sonrasi-yagmur-zarar-verir-mi\/#Sac_ekimi_islemi_hakkinda_unutulmamasi_gerekenler_nelerdir\" >Sa\u00e7 ekimi i\u015flemi hakk\u0131nda unutulmamas\u0131 gerekenler nelerdir?<\/a><\/li><li class='ez-toc-page-1'><a class=\"ez-toc-link ez-toc-heading-6\" href=\"#\" data-href=\"https:\/\/www.yetkinbayer.com\/tr\/sac-ekimi-sonrasi-yagmur-zarar-verir-mi\/#Sac_Ekiminden_Sonra_Dis_Etkenlerden_Korunmak_Onemlidir\" >Sa\u00e7 Ekiminden Sonra D\u0131\u015f Etkenlerden Korunmak \u00d6nemlidir<\/a><\/li><\/ul><\/nav><\/div>\n<h2 class=\"p1\"><span class=\"ez-toc-section\" id=\"Sac_ekimi_sonrasi_iyilesme_sureci\"><\/span>Sa\u00e7 ekimi sonras\u0131 iyile\u015fme s\u00fcreci<span class=\"ez-toc-section-end\"><\/span><\/h2>\n<p class=\"p1\">Uygulamadan sonraki ilk s\u00fcre\u00e7te don\u00f6r b\u00f6lgede ve sa\u00e7 k\u00f6klerinin al\u0131nd\u0131\u011f\u0131 b\u00f6lgede ka\u015f\u0131nmalar ya\u015fan\u0131r. Bu s\u00fcre\u00e7te sa\u00e7 derisini ka\u015f\u0131mamak gerekir.<\/p>\n<p class=\"p1\">\u0130lk 2 hafta uyurken y\u00fcksek yast\u0131klar\u0131 kullan\u0131lmas\u0131 sa\u00e7 derisinin yast\u0131\u011fa m\u00fcmk\u00fcn oldu\u011fu kadar temas\u0131n\u0131n engellenmesi gerekir.<\/p>\n<p class=\"p1\">\u00d6demden korunmak i\u00e7in s\u0131k s\u0131k so\u011fuk kompres uygulamas\u0131 yap\u0131labilir.<\/p>\n<p class=\"p1\">Sa\u00e7 uygulamas\u0131 yap\u0131lan alan\u0131n steril tutulmas\u0131na ekstra \u00f6zen g\u00f6sterilmesi gerekir.<\/p>\n<p class=\"p1\">Operasyondan sonraki 2 haftal\u0131k s\u00fcre\u00e7te du\u015f al\u0131rken sa\u00e7 derisine nazik davran\u0131lmal\u0131d\u0131r. Yeni ekilen sa\u00e7 k\u00f6klerinin yerinden oynat\u0131lmas\u0131 d\u00f6k\u00fclmelere yol a\u00e7abilir.<\/p>\n<p class=\"p1\">\u0130lk 30 g\u00fcnl\u00fck s\u00fcre\u00e7te kafa derisinin a\u015f\u0131r\u0131 terlemesine sebep olabilecek aktivitelerden ka\u00e7\u0131n\u0131lmas\u0131 gerekir. Ayn\u0131 \u015fekilde kafa derisine kan ak\u0131\u015f\u0131n\u0131n h\u0131zlanmas\u0131na sebep olabilecek etkinliklerden de bu s\u00fcre\u00e7te uzak durulmal\u0131d\u0131r.<\/p>\n<h2 class=\"p1\"><span class=\"ez-toc-section\" id=\"Sac_ekimi_sonrasi_neden_yagmura_maruz_kalmamak_gerekir\"><\/span>Sa\u00e7 ekimi sonras\u0131 neden ya\u011fmura maruz kalmamak gerekir?<span class=\"ez-toc-section-end\"><\/span><\/h2>\n<p class=\"p1\">Sa\u00e7 ekim i\u015fleminden sonraki ilk 2 haftal\u0131k s\u00fcre\u00e7 \u00e7ok \u00f6nemlidir. Bu s\u00fcre\u00e7te don\u00f6r b\u00f6lgenin ve sa\u00e7 k\u00f6klerinin al\u0131nd\u0131\u011f\u0131 b\u00f6lgenin iyi bir bak\u0131ma ihtiyac\u0131 vard\u0131r. D\u0131\u015f etmenlere maruz kalmamas\u0131 gerekir. Uygulama yap\u0131lan alan\u0131n sa\u011fl\u0131kl\u0131 bir iyile\u015fme s\u00fcreci ya\u015famas\u0131 sa\u00e7 ekim i\u015fleminin verimli olmas\u0131n\u0131 sa\u011flar. \u0130lk 3 g\u00fcn du\u015f al\u0131nmas\u0131na bile izin verilmez. Ya\u011fmur suyunun i\u00e7eri\u011finde saf su bulunur. Fakat ya\u011fmur suyu bulutlardan \u00e7\u0131k\u0131p yery\u00fcz\u00fcne d\u00fc\u015fece\u011fi ana kadar yerden y\u00fckselen toz ve kir par\u00e7ac\u0131klar\u0131yla bulu\u015fur ve bu zarars\u0131z halini yitirir. Sa\u00e7 ekim i\u015fleminden sonra sa\u00e7lar\u0131n ya\u011fmur suyuna maruz kalmamas\u0131 gerekir. Ya\u011fmur suyu enfeksiyona sebep olabilecek ufak bir toz par\u00e7ac\u0131\u011f\u0131yla birle\u015fmi\u015f halde sa\u00e7l\u0131 deriye temas ederse uygulama yap\u0131lan b\u00f6lgede rahats\u0131z edici sonu\u00e7larla kar\u015f\u0131la\u015f\u0131lmas\u0131na neden olabilir.<\/p>\n<h2 class=\"p1\"><span class=\"ez-toc-section\" id=\"Sac_ekim_isleminin_ardindan_yagmura_maruz_kalinirsa_ne_olur\"><\/span>Sa\u00e7 ekim i\u015fleminin ard\u0131ndan ya\u011fmura maruz kal\u0131n\u0131rsa ne olur?<span class=\"ez-toc-section-end\"><\/span><\/h2>\n<p class=\"p1\">Sa\u00e7 ekimi i\u015fleminin ard\u0131ndan ilk haftalar \u00e7ok \u00f6nemlidir. \u00d6zellikle ilk 15 g\u00fcn i\u00e7inde ya\u011fmur suyunun sa\u00e7\u0131n\u0131za temas etmemesi gerekir. E\u011fer sa\u00e7 derisi i\u015flemden k\u0131sa bir s\u00fcre sonra ya\u011fmur suyuyla temasa girerse bu durum istenmeyen sonu\u00e7lar do\u011furabilir. Sa\u00e7 k\u00f6klerinin hasar almamas\u0131 ve sa\u011fl\u0131kl\u0131 bir iyile\u015fme s\u00fcreci ge\u00e7irilmesi i\u00e7in ya\u011fmurdan mutlaka korunman\u0131z gerekir. Ya\u011fmur suyu, sa\u00e7\u0131n PH dengesini bozabilir\u00a0ve yeni ekilen sa\u00e7 k\u00f6klerinin tam olarak iyile\u015fmedi\u011fi i\u00e7in \u00f6lmesine sebep olabilir.<\/p>\n<h2 class=\"p1\"><span class=\"ez-toc-section\" id=\"Sac_ekiminden_sonra_yagmurdan_nasil_korunabilir\"><\/span>Sa\u00e7 ekiminden sonra ya\u011fmurdan nas\u0131l korunabilir?<span class=\"ez-toc-section-end\"><\/span><\/h2>\n<p class=\"p1\">Sa\u00e7 ekim i\u015fleminden sonra sa\u00e7 k\u00f6klerinin sa\u011fl\u0131kl\u0131 iyile\u015fmesine f\u0131rsat tan\u0131nmas\u0131 i\u00e7in ya\u011fmurdan korunman\u0131n neden gerekli oldu\u011funu ve aksi halde ne sonu\u00e7lara yol a\u00e7abilece\u011fini \u00fcst k\u0131s\u0131mda anlatt\u0131k. Bu konuda uygulamay\u0131 yapt\u0131ran ki\u015finin \u00f6nlemlerini almas\u0131 gerekir. Sa\u00e7 k\u00f6klerini ya\u011fmurdan ve g\u00fcne\u015f \u0131\u015f\u0131nlar\u0131n\u0131n zararl\u0131 etkilerinden korumak i\u00e7in dikkatli davranmak gerekir. Ya\u011fmur riski olan zaman dilimlerinde d\u0131\u015far\u0131 \u00e7\u0131kmamak gerekir. Zorunlu olarak d\u0131\u015far\u0131 \u00e7\u0131k\u0131lmas\u0131 gerekiyorsa mutlaka \u015femsiye kullan\u0131lmal\u0131d\u0131r.<\/p>\n<h2 class=\"p1\"><span class=\"ez-toc-section\" id=\"Sac_ekimi_islemi_hakkinda_unutulmamasi_gerekenler_nelerdir\"><\/span>Sa\u00e7 ekimi i\u015flemi hakk\u0131nda unutulmamas\u0131 gerekenler nelerdir?<span class=\"ez-toc-section-end\"><\/span><\/h2>\n<p class=\"p1\"><a href=\"https:\/\/yetkinbayer.com\/sac-ekimi\" target=\"_blank\" rel=\"noopener\">Sa\u00e7 ekimi<\/a> yap\u0131lan alanda ka\u015f\u0131nt\u0131lar olmas\u0131 normaldir. Bu ka\u015f\u0131nt\u0131lara elden geldi\u011fince kadar m\u00fcdahale etmemek gerekir. Sa\u00e7\u0131 ka\u015f\u0131mak sa\u00e7\u0131n do\u011fal iyile\u015fme s\u00fcrecinde aksamalara sebep olur. Ka\u015f\u0131nt\u0131n\u0131n fazla olmas\u0131 durumunda, ka\u015f\u0131nt\u0131y\u0131 kesmek amac\u0131yla doktorunuzun tavsiye edece\u011fi kremleri kullanabilirsiniz.<\/p>\n<p class=\"p1\">Sa\u00e7 ekim i\u015flemi cerrahi bir m\u00fcdahaledir. Bu y\u00fczden bir sa\u011fl\u0131k kurulu\u015funda yap\u0131lmal\u0131d\u0131r. Hizmet al\u0131nacak yerin ve hizmet veren personelin yetkinli\u011fi, ruhsat\u0131 mutlaka sorgulanmal\u0131d\u0131r.<\/p>\n<p class=\"p1\">Maliyet hesab\u0131 yap\u0131lmas\u0131 ve al\u0131nacak hizmetin maliyetten daha \u00f6ncelikli olarak de\u011ferlendirilmesi gerekir. Ucuz hizmet sunan yerlerin g\u00fcvenilirli\u011finden emin olmadan hizmet al\u0131nmamal\u0131d\u0131r.<\/p>\n<p class=\"p1\">Sa\u011fl\u0131k en de\u011ferli varl\u0131\u011f\u0131m\u0131zd\u0131r. Sa\u011fl\u0131\u011f\u0131m\u0131z\u0131 riske atacak her t\u00fcrl\u00fc durumdan ka\u00e7\u0131nmak gerekir. Sa\u00e7 ekim i\u015flemi yapt\u0131rmadan \u00f6nce t\u00fcm s\u00fcre\u00e7 hakk\u0131nda ayr\u0131nt\u0131l\u0131 bilgi al\u0131nmas\u0131, i\u015flemin art\u0131lar\u0131 ve eksilerinin iyi de\u011ferlendirilmesi gerekir. \u0130\u015flemden \u00f6nce beklentiler net ifade edilmelidir. \u0130\u015flem sonras\u0131 ortaya \u00e7\u0131kan g\u00f6r\u00fcnt\u00fcden memnun kalmamak ya da k\u00f6t\u00fc bir s\u00fcrprizle kar\u015f\u0131la\u015fmamak i\u00e7in s\u00fcre\u00e7 iyi y\u00f6netilmelidir.<\/p>\n<h2 class=\"p1\"><span class=\"ez-toc-section\" id=\"Sac_Ekiminden_Sonra_Dis_Etkenlerden_Korunmak_Onemlidir\"><\/span>Sa\u00e7 Ekiminden Sonra D\u0131\u015f Etkenlerden Korunmak \u00d6nemlidir<span class=\"ez-toc-section-end\"><\/span><\/h2>\n<p class=\"p1\">Yaln\u0131zca sa\u00e7 ekiminden sonra ya\u011fmur durumundan de\u011fil, operasyondan sonra haricen maruz kalaca\u011f\u0131n\u0131z hemen her etken operasyonun <a href=\"https:\/\/yetkinbayer.com\/sac-ekimi-sonuclari.html\" target=\"_blank\" rel=\"noopener\">sonu\u00e7lar\u0131n\u0131<\/a> tehlikeye atabilir. Bu nedenle, hekiminizin talimatlar\u0131 do\u011frultusunda, sa\u00e7 ekiminden sonra son derece dikkatli davranmal\u0131, en az\u0131ndan kritik s\u00fcre\u00e7 olarak belirtilen periyotta, sa\u00e7lar\u0131n\u0131z\u0131 korumal\u0131s\u0131n\u0131z.<\/p>\n<p class=\"p1\">Ya\u011fmur suyunun dahi zararl\u0131 olabilece\u011fi \u015fartlarda, di\u011fer etkenlerin ne denli sorun yaratabilece\u011fini anlayabiliyoruz. Bu bak\u0131mdan, sa\u00e7 ekimi yapt\u0131rd\u0131ktan sonra, size verilen talimatlar\u0131 eksiksiz uygulamay\u0131 unutmay\u0131n\u0131z.<\/p>\n<p class=\"p1\">Sa\u00e7 ekimi uygulamas\u0131n\u0131n cerrahi bir uygulama oldu\u011funu ve t\u0131bbi kurallara uygun yap\u0131lmas\u0131 gerekti\u011fini unutmay\u0131n\u0131z. Bu uygulaman\u0131n sizin i\u00e7in negatif etkileri olmamas\u0131 i\u00e7in, bu ba\u015fl\u0131kta bahsetti\u011fimiz ya\u011fmura maruz kalma gibi hususlar\u0131 hassasiyetle ekarte ediniz.<\/p>\n<p class=\"p2\">Yasal Uyar\u0131: Bu sayfadaki ifadeler bilgi verme ama\u00e7l\u0131 olup, ba\u011flay\u0131c\u0131 nitelik ta\u015f\u0131maz. Hi\u00e7bir bilgi, tedavi tavsiyesi olmay\u0131p, doktor tavsiyelerinin \u00f6n\u00fcnde de\u011fildir. Kesin bilgi ve talimatlar\u0131, yaln\u0131zca doktorunuzdan alman\u0131z sa\u011fl\u0131\u011f\u0131n\u0131z a\u00e7\u0131s\u0131ndan son derece \u00f6nemlidir.<\/p>\n<p>Kaynak\u00e7a:<\/p>\n<p><a href=\"https:\/\/torontohairtransplantclinic.com\/hair-transplant-treatment-toronto\/does-the-weather-affect-my-hair-transplant\" target=\"_blank\" rel=\"noopener\">https:\/\/torontohairtransplantclinic.com\/hair-transplant-treatment-toronto\/does-the-weather-affect-my-hair-transplant<\/a><\/p>\n","protected":false},"excerpt":{"rendered":"<p>Sa\u00e7 ekimi hassas bir i\u015flemdir. \u0130\u015flem \u00f6ncesinde, i\u015flem s\u0131ras\u0131nda ve i\u015flem sonras\u0131nda dikkatle uyulmas\u0131 gereken hususlar vard\u0131r. \u0130\u015flem \u00f6ncesi prosed\u00fcrler hastan\u0131n ve i\u015flemi uygulayacak merkezin ortak sorumlulu\u011fu alt\u0131ndad\u0131r. \u0130\u015flemin uygulanmas\u0131 s\u0131ras\u0131nda i\u015f y\u00fck\u00fc uygulamay\u0131 yapan ekip ve uygulaman\u0131n yap\u0131ld\u0131\u011f\u0131 merkezin \u00fczerindedir. Sa\u00e7 nakli ger\u00e7ekle\u015ftikten sonraki s\u00fcre\u00e7te ise sorumluluk hastan\u0131n kendisindedir. Hasta uygulama sonras\u0131 gereken bak\u0131mlar\u0131 [&hellip;]<\/p>\n","protected":false},"author":1,"featured_media":2830,"comment_status":"closed","ping_status":"closed","sticky":false,"template":"","format":"standard","meta":{"footnotes":""},"categories":[9],"tags":[],"class_list":["post-2829","post","type-post","status-publish","format-standard","has-post-thumbnail","hentry","category-blog"],"_links":{"self":[{"href":"https:\/\/www.yetkinbayer.com\/tr\/wp-json\/wp\/v2\/posts\/2829","targetHints":{"allow":["GET"]}}],"collection":[{"href":"https:\/\/www.yetkinbayer.com\/tr\/wp-json\/wp\/v2\/posts"}],"about":[{"href":"https:\/\/www.yetkinbayer.com\/tr\/wp-json\/wp\/v2\/types\/post"}],"author":[{"embeddable":true,"href":"https:\/\/www.yetkinbayer.com\/tr\/wp-json\/wp\/v2\/users\/1"}],"replies":[{"embeddable":true,"href":"https:\/\/www.yetkinbayer.com\/tr\/wp-json\/wp\/v2\/comments?post=2829"}],"version-history":[{"count":1,"href":"https:\/\/www.yetkinbayer.com\/tr\/wp-json\/wp\/v2\/posts\/2829\/revisions"}],"predecessor-version":[{"id":2843,"href":"https:\/\/www.yetkinbayer.com\/tr\/wp-json\/wp\/v2\/posts\/2829\/revisions\/2843"}],"wp:featuredmedia":[{"embeddable":true,"href":"https:\/\/www.yetkinbayer.com\/tr\/wp-json\/wp\/v2\/media\/2830"}],"wp:attachment":[{"href":"https:\/\/www.yetkinbayer.com\/tr\/wp-json\/wp\/v2\/media?parent=2829"}],"wp:term":[{"taxonomy":"category","embeddable":true,"href":"https:\/\/www.yetkinbayer.com\/tr\/wp-json\/wp\/v2\/categories?post=2829"},{"taxonomy":"post_tag","embeddable":true,"href":"https:\/\/www.yetkinbayer.com\/tr\/wp-json\/wp\/v2\/tags?post=2829"}],"curies":[{"name":"wp","href":"https:\/\/api.w.org\/{rel}","templated":true}]}}