{"id":2814,"date":"2025-04-28T18:12:00","date_gmt":"2025-04-28T15:12:00","guid":{"rendered":"https:\/\/www.yetkinbayer.com\/?p=2814"},"modified":"2025-04-28T18:12:00","modified_gmt":"2025-04-28T15:12:00","slug":"sac-ekimi-sonrasi-mide-bulantisi-olur-mu","status":"publish","type":"post","link":"https:\/\/www.yetkinbayer.com\/tr\/sac-ekimi-sonrasi-mide-bulantisi-olur-mu\/","title":{"rendered":"Sa\u00e7 Ekimi Sonras\u0131 Mide Bulant\u0131s\u0131 Olur Mu?"},"content":{"rendered":"<p class=\"p1\"><strong>Sa\u00e7 ekimi<\/strong> cerrahi bir i\u015flemdir. Bu i\u015flemde lokal anestezi ila\u00e7lar\u0131 kullan\u0131l\u0131r. Bu anestezi ila\u00e7lar\u0131, kimi hastalarda reaktif olabilir. Bu nedenle sa\u00e7 ekimi sonras\u0131 mide bulant\u0131s\u0131 ortaya \u00e7\u0131kabilen ancak k\u0131sa s\u00fcren bir sorundur. \u00c7ok ciddi ve ge\u00e7meyen kusma durumlar\u0131nda ise hekime ba\u015fvurmak gereklidir.<\/p>\n<p class=\"p1\">Sa\u00e7 ekimi i\u015flemi ge\u00e7iren ki\u015filerin i\u015flemden sonra baz\u0131 rahats\u0131zl\u0131klar\u0131 olu\u015fabilmektedir. Sa\u00e7 ekim i\u015fleminde sa\u00e7 k\u00f6kleri ekildikten on g\u00fcn sonra sa\u00e7 derisi soyularak d\u00f6k\u00fclebilir.<\/p>\n<p class=\"p1\">Sa\u00e7 ekim i\u015flemi ge\u00e7iren hastalar\u0131n i\u015flemi ger\u00e7ekle\u015ftiren uzman hekim taraf\u0131ndan bu gibi konular hakk\u0131nda detayl\u0131 bir \u015fekilde bilgilendirilmesi gerekmektedir. Detayl\u0131 bir \u015fekilde bilgilendirilen ki\u015filer bu gibi durumlarla kar\u015f\u0131la\u015ft\u0131klar\u0131 zaman stres ya\u015famayacaklard\u0131r. Sa\u00e7 ekim i\u015fleminden sonra sa\u00e7lar\u0131n uzamas\u0131n\u0131 beklemek uzun s\u00fcrebilir.<\/p>\n<p>&#8220;Sa\u00e7 ekimi sonras\u0131 mide bulant\u0131s\u0131 olur mu?&#8221; sorusu sa\u00e7 ekimi yapt\u0131rm\u0131\u015f ki\u015filer taraf\u0131ndan en fazla y\u00f6neltilen sorulardan biridir. Dr. Yetkin Bayer, &#8220;Sa\u00e7 ekimi sonras\u0131 mide bulant\u0131s\u0131 uzun s\u00fcre olur mu?&#8221; ve &#8220;Sa\u00e7 ekimi sonras\u0131 neler yasakt\u0131r?&#8221; gibi sorular\u0131 sizler i\u00e7in yan\u0131tl\u0131yor.<\/p>\n<div id=\"ez-toc-container\" class=\"ez-toc-v2_0_82_2 counter-flat ez-toc-counter ez-toc-grey ez-toc-container-direction\">\n<div class=\"ez-toc-title-container\">\n<p class=\"ez-toc-title\" style=\"cursor:inherit\">Table of Contents<\/p>\n<span class=\"ez-toc-title-toggle\"><a href=\"#\" class=\"ez-toc-pull-right ez-toc-btn ez-toc-btn-xs ez-toc-btn-default ez-toc-toggle\" aria-label=\"\u0130\u00e7indekiler Tablosunu A\u00e7\/Kapat\"><span class=\"ez-toc-js-icon-con\"><span class=\"\"><span class=\"eztoc-hide\" style=\"display:none;\">Toggle<\/span><span class=\"ez-toc-icon-toggle-span\"><svg style=\"fill: #999;color:#999\" xmlns=\"http:\/\/www.w3.org\/2000\/svg\" class=\"list-377408\" width=\"20px\" height=\"20px\" viewBox=\"0 0 24 24\" fill=\"none\"><path d=\"M6 6H4v2h2V6zm14 0H8v2h12V6zM4 11h2v2H4v-2zm16 0H8v2h12v-2zM4 16h2v2H4v-2zm16 0H8v2h12v-2z\" fill=\"currentColor\"><\/path><\/svg><svg style=\"fill: #999;color:#999\" class=\"arrow-unsorted-368013\" xmlns=\"http:\/\/www.w3.org\/2000\/svg\" width=\"10px\" height=\"10px\" viewBox=\"0 0 24 24\" version=\"1.2\" baseProfile=\"tiny\"><path d=\"M18.2 9.3l-6.2-6.3-6.2 6.3c-.2.2-.3.4-.3.7s.1.5.3.7c.2.2.4.3.7.3h11c.3 0 .5-.1.7-.3.2-.2.3-.5.3-.7s-.1-.5-.3-.7zM5.8 14.7l6.2 6.3 6.2-6.3c.2-.2.3-.5.3-.7s-.1-.5-.3-.7c-.2-.2-.4-.3-.7-.3h-11c-.3 0-.5.1-.7.3-.2.2-.3.5-.3.7s.1.5.3.7z\"\/><\/svg><\/span><\/span><\/span><\/a><\/span><\/div>\n<nav><ul class='ez-toc-list ez-toc-list-level-1 eztoc-toggle-hide-by-default' ><li class='ez-toc-page-1'><a class=\"ez-toc-link ez-toc-heading-1\" href=\"#\" data-href=\"https:\/\/www.yetkinbayer.com\/tr\/sac-ekimi-sonrasi-mide-bulantisi-olur-mu\/#Sac_ekimi_sonrasi_mide_bulantisi_uzun_sure_olur_mu\" >Sa\u00e7 ekimi sonras\u0131 mide bulant\u0131s\u0131 uzun s\u00fcre olur mu?<\/a><\/li><li class='ez-toc-page-1'><a class=\"ez-toc-link ez-toc-heading-2\" href=\"#\" data-href=\"https:\/\/www.yetkinbayer.com\/tr\/sac-ekimi-sonrasi-mide-bulantisi-olur-mu\/#Yasam_bicimine_ve_aliskanliklara_dikkat_edilmelidir\" >Ya\u015fam bi\u00e7imine ve al\u0131\u015fkanl\u0131klara dikkat edilmelidir<\/a><\/li><li class='ez-toc-page-1'><a class=\"ez-toc-link ez-toc-heading-3\" href=\"#\" data-href=\"https:\/\/www.yetkinbayer.com\/tr\/sac-ekimi-sonrasi-mide-bulantisi-olur-mu\/#Sac_ekiminden_sonra_talimatlara_uyunuz\" >Sa\u00e7 ekiminden sonra talimatlara uyunuz<\/a><\/li><li class='ez-toc-page-1'><a class=\"ez-toc-link ez-toc-heading-4\" href=\"#\" data-href=\"https:\/\/www.yetkinbayer.com\/tr\/sac-ekimi-sonrasi-mide-bulantisi-olur-mu\/#Sac_Ekimi_Islemi_Sonrasinda_Neler_Yasaktir\" >Sa\u00e7 Ekimi \u0130\u015flemi Sonras\u0131nda Neler Yasakt\u0131r?<\/a><\/li><li class='ez-toc-page-1'><a class=\"ez-toc-link ez-toc-heading-5\" href=\"#\" data-href=\"https:\/\/www.yetkinbayer.com\/tr\/sac-ekimi-sonrasi-mide-bulantisi-olur-mu\/#Sac_ekiminden_sonra_mide_bulantisi_kac_saat_surer\" >Sa\u00e7 ekiminden sonra mide bulant\u0131s\u0131 ka\u00e7 saat s\u00fcrer?<\/a><\/li><li class='ez-toc-page-1'><a class=\"ez-toc-link ez-toc-heading-6\" href=\"#\" data-href=\"https:\/\/www.yetkinbayer.com\/tr\/sac-ekimi-sonrasi-mide-bulantisi-olur-mu\/#Kusturmayan_mide_bulantisi_neden_olur\" >Kusturmayan mide bulant\u0131s\u0131 neden olur?<\/a><\/li><li class='ez-toc-page-1'><a class=\"ez-toc-link ez-toc-heading-7\" href=\"#\" data-href=\"https:\/\/www.yetkinbayer.com\/tr\/sac-ekimi-sonrasi-mide-bulantisi-olur-mu\/#Ameliyat_sonrasi_mide_bulantisi_neden_olur\" >Ameliyat sonras\u0131 mide bulant\u0131s\u0131 neden olur?<\/a><\/li><li class='ez-toc-page-1'><a class=\"ez-toc-link ez-toc-heading-8\" href=\"#\" data-href=\"https:\/\/www.yetkinbayer.com\/tr\/sac-ekimi-sonrasi-mide-bulantisi-olur-mu\/#Kaynakca\" >Kaynak\u00e7a:<\/a><\/li><\/ul><\/nav><\/div>\n<h2 class=\"p1\"><span class=\"ez-toc-section\" id=\"Sac_ekimi_sonrasi_mide_bulantisi_uzun_sure_olur_mu\"><\/span>Sa\u00e7 ekimi sonras\u0131 mide bulant\u0131s\u0131 uzun s\u00fcre olur mu?<span class=\"ez-toc-section-end\"><\/span><\/h2>\n<p class=\"p1\">Sa\u00e7 ekim i\u015fleminin ard\u0131ndan k\u00f6klerin kanallara yerle\u015fmesinin ortalama 3 ay s\u00fcrmesi \u00e7ok do\u011fald\u0131r. Sa\u00e7 ekim i\u015fleminin ger\u00e7ekle\u015ftirilmesinin ard\u0131ndan kepeklenme ve cilt bozukluklar\u0131 ortaya \u00e7\u0131kabilir.<\/p>\n<p class=\"p1\">Bu tarz cilt bozukluklar\u0131n\u0131n giderilmesi i\u00e7in i\u015flemi ger\u00e7ekle\u015ftiren uzman hekim taraf\u0131ndan bir tedavi uygulanmas\u0131 gerekir. Sa\u00e7 ekim sonras\u0131 mide bulant\u0131s\u0131 ya\u015fanmas\u0131 herkese ilgin\u00e7 gelecektir. Sa\u00e7 ekimi sonras\u0131 mide bulant\u0131s\u0131 durumu ki\u015fiden ki\u015fiye de\u011fi\u015febilmektedir.<\/p>\n<p class=\"p1\"><strong><a href=\"https:\/\/www.yetkinbayer.com\/tr\/sac-ekimi\">Sa\u00e7 ekimi<\/a><\/strong> sonras\u0131 mide bulant\u0131s\u0131 ya\u015fayan ki\u015filerin sa\u00e7 ekim i\u015flemini ger\u00e7ekle\u015ftirmi\u015f olan uzman hekim taraf\u0131ndan re\u00e7ete edilen ila\u00e7lar\u0131 kullanmas\u0131yla mide bulant\u0131s\u0131ndan kurtulabilirler. Sa\u00e7 ekim i\u015flemi sonras\u0131nda kafan\u0131za tak\u0131lan t\u00fcm sorunlar i\u00e7in sa\u00e7 ekim i\u015flemini ger\u00e7ekle\u015ftiren merkez ya da hekime ba\u015fvurabilirsiniz.<\/p>\n<p class=\"p1\">T\u00fcm sorular\u0131n\u0131za i\u015fleminizi ger\u00e7ekle\u015ftiren hekimden en do\u011fru cevaplar\u0131 alabilirsiniz.<span class=\"Apple-converted-space\">\u00a0 <\/span>Ancak sa\u00e7 ekimi sonras\u0131 mide bulant\u0131s\u0131 ya\u015famak, her durumda sa\u00e7 ekimi ile ili\u015fkilendirilmemelidir.<\/p>\n<h2 class=\"p1\"><span class=\"ez-toc-section\" id=\"Yasam_bicimine_ve_aliskanliklara_dikkat_edilmelidir\"><\/span>Ya\u015fam bi\u00e7imine ve al\u0131\u015fkanl\u0131klara dikkat edilmelidir<span class=\"ez-toc-section-end\"><\/span><\/h2>\n<p class=\"p1\">Sa\u00e7 ekimi i\u015fleminden sonra hastalar\u0131n ak\u0131llar\u0131na tak\u0131lan sorulardan birisi sigara kullan\u0131m\u0131d\u0131r. Sigara kullanan hastalar\u0131n sa\u00e7 ekim i\u015fleminden sonra sigara kullan\u0131m\u0131n\u0131 en az\u0131ndan bir s\u00fcreli\u011fine kesmeleri gerekmektedir.<\/p>\n<p class=\"p1\">Sigara kan\u0131n i\u00e7erisindeki oksijen miktar\u0131n\u0131n azalmas\u0131na sebep oldu\u011fundan kullan\u0131lmamal\u0131d\u0131r. V\u00fccut dokular\u0131n\u0131n ihtiyac\u0131 olan oksijene kan yoluyla ula\u015fmaktad\u0131r. Sigara t\u00fcketiminden kaynakl\u0131 kandaki oksijenin azalmas\u0131yla dokulara yeterli miktarda oksijen ula\u015famaz.<\/p>\n<p class=\"p1\">Sa\u00e7 ekim i\u015flemi cerrahi bir i\u015flem oldu\u011fundan ve cerrahi i\u015flemlerde iyile\u015fme s\u00fcrecinin sekteye u\u011framamas\u0131 i\u00e7in sigara kullan\u0131m\u0131n\u0131n kesilmesi gerekir. Sigara kullan\u0131m\u0131 sa\u00e7 ekim i\u015fleminin olumsuz sonu\u00e7lanmas\u0131na da etki edebilmektedir. Ekilen sa\u00e7 k\u00f6klerinin yerle\u015fememesi ve uzama s\u00fcresinin gecikmesi gibi durumlara sigara kullan\u0131m\u0131 etki etmektedir.<\/p>\n<p class=\"p1\">Bu sebepler y\u00fcz\u00fcnden sa\u00e7 ekim i\u015flemi sonras\u0131nda sigara kullan\u0131m\u0131na en az 2 hafta s\u00fcreyle ara verilmesi gerekmektedir. M\u00fcmk\u00fcnse iyile\u015fme s\u00fcrecinin tamam\u0131 boyunca sigara kullan\u0131lmamal\u0131d\u0131r. Sa\u00e7 ekim i\u015fleminden al\u0131nacak verimin ve iyile\u015fme s\u00fcrecinin d\u00fczene girmesi i\u00e7in sigara ve di\u011fer maddelerin kullan\u0131m\u0131ndan uzak durulmal\u0131d\u0131r.<\/p>\n<h2 class=\"p1\"><span class=\"ez-toc-section\" id=\"Sac_ekiminden_sonra_talimatlara_uyunuz\"><\/span>Sa\u00e7 ekiminden sonra talimatlara uyunuz<span class=\"ez-toc-section-end\"><\/span><\/h2>\n<p class=\"p1\">Sa\u00e7 ekim i\u015flemi sonras\u0131nda sa\u00e7lar\u0131n en h\u0131zl\u0131 \u015fekilde uzamas\u0131 i\u00e7in gereken prosed\u00fcrlere uymak gerekmektedir. Sa\u00e7 ekimi i\u015fleminden sonra ekilen sa\u00e7lar iki bu\u00e7uk ya da d\u00f6rt ay gibi bir s\u00fcrede uzamaya ba\u015flamaktad\u0131r. Sa\u00e7 ekim i\u015flemi olduk\u00e7a zahmetli ve zor bir i\u015flem olmas\u0131 sebebiyle \u00e7ok k\u0131sa bir s\u00fcrede uzamayacakt\u0131r. Sa\u00e7 ekimi i\u015flemi sonras\u0131nda uyman\u0131z gereken kurallara uydu\u011funuz takdirde ekilen sa\u00e7lar\u0131n uzamas\u0131n\u0131 sab\u0131rla beklemeniz gerekir.<\/p>\n<p class=\"p1\">Sa\u00e7 ekim i\u015fleminden sonra uyulmas\u0131 gereken kurallara uymayan ki\u015filer i\u00e7in yap\u0131lan t\u00fcm i\u015flem ve emekler bo\u015fa \u00e7\u0131kabilir ve olumsuz sonu\u00e7lar ortaya \u00e7\u0131kabilir. Belirlenen kurallara uyarak sa\u00e7 ekim i\u015fleminin olumlu sonu\u00e7lanmas\u0131 i\u00e7in en az iki ay beklemeniz gerekmektedir. Kurallara uyulmad\u0131 takdirde tekli ya da \u00e7oklu sa\u00e7 kay\u0131plar\u0131 ya\u015fanabilmektedir.<\/p>\n<h2 class=\"p1\"><span class=\"ez-toc-section\" id=\"Sac_Ekimi_Islemi_Sonrasinda_Neler_Yasaktir\"><\/span>Sa\u00e7 Ekimi \u0130\u015flemi Sonras\u0131nda Neler Yasakt\u0131r?<span class=\"ez-toc-section-end\"><\/span><\/h2>\n<p class=\"p1\">Sa\u00e7 ekimi uzmanlar taraf\u0131ndan yap\u0131ld\u0131\u011f\u0131 zaman olduk\u00e7a pratik i\u015flemlerdir. Yap\u0131lan ekim i\u015flemi sonras\u0131ndan yeniden sa\u011fl\u0131kl\u0131 ve g\u00fcr sa\u00e7lara sahip olabilirsiniz. Sa\u011fl\u0131kl\u0131 ve g\u00fcr sa\u00e7lara sahip olabilmek i\u00e7in sa\u00e7 ekimi sonras\u0131nda dikkat etmeniz gereken baz\u0131 hususlar bulunmaktad\u0131r. Sa\u00e7 ekim i\u015fleminden sonra ekilen sa\u00e7 k\u00f6kleri gece uyurken yatak ba\u015f\u0131, yast\u0131k ve yorgana de\u011fmemelidir. Sa\u00e7 k\u00f6klerine zarar verecek her \u015feyden uzak durulmal\u0131.<span class=\"Apple-converted-space\">\u00a0 <\/span><\/p>\n<p class=\"p1\">Sa\u00e7 ekim i\u015fleminden sonra bir s\u00fcre a\u011f\u0131r spor yapmaktan ka\u00e7\u0131nman\u0131z gerekmektedir. En az bir ay kadar a\u011f\u0131r nesne kald\u0131rmamal\u0131, y\u00fcr\u00fcy\u00fc\u015fe \u00e7\u0131kmak i\u00e7in en az bir hafta beklemeli ve ilk on be\u015f g\u00fcn boyunca a\u011f\u0131rl\u0131k kald\u0131rmaman\u0131z gerekmektedir.<\/p>\n<p class=\"p1\">\u00d6zellikle <a href=\"https:\/\/www.yetkinbayer.com\/tr\/sac-ekim-sonrasi\"><strong>sa\u00e7 ekimi sonras\u0131<\/strong><\/a>\u00a0a\u011f\u0131r kald\u0131rma konusunda dikkatli olman\u0131z gerekir. Kald\u0131r\u0131lan nesne \u00e7ok a\u011f\u0131r oldu\u011fu takdirde sa\u00e7 deriniz gerilebilir bu da sa\u00e7 ekimi i\u015fleminde olumsuz sonu\u00e7lar ortaya \u00e7\u0131karabilmektedir.<\/p>\n<p class=\"p1\">Sa\u00e7 ekim i\u015flemi sonras\u0131nda \u00fc\u00e7 ay boyunca makine ile t\u0131ra\u015f yap\u0131lmamas\u0131 gerekir. \u00dc\u00e7\u00fcnc\u00fc aydan sonra makine ile t\u0131ra\u015f yap\u0131lmas\u0131 uygun olacakt\u0131r. Sa\u00e7 ekim i\u015fleminden \u00fc\u00e7 ay sonra ekilen sa\u00e7 k\u00f6kleri art\u0131k tamamen adapte olmu\u015f olaca\u011f\u0131ndan yap\u0131lacak sa\u00e7 t\u0131ra\u015f\u0131 i\u015flem yap\u0131lan k\u00f6klere zarar vermeyecektir. \u0130\u015flem yap\u0131lan ki\u015fiye 3. G\u00fcn ilk sa\u00e7 y\u0131kamas\u0131 ile ilgili ve i\u015flem sonras\u0131nda \u00f6zellikle dikkat edilmesi gereken konular ile ilgili bilgi verilir.<\/p>\n<p class=\"p1\">\u0130\u015flem sonras\u0131nda 3.g\u00fcn ilk sa\u00e7 y\u0131kama g\u00fcn\u00fcd\u00fcr. Sa\u00e7 ekim i\u015flemi yap\u0131lan ki\u015fi bu y\u0131kamay\u0131 isterse hekiminden ald\u0131\u011f\u0131 tavsiyeler \u0131\u015f\u0131\u011f\u0131nda kendisi isterse sa\u00e7 ekim merkezinde yapabilmektedir. Sa\u00e7 ekim i\u015fleminden sonra dikkat edilmesi gereken ve yasak olan maddeler aras\u0131nda sigara ve alkol kullan\u0131m\u0131 da yer almaktad\u0131r.<\/p>\n<p class=\"p1\">Sigara ve alkol sa\u011fl\u0131\u011fa zararl\u0131 olmas\u0131n\u0131n yan\u0131nda sa\u00e7 ekim i\u015flemini s\u00fcrecinin olumsuz etkilenmesine sebep olabilmektedir. Sa\u00e7 ekimi i\u015fleminden sonra dikkat edilmesi gereken ve yasak olan t\u00fcm noktalara dikkat edildi\u011fi takdirde bir y\u0131ll\u0131k iyile\u015fme s\u00fcrecinin ard\u0131ndan sa\u011fl\u0131kl\u0131 ve g\u00fcr sa\u00e7lara kavu\u015fabilirsiniz.<\/p>\n<p class=\"p1\">Yasal Uyar\u0131: Bu sayfadaki ifadeler bilgi verme ama\u00e7l\u0131 olup, ba\u011flay\u0131c\u0131 nitelik ta\u015f\u0131maz. Hi\u00e7bir bilgi, tedavi tavsiyesi olmay\u0131p, doktor tavsiyelerinin \u00f6n\u00fcnde de\u011fildir. Kesin bilgi ve talimatlar\u0131, yaln\u0131zca doktorunuzdan alman\u0131z sa\u011fl\u0131\u011f\u0131n\u0131z a\u00e7\u0131s\u0131ndan son derece \u00f6nemlidir.<\/p>\n<h2 class=\"JlqpRe\"><span class=\"ez-toc-section\" id=\"Sac_ekiminden_sonra_mide_bulantisi_kac_saat_surer\"><\/span><span class=\"JCzEY tNxQIb\"><span class=\"CSkcDe\">Sa\u00e7 ekiminden sonra mide bulant\u0131s\u0131 ka\u00e7 saat s\u00fcrer?<\/span><\/span><span class=\"ez-toc-section-end\"><\/span><\/h2>\n<p>Sa\u00e7 ekiminden sonra mide bulant\u0131s\u0131 genellikle k\u0131sa s\u00fcreli ve genellikle bir g\u00fcn i\u00e7inde ge\u00e7er. \u0130\u015flem s\u0131ras\u0131nda kullan\u0131lan lokal anesteziklerin veya daha sonra re\u00e7ete edilen a\u011fr\u0131 kesicilere, antibiyotiklere veya stres ve a\u00e7l\u0131k gibi fakt\u00f6rlerin bu duruma katk\u0131da bulunmas\u0131 yayg\u0131nd\u0131r. Bu s\u00fcre, baz\u0131 ki\u015filerde mide hassasiyeti nedeniyle biraz daha uzun olabilir, ancak genellikle 48 saati a\u015fmaz.<\/p>\n<p>\u0130\u015flemden birka\u00e7 saat sonra mide bulant\u0131s\u0131 ba\u015flad\u0131ysa, muhtemelen anesteziden kaynaklanmaktad\u0131r. \u0130la\u00e7lara ba\u011fl\u0131 bulant\u0131, genellikle doktorun \u00f6nerdi\u011fi mide koruyucu ila\u00e7larla hafifler. Bu durumu daha \u00e7abuk atlatman\u0131za yard\u0131mc\u0131 olan \u015feyler, a\u015f\u0131r\u0131 ya\u011fl\u0131 ve baharatl\u0131 g\u0131dalardan ka\u00e7\u0131nmak ve bol miktarda su i\u00e7mektir.<\/p>\n<p>48 saatten fazla s\u00fcren mide bulant\u0131s\u0131 veya kusma veya ba\u015f d\u00f6nmesi gibi ba\u015fka \u015fikayetleriniz varsa doktorunuza dan\u0131\u015fmal\u0131s\u0131n\u0131z. Bu, altta yatan ba\u015fka bir sorunun i\u015fareti olabilir ve dikkatle incelenmelidir.<\/p>\n<h2 class=\"JlqpRe\"><span class=\"ez-toc-section\" id=\"Kusturmayan_mide_bulantisi_neden_olur\"><\/span><span class=\"JCzEY tNxQIb\"><span class=\"CSkcDe\">Kusturmayan mide bulant\u0131s\u0131 neden olur?<\/span><\/span><span class=\"ez-toc-section-end\"><\/span><\/h2>\n<p>Kusturmayan mide bulant\u0131s\u0131, mide, sinir sistemi veya hormonal de\u011fi\u015fiklikler gibi bir\u00e7ok farkl\u0131 nedenden kaynaklanabilir. Sindirim sistemi sorunlar\u0131 en yayg\u0131n nedenlerden biridir. Mide asidi dengesizlikleri, gastrit veya refl\u00fc gibi durumlar, mide bulant\u0131s\u0131na neden olabilir ancak kusmaya neden olmayabilir.<\/p>\n<p>Bu t\u00fcr bulant\u0131n\u0131n s\u0131k g\u00f6r\u00fclen nedenleri aras\u0131nda hormonal de\u011fi\u015fiklikler yer al\u0131r. Hormon seviyelerindeki ani de\u011fi\u015fiklikler, \u00f6zellikle hamilelikte mide bulant\u0131s\u0131 yaratabilir, ancak her zaman kusma olmaz. Ayn\u0131 \u015fekilde, tiroid sorunlar\u0131 veya hormonal dengesizlikler de benzer sonu\u00e7lar yaratabilir.<\/p>\n<p>Mide bulant\u0131s\u0131, stres, anksiyete ve yorgunluk gibi psikolojik nedenlerden de kaynaklanabilir. Stresli durumlarda, beyin mide \u00fczerinde etkisi olan sinyaller g\u00f6nderir, bu da bulant\u0131ya neden olabilir. Bununla birlikte, bu durum tipik olarak fiziksel kusma ile sonu\u00e7lanmaz.<\/p>\n<p>D\u00fc\u015f\u00fck kan \u015fekeri, migren, baz\u0131 ila\u00e7lar\u0131n yan etkileri, g\u0131da zehirlenmesi veya hareket hastal\u0131\u011f\u0131 di\u011fer nedenler olabilir. \u00d6zellikle ila\u00e7lar, mide bulant\u0131s\u0131 gibi yan etkilerle kar\u015f\u0131la\u015fabilir, ancak bu durum mide bo\u015faltmay\u0131 gerektirebilir.<\/p>\n<p>Kusturmayan mide bulant\u0131s\u0131 devam ediyorsa ve ba\u015fka semptomlarla birlikte geliyorsa, temel nedeni bulmak i\u00e7in bir doktora dan\u0131\u015fmal\u0131s\u0131n\u0131z. Bu durum genellikle basit ya\u015fam tarz\u0131 de\u011fi\u015fiklikleri veya ila\u00e7 deste\u011fi ile y\u00f6netilebilir hale gelir.<\/p>\n<div class=\"p8Jhnd\">\n<h2 class=\"JlqpRe\"><span class=\"ez-toc-section\" id=\"Ameliyat_sonrasi_mide_bulantisi_neden_olur\"><\/span><span class=\"JCzEY tNxQIb\"><span class=\"CSkcDe\">Ameliyat sonras\u0131 mide bulant\u0131s\u0131 neden olur?<\/span><\/span><span class=\"ez-toc-section-end\"><\/span><\/h2>\n<p>Anestezik ila\u00e7lar, a\u011fr\u0131 kesiciler ve ameliyat sonras\u0131 stres, mide bulant\u0131s\u0131na neden olabilir. Mide bulant\u0131s\u0131n\u0131n en yayg\u0131n nedenlerinden biri anestezidir, \u00f6zellikle genel anestezi. Bu ila\u00e7lar, beyin sap\u0131ndaki kusma merkezini aktive ederek bulant\u0131 verebilir. Ek olarak, baz\u0131 insanlar anestezik maddelere kar\u015f\u0131 daha hassast\u0131r, bu nedenle mide bulant\u0131s\u0131 ya\u015fama olas\u0131l\u0131\u011f\u0131 daha y\u00fcksektir.<\/p>\n<p>A\u011fr\u0131 kesici maddeler, \u00f6zellikle opioidler, mide bulant\u0131s\u0131 ve gastrointestinal yan etkiler nedeniyle bulant\u0131 yapabilir. Bunun yan\u0131 s\u0131ra, ameliyat s\u0131ras\u0131nda veya ameliyattan sonra al\u0131nan antibiyotikler gibi di\u011fer ila\u00e7lar nedeniyle gastrointestinal sorunlar da ortaya \u00e7\u0131kabilir. Midenin bo\u015f veya a\u015f\u0131r\u0131 dolu olmas\u0131 durumu daha da k\u00f6t\u00fcle\u015ftirebilir.<\/p>\n<p>Ameliyat\u0131n t\u00fcr\u00fc de mide bulant\u0131s\u0131n\u0131n nas\u0131l ortaya \u00e7\u0131kt\u0131\u011f\u0131n\u0131 etkileyebilir. Mide bulant\u0131s\u0131, \u00f6zellikle kar\u0131n veya ba\u015f b\u00f6lgesindeki operasyonlardan sonra daha s\u0131k g\u00f6r\u00fclebilir. Bu hissi, v\u00fccudun cerrahi strese tepkisi, hormon dengesizlikleri ve s\u0131v\u0131 kayb\u0131 da art\u0131rabilir.<\/p>\n<p>Ameliyat sonras\u0131 mide bulant\u0131s\u0131 genellikle kendili\u011finden birka\u00e7 saat ila bir g\u00fcn i\u00e7inde ge\u00e7er. Ancak uzun s\u00fcre bulant\u0131 veya s\u0131k kusma, dehidrasyon gibi sorunlara yol a\u00e7abilir. Doktorun \u00f6nerdi\u011fi mide bulant\u0131s\u0131n\u0131 \u00f6nleyici ila\u00e7lar\u0131 almak ve s\u0131v\u0131 al\u0131m\u0131n\u0131 art\u0131rmak genellikle bu semptomu hafifletir.<\/p>\n<h2 class=\"JlqpRe\"><span class=\"ez-toc-section\" id=\"Kaynakca\"><\/span><strong style=\"font-size: 16px;\">Kaynak\u00e7a:<\/strong><span class=\"ez-toc-section-end\"><\/span><\/h2>\n<\/div>\n<p><a href=\"https:\/\/www.treatmentroomslondon.com\/hair-transplant-tips\/when-can-you-exercise-after-having-a-hair-transplant\" target=\"_blank\" rel=\"noopener\">https:\/\/www.treatmentroomslondon.com\/hair-transplant-tips\/when-can-you-exercise-after-having-a-hair-transplant<\/a><\/p>\n","protected":false},"excerpt":{"rendered":"<p>Sa\u00e7 ekimi cerrahi bir i\u015flemdir. Bu i\u015flemde lokal anestezi ila\u00e7lar\u0131 kullan\u0131l\u0131r. Bu anestezi ila\u00e7lar\u0131, kimi hastalarda reaktif olabilir. Bu nedenle sa\u00e7 ekimi sonras\u0131 mide bulant\u0131s\u0131 ortaya \u00e7\u0131kabilen ancak k\u0131sa s\u00fcren bir sorundur. \u00c7ok ciddi ve ge\u00e7meyen kusma durumlar\u0131nda ise hekime ba\u015fvurmak gereklidir. Sa\u00e7 ekimi i\u015flemi ge\u00e7iren ki\u015filerin i\u015flemden sonra baz\u0131 rahats\u0131zl\u0131klar\u0131 olu\u015fabilmektedir. Sa\u00e7 ekim i\u015fleminde [&hellip;]<\/p>\n","protected":false},"author":1,"featured_media":2815,"comment_status":"closed","ping_status":"closed","sticky":false,"template":"","format":"standard","meta":{"footnotes":""},"categories":[9],"tags":[],"class_list":["post-2814","post","type-post","status-publish","format-standard","has-post-thumbnail","hentry","category-blog"],"_links":{"self":[{"href":"https:\/\/www.yetkinbayer.com\/tr\/wp-json\/wp\/v2\/posts\/2814","targetHints":{"allow":["GET"]}}],"collection":[{"href":"https:\/\/www.yetkinbayer.com\/tr\/wp-json\/wp\/v2\/posts"}],"about":[{"href":"https:\/\/www.yetkinbayer.com\/tr\/wp-json\/wp\/v2\/types\/post"}],"author":[{"embeddable":true,"href":"https:\/\/www.yetkinbayer.com\/tr\/wp-json\/wp\/v2\/users\/1"}],"replies":[{"embeddable":true,"href":"https:\/\/www.yetkinbayer.com\/tr\/wp-json\/wp\/v2\/comments?post=2814"}],"version-history":[{"count":1,"href":"https:\/\/www.yetkinbayer.com\/tr\/wp-json\/wp\/v2\/posts\/2814\/revisions"}],"predecessor-version":[{"id":2828,"href":"https:\/\/www.yetkinbayer.com\/tr\/wp-json\/wp\/v2\/posts\/2814\/revisions\/2828"}],"wp:featuredmedia":[{"embeddable":true,"href":"https:\/\/www.yetkinbayer.com\/tr\/wp-json\/wp\/v2\/media\/2815"}],"wp:attachment":[{"href":"https:\/\/www.yetkinbayer.com\/tr\/wp-json\/wp\/v2\/media?parent=2814"}],"wp:term":[{"taxonomy":"category","embeddable":true,"href":"https:\/\/www.yetkinbayer.com\/tr\/wp-json\/wp\/v2\/categories?post=2814"},{"taxonomy":"post_tag","embeddable":true,"href":"https:\/\/www.yetkinbayer.com\/tr\/wp-json\/wp\/v2\/tags?post=2814"}],"curies":[{"name":"wp","href":"https:\/\/api.w.org\/{rel}","templated":true}]}}