{"id":2799,"date":"2025-04-28T18:10:14","date_gmt":"2025-04-28T15:10:14","guid":{"rendered":"https:\/\/www.yetkinbayer.com\/?p=2799"},"modified":"2025-04-28T18:10:14","modified_gmt":"2025-04-28T15:10:14","slug":"sac-ekimi-sonrasi-sivilcelenme-normal-midir","status":"publish","type":"post","link":"https:\/\/www.yetkinbayer.com\/tr\/sac-ekimi-sonrasi-sivilcelenme-normal-midir\/","title":{"rendered":"Sa\u00e7 Ekimi Sonras\u0131 Sivilcelenme Normal midir?"},"content":{"rendered":"<p><strong><a href=\"https:\/\/www.yetkinbayer.com\/tr\/sac-ekimi\">Sa\u00e7 ekimi<\/a><\/strong> sonras\u0131 sivilce olu\u015fumu ortaya \u00e7\u0131kabilecek yan etkilerden birisidir. Sivilce olu\u015fumu, sa\u00e7 ekimi tedavi sonras\u0131 ilk 3 ay i\u00e7erisinde k\u0131l k\u00f6k\u00fc al\u0131nan b\u00f6lgede ya da ekim yap\u0131lan alanda olu\u015fabilmektedir.<\/p>\n<p>&#8220;Sa\u00e7 ekimi sonras\u0131 sivilcelenme normal midir?&#8221; sorusu sa\u00e7 ekimi yapt\u0131racak ki\u015filer taraf\u0131ndan en fazla y\u00f6neltilen sorulardan biridir. Dr. Yetkin Bayer, &#8220;Sa\u00e7 ekimi sonras\u0131 sivilcelenme neden olur?&#8221; ve &#8220;Sa\u00e7 ekimi sonras\u0131 olu\u015fan sivilcelenmenin tedavi y\u00f6ntemleri nelerdir?&#8221; gibi sorular\u0131 sizler i\u00e7in yan\u0131tl\u0131yor.<\/p>\n<div id=\"ez-toc-container\" class=\"ez-toc-v2_0_82_2 counter-flat ez-toc-counter ez-toc-grey ez-toc-container-direction\">\n<div class=\"ez-toc-title-container\">\n<p class=\"ez-toc-title\" style=\"cursor:inherit\">Table of Contents<\/p>\n<span class=\"ez-toc-title-toggle\"><a href=\"#\" class=\"ez-toc-pull-right ez-toc-btn ez-toc-btn-xs ez-toc-btn-default ez-toc-toggle\" aria-label=\"\u0130\u00e7indekiler Tablosunu A\u00e7\/Kapat\"><span class=\"ez-toc-js-icon-con\"><span class=\"\"><span class=\"eztoc-hide\" style=\"display:none;\">Toggle<\/span><span class=\"ez-toc-icon-toggle-span\"><svg style=\"fill: #999;color:#999\" xmlns=\"http:\/\/www.w3.org\/2000\/svg\" class=\"list-377408\" width=\"20px\" height=\"20px\" viewBox=\"0 0 24 24\" fill=\"none\"><path d=\"M6 6H4v2h2V6zm14 0H8v2h12V6zM4 11h2v2H4v-2zm16 0H8v2h12v-2zM4 16h2v2H4v-2zm16 0H8v2h12v-2z\" fill=\"currentColor\"><\/path><\/svg><svg style=\"fill: #999;color:#999\" class=\"arrow-unsorted-368013\" xmlns=\"http:\/\/www.w3.org\/2000\/svg\" width=\"10px\" height=\"10px\" viewBox=\"0 0 24 24\" version=\"1.2\" baseProfile=\"tiny\"><path d=\"M18.2 9.3l-6.2-6.3-6.2 6.3c-.2.2-.3.4-.3.7s.1.5.3.7c.2.2.4.3.7.3h11c.3 0 .5-.1.7-.3.2-.2.3-.5.3-.7s-.1-.5-.3-.7zM5.8 14.7l6.2 6.3 6.2-6.3c.2-.2.3-.5.3-.7s-.1-.5-.3-.7c-.2-.2-.4-.3-.7-.3h-11c-.3 0-.5.1-.7.3-.2.2-.3.5-.3.7s.1.5.3.7z\"\/><\/svg><\/span><\/span><\/span><\/a><\/span><\/div>\n<nav><ul class='ez-toc-list ez-toc-list-level-1 eztoc-toggle-hide-by-default' ><li class='ez-toc-page-1'><a class=\"ez-toc-link ez-toc-heading-1\" href=\"#\" data-href=\"https:\/\/www.yetkinbayer.com\/tr\/sac-ekimi-sonrasi-sivilcelenme-normal-midir\/#Sac_ekimi_sonrasi_sivilcelenme_neden_olur\" >Sa\u00e7 ekimi sonras\u0131 sivilcelenme neden olur?<\/a><\/li><li class='ez-toc-page-1'><a class=\"ez-toc-link ez-toc-heading-2\" href=\"#\" data-href=\"https:\/\/www.yetkinbayer.com\/tr\/sac-ekimi-sonrasi-sivilcelenme-normal-midir\/#Sac_Ekiminden_Sonra_Sivilce_Normal_mi\" >Sa\u00e7 Ekiminden Sonra Sivilce Normal mi?<\/a><\/li><li class='ez-toc-page-1'><a class=\"ez-toc-link ez-toc-heading-3\" href=\"#\" data-href=\"https:\/\/www.yetkinbayer.com\/tr\/sac-ekimi-sonrasi-sivilcelenme-normal-midir\/#Ekim_Sonrasi_Olusan_Sivilceler_Icin_Tedavi_Yontemleri\" >Ekim Sonras\u0131 Olu\u015fan Sivilceler \u0130\u00e7in Tedavi Y\u00f6ntemleri<\/a><\/li><\/ul><\/nav><\/div>\n<h2 id=\"exacc_JWvYYcCRLoCExc8P5bKHOA58\" class=\"iDjcJe IX9Lgd wwB5gf\"><span class=\"ez-toc-section\" id=\"Sac_ekimi_sonrasi_sivilcelenme_neden_olur\"><\/span>Sa\u00e7 ekimi sonras\u0131 sivilcelenme neden olur?<span class=\"ez-toc-section-end\"><\/span><\/h2>\n<p>Sa\u00e7 ekimi yapt\u0131rd\u0131ktan sonra sivilce \u00e7\u0131kma nedenleri a\u015fa\u011f\u0131daki gibidir;<\/p>\n<ul>\n<li>Ekilen sa\u00e7lar\u0131n \u00e7\u0131kmaya ba\u015flamas\u0131.<\/li>\n<li>Sa\u00e7 k\u00f6klerinin tam olarak \u00e7\u0131kart\u0131lamamas\u0131 ve derinin i\u00e7inde kalmalar\u0131.<\/li>\n<\/ul>\n<p>Sa\u00e7 ekimi sonras\u0131 don\u00f6r b\u00f6lgede sivilce meydana gelmesinin en belirgin nedeni; sa\u00e7 ekme i\u015flemi s\u0131ras\u0131nda mikro motor yard\u0131m\u0131yla tek tek \u00e7\u0131kar\u0131lan sa\u00e7 k\u00f6klerinin d\u00fczg\u00fcn al\u0131namay\u0131p, k\u00f6k\u00fcn k\u0131r\u0131larak i\u00e7eride kalmas\u0131 ve sa\u00e7 bat\u0131\u011f\u0131n\u0131 olu\u015fmas\u0131d\u0131r.<\/p>\n<ul>\n<li>Operasyon yap\u0131lan b\u00f6lgenin temiz tutulmamas\u0131,<\/li>\n<\/ul>\n<p>Sa\u00e7 ekim sonras\u0131 sa\u00e7l\u0131 deriye temiz bak\u0131lmamas\u0131, sa\u00e7 k\u00f6kleri etraf\u0131nda biriken kir ve tozun, bakteri \u00fcretmesine neden olur. Bu toz ve kirler sa\u00e7 k\u00f6klerinin t\u0131kanmas\u0131na neden olabilece\u011fi i\u00e7in ekim b\u00f6lgesinin enfekte olmas\u0131na, dolay\u0131s\u0131yla k\u00f6k\u00fc iltihab\u0131 olarak bilinen folik\u00fclit\u00fcn olu\u015fmas\u0131na neden olmaktad\u0131r.<\/p>\n<ul>\n<li>Kanallar\u0131n fazla derin a\u00e7\u0131lmas\u0131<\/li>\n<\/ul>\n<p>Sa\u00e7 ekimi operasyonunun en \u00f6nemli basamaklar\u0131ndan birini olu\u015fturan kanal a\u00e7ma i\u015flemi s\u0131ras\u0131nda a\u00e7\u0131lacak kanal\u0131n, \u00e7\u0131kar\u0131lan sa\u00e7 k\u00f6k\u00fcne uygun derinliklerde a\u00e7\u0131lmamas\u0131 da <strong><a href=\"https:\/\/www.yetkinbayer.com\/tr\/sac-ekimi-sonrasi\">sa\u00e7 ekimi sonras\u0131<\/a><\/strong> sivilce olu\u015fmas\u0131na neden olur. \u00d6zellikle dermoid kisti olarak da bilinen sivilcelerin olu\u015fmas\u0131na neden olur.<\/p>\n<ul>\n<li>Y\u00fcksek sebum \u00fcretimi<\/li>\n<\/ul>\n<p>Sebum cildimizdeki ya\u011f bezleri taraf\u0131ndan salg\u0131lanan ve genel olarak t\u00fcm memelilerde g\u00f6r\u00fclen bir cilt s\u0131v\u0131s\u0131d\u0131r. Sa\u00e7 ekimi sonras\u0131 daha \u00e7ok ya\u011fl\u0131 cilt yap\u0131s\u0131na sahip olan ki\u015filerde sebum fazlal\u0131\u011f\u0131 nedeniyle sivilce g\u00f6r\u00fclme olas\u0131l\u0131\u011f\u0131 daha fazlad\u0131r. Ancak b\u00fcy\u00fck sivilcelerin \u00e7\u0131kmas\u0131 bir enfeksiyon i\u015fareti olabilece\u011fi i\u00e7in mutlaka bir doktora dan\u0131\u015f\u0131lmal\u0131d\u0131r.<\/p>\n<h2 class=\"p1\"><span class=\"ez-toc-section\" id=\"Sac_Ekiminden_Sonra_Sivilce_Normal_mi\"><\/span><span class=\"s1\"><b>Sa\u00e7 Ekiminden Sonra Sivilce Normal mi?<\/b><\/span><span class=\"ez-toc-section-end\"><\/span><\/h2>\n<p class=\"p1\"><span class=\"s1\">Sa\u00e7 ekiminden\u00a0sonra sivilce olu\u015fumu en yayg\u0131n yan etkiler aras\u0131nda yer al\u0131yor. Sa\u00e7 ekimi tedavinin ard\u0131ndan ilk 3 ay i\u00e7erisinde k\u0131l k\u00f6k\u00fc al\u0131nan b\u00f6lgede ya da ekim yap\u0131lan hedef b\u00f6lgede sivilceler ortaya \u00e7\u0131kabiliyor. Sa\u00e7 ekimi sonras\u0131nda don\u00f6r b\u00f6lgede sivilcelenme ortalama 15-30 g\u00fcn aras\u0131nda \u00e7\u0131kabilir. Sa\u00e7 ekimi sonras\u0131 sivilce ekim b\u00f6lgesinde \u00e7ok normal g\u00f6r\u00fclmesi gereken bir durumdur. <\/span><\/p>\n<p class=\"p1\"><span class=\"s1\">Hastan\u0131n bu durumda bir endi\u015fe duymas\u0131na da gerek yoktur. Sa\u00e7 ekimi sonras\u0131 sa\u00e7 diplerinde meydana gelen sivilce \u015fikayetleri \u00e7ok farkl\u0131 nedenlere ba\u011fl\u0131 olarak ya\u015fanabiliyor. Ba\u015far\u0131l\u0131 tedavi sonu\u00e7lar\u0131 i\u00e7in sivilce olu\u015fumu ortaya \u00e7\u0131karsa hemen gerekli bir tedavi plan\u0131 uygulanmal\u0131d\u0131r. <\/span><\/p>\n<p class=\"p1\"><span class=\"s1\">Sa\u00e7 ekilen b\u00f6lgede sivilce \u015fikayetleri ortaya \u00e7\u0131kan hastalar tela\u015f yapmadan hemen bir uzman ile g\u00f6r\u00fc\u015fmelidir. Sa\u00e7 ekimi yap\u0131lan b\u00f6lgede \u00e7\u0131kan sivilceler i\u00e7in \u00e7ok say\u0131da farkl\u0131 tedavi y\u00f6nteminden uygun olan belirlenerek s\u00fcre\u00e7 ba\u015flat\u0131l\u0131r. <\/span><\/p>\n<p class=\"p1\"><span class=\"s1\">Sa\u00e7 ekimi sonras\u0131nda sa\u00e7 diplerinde ortaya \u00e7\u0131kan sivilcenin yap\u0131s\u0131 da normal olup olmad\u0131\u011f\u0131n\u0131 i\u015faret eden noktalardan bir tanesidir. \u00d6zellikle sivilcenin b\u00fcy\u00fckl\u00fc\u011f\u00fcn\u00fc ve a\u011fr\u0131 yapma durumu da dikkate al\u0131nmas\u0131 gereken noktalard\u0131r. Sa\u00e7 ekimi sonras\u0131 iltihapl\u0131 sivilce ortaya \u00e7\u0131karsa bunlar di\u011fer sivilceler gibi normal olarak de\u011ferlendirilemez. Bu s\u00fcre\u00e7te en do\u011fru fikir ve tedavi yakla\u015f\u0131m\u0131 uzmanlar taraf\u0131ndan belirlenir. \u00a0<\/span><\/p>\n<p class=\"p1\"><span class=\"s1\">Sa\u00e7 ekimi sonras\u0131 sivilce olu\u015fumlar\u0131n\u0131 engelleme giri\u015fimleri beyhude olacakt\u0131r. Bu nedenle sa\u00e7 ekimi sonras\u0131 sivilce patlatmaya kalkan hastalar \u00e7ok b\u00fcy\u00fck bir hata yaparlar. \u00c7\u00fcnk\u00fc b\u00f6lgede olu\u015fan sivilcelerin patlat\u0131l\u0131rsa ya da s\u0131k\u0131l\u0131rsa enfeksiyon \u015fikayetleri ortaya \u00e7\u0131kabilir<\/span><span class=\"s1\">. <\/span><\/p>\n<p class=\"p1\"><span class=\"s1\">Ayr\u0131ca b\u00f6lgeyi tahrip olursa k\u0131l k\u00f6klerinin tekrar \u00e7\u0131kmas\u0131 da m\u00fcmk\u00fcn olmaz. <strong><a href=\"https:\/\/www.yetkinbayer.com\/tr\/sac-ekimi\">Sa\u00e7 ekimi<\/a><\/strong> tedavisinin ba\u015far\u0131s\u0131 i\u00e7in ciddi sivilce \u015fikayetlerinde uzmanlara ba\u015fvurmak ve sivilceleri asla s\u0131kmamak \u00e7ok \u00f6nemli olmaktad\u0131r.<\/span><\/p>\n<h2><span class=\"ez-toc-section\" id=\"Ekim_Sonrasi_Olusan_Sivilceler_Icin_Tedavi_Yontemleri\"><\/span><strong>Ekim Sonras\u0131 Olu\u015fan Sivilceler \u0130\u00e7in Tedavi Y\u00f6ntemleri<\/strong><span class=\"ez-toc-section-end\"><\/span><\/h2>\n<p><strong>G\u00f6zlem A\u015famas\u0131<\/strong><\/p>\n<p>Sa\u00e7 ekimi sonras\u0131 sivilcelenme normal bir s\u00fcre\u00e7tir ancak takip edilmelidir. Sivilcenin b\u00fcy\u00fckl\u00fc\u011f\u00fc ve a\u011fr\u0131l\u0131 olup olmad\u0131\u011f\u0131na dikkat edilmelidir.<\/p>\n<p><strong>S\u0131cak su kompresi<\/strong><\/p>\n<p>Sivilceli olu\u015fan b\u00f6lgeye uygulanan s\u0131cak su kompresi b\u00fcy\u00fck sivilcelerin k\u00fc\u00e7\u00fclmesine yard\u0131mc\u0131 olmaktad\u0131r. \u00c7ok fazla bask\u0131 uygulanmadan yap\u0131lan s\u0131cak su kompresi irinli sivilcelerin tedavisinde kullan\u0131lan y\u00f6ntemdir.<\/p>\n<p><strong>Topikal tedaviler<\/strong><\/p>\n<p>Sa\u00e7 ekimi sonras\u0131 olu\u015fan sivilcelerin tedavisinde doktor taraf\u0131ndan \u00f6nerilen antibiyotik kremler de kullan\u0131lmaktad\u0131r. Antibiyotik kremler iltihab\u0131n kurutulmas\u0131na ve ka\u015f\u0131nt\u0131 olmas\u0131 halinde bunun hafiflemesine yard\u0131mc\u0131 olmaktad\u0131r.<\/p>\n<p><strong>Oral Antibiyotikler<\/strong><\/p>\n<p>\u00c7ok s\u0131k g\u00f6r\u00fclmese de s\u00fcrekli tekrarlayan ve a\u011fr\u0131l\u0131 olan sivilce tedavilerinde oral antibiyotikler doktor taraf\u0131ndan re\u00e7ete edilebilir.<\/p>\n<p><strong>\u0130ltihab\u0131n Doktor Taraf\u0131ndan Bo\u015falt\u0131lmas\u0131<\/strong><\/p>\n<p>Sa\u00e7 ekimi sonras\u0131 olu\u015fan sivilceler giderek b\u00fcy\u00fcm\u00fc\u015f, \u015fi\u015fmi\u015f ve a\u011fr\u0131l\u0131 olmaya ba\u015flam\u0131\u015fsa doktor taraf\u0131ndan temiz bir i\u011fne arac\u0131l\u0131\u011f\u0131yla bulunan irin \u00e7\u0131kar\u0131l\u0131r.<\/p>\n<p>Sa\u00e7 ekimi sonras\u0131 sivilceler, ekilen sa\u00e7 k\u00f6klerinin deri y\u00fczeyine \u00e7\u0131kmaya ba\u015flamas\u0131ndan yakla\u015f\u0131k 4-5 ay sonra ge\u00e7er. \u0130yile\u015fme s\u00fcresi ki\u015finin b\u00fcnyesine g\u00f6re de\u011fi\u015fiklik g\u00f6sterir ancak ki\u015finin gerekli \u00f6zeni g\u00f6stermesi \u00e7ok \u00f6nemlidir.<\/p>\n<p>Sa\u00e7 ekimi sonras\u0131 olu\u015fan sivilceler b\u00fcy\u00fck, yo\u011fun ve k\u0131zar\u0131k bir g\u00f6r\u00fcnt\u00fcye sahipse ekim doktoru mutlaka bilgilendirilmelidir.<\/p>\n<p><strong>Kaynak\u00e7a:<\/strong><\/p>\n<p><a href=\"https:\/\/www.realself.com\/questions\/hair-transplant-surgery\/pimples\" target=\"_blank\" rel=\"noopener\">https:\/\/www.realself.com\/questions\/hair-transplant-surgery\/pimples<\/a><\/p>\n<p><a href=\"https:\/\/onlinelibrary.wiley.com\/doi\/abs\/10.1111\/j.1473-2165.2012.00617.x\" target=\"_blank\" rel=\"noopener\">https:\/\/onlinelibrary.wiley.com\/doi\/abs\/10.1111\/j.1473-2165.2012.00617.x<\/a><\/p>\n","protected":false},"excerpt":{"rendered":"<p>Sa\u00e7 ekimi sonras\u0131 sivilce olu\u015fumu ortaya \u00e7\u0131kabilecek yan etkilerden birisidir. Sivilce olu\u015fumu, sa\u00e7 ekimi tedavi sonras\u0131 ilk 3 ay i\u00e7erisinde k\u0131l k\u00f6k\u00fc al\u0131nan b\u00f6lgede ya da ekim yap\u0131lan alanda olu\u015fabilmektedir. &#8220;Sa\u00e7 ekimi sonras\u0131 sivilcelenme normal midir?&#8221; sorusu sa\u00e7 ekimi yapt\u0131racak ki\u015filer taraf\u0131ndan en fazla y\u00f6neltilen sorulardan biridir. Dr. Yetkin Bayer, &#8220;Sa\u00e7 ekimi sonras\u0131 sivilcelenme neden [&hellip;]<\/p>\n","protected":false},"author":1,"featured_media":2800,"comment_status":"closed","ping_status":"closed","sticky":false,"template":"","format":"standard","meta":{"footnotes":""},"categories":[9],"tags":[],"class_list":["post-2799","post","type-post","status-publish","format-standard","has-post-thumbnail","hentry","category-blog"],"_links":{"self":[{"href":"https:\/\/www.yetkinbayer.com\/tr\/wp-json\/wp\/v2\/posts\/2799","targetHints":{"allow":["GET"]}}],"collection":[{"href":"https:\/\/www.yetkinbayer.com\/tr\/wp-json\/wp\/v2\/posts"}],"about":[{"href":"https:\/\/www.yetkinbayer.com\/tr\/wp-json\/wp\/v2\/types\/post"}],"author":[{"embeddable":true,"href":"https:\/\/www.yetkinbayer.com\/tr\/wp-json\/wp\/v2\/users\/1"}],"replies":[{"embeddable":true,"href":"https:\/\/www.yetkinbayer.com\/tr\/wp-json\/wp\/v2\/comments?post=2799"}],"version-history":[{"count":1,"href":"https:\/\/www.yetkinbayer.com\/tr\/wp-json\/wp\/v2\/posts\/2799\/revisions"}],"predecessor-version":[{"id":2813,"href":"https:\/\/www.yetkinbayer.com\/tr\/wp-json\/wp\/v2\/posts\/2799\/revisions\/2813"}],"wp:featuredmedia":[{"embeddable":true,"href":"https:\/\/www.yetkinbayer.com\/tr\/wp-json\/wp\/v2\/media\/2800"}],"wp:attachment":[{"href":"https:\/\/www.yetkinbayer.com\/tr\/wp-json\/wp\/v2\/media?parent=2799"}],"wp:term":[{"taxonomy":"category","embeddable":true,"href":"https:\/\/www.yetkinbayer.com\/tr\/wp-json\/wp\/v2\/categories?post=2799"},{"taxonomy":"post_tag","embeddable":true,"href":"https:\/\/www.yetkinbayer.com\/tr\/wp-json\/wp\/v2\/tags?post=2799"}],"curies":[{"name":"wp","href":"https:\/\/api.w.org\/{rel}","templated":true}]}}