{"id":2784,"date":"2025-04-28T18:09:17","date_gmt":"2025-04-28T15:09:17","guid":{"rendered":"https:\/\/www.yetkinbayer.com\/?p=2784"},"modified":"2025-04-28T18:09:17","modified_gmt":"2025-04-28T15:09:17","slug":"yetkin-bayer-kimdir","status":"publish","type":"post","link":"https:\/\/www.yetkinbayer.com\/tr\/yetkin-bayer-kimdir\/","title":{"rendered":"Yetkin Bayer Kimdir ?"},"content":{"rendered":"<p>&nbsp;<\/p>\n<blockquote><p>Dr. yetkin bayer ilk, orta ve lise e\u011fitimini istanbul\u2019da tamamlad\u0131ktan sonra t.\u00fc. t\u0131p fak\u00fcltesi\u2019nde e\u011fitimini s\u00fcrd\u00fcr\u00fcp t\u0131p doktoru olmu\u015ftur. mecburi hizmet i\u00e7in gitti\u011fi afyon\u2019da 2 y\u0131l g\u00f6rev yapt\u0131ktan a.b.d.\u2019ye yerle\u015fmi\u015ftir.<\/p><\/blockquote>\n<p>amerika&#8217;n\u0131n\u00a0 california ve teksas gibi \u00e7e\u015fitli eyaletlerinde kalarak sa\u00e7 ekimi ve medikal estetik \u00fczerine ara\u015ft\u0131rmalar yapm\u0131\u015f, workshop&#8217;lara kat\u0131lm\u0131\u015ft\u0131r.<\/p>\n<p>1994 senesi mart ay\u0131nda\u00a0alabama&#8217;da d\u00fczenlenen uluslararas\u0131 sa\u00e7 protezi ameliyatlar\u0131 (an international symposium:\u00a0hair replacement surgery-mar&#8217;94) sempozyumu&#8217;na kat\u0131lm\u0131\u015ft\u0131r.<\/p>\n<p>daha sonraki y\u0131llarda a.b.d.\u2019nin california eyaleti\u2019nde plastik cerrah\u00a0o\u011fuz nevit erg\u00fcn ile sa\u00e7 ekimi operasyonlar\u0131 ger\u00e7ekle\u015ftirmeye ba\u015flam\u0131\u015f, \u00e7e\u015fitli seminer ve workshoplar\u0131n yan\u0131 s\u0131ra\u00a0california century city&#8217;de 1995 y\u0131l\u0131nda amerikan akademi taraf\u0131ndan d\u00fczenlenen\u00a0k\u00fcresel sa\u00e7 ekimi\u00a0kongresine kat\u0131lm\u0131\u015ft\u0131r. (american academy of cosmetic surgery- hair restoration\u00a01st global convention: jan&#8217;95)<\/p>\n<p>dr. yetkin bayer a.b.d.\u2019de kald\u0131\u011f\u0131 10 y\u0131l\u0131 a\u015fk\u0131n s\u00fcre i\u00e7erisinde medikal estetik alan\u0131nda mezoterapi, karboksiterapi, peeling, Cosmetic Injection ve dolgu uygulamalar\u0131, mikrodermabrazyon, lazer\u00a0tedavileri (epilasyon, d\u00f6vme silme, k\u0131lcal damar tedavisi, cilt gen\u00e7le\u015ftirme ve leke tedavisi) konular\u0131nda bir\u00e7ok kongre ve e\u011fitim seminerlerine kat\u0131lm\u0131\u015f ve bu alanlarda kendisini geli\u015ftirmi\u015ftir.<\/p>\n<p>t\u00fcrkiye\u2019ye d\u00f6nd\u00fckten sonra t.c sa\u011fl\u0131k bakanl\u0131\u011f\u0131 temel sa\u011fl\u0131k hizmetleri genel\u00a0m\u00fcd\u00fcrl\u00fc\u011f\u00fc\u2019nce verilen medikal estetik uygulama sertifikas\u0131\u2019n\u0131\u00a0almaya hak kazanm\u0131\u015ft\u0131r. ayr\u0131ca dr. bayer, sa\u011fl\u0131k bakanl\u0131\u011f\u0131\u2019nca onaylanm\u0131\u015f sertifikal\u0131\u00a0akupunkturist\u00a0 ve\u00a0bilin\u00e7li hipnoz\u00a0ekol\u00fcn\u00fc uygulayan bir hekimdir.<\/p>\n<p>dr yetkin bayer, sa\u00e7 ekimi konusundaki \u00f6zel merak\u0131ndan dolay\u0131 mesleki hayat\u0131n\u0131n \u00f6nemli bir zaman\u0131n\u0131 do\u011fal sa\u00e7 ekimini nas\u0131l ger\u00e7ekle\u015ftirece\u011fi konusunda \u00e7al\u0131\u015fmalar yaparak \u201coblique kanal a\u00e7ma\u201d tekni\u011fini geli\u015ftirmi\u015ftir. oblique kanal ile ekilen sa\u00e7lar tamam\u0131yla do\u011fal g\u00f6r\u00fcn\u00fcme sahip olunmas\u0131n\u0131 sa\u011flayarak sizi sa\u00e7 ekimi sonras\u0131 halk aras\u0131nda \u201c\u00e7im adam\u201d diye tabir edilen yapay g\u00f6r\u00fcnt\u00fcden kurtarmaya yaramaktad\u0131r.<\/p>\n<p>obligue kanal tekni\u011fi tamamen profesyonel bir el becerisine ve her g\u00fcn ekim yapma al\u0131\u015fkanl\u0131\u011f\u0131ndan gelen uzman bak\u0131\u015f a\u00e7\u0131s\u0131na dayan\u0131r, teknolojiyle ilgisi yoktur. bu nedenle dr. bayer t\u00fcm mesaisinde sa\u00e7 ekimi operasyonlar\u0131nda \u201cfue\u201d tekni\u011fi ile sa\u00e7 al\u0131m\u0131n\u0131 ve sa\u00e7 ekiminin do\u011fal olmas\u0131n\u0131 sa\u011flayan en \u00f6nemli \u201coblique\u201d kanal a\u00e7ma i\u015flemlerini avrupa\u2019da ve a.b.d.\u2019de oldu\u011fu gibi birebir kendisi yapmakta ve sa\u00e7 ekimi operasyonunu kendi kontrol\u00fc alt\u0131nda tutmaktad\u0131r.<\/p>\n<p><a href=\"https:\/\/yetkinbayer.com\/wp-content\/uploads\/2021\/01\/doctor-signature.png\" target=\"_blank\" rel=\"noopener\"><img loading=\"lazy\" decoding=\"async\" class=\"size-medium wp-image-34098 alignright\" src=\"https:\/\/yetkinbayer.com\/wp-content\/uploads\/2021\/01\/doctor-signature-260x69.png\" alt=\"\" width=\"260\" height=\"69\" \/><\/a><\/p>\n","protected":false},"excerpt":{"rendered":"<p>&nbsp; Dr. yetkin bayer ilk, orta ve lise e\u011fitimini istanbul\u2019da tamamlad\u0131ktan sonra t.\u00fc. t\u0131p fak\u00fcltesi\u2019nde e\u011fitimini s\u00fcrd\u00fcr\u00fcp t\u0131p doktoru olmu\u015ftur. mecburi hizmet i\u00e7in gitti\u011fi afyon\u2019da 2 y\u0131l g\u00f6rev yapt\u0131ktan a.b.d.\u2019ye yerle\u015fmi\u015ftir. amerika&#8217;n\u0131n\u00a0 california ve teksas gibi \u00e7e\u015fitli eyaletlerinde kalarak sa\u00e7 ekimi ve medikal estetik \u00fczerine ara\u015ft\u0131rmalar yapm\u0131\u015f, workshop&#8217;lara kat\u0131lm\u0131\u015ft\u0131r. 1994 senesi mart ay\u0131nda\u00a0alabama&#8217;da d\u00fczenlenen uluslararas\u0131 [&hellip;]<\/p>\n","protected":false},"author":1,"featured_media":2785,"comment_status":"closed","ping_status":"closed","sticky":false,"template":"","format":"standard","meta":{"footnotes":""},"categories":[9],"tags":[],"class_list":["post-2784","post","type-post","status-publish","format-standard","has-post-thumbnail","hentry","category-blog"],"_links":{"self":[{"href":"https:\/\/www.yetkinbayer.com\/tr\/wp-json\/wp\/v2\/posts\/2784","targetHints":{"allow":["GET"]}}],"collection":[{"href":"https:\/\/www.yetkinbayer.com\/tr\/wp-json\/wp\/v2\/posts"}],"about":[{"href":"https:\/\/www.yetkinbayer.com\/tr\/wp-json\/wp\/v2\/types\/post"}],"author":[{"embeddable":true,"href":"https:\/\/www.yetkinbayer.com\/tr\/wp-json\/wp\/v2\/users\/1"}],"replies":[{"embeddable":true,"href":"https:\/\/www.yetkinbayer.com\/tr\/wp-json\/wp\/v2\/comments?post=2784"}],"version-history":[{"count":1,"href":"https:\/\/www.yetkinbayer.com\/tr\/wp-json\/wp\/v2\/posts\/2784\/revisions"}],"predecessor-version":[{"id":2798,"href":"https:\/\/www.yetkinbayer.com\/tr\/wp-json\/wp\/v2\/posts\/2784\/revisions\/2798"}],"wp:featuredmedia":[{"embeddable":true,"href":"https:\/\/www.yetkinbayer.com\/tr\/wp-json\/wp\/v2\/media\/2785"}],"wp:attachment":[{"href":"https:\/\/www.yetkinbayer.com\/tr\/wp-json\/wp\/v2\/media?parent=2784"}],"wp:term":[{"taxonomy":"category","embeddable":true,"href":"https:\/\/www.yetkinbayer.com\/tr\/wp-json\/wp\/v2\/categories?post=2784"},{"taxonomy":"post_tag","embeddable":true,"href":"https:\/\/www.yetkinbayer.com\/tr\/wp-json\/wp\/v2\/tags?post=2784"}],"curies":[{"name":"wp","href":"https:\/\/api.w.org\/{rel}","templated":true}]}}