{"id":2739,"date":"2025-04-28T18:04:59","date_gmt":"2025-04-28T15:04:59","guid":{"rendered":"https:\/\/www.yetkinbayer.com\/?p=2739"},"modified":"2025-04-28T18:04:59","modified_gmt":"2025-04-28T15:04:59","slug":"sac-ekimi-sonrasi-kafada-sertlik-neden-olusur","status":"publish","type":"post","link":"https:\/\/www.yetkinbayer.com\/tr\/sac-ekimi-sonrasi-kafada-sertlik-neden-olusur\/","title":{"rendered":"Sa\u00e7 Ekimi Sonras\u0131 Kafada Sertlik Neden Olu\u015fur?"},"content":{"rendered":"<p class=\"p1\"><strong>Sa\u00e7 ekimi<\/strong>, g\u00fc\u00e7l\u00fc k\u0131l k\u00f6klerini bar\u0131nd\u0131ran d\u00f6nor b\u00f6lgelerden al\u0131nan k\u0131l k\u00f6klerinin sa\u00e7\u0131n seyrek bulundu\u011fu veya hi\u00e7 bulunmad\u0131\u011f\u0131 bir b\u00f6lgeye nakledilme i\u015flemini kapsayan yayg\u0131n bir cerrahi m\u00fcdahaledir. Bu g\u00fc\u00e7l\u00fc ve nakledilmeye uygun sa\u00e7 k\u00f6klerine greft denir.<\/p>\n<p class=\"p1\">Greftlerin, <strong><a href=\"https:\/\/www.yetkinbayer.com\/tr\/sac-ekimi\/\">sa\u00e7 ekimi<\/a><\/strong> yap\u0131lmas\u0131 istenen b\u00f6lgeye nakli ile cerrahi i\u015flem a\u015famal\u0131 olarak tamamlanmaktad\u0131r. Bu sayede \u00e7e\u015fitli do\u011fal ve yapay nedenlerle sa\u00e7lar\u0131n\u0131 kaybeden ki\u015filerin ya\u015fam kaliteleri tekrardan normale d\u00f6nd\u00fcr\u00fclmektedir.<\/p>\n<p class=\"p1\">Sa\u00e7 ekimi a\u015famal\u0131 olarak yap\u0131lan ve bir\u00e7ok farkl\u0131 t\u00fcr\u00fc bulunan bir cerrahi m\u00fcdahaledir. Sa\u00e7 ekimi yap\u0131lmadan \u00f6nce ki\u015fiye bir\u00e7ok sa\u011fl\u0131k ve uygunluk testi yap\u0131lmaktad\u0131r. Bu testler sayesinde ki\u015finin bu cerrahi operasyona uygun olup olmad\u0131\u011f\u0131 tespit edilmekte ve olas\u0131 tehlikelerin \u00f6n\u00fcne ge\u00e7ilmektedir. Bu yaz\u0131m\u0131zda sa\u00e7 ekimi sonras\u0131 kafada olu\u015fan sertlik ve gerginlik sorunlar\u0131n\u0131 ele alaca\u011f\u0131z.<\/p>\n<p>&#8220;Sa\u00e7 ekimi sonras\u0131 kafada sertlik olu\u015fur mu?&#8221; sorusu sa\u00e7 ekimi yapt\u0131rm\u0131\u015f ki\u015filer taraf\u0131ndan en fazla y\u00f6neltilen sorulardan biridir. Dr. Yetkin Bayer, &#8220;Sa\u00e7 ekimi sonras\u0131 kafada neden sertlik olu\u015fur?&#8221; ve &#8220;Sa\u00e7 ekimi sonras\u0131 kafada olu\u015fan sertlik ne kadar s\u00fcrer?&#8221; gibi sorular\u0131 sizler i\u00e7in yan\u0131tl\u0131yor.<\/p>\n<div id=\"ez-toc-container\" class=\"ez-toc-v2_0_82_2 counter-flat ez-toc-counter ez-toc-grey ez-toc-container-direction\">\n<div class=\"ez-toc-title-container\">\n<p class=\"ez-toc-title\" style=\"cursor:inherit\">Table of Contents<\/p>\n<span class=\"ez-toc-title-toggle\"><a href=\"#\" class=\"ez-toc-pull-right ez-toc-btn ez-toc-btn-xs ez-toc-btn-default ez-toc-toggle\" aria-label=\"\u0130\u00e7indekiler Tablosunu A\u00e7\/Kapat\"><span class=\"ez-toc-js-icon-con\"><span class=\"\"><span class=\"eztoc-hide\" style=\"display:none;\">Toggle<\/span><span class=\"ez-toc-icon-toggle-span\"><svg style=\"fill: #999;color:#999\" xmlns=\"http:\/\/www.w3.org\/2000\/svg\" class=\"list-377408\" width=\"20px\" height=\"20px\" viewBox=\"0 0 24 24\" fill=\"none\"><path d=\"M6 6H4v2h2V6zm14 0H8v2h12V6zM4 11h2v2H4v-2zm16 0H8v2h12v-2zM4 16h2v2H4v-2zm16 0H8v2h12v-2z\" fill=\"currentColor\"><\/path><\/svg><svg style=\"fill: #999;color:#999\" class=\"arrow-unsorted-368013\" xmlns=\"http:\/\/www.w3.org\/2000\/svg\" width=\"10px\" height=\"10px\" viewBox=\"0 0 24 24\" version=\"1.2\" baseProfile=\"tiny\"><path d=\"M18.2 9.3l-6.2-6.3-6.2 6.3c-.2.2-.3.4-.3.7s.1.5.3.7c.2.2.4.3.7.3h11c.3 0 .5-.1.7-.3.2-.2.3-.5.3-.7s-.1-.5-.3-.7zM5.8 14.7l6.2 6.3 6.2-6.3c.2-.2.3-.5.3-.7s-.1-.5-.3-.7c-.2-.2-.4-.3-.7-.3h-11c-.3 0-.5.1-.7.3-.2.2-.3.5-.3.7s.1.5.3.7z\"\/><\/svg><\/span><\/span><\/span><\/a><\/span><\/div>\n<nav><ul class='ez-toc-list ez-toc-list-level-1 eztoc-toggle-hide-by-default' ><li class='ez-toc-page-1'><a class=\"ez-toc-link ez-toc-heading-1\" href=\"#\" data-href=\"https:\/\/www.yetkinbayer.com\/tr\/sac-ekimi-sonrasi-kafada-sertlik-neden-olusur\/#Sac_Ekimi_Sonrasi_Kafada_Sertlik_ve_Gerginlik_Neden_Olusur\" >Sa\u00e7 Ekimi Sonras\u0131 Kafada Sertlik ve Gerginlik Neden Olu\u015fur?<\/a><\/li><li class='ez-toc-page-1'><a class=\"ez-toc-link ez-toc-heading-2\" href=\"#\" data-href=\"https:\/\/www.yetkinbayer.com\/tr\/sac-ekimi-sonrasi-kafada-sertlik-neden-olusur\/#Sac_Ekimi_Sonrasi_Kafada_Sertlik_ve_Gerginlik_Ne_Kadar_Surer\" >Sa\u00e7 Ekimi Sonras\u0131 Kafada Sertlik ve Gerginlik Ne Kadar S\u00fcrer?<\/a><\/li><li class='ez-toc-page-1'><a class=\"ez-toc-link ez-toc-heading-3\" href=\"#\" data-href=\"https:\/\/www.yetkinbayer.com\/tr\/sac-ekimi-sonrasi-kafada-sertlik-neden-olusur\/#Sac_Ekimi_Sonrasi_Kafada_Sertlik_ve_Gerginlik_Sikayetleri_Nasil_Gecer\" >Sa\u00e7 Ekimi Sonras\u0131 Kafada Sertlik ve Gerginlik \u015eikayetleri Nas\u0131l Ge\u00e7er?<\/a><\/li><\/ul><\/nav><\/div>\n<h2 class=\"p1\"><span class=\"ez-toc-section\" id=\"Sac_Ekimi_Sonrasi_Kafada_Sertlik_ve_Gerginlik_Neden_Olusur\"><\/span><b>Sa\u00e7 Ekimi Sonras\u0131 Kafada Sertlik ve Gerginlik Neden Olu\u015fur?<\/b><span class=\"ez-toc-section-end\"><\/span><\/h2>\n<p class=\"p1\">Sa\u00e7 ekimi i\u015flemi sonras\u0131 genellikle sertlik ve gerginlik \u015fikayetleri ilk gece ortaya \u00e7\u0131kabilmektedir. Her ge\u00e7en g\u00fcn geli\u015fen t\u0131bbi tekniklerle bu yan etkiler ve olumsuzluklar en aza indirilmeye \u00e7al\u0131\u015f\u0131lmaktad\u0131r. T\u0131bbi geli\u015fmelere ve y\u00f6ntemlerin \u00e7e\u015fitlendirilmesine ra\u011fmen sa\u00e7 ekiminin ciddi ve uzmanl\u0131k gerektiren bir cerrahi m\u00fcdahale olmas\u0131 nedeniyle yan etkiler ve ge\u00e7ici olumsuz durumlar g\u00f6r\u00fclmesi ka\u00e7\u0131n\u0131lmazd\u0131r.<\/p>\n<p class=\"p1\">Sa\u00e7 ekimi sonra kafada sertlik ve kafada gerginlik \u015fikayetleri b\u00fcy\u00fck oranda ilk gece olmaktad\u0131r. Bu \u015fikayetler genellikle greftlerine ekildi\u011fi b\u00f6lgede ve greftlerin al\u0131nd\u0131\u011f\u0131 b\u00f6lgelerde g\u00f6r\u00fclmektedir. Bu \u015fikayetler rahats\u0131z edici olsa da yava\u015f yava\u015f ortadan kalkmaktad\u0131r.<\/p>\n<p class=\"p1\">Sa\u00e7 ekimi sonras\u0131 kafada sertlik \u015fikayetlerinin alt\u0131nda yatan bir\u00e7ok neden olabilmektedir. Bunlar\u0131n en ba\u015f\u0131nda sa\u00e7 ekimi yap\u0131lacak olan b\u00f6lgenin lokal anestezi ile uyu\u015fturulmas\u0131 gereklili\u011fidir. Lokal anestezi uygulanan ekim b\u00f6lgesinde sinirler hissizle\u015ftirildi\u011fi i\u00e7in bu yan etki ortaya \u00e7\u0131kabilmektedir.<\/p>\n<p class=\"p1\">Cerrahi m\u00fcdahalelerde olmazsa olmaz i\u015flemlerden biri olan anestezi i\u015fleminin yan etkileri, ki\u015finin anesteziye verece\u011fi muhtemelen fizyolojik tepkilerin \u00f6nceden tespit edilmesi ile azalt\u0131labilir. <strong><a href=\"https:\/\/www.yetkinbayer.com\/tr\/sac-ekimi-sonrasi\/\">Sa\u00e7 ekimi sonras\u0131<\/a><\/strong> kafada sertlik ve gerginlik \u015fikayetlerinin genel olarak sa\u00e7 ekimi yap\u0131lan b\u00f6lgede g\u00f6r\u00fclmesinin nedeni de anestezinin bu b\u00f6lgelere uygulanmas\u0131d\u0131r.<\/p>\n<p class=\"p1\">Anestezi etkisinin yan\u0131 s\u0131ra ki\u015finin deri yap\u0131s\u0131 ve fizyolojik \u00f6zellikleri de olduk\u00e7a etkili olmaktad\u0131r. Sa\u00e7 ekiminin rahat yap\u0131labilmesi i\u00e7in uygulanan serumlar ve cerrahi m\u00fcdahaleler de ge\u00e7ici sertlik ve gerginlik sorunlar\u0131 ortaya \u00e7\u0131karabilmektedir.<\/p>\n<h2 class=\"p1\"><span class=\"ez-toc-section\" id=\"Sac_Ekimi_Sonrasi_Kafada_Sertlik_ve_Gerginlik_Ne_Kadar_Surer\"><\/span><b>Sa\u00e7 Ekimi Sonras\u0131 Kafada Sertlik ve Gerginlik Ne Kadar S\u00fcrer?<\/b><span class=\"ez-toc-section-end\"><\/span><\/h2>\n<p class=\"p1\">Sa\u00e7 ekimi sonras\u0131 kafada sertlik ve gerginlik \u015fikayetlerinin birka\u00e7 g\u00fcn boyunca devam edebildi\u011fini sonras\u0131nda yava\u015f yava\u015f kaybolmaya ba\u015flad\u0131\u011f\u0131n\u0131 s\u00f6yleyebiliriz.<\/p>\n<p class=\"p1\">\u00d6ncelikle sa\u00e7 ekiminin cerrahi bir m\u00fcdahale olmas\u0131 nedeniyle bu t\u00fcr etkilerin ortaya \u00e7\u0131kabilece\u011fini ve bu durumun normal kabul edildi\u011fini bilmeniz gerekmektedir. Yaz\u0131m\u0131z\u0131n \u00f6nceki b\u00f6l\u00fcm\u00fcnde de aktard\u0131\u011f\u0131m\u0131z \u00fczere anestezi durumu ve m\u00fcdahale i\u00e7erisinde kullan\u0131lan ve sa\u00e7 ekimini kolayla\u015ft\u0131ran serumlar da bu durumda etkili olabilmektedir.<\/p>\n<p class=\"p1\">Sa\u00e7 ekimi operasyonlar\u0131n\u0131n ard\u0131ndan kafada sertlik, uyu\u015fukluk ve gerginlik \u015fikayetlerinin azalmas\u0131 ve sonras\u0131nda tamamen ortadan kalkma s\u00fcresi kullan\u0131lan sa\u00e7 ekim tekni\u011fine g\u00f6re de de\u011fi\u015fkenlik g\u00f6stermektedir.<\/p>\n<p class=\"p1\">Baz\u0131 tekniklerde bu yan etkilerin birka\u00e7 g\u00fcn i\u00e7erisinde azalmaya ba\u015fland\u0131\u011f\u0131 g\u00f6r\u00fclse de sertlik ve a\u011fr\u0131 problemlerinin ne kadar s\u00fcrede ge\u00e7ece\u011fini tahmin etmek olduk\u00e7a zordur. Bu tip durumlarda \u00f6ncelikle sakin olunmal\u0131 ve tela\u015f yap\u0131lmamal\u0131d\u0131r. Sa\u00e7 ekimi operasyonlar\u0131n\u0131n ard\u0131ndan bu t\u00fcr komplikasyonlar\u0131n geli\u015febilece\u011fi ve bunun normal bir durum oldu\u011fu bilinmelidir.<\/p>\n<h2 class=\"p1\"><span class=\"ez-toc-section\" id=\"Sac_Ekimi_Sonrasi_Kafada_Sertlik_ve_Gerginlik_Sikayetleri_Nasil_Gecer\"><\/span><b>Sa\u00e7 Ekimi Sonras\u0131 Kafada Sertlik ve Gerginlik \u015eikayetleri Nas\u0131l Ge\u00e7er?<\/b><span class=\"ez-toc-section-end\"><\/span><\/h2>\n<p class=\"p1\">Sa\u00e7 ekimi yapt\u0131rmay\u0131 tercih eden ki\u015filer olu\u015fan yan etkilerin ne zaman ve nas\u0131l ge\u00e7ece\u011fini do\u011fal olarak merak etmektedirler. Sa\u00e7 ekimi sonras\u0131 sertlik, gerginlik ve uyu\u015fukluk \u015fikayetlerinin ne zaman ve nas\u0131l ge\u00e7ece\u011fini kestirebilmek olduk\u00e7a zordur. Buna ra\u011fmen sa\u00e7 ekimi yapt\u0131racak ki\u015filere operasyon \u00f6ncesinde ve sonras\u0131nda \u00f6nerilen baz\u0131 kritik tavsiyeler bulunmaktad\u0131r.<\/p>\n<p class=\"p1\">Bu tavsiyelere uyulmas\u0131n\u0131n \u015fikayetlerin en aza indirilmesi ve kolay atlat\u0131labilmesine katk\u0131 sa\u011flad\u0131\u011f\u0131 d\u00fc\u015f\u00fcn\u00fclmektedir. Sa\u00e7 ekimi sonras\u0131 dinlenmek en \u00e7ok \u00f6nerilen tavsiyelerden biridir. Ki\u015finin sa\u00e7 ekimi operasyonu sonra m\u00fcmk\u00fcnse 2-3 g\u00fcn kadar istirahat etmesi \u00f6nerilmektedir. Cerrahi m\u00fcdahale sonras\u0131 ekim b\u00f6lgesinde ve kafada \u015fi\u015flikler meydana gelebilir.<\/p>\n<p class=\"p1\">Bu \u015fi\u015flikleri m\u00fcdahale sonras\u0131 olu\u015fan \u00f6demler olu\u015fturuyor olabilir. Bu durumda ki\u015finin kafas\u0131ndaki \u015fi\u015flikler ge\u00e7ene kadar m\u00fcmk\u00fcn oldu\u011funca kafas\u0131n\u0131 \u00f6ne e\u011fmemesi \u00f6nerilir. Bu tavsiye ile de \u00f6demin y\u00fcz b\u00f6lgesine ge\u00e7i\u015fi s\u00f6z konusu olabilece\u011finden bu engellenmeye \u00e7al\u0131\u015f\u0131lmaktad\u0131r.<\/p>\n<p class=\"p1\">Bu tavsiyeler d\u0131\u015f\u0131nda hayat\u0131m\u0131z\u0131n kayna\u011f\u0131 olan suyu da unutmamak gerekir. Bu \u015fikayetlerden mustarip ki\u015filerin bol bol s\u0131v\u0131 almas\u0131 ve v\u00fccutlar\u0131n\u0131 susuz b\u0131rakmamas\u0131 \u00f6nerilmektedir. V\u00fccutta sa\u00e7 ekim operasyonu sonras\u0131 biriken \u00f6demin idrar yoluyla at\u0131laca\u011f\u0131 bilinmelidir. Bunlar\u0131n yan\u0131 s\u0131ra ki\u015finin sa\u00e7 ekimi yap\u0131lan b\u00f6lgeyi m\u00fcmk\u00fcn oldu\u011funca korumas\u0131 gereklidir.<\/p>\n<p class=\"p1\">Anestezik etkinin bir s\u00fcre devam edebilece\u011fi d\u00fc\u015f\u00fcn\u00fcld\u00fc\u011f\u00fcnde ki\u015fi b\u00f6lgeye darbe ald\u0131\u011f\u0131nda hissedemeyebilmektedir. Bu \u00f6nlemleri do\u011fru alan ki\u015filer yan etkilerden en k\u0131sa s\u00fcrede kurtulacaklard\u0131r.<\/p>\n<p class=\"p1\">Sonu\u00e7 olarak sa\u00e7 ekimi sonras\u0131 olu\u015fabilecek komplikasyonlar\u0131n fark\u0131nda olmal\u0131 ve doktorunuzun size verdi\u011fi normal s\u00fcreler i\u00e7erisindeki yan etkilerde tela\u015f yapmamal\u0131s\u0131n\u0131z. Beklenmeyen bir sorun olu\u015ftu\u011funda da doktorunuza ba\u015fvurmal\u0131s\u0131n\u0131z.<\/p>\n<p class=\"p1\">Yasal Uyar\u0131: Bu sayfadaki ifadeler bilgi verme ama\u00e7l\u0131 olup, ba\u011flay\u0131c\u0131 nitelik ta\u015f\u0131maz. Hi\u00e7bir bilgi, tedavi tavsiyesi olmay\u0131p, doktor tavsiyelerinin \u00f6n\u00fcnde de\u011fildir. Kesin bilgi ve talimatlar\u0131, yaln\u0131zca doktorunuzdan alman\u0131z sa\u011fl\u0131\u011f\u0131n\u0131z a\u00e7\u0131s\u0131ndan son derece \u00f6nemlidir.<\/p>\n<p>Kaynak\u00e7a:<\/p>\n<p><a href=\"https:\/\/www.hairsure.in\/8-things-to-avoid-after-hair-transplant-procedure\" target=\"_blank\" rel=\"noopener\">https:\/\/www.hairsure.in\/8-things-to-avoid-after-hair-transplant-procedure<\/a><\/p>\n","protected":false},"excerpt":{"rendered":"<p>Sa\u00e7 ekimi, g\u00fc\u00e7l\u00fc k\u0131l k\u00f6klerini bar\u0131nd\u0131ran d\u00f6nor b\u00f6lgelerden al\u0131nan k\u0131l k\u00f6klerinin sa\u00e7\u0131n seyrek bulundu\u011fu veya hi\u00e7 bulunmad\u0131\u011f\u0131 bir b\u00f6lgeye nakledilme i\u015flemini kapsayan yayg\u0131n bir cerrahi m\u00fcdahaledir. Bu g\u00fc\u00e7l\u00fc ve nakledilmeye uygun sa\u00e7 k\u00f6klerine greft denir. Greftlerin, sa\u00e7 ekimi yap\u0131lmas\u0131 istenen b\u00f6lgeye nakli ile cerrahi i\u015flem a\u015famal\u0131 olarak tamamlanmaktad\u0131r. Bu sayede \u00e7e\u015fitli do\u011fal ve yapay nedenlerle [&hellip;]<\/p>\n","protected":false},"author":1,"featured_media":2740,"comment_status":"closed","ping_status":"closed","sticky":false,"template":"","format":"standard","meta":{"footnotes":""},"categories":[9],"tags":[],"class_list":["post-2739","post","type-post","status-publish","format-standard","has-post-thumbnail","hentry","category-blog"],"_links":{"self":[{"href":"https:\/\/www.yetkinbayer.com\/tr\/wp-json\/wp\/v2\/posts\/2739","targetHints":{"allow":["GET"]}}],"collection":[{"href":"https:\/\/www.yetkinbayer.com\/tr\/wp-json\/wp\/v2\/posts"}],"about":[{"href":"https:\/\/www.yetkinbayer.com\/tr\/wp-json\/wp\/v2\/types\/post"}],"author":[{"embeddable":true,"href":"https:\/\/www.yetkinbayer.com\/tr\/wp-json\/wp\/v2\/users\/1"}],"replies":[{"embeddable":true,"href":"https:\/\/www.yetkinbayer.com\/tr\/wp-json\/wp\/v2\/comments?post=2739"}],"version-history":[{"count":1,"href":"https:\/\/www.yetkinbayer.com\/tr\/wp-json\/wp\/v2\/posts\/2739\/revisions"}],"predecessor-version":[{"id":2753,"href":"https:\/\/www.yetkinbayer.com\/tr\/wp-json\/wp\/v2\/posts\/2739\/revisions\/2753"}],"wp:featuredmedia":[{"embeddable":true,"href":"https:\/\/www.yetkinbayer.com\/tr\/wp-json\/wp\/v2\/media\/2740"}],"wp:attachment":[{"href":"https:\/\/www.yetkinbayer.com\/tr\/wp-json\/wp\/v2\/media?parent=2739"}],"wp:term":[{"taxonomy":"category","embeddable":true,"href":"https:\/\/www.yetkinbayer.com\/tr\/wp-json\/wp\/v2\/categories?post=2739"},{"taxonomy":"post_tag","embeddable":true,"href":"https:\/\/www.yetkinbayer.com\/tr\/wp-json\/wp\/v2\/tags?post=2739"}],"curies":[{"name":"wp","href":"https:\/\/api.w.org\/{rel}","templated":true}]}}