{"id":2724,"date":"2025-04-28T18:04:09","date_gmt":"2025-04-28T15:04:09","guid":{"rendered":"https:\/\/www.yetkinbayer.com\/?p=2724"},"modified":"2025-04-28T18:04:09","modified_gmt":"2025-04-28T15:04:09","slug":"sac-ekimi-sonrasi-protez-sac-kullanilir-mi","status":"publish","type":"post","link":"https:\/\/www.yetkinbayer.com\/tr\/sac-ekimi-sonrasi-protez-sac-kullanilir-mi\/","title":{"rendered":"Sa\u00e7 Ekimi Sonras\u0131 Protez Sa\u00e7 Kullan\u0131l\u0131r M\u0131?"},"content":{"rendered":"<p class=\"p1\"><strong>Sa\u00e7<\/strong>, bireyin fiziksel g\u00f6r\u00fcnt\u00fcs\u00fcn\u00fcn en \u00f6nemli tamamlay\u0131c\u0131s\u0131 olarak kar\u015f\u0131m\u0131za \u00e7\u0131kmaktad\u0131r. G\u00fczel bir g\u00f6r\u00fcn\u00fcm\u00fcn \u00f6nemli bir par\u00e7as\u0131d\u0131r. G\u00f6r\u00fcnt\u00fcn\u00fcn yan\u0131 s\u0131ra sa\u011flad\u0131\u011f\u0131 \u00f6zg\u00fcven sayesinde bireyin sosyal \u00e7evresindeki ili\u015fkileri \u00fczerinde ki\u015fiye olumlu etkileri vard\u0131r.<\/p>\n<p class=\"p1\">Zaman i\u00e7erinde \u00e7e\u015fitli sebeplerden \u00f6t\u00fcr\u00fc insanlar sa\u00e7 kay\u0131plar\u0131 ya\u015fayabilmektedirler. G\u00f6rsel olarak sonradan zorunlu olarak sahip olduklar\u0131 g\u00f6r\u00fcnt\u00fcye kar\u015f\u0131 bireyler \u00f6nlem almak i\u00e7in bir\u00e7ok yola ba\u015fvurabilirler. Bu sorunun \u00e7\u00f6z\u00fcm\u00fcnde pek \u00e7ok y\u00f6ntem kullan\u0131labilmektedir.<\/p>\n<p class=\"p1\">Mezoterapi, sa\u00e7 ekimi, sa\u00e7 protezi gibi y\u00f6ntemler bu tedavide kullan\u0131lsa da baz\u0131 durumlarda bu y\u00f6ntemlerden birden fazlas\u0131 tercih edilmektedir. Bu sayede daha kal\u0131c\u0131 sonu\u00e7lar elde edilmeye \u00e7al\u0131\u015f\u0131lmaktad\u0131r.<\/p>\n<p class=\"p1\">Burada ki\u015finin kar\u015f\u0131la\u015ft\u0131\u011f\u0131 sa\u011fl\u0131k sorununu \u00e7\u00f6zebilmek ad\u0131na \u00f6ncesinde pek \u00e7ok ara\u015ft\u0131rma yapmak gerekir. Ki\u015finin sa\u011fl\u0131k ge\u00e7mi\u015fi \u00f6nemli bir noktada yer al\u0131r. Ki\u015finin geneti\u011fi, bir cilt hastal\u0131\u011f\u0131n\u0131n olup olmamas\u0131, vitamin de\u011ferlerindeki eksiklikler, ya\u015f\u0131n ilerlemesi, sa\u011fl\u0131ks\u0131z beslenme, kirli ya\u015fam ko\u015fullar\u0131 ve baz\u0131 hastal\u0131klar sa\u00e7larda ortaya \u00e7\u0131kan bu problemin temel sebepleri olabilmektedir.<\/p>\n<p class=\"p1\">Sebepler tespit edildikten sonra ki\u015fi i\u00e7in en uygun y\u00f6ntem tespit edilmekte ve buna g\u00f6re uygulama a\u015famas\u0131na ge\u00e7ilmektedir.<\/p>\n<p class=\"p1\"><a href=\"https:\/\/www.yetkinbayer.com\/tr\/sac-ekimi\/\"><strong>Sa\u00e7 ekimi<\/strong><\/a>\u00a0kaybedilen sa\u00e7lar\u0131n yerine yine ki\u015finin kendi sa\u00e7lar\u0131n\u0131n yerle\u015ftirilmesi ile uygulanan kal\u0131c\u0131 ve en g\u00fcvenilir bir yollardan biridir. Ameliyats\u0131z, kesiksiz, ne\u015fter kullan\u0131lmadan yap\u0131ld\u0131\u011f\u0131 i\u00e7in i\u015flem sonras\u0131nda herhangi bir iz kalma ihtimali olmaz. Ayr\u0131ca sa\u00e7 ekiminde ki\u015finin kendi do\u011fal sa\u00e7lar\u0131 kullan\u0131ld\u0131\u011f\u0131 i\u00e7in yeni sa\u00e7lar di\u011ferlerinden farkl\u0131 olmayan, do\u011fal bir g\u00f6r\u00fcn\u00fcme sahip olmalar\u0131 sa\u011flan\u0131r.<\/p>\n<p class=\"p1\">Do\u011fal sa\u00e7lar edinildikten sonra protez sa\u00e7 uygulamas\u0131 ise hi\u00e7 makul de\u011fildir. Sa\u00e7lar uzama a\u015famas\u0131ndayken bu gibi yollara ba\u015fvurmay\u0131 d\u00fc\u015f\u00fcnenler elbette olabilir. A\u00e7\u0131k\u00e7a ifade etmek gerekir ki, sa\u00e7lar\u0131n\u0131z ekildikten sonra, k\u00f6kleri yerle\u015firken, protez sa\u00e7 gibi bir uygulamaya ba\u015fvurman\u0131z riskli olabilir.<\/p>\n<p>&#8220;Sa\u00e7 ekimi sonras\u0131 protez sa\u00e7 tak\u0131l\u0131r m\u0131?&#8221; sorusu sa\u00e7 ekimi yapt\u0131rm\u0131\u015f ki\u015filer taraf\u0131ndan en fazla y\u00f6neltilen sorulardan biridir. Dr. Yetkin Bayer, &#8220;Protez sa\u00e7 nedir?&#8221; ve &#8220;Sa\u00e7 ekimi sonras\u0131 protez sa\u00e7\u0131n art\u0131lar\u0131 ve eksileri nelerdir?&#8221; gibi sorular\u0131 sizler i\u00e7in yan\u0131tl\u0131yor.<\/p>\n<div id=\"ez-toc-container\" class=\"ez-toc-v2_0_82_2 counter-flat ez-toc-counter ez-toc-grey ez-toc-container-direction\">\n<div class=\"ez-toc-title-container\">\n<p class=\"ez-toc-title\" style=\"cursor:inherit\">Table of Contents<\/p>\n<span class=\"ez-toc-title-toggle\"><a href=\"#\" class=\"ez-toc-pull-right ez-toc-btn ez-toc-btn-xs ez-toc-btn-default ez-toc-toggle\" aria-label=\"\u0130\u00e7indekiler Tablosunu A\u00e7\/Kapat\"><span class=\"ez-toc-js-icon-con\"><span class=\"\"><span class=\"eztoc-hide\" style=\"display:none;\">Toggle<\/span><span class=\"ez-toc-icon-toggle-span\"><svg style=\"fill: #999;color:#999\" xmlns=\"http:\/\/www.w3.org\/2000\/svg\" class=\"list-377408\" width=\"20px\" height=\"20px\" viewBox=\"0 0 24 24\" fill=\"none\"><path d=\"M6 6H4v2h2V6zm14 0H8v2h12V6zM4 11h2v2H4v-2zm16 0H8v2h12v-2zM4 16h2v2H4v-2zm16 0H8v2h12v-2z\" fill=\"currentColor\"><\/path><\/svg><svg style=\"fill: #999;color:#999\" class=\"arrow-unsorted-368013\" xmlns=\"http:\/\/www.w3.org\/2000\/svg\" width=\"10px\" height=\"10px\" viewBox=\"0 0 24 24\" version=\"1.2\" baseProfile=\"tiny\"><path d=\"M18.2 9.3l-6.2-6.3-6.2 6.3c-.2.2-.3.4-.3.7s.1.5.3.7c.2.2.4.3.7.3h11c.3 0 .5-.1.7-.3.2-.2.3-.5.3-.7s-.1-.5-.3-.7zM5.8 14.7l6.2 6.3 6.2-6.3c.2-.2.3-.5.3-.7s-.1-.5-.3-.7c-.2-.2-.4-.3-.7-.3h-11c-.3 0-.5.1-.7.3-.2.2-.3.5-.3.7s.1.5.3.7z\"\/><\/svg><\/span><\/span><\/span><\/a><\/span><\/div>\n<nav><ul class='ez-toc-list ez-toc-list-level-1 eztoc-toggle-hide-by-default' ><li class='ez-toc-page-1'><a class=\"ez-toc-link ez-toc-heading-1\" href=\"#\" data-href=\"https:\/\/www.yetkinbayer.com\/tr\/sac-ekimi-sonrasi-protez-sac-kullanilir-mi\/#Protez_sac_nedir\" >Protez sa\u00e7 nedir?<\/a><\/li><li class='ez-toc-page-1'><a class=\"ez-toc-link ez-toc-heading-2\" href=\"#\" data-href=\"https:\/\/www.yetkinbayer.com\/tr\/sac-ekimi-sonrasi-protez-sac-kullanilir-mi\/#Sac_ekimi_sonrasi_protez_sacin_artilari_ve_eksileri_nelerdir\" >Sa\u00e7 ekimi sonras\u0131 protez sa\u00e7\u0131n art\u0131lar\u0131 ve eksileri nelerdir?<\/a><\/li><li class='ez-toc-page-1'><a class=\"ez-toc-link ez-toc-heading-3\" href=\"#\" data-href=\"https:\/\/www.yetkinbayer.com\/tr\/sac-ekimi-sonrasi-protez-sac-kullanilir-mi\/#Protez_Sac_Arti_ozellikleri\" >Protez Sa\u00e7 Art\u0131 \u00f6zellikleri:<\/a><\/li><li class='ez-toc-page-1'><a class=\"ez-toc-link ez-toc-heading-4\" href=\"#\" data-href=\"https:\/\/www.yetkinbayer.com\/tr\/sac-ekimi-sonrasi-protez-sac-kullanilir-mi\/#Protez_Sac_Eksi_ozellikleri\" >Protez Sa\u00e7 Eksi \u00f6zellikleri:<\/a><\/li><li class='ez-toc-page-1'><a class=\"ez-toc-link ez-toc-heading-5\" href=\"#\" data-href=\"https:\/\/www.yetkinbayer.com\/tr\/sac-ekimi-sonrasi-protez-sac-kullanilir-mi\/#Protez_sac_uygulama_asamalari_nelerdir\" >Protez sa\u00e7 uygulama a\u015famalar\u0131 nelerdir?<\/a><\/li><\/ul><\/nav><\/div>\n<h2 class=\"p1\"><span class=\"ez-toc-section\" id=\"Protez_sac_nedir\"><\/span>Protez sa\u00e7 nedir?<span class=\"ez-toc-section-end\"><\/span><\/h2>\n<p class=\"p1\">Protez sa\u00e7 profesyonel uzmanlar taraf\u0131ndan \u00f6l\u00e7\u00fclendirme yap\u0131lan ve %100 insan sa\u00e7\u0131 dokusundan geli\u015fmi\u015f teknik y\u00f6ntemlerle \u00fcretilmekte olan sa\u00e7 protezinin \u00f6zel yap\u0131\u015ft\u0131r\u0131c\u0131larla sa\u00e7s\u0131z ya da seyrek olan sa\u00e7 b\u00f6lgelerine yerle\u015ftirilip \u015fekillendirilmekte olan y\u00f6nteme denilmektedir.<\/p>\n<p class=\"p1\">T\u0131bbi operasyon gere\u011fi duyulmayan ve memnun kal\u0131nmad\u0131\u011f\u0131 takdirde geri d\u00f6n\u00fc\u015f\u00fc m\u00fcmk\u00fcn olabilen ve hijyenik, kullan\u0131m a\u00e7\u0131s\u0131ndan sorunsuz, dayan\u0131kl\u0131l\u0131k a\u00e7\u0131s\u0131ndan sa\u011flam ve estetik g\u00f6r\u00fcnt\u00fcye kavu\u015fturan bir uygulamad\u0131r.<\/p>\n<p class=\"p1\">Sa\u00e7 protezi, cerrahi bir m\u00fcdahale gerektirmeyen, do\u011fal insan sa\u00e7\u0131ndan \u00fcretilen sa\u011fl\u0131kl\u0131 bir uygulamad\u0131r. Ki\u015finin seyrek veya sa\u00e7 kayb\u0131 ya\u015fad\u0131\u011f\u0131 alan tespit edilerek ki\u015fiye \u00f6zel haz\u0131rlan\u0131r. Sa\u00e7 protezinden sonra normal hayata kesintisiz devam edilebilir. Protez sa\u00e7, do\u011fal insan sa\u00e7\u0131ndan \u00fcretilen bir uygulamad\u0131r. Kullan\u0131m\u0131 son derecede kolay ve sa\u011fl\u0131kl\u0131d\u0131r.<\/p>\n<p class=\"p1\">Protez sa\u00e7, d\u00f6k\u00fclmenin veya sa\u00e7 kayb\u0131n\u0131n nedeni ne olursa olsun hi\u00e7 fark etmeksizin; gen\u00e7 \u2013 ya\u015fl\u0131, kad\u0131n \u2013 erkek b\u00fct\u00fcn bireylere uygulanabilmektedir. Kemoterapi ve radyoterapi muayeneleri sonunda sa\u00e7lar\u0131n\u0131 kaybeden bireyler bile, protez sa\u00e7 uygulamas\u0131 sayesinde sa\u00e7s\u0131z ge\u00e7irdikleri d\u00f6nemleri y\u00fcksek bir motivasyonla ve moralle ge\u00e7irmeye ba\u015flayabilirler.<\/p>\n<p class=\"p1\">Protez sa\u00e7, \u00e7ok k\u00fc\u00e7\u00fck ya\u015flardaki \u00e7ocuk bireylere veya egzama gibi ileri derecelerde kronik cilt hastal\u0131klar\u0131 olan bireylere \u00f6nerilmemektedir. Protez sa\u00e7 kullan\u0131m\u0131, g\u00f6zlere tak\u0131lan lens veya a\u011fza tak\u0131lan di\u015f protezi kullan\u0131\u015f\u0131 gibi olmakta ve t\u0131pk\u0131 onlar gibi sa\u011fl\u0131k kurallar\u0131na uyulacak \u015fekilde olmal\u0131d\u0131r.<\/p>\n<p class=\"p1\">K\u00fc\u00e7\u00fck veya ya\u015flar\u0131 ilerlemi\u015f ya da zihinsel problemler sebebiyle \u015fahsi bak\u0131mlar\u0131na temizliklerine \u00f6nem verememe sorunu ya\u015fayan ve bu sorumlulu\u011fu alamayacak olan ki\u015filere kesinlikle \u00f6nerilmemektedir.<\/p>\n<h2 class=\"p1\"><span class=\"ez-toc-section\" id=\"Sac_ekimi_sonrasi_protez_sacin_artilari_ve_eksileri_nelerdir\"><\/span>Sa\u00e7 ekimi sonras\u0131 protez sa\u00e7\u0131n art\u0131lar\u0131 ve eksileri nelerdir?<span class=\"ez-toc-section-end\"><\/span><\/h2>\n<p class=\"p1\">Sa\u00e7 ekimi sonras\u0131nda istenilen verimin al\u0131namad\u0131\u011f\u0131 durumlarda alternatif y\u00f6ntemler denenmektedir. Bu y\u00f6ntemlerden biri de <strong><a href=\"https:\/\/www.yetkinbayer.com\/tr\/sac-ekimi-sonrasi\/\">sa\u00e7 ekimi sonras\u0131<\/a><\/strong> protez sa\u00e7 uygulamas\u0131d\u0131r. Bu uygulaman\u0131n pek \u00e7ok art\u0131s\u0131 olmakla birlikte eksi y\u00f6nlerinin bulundu\u011funu da s\u00f6ylemek gerekmektedir.<\/p>\n<h2 class=\"p1\"><span class=\"ez-toc-section\" id=\"Protez_Sac_Arti_ozellikleri\"><\/span>Protez Sa\u00e7 Art\u0131 \u00f6zellikleri:<span class=\"ez-toc-section-end\"><\/span><\/h2>\n<p class=\"p1\">1.Yan etkisi yok derecededir.<\/p>\n<p class=\"p1\">2.G\u00f6r\u00fcn\u00fcm\u00fc 5-10 ya\u015f gen\u00e7le\u015ftirir.<\/p>\n<p class=\"p1\">3.\u0130nsan\u0131n kendi sa\u00e7\u0131 bu kadar dolgun ve \u015fekilli olmayabilir.<\/p>\n<p class=\"p1\">4.Yaz\u0131n g\u00fcne\u015ften korur. K\u0131\u015f aylar\u0131nda so\u011fuktan korur.<\/p>\n<p class=\"p1\">5.Sin\u00fczit hastalar\u0131na olduk\u00e7a iyi gelir.<\/p>\n<p class=\"p1\">6.Sa\u00e7s\u0131z bir insan ancak bu kadar \u00e7abuk ac\u0131s\u0131z s\u0131z\u0131s\u0131z sa\u00e7lar\u0131na kavu\u015fabilir.<\/p>\n<p class=\"p1\">7.\u0130stersen herhangi bir sebepten dolay\u0131 bir s\u00fcre sonra hi\u00e7bir \u015fey olmam\u0131\u015f gibi sa\u00e7\u0131n\u0131 \u00e7\u0131karabilirsin.<\/p>\n<p class=\"p1\">8.Var olan sa\u00e7\u0131n\u0131za zarar vermez.<\/p>\n<p class=\"p1\">9.\u00d6zg\u00fcven eksikli\u011finiz ortadan kalkar.<\/p>\n<h2 class=\"p1\"><span class=\"ez-toc-section\" id=\"Protez_Sac_Eksi_ozellikleri\"><\/span>Protez Sa\u00e7 Eksi \u00f6zellikleri:<span class=\"ez-toc-section-end\"><\/span><\/h2>\n<p class=\"p1\">1.Orijinal sa\u00e7 gibi uzamaz.<\/p>\n<p class=\"p1\">2.Bak\u0131m gerektirir.<\/p>\n<p class=\"p1\">3.Belirli bir \u00f6mr\u00fcnden sonra yenisini yapt\u0131rman\u0131z gerekir.<\/p>\n<p class=\"p1\">4.Sadece g\u00fcre\u015f, boks, kickbox sporu yapan ki\u015filer i\u00e7in a\u015f\u0131r\u0131 terlemeden dolay\u0131 uygun de\u011fildir.<\/p>\n<h2 class=\"p1\"><span class=\"ez-toc-section\" id=\"Protez_sac_uygulama_asamalari_nelerdir\"><\/span>Protez sa\u00e7 uygulama a\u015famalar\u0131 nelerdir?<span class=\"ez-toc-section-end\"><\/span><\/h2>\n<p class=\"p1\">\u0130lk a\u015fama \u00f6l\u00e7\u00fclendirmedir. Bu a\u015fama sa\u00e7 protezinin en temel ad\u0131m\u0131d\u0131r ve hi\u00e7bir hatan\u0131n yap\u0131lmamas\u0131 laz\u0131md\u0131r. Sa\u00e7 protezi \u00f6l\u00e7\u00fclendirme a\u015famas\u0131nda ki\u015fide sa\u00e7 bulunmayan b\u00f6l\u00fcmler \u00fczerinden yap\u0131lan i\u015flem s\u0131ras\u0131nda, ki\u015finin y\u00fcz\u00fc ve kafa yap\u0131s\u0131 da dikkate al\u0131narak simetrik bir kal\u0131p olu\u015fturmaktad\u0131r.<\/p>\n<p class=\"p1\">\u0130kinci a\u015fama yerle\u015ftirmede ise ki\u015fiye en uygun sa\u00e7 rengi ve sa\u00e7 teli \u00f6zelliklerine de karar verilir. Uygulaman\u0131n ba\u015far\u0131s\u0131 i\u00e7in protezi yerle\u015ftirme a\u015famas\u0131nda \u00e7ok dikkat edilmesi gerekiyor.<\/p>\n<p class=\"p1\">Sa\u00e7 protezi i\u015fleminde son a\u015fama ise tasar\u0131md\u0131r. Sa\u00e7 protezi tasar\u0131m a\u015famas\u0131, ki\u015fiye \u00f6zel haz\u0131rlanan ve kafaya sabitlenen sa\u00e7 protezinin bireyin y\u00fcz yap\u0131s\u0131na g\u00f6re \u015fekillendirilmesi ve kesilmesi i\u015flemlerini kapsar.<\/p>\n<p class=\"p1\">Yasal Uyar\u0131: Bu sayfadaki ifadeler bilgi verme ama\u00e7l\u0131 olup, ba\u011flay\u0131c\u0131 nitelik ta\u015f\u0131maz. Hi\u00e7bir bilgi, tedavi tavsiyesi olmay\u0131p, doktor tavsiyelerinin \u00f6n\u00fcnde de\u011fildir. Kesin bilgi ve talimatlar\u0131, yaln\u0131zca doktorunuzdan alman\u0131z sa\u011fl\u0131\u011f\u0131n\u0131z a\u00e7\u0131s\u0131ndan son derece \u00f6nemlidir.<\/p>\n<p>Kaynak\u00e7a:<\/p>\n<p><a href=\"https:\/\/www.lybrate.com\/topic\/what-is-hair-prosthesis-and-how-it-is-done\/2c8e1fd619f4eeb72deb442bf868d120\" target=\"_blank\" rel=\"noopener\">https:\/\/www.lybrate.com\/topic\/what-is-hair-prosthesis-and-how-it-is-done\/2c8e1fd619f4eeb72deb442bf868d120<\/a><\/p>\n","protected":false},"excerpt":{"rendered":"<p>Sa\u00e7, bireyin fiziksel g\u00f6r\u00fcnt\u00fcs\u00fcn\u00fcn en \u00f6nemli tamamlay\u0131c\u0131s\u0131 olarak kar\u015f\u0131m\u0131za \u00e7\u0131kmaktad\u0131r. G\u00fczel bir g\u00f6r\u00fcn\u00fcm\u00fcn \u00f6nemli bir par\u00e7as\u0131d\u0131r. G\u00f6r\u00fcnt\u00fcn\u00fcn yan\u0131 s\u0131ra sa\u011flad\u0131\u011f\u0131 \u00f6zg\u00fcven sayesinde bireyin sosyal \u00e7evresindeki ili\u015fkileri \u00fczerinde ki\u015fiye olumlu etkileri vard\u0131r. Zaman i\u00e7erinde \u00e7e\u015fitli sebeplerden \u00f6t\u00fcr\u00fc insanlar sa\u00e7 kay\u0131plar\u0131 ya\u015fayabilmektedirler. G\u00f6rsel olarak sonradan zorunlu olarak sahip olduklar\u0131 g\u00f6r\u00fcnt\u00fcye kar\u015f\u0131 bireyler \u00f6nlem almak i\u00e7in bir\u00e7ok yola [&hellip;]<\/p>\n","protected":false},"author":1,"featured_media":2725,"comment_status":"closed","ping_status":"closed","sticky":false,"template":"","format":"standard","meta":{"footnotes":""},"categories":[9],"tags":[],"class_list":["post-2724","post","type-post","status-publish","format-standard","has-post-thumbnail","hentry","category-blog"],"_links":{"self":[{"href":"https:\/\/www.yetkinbayer.com\/tr\/wp-json\/wp\/v2\/posts\/2724","targetHints":{"allow":["GET"]}}],"collection":[{"href":"https:\/\/www.yetkinbayer.com\/tr\/wp-json\/wp\/v2\/posts"}],"about":[{"href":"https:\/\/www.yetkinbayer.com\/tr\/wp-json\/wp\/v2\/types\/post"}],"author":[{"embeddable":true,"href":"https:\/\/www.yetkinbayer.com\/tr\/wp-json\/wp\/v2\/users\/1"}],"replies":[{"embeddable":true,"href":"https:\/\/www.yetkinbayer.com\/tr\/wp-json\/wp\/v2\/comments?post=2724"}],"version-history":[{"count":1,"href":"https:\/\/www.yetkinbayer.com\/tr\/wp-json\/wp\/v2\/posts\/2724\/revisions"}],"predecessor-version":[{"id":2738,"href":"https:\/\/www.yetkinbayer.com\/tr\/wp-json\/wp\/v2\/posts\/2724\/revisions\/2738"}],"wp:featuredmedia":[{"embeddable":true,"href":"https:\/\/www.yetkinbayer.com\/tr\/wp-json\/wp\/v2\/media\/2725"}],"wp:attachment":[{"href":"https:\/\/www.yetkinbayer.com\/tr\/wp-json\/wp\/v2\/media?parent=2724"}],"wp:term":[{"taxonomy":"category","embeddable":true,"href":"https:\/\/www.yetkinbayer.com\/tr\/wp-json\/wp\/v2\/categories?post=2724"},{"taxonomy":"post_tag","embeddable":true,"href":"https:\/\/www.yetkinbayer.com\/tr\/wp-json\/wp\/v2\/tags?post=2724"}],"curies":[{"name":"wp","href":"https:\/\/api.w.org\/{rel}","templated":true}]}}