{"id":2690,"date":"2025-04-28T17:59:44","date_gmt":"2025-04-28T14:59:44","guid":{"rendered":"https:\/\/www.yetkinbayer.com\/?p=2690"},"modified":"2025-04-28T17:59:44","modified_gmt":"2025-04-28T14:59:44","slug":"sac-ekimi-sonrasi-basimi-carptim","status":"publish","type":"post","link":"https:\/\/www.yetkinbayer.com\/tr\/sac-ekimi-sonrasi-basimi-carptim\/","title":{"rendered":"Sa\u00e7 ekimi sonras\u0131 ba\u015f\u0131m\u0131 \u00e7arpt\u0131m"},"content":{"rendered":"<p class=\"p1\"><strong>Sa\u00e7 ekimi<\/strong> sonras\u0131 ba\u015f\u0131m\u0131 \u00e7arpt\u0131m, acaba i\u015flem zarar g\u00f6r\u00fcr m\u00fc? Sorusu, s\u0131k rastlanan sorulardand\u0131r. \u00c7e\u015fitli nedenlerle kafay\u0131 hafif veya \u015fiddetli bi\u00e7imde \u00e7arpmak riskli sonu\u00e7lar\u0131 do\u011furabilir.<\/p>\n<p class=\"p1\">Sa\u00e7 ekim i\u015flemlerinde yap\u0131lan m\u00fcdahale adeta ince ince \u00e7al\u0131\u015f\u0131lmay\u0131 gerektiren bir s\u00fcre\u00e7tir. Milimetrik \u00e7al\u0131\u015fmalar yap\u0131lan mikro cerrahi bu i\u015flemde i\u015flemin niteli\u011fi gere\u011fi ba\u015f b\u00f6lgesinde hassasiyet olu\u015fabilir. Olu\u015fan bu hassasiyet hastalarda don\u00f6r b\u00f6lgede ve ekim alan\u0131nda k\u0131zar\u0131kl\u0131k olarak kendini g\u00f6sterebilir.<\/p>\n<p class=\"p1\">Yap\u0131lan uygulama ile k\u00fc\u00e7\u00fck k\u00fc\u00e7\u00fck yaralar olu\u015fmakta oldu\u011fundan bir miktar k\u0131zar\u0131kl\u0131k ve tahri\u015f olu\u015fmas\u0131 da olduk\u00e7a do\u011fal ve s\u00fcrecin kendisinde var olan bir olu\u015fumdur. Yine bu b\u00f6lgede sivilcelenmeye e\u011filim g\u00f6r\u00fclebilir. Olu\u015fan sivilceler normal olsa da sivilce boyutlar\u0131 neredeyse nohut b\u00fcy\u00fckl\u00fc\u011f\u00fcn\u00fc al\u0131yorsa, sivilceler a\u011fr\u0131l\u0131 ve iltihapl\u0131ysa hekime g\u00f6r\u00fcnmekte fayda oldu\u011funu belirtmek gerekir.<\/p>\n<p class=\"p1\">Bundan sonra b\u00f6lgede bir miktar \u015fi\u015flik ve bu \u015fi\u015fliklere ba\u011fl\u0131 olarak gerginlik g\u00f6r\u00fclebilir. \u0130\u015fte t\u00fcm bu etkilerin g\u00f6r\u00fclebildi\u011fi b\u00f6yle hassas bir s\u00fcreci iyi y\u00f6neterek gayet konforlu ge\u00e7irmek m\u00fcmk\u00fcnd\u00fcr. Ancak bazen s\u00fcre\u00e7 i\u00e7erisinde ne kadar dikkat edilse de baz\u0131 talihsizliklerin ya\u015fanmas\u0131 olas\u0131 ve do\u011fald\u0131r.<\/p>\n<p class=\"p1\">Ba\u015f b\u00f6lgesine yanl\u0131\u015fl\u0131kla al\u0131nan bir darbe de bunlardan yaln\u0131zca biridir. <strong><a href=\"https:\/\/www.yetkinbayer.com\/tr\/sac-ekimi\">Sa\u00e7 ekimi<\/a><\/strong> sonras\u0131 ba\u015f\u0131n\u0131 \u00e7arpanlar genelde olduk\u00e7a endi\u015fe etmekte, sa\u00e7 ekimi sonras\u0131 ba\u015f\u0131m\u0131 \u00e7arpt\u0131m bir \u015fey olur mu minvalinde sorular y\u00f6neltmektedirler. Yaz\u0131da <strong><a href=\"https:\/\/www.yetkinbayer.com\/tr\/sac-ekim-sonrasi\">sa\u00e7 ekimi sonras\u0131<\/a><\/strong> ba\u015fa al\u0131nan darbeler, ba\u015f \u00e7arpmas\u0131 gibi hususlar ele al\u0131nacakt\u0131r.<\/p>\n<p>&#8220;Sa\u00e7 ekimi sonras\u0131 ba\u015f\u0131m\u0131 \u00e7arparsam ne olur?&#8221; sorusu sa\u00e7 ekimi yapt\u0131rm\u0131\u015f ki\u015filer taraf\u0131ndan en fazla y\u00f6neltilen sorulardan biridir. Dr. Yetkin Bayer, &#8220;Sa\u00e7 ekimi sonras\u0131 ba\u015f\u0131 \u00e7arpmak zararl\u0131 m\u0131d\u0131r?&#8221; ve &#8220;Sa\u00e7 ekimi sonras\u0131 nelere dikkat etmelisiniz?&#8221; gibi sorular\u0131 sizler i\u00e7in yan\u0131tl\u0131yor.<\/p>\n<div id=\"ez-toc-container\" class=\"ez-toc-v2_0_82_2 counter-flat ez-toc-counter ez-toc-grey ez-toc-container-direction\">\n<div class=\"ez-toc-title-container\">\n<p class=\"ez-toc-title\" style=\"cursor:inherit\">Table of Contents<\/p>\n<span class=\"ez-toc-title-toggle\"><a href=\"#\" class=\"ez-toc-pull-right ez-toc-btn ez-toc-btn-xs ez-toc-btn-default ez-toc-toggle\" aria-label=\"\u0130\u00e7indekiler Tablosunu A\u00e7\/Kapat\"><span class=\"ez-toc-js-icon-con\"><span class=\"\"><span class=\"eztoc-hide\" style=\"display:none;\">Toggle<\/span><span class=\"ez-toc-icon-toggle-span\"><svg style=\"fill: #999;color:#999\" xmlns=\"http:\/\/www.w3.org\/2000\/svg\" class=\"list-377408\" width=\"20px\" height=\"20px\" viewBox=\"0 0 24 24\" fill=\"none\"><path d=\"M6 6H4v2h2V6zm14 0H8v2h12V6zM4 11h2v2H4v-2zm16 0H8v2h12v-2zM4 16h2v2H4v-2zm16 0H8v2h12v-2z\" fill=\"currentColor\"><\/path><\/svg><svg style=\"fill: #999;color:#999\" class=\"arrow-unsorted-368013\" xmlns=\"http:\/\/www.w3.org\/2000\/svg\" width=\"10px\" height=\"10px\" viewBox=\"0 0 24 24\" version=\"1.2\" baseProfile=\"tiny\"><path d=\"M18.2 9.3l-6.2-6.3-6.2 6.3c-.2.2-.3.4-.3.7s.1.5.3.7c.2.2.4.3.7.3h11c.3 0 .5-.1.7-.3.2-.2.3-.5.3-.7s-.1-.5-.3-.7zM5.8 14.7l6.2 6.3 6.2-6.3c.2-.2.3-.5.3-.7s-.1-.5-.3-.7c-.2-.2-.4-.3-.7-.3h-11c-.3 0-.5.1-.7.3-.2.2-.3.5-.3.7s.1.5.3.7z\"\/><\/svg><\/span><\/span><\/span><\/a><\/span><\/div>\n<nav><ul class='ez-toc-list ez-toc-list-level-1 eztoc-toggle-hide-by-default' ><li class='ez-toc-page-1'><a class=\"ez-toc-link ez-toc-heading-1\" href=\"#\" data-href=\"https:\/\/www.yetkinbayer.com\/tr\/sac-ekimi-sonrasi-basimi-carptim\/#Sac_Ekimi_Sonrasi_Basi_Carpmak_Zararli_mi\" >Sa\u00e7 Ekimi Sonras\u0131 Ba\u015f\u0131 \u00c7arpmak Zararl\u0131 m\u0131?<\/a><\/li><li class='ez-toc-page-1'><a class=\"ez-toc-link ez-toc-heading-2\" href=\"#\" data-href=\"https:\/\/www.yetkinbayer.com\/tr\/sac-ekimi-sonrasi-basimi-carptim\/#Sac_ekilen_yer_darbe_alirsa_ne_olur\" >Sa\u00e7 ekilen yer darbe al\u0131rsa ne olur?<\/a><\/li><li class='ez-toc-page-1'><a class=\"ez-toc-link ez-toc-heading-3\" href=\"#\" data-href=\"https:\/\/www.yetkinbayer.com\/tr\/sac-ekimi-sonrasi-basimi-carptim\/#Sac_ekilen_bolgeyi_carparsam_ne_olur\" >Sa\u00e7 ekilen b\u00f6lgeyi \u00e7arparsam ne olur?<\/a><\/li><li class='ez-toc-page-1'><a class=\"ez-toc-link ez-toc-heading-4\" href=\"#\" data-href=\"https:\/\/www.yetkinbayer.com\/tr\/sac-ekimi-sonrasi-basimi-carptim\/#Sac_ekiminden_sonra_sok_dokulme_nasil_olur\" >Sa\u00e7 ekiminden sonra \u015fok d\u00f6k\u00fclme nas\u0131l olur?<\/a><\/li><li class='ez-toc-page-1'><a class=\"ez-toc-link ez-toc-heading-5\" href=\"#\" data-href=\"https:\/\/www.yetkinbayer.com\/tr\/sac-ekimi-sonrasi-basimi-carptim\/#Kafaya_darbe_almak_sac_doker_mi\" >Kafaya darbe almak sa\u00e7 d\u00f6ker mi?<\/a><\/li><li class='ez-toc-page-1'><a class=\"ez-toc-link ez-toc-heading-6\" href=\"#\" data-href=\"https:\/\/www.yetkinbayer.com\/tr\/sac-ekimi-sonrasi-basimi-carptim\/#Kafaya_darbe_aldiktan_sonra_kac_saat_tehlikeli\" >Kafaya darbe ald\u0131ktan sonra ka\u00e7 saat tehlikeli?<\/a><\/li><\/ul><\/nav><\/div>\n<h2 class=\"p1\"><span class=\"ez-toc-section\" id=\"Sac_Ekimi_Sonrasi_Basi_Carpmak_Zararli_mi\"><\/span>Sa\u00e7 Ekimi Sonras\u0131 Ba\u015f\u0131 \u00c7arpmak Zararl\u0131 m\u0131?<span class=\"ez-toc-section-end\"><\/span><\/h2>\n<p class=\"p1\">Sa\u00e7 ekiminin olduk\u00e7a hassas bir s\u00fcre\u00e7 oldu\u011fundan bahsetmi\u015ftik. Ger\u00e7ekten de sa\u00e7l\u0131 deri \u00fczerinde b\u00f6yle ince ince \u00e7al\u0131\u015f\u0131lan bir uygulamada deri \u00fczerinde bir \u00e7ok yara a\u00e7\u0131lmaktad\u0131r. Enseye yak\u0131n k\u0131s\u0131mdan, don\u00f6r b\u00f6lgeden al\u0131nan sa\u00e7 folik\u00fclleri ve sa\u00e7 greftleri ekim yap\u0131lacak alana transfer edilirler ve bu b\u00f6lgede kanallar a\u00e7\u0131larak implant edilirler.<\/p>\n<p class=\"p1\">Dolay\u0131s\u0131yla transfer edilen bu sa\u00e7 folik\u00fclleri bak\u0131m\u0131ndan olduk\u00e7a hassas bir s\u00fcre\u00e7 ba\u015flar. \u0130lk olarak bu folik\u00fcllerin canl\u0131 olarak deride kalmas\u0131 gerekir. \u0130\u015flem sonras\u0131 yanl\u0131\u015f yap\u0131lacak uygulamalar ile bunlar\u0131n \u00f6lme ihtimali bulunur.<\/p>\n<p class=\"p1\">Ekilen sa\u00e7 greftlerinin de zarar g\u00f6rmesini \u00f6nlemek maksad\u0131yla olduk\u00e7a dikkatli olmak gerekir. Bu konuda en \u00f6nemli hususlardan birisi kafa b\u00f6lgesinde s\u00fcrt\u00fcnme olu\u015fturmamakt\u0131r. Bunun i\u00e7in ilk zamanlar yat\u0131\u015f pozisyonunun dikkatli al\u0131nmas\u0131 \u00f6nerilir.<\/p>\n<p class=\"p1\">\u00d6zel bir ba\u015fl\u0131k kullan\u0131m\u0131 da yine \u00f6nerilenler aras\u0131nda yer al\u0131r. T\u00fcm bunlar deride s\u00fcrt\u00fcnme ya\u015fanacak bir temas ihtimalini en aza indirerek olas\u0131 hasarlardan korunmak maksatl\u0131 uygulamalard\u0131r. \u0130\u015flem g\u00f6ren b\u00f6lgede s\u00fcrt\u00fcnme ger\u00e7ekle\u015fmesi buradaki sa\u00e7 folik\u00fcllerine zarar verebilir ve sa\u00e7 folik\u00fcllerinin \u00f6lmesine neden olabilir.<\/p>\n<p class=\"p1\">Bununla birlikte ilk birka\u00e7 g\u00fcn ge\u00e7tikten sonra yava\u015f yava\u015f bu hassasiyet kaybolur ve art\u0131k normal ya\u015fama d\u00f6nmek kolayla\u015f\u0131r, hareket k\u0131s\u0131t\u0131 en aza iner. 2-4 hafta aras\u0131 yaralar da kabuk ba\u011flar, kabuklar d\u00f6k\u00fcl\u00fcr ve iyile\u015fme b\u00fcy\u00fck oranda tamamlan\u0131r. Bundan sonras\u0131 sa\u00e7lar\u0131n uzamas\u0131 ve sa\u00e7 derisini belli baz\u0131 noktalarda korumaktan ge\u00e7er.<\/p>\n<p class=\"p1\">Bu noktada kafa b\u00f6lgesine al\u0131nacak bir darbenin de s\u00fcrt\u00fcnme olu\u015fturmas\u0131 ve dolay\u0131s\u0131yla bir miktar zararl\u0131 bulunmas\u0131 s\u00f6z konusu olabilir. Bu darbenin i\u015flem yap\u0131ld\u0131ktan sonra ka\u00e7\u0131nc\u0131 g\u00fcn ba\u015f b\u00f6lgesine al\u0131nd\u0131\u011f\u0131 olduk\u00e7a \u00f6nemlidir. E\u011fer erken d\u00f6nemde al\u0131nd\u0131ysa sa\u00e7 folik\u00fcllerinin bir k\u0131sm\u0131n\u0131n \u00f6lme ihtimali bulunabilir.<\/p>\n<p class=\"p1\">Ya da sa\u00e7 greftleri zarar g\u00f6rm\u00fc\u015f olabilir. Ancak bu durum \u00e7arpman\u0131n \u015fiddetine de ba\u011fl\u0131d\u0131r. Bununla birlikte elbette herhangi bir zarar g\u00f6r\u00fclmemi\u015f de olabilir. \u00d6zellikle dikkat edilmesi gereken d\u00f6nemde bu \u00e7arpma ya\u015fand\u0131 ise hekime g\u00f6r\u00fcnmek ve sa\u00e7lar\u0131 kontrol ettirmek faydal\u0131 olabilir.<\/p>\n<p class=\"p1\">\u00c7arpman\u0131n hafif \u015fiddette ya\u015fanmas\u0131 ya da erken d\u00f6nem say\u0131lmayacak bir d\u00f6nemde ya\u015fanmas\u0131 riski en aza indirir. Ancak e\u011fer yine de endi\u015fe ediliyorsa i\u015flemi yapan uzman\u0131n g\u00f6rmesinde fayda olabilir.<\/p>\n<p class=\"p1\">Bahsedilen t\u00fcm bu hususlarda dikkatli ve \u00f6zenli bir \u015fekilde davran\u0131lmas\u0131, sa\u00e7 folik\u00fcl\u00fc ve sa\u00e7 grefti kayb\u0131 ihtimalini en aza indirecektir. Bu s\u00fcre\u00e7te ba\u015fa darbe almamaya olduk\u00e7a dikkat edilmesi i\u015fe yarar. \u00d6rne\u011fin ba\u015fa gelebilecek bir darbe ihtimaline kar\u015f\u0131 \u00e7evrede \u00e7ok yak\u0131nda e\u015fya bulundurmamak iyi olabilir.<\/p>\n<p class=\"p1\">\u0130nsanlarla \u00e7ok yak\u0131n mesafede durmak, y\u00fcr\u00fcmek ya da ayn\u0131 anda bilgisayar, telefon gibi ekranlara bakmaktan ka\u00e7\u0131n\u0131labilir. Olas\u0131 kazalar\u0131n m\u00fcmk\u00fcn mertebe \u00f6n\u00fcne ge\u00e7mek i\u00e7in bu hususlar \u00f6nemlidir. Yine ilk birka\u00e7 g\u00fcn sars\u0131nt\u0131 ya\u015fanmamas\u0131 i\u00e7in ara\u00e7 kullan\u0131lmamas\u0131 tavsiye edilir. Bunun yan\u0131nda e\u011fer araca binmek gerekiyorsa emniyet kemerinin mutlaka kullan\u0131lmas\u0131 olduk\u00e7a yerinde olur.<\/p>\n<p class=\"p1\">Hap\u015f\u0131rma ve \u00f6ks\u00fcr\u00fck gibi durumlarda b\u00f6yle durumlar\u0131 \u015fiddetli ya\u015fayan, \u015fiddetli hap\u015f\u0131ran, \u015fiddetli \u00f6ks\u00fcren ki\u015filerin dikkatli olmas\u0131 faydal\u0131d\u0131r. Bu durumlarda \u00e7evrede kafan\u0131n \u00e7arpmas\u0131na neden olacak insan ve nesnelerden uzak durulabilir. Yine kap\u0131 gibi yerlerden ge\u00e7erken ba\u015f b\u00f6lgesini korumaya dikkat edilebilir. Tavsiyelere uyulmas\u0131n\u0131n sonucu i\u015flemlerden memnuniyet duyulma ihtimalini artt\u0131r\u0131r.<\/p>\n<p class=\"p1\">Ayr\u0131ca ekilen sa\u00e7lar\u0131n di\u011fer var olan sa\u00e7lardan ay\u0131rt edilemeyecek kadar do\u011fal durmas\u0131 da ekilen sa\u00e7lara iyi bak\u0131lmas\u0131 ve onlara zarar gelmemesiyle en m\u00fcmk\u00fcn hale gelir. Her durumda hekime dan\u0131\u015f\u0131lmadan hareket edilmemelidir. \u00c7arpma gibi bir durumda en do\u011fru davran\u0131\u015f hekime g\u00f6r\u00fcnmektir. B\u00f6ylece endi\u015feler giderilerek s\u00fcre\u00e7 sa\u011fl\u0131kla i\u015flemeye devam edebilir.<\/p>\n<p class=\"p1\">Yasal Uyar\u0131: Bu sayfadaki ifadeler bilgi verme ama\u00e7l\u0131 olup, ba\u011flay\u0131c\u0131 nitelik ta\u015f\u0131maz. Hi\u00e7bir bilgi, tedavi tavsiyesi olmay\u0131p, doktor tavsiyelerinin \u00f6n\u00fcnde de\u011fildir. Kesin bilgi ve talimatlar\u0131, yaln\u0131zca doktorunuzdan alman\u0131z sa\u011fl\u0131\u011f\u0131n\u0131z a\u00e7\u0131s\u0131ndan son derece \u00f6nemlidir.<\/p>\n<h2 class=\"JlqpRe\"><span class=\"ez-toc-section\" id=\"Sac_ekilen_yer_darbe_alirsa_ne_olur\"><\/span><span class=\"JCzEY tNxQIb\"><span class=\"CSkcDe\">Sa\u00e7 ekilen yer darbe al\u0131rsa ne olur?<\/span><\/span><span class=\"ez-toc-section-end\"><\/span><\/h2>\n<p>Sa\u00e7 ekimi yap\u0131lan b\u00f6lge darbe al\u0131rsa, \u00f6zellikle ilk haftalarda, ekilen sa\u00e7 k\u00f6klerine zarar verme riski y\u00fcksektir. \u0130lk yedi ila on g\u00fcn aras\u0131nda, sa\u00e7 k\u00f6klerinin yeni yerlerine al\u0131\u015fmas\u0131 \u00e7ok \u00f6nemlidir. Bu s\u00fcre\u00e7te k\u00f6kler yerinden \u00e7\u0131kabilir veya zarar g\u00f6rebilir. Bu durumda sa\u00e7 k\u00f6k\u00fc i\u015flevini kaybeder ve o b\u00f6lgede sa\u00e7 \u00e7\u0131kmaz.<\/p>\n<p>Ayr\u0131ca darbeler kan dola\u015f\u0131m\u0131n\u0131 bozabilir ve iyile\u015fmeyi geciktirebilir. Ekimden kaynaklanan alanda \u015fi\u015flik, kanama veya enfeksiyon riski de artabilir. \u0130lk haftalarda kafa derisini korumak i\u00e7in ba\u015f\u0131n\u0131z\u0131 \u00e7arpmaktan, uyurken bask\u0131 yapmaktan veya kal\u0131n bir \u015fapka giymekten ka\u00e7\u0131nmal\u0131s\u0131n\u0131z.<\/p>\n<p>E\u011fer bir darbe ald\u0131ysan\u0131z, hasar miktar\u0131n\u0131 belirlemek i\u00e7in hemen doktorunuza ba\u015fvurmal\u0131s\u0131n\u0131z. Doktorunuz, k\u00f6klerin durumu hakk\u0131nda bilgi verebilir ve ek \u00f6nlemler \u00f6nerebilir. Bu durumlar\u0131 \u00f6nlemek i\u00e7in iyile\u015fme s\u00fcrecinde son derece dikkatli olmak \u00e7ok \u00f6nemlidir.<\/p>\n<h2 class=\"JlqpRe\"><span class=\"ez-toc-section\" id=\"Sac_ekilen_bolgeyi_carparsam_ne_olur\"><\/span><span class=\"JCzEY tNxQIb\"><span class=\"CSkcDe\">Sa\u00e7 ekilen b\u00f6lgeyi \u00e7arparsam ne olur?<\/span><\/span><span class=\"ez-toc-section-end\"><\/span><\/h2>\n<p>\u00d6zellikle ilk birka\u00e7 hafta i\u00e7inde sa\u00e7 ekimi yap\u0131lan b\u00f6lgeyi \u00e7arpmak, ekilen sa\u00e7 k\u00f6klerine zarar verebilir. Bu a\u015famada, sa\u00e7 k\u00f6kleri hen\u00fcz deriyle tam olarak b\u00fct\u00fcnle\u015fmedi\u011fi i\u00e7in k\u00f6kler yerinden \u00e7\u0131kabilir veya zay\u0131flayabilir. Bunun bir sonucu olarak, ekilen b\u00f6lgedeki sa\u00e7 k\u00f6kleri i\u015flevini yitirir ve ekilen sa\u00e7lar \u00e7\u0131kmaz. \u0130lk yedi ila on g\u00fcn, sa\u00e7 k\u00f6klerinin yerle\u015fmesi i\u00e7in \u00e7ok \u00f6nemlidir ve bu s\u00fcre boyunca b\u00f6lgeye hi\u00e7bir \u015fekilde bask\u0131 uygulanmamas\u0131 gerekir.<\/p>\n<p>\u00c7arpma, sa\u00e7l\u0131 deride kanama, \u015fi\u015flik veya a\u011fr\u0131ya neden olabilir. Bu, b\u00f6lgenin iyile\u015fme s\u00fcrecini bozabilir ve enfeksiyon riskini art\u0131rabilir. Sa\u00e7 ekilen b\u00f6lgeye \u00e7arpt\u0131ysan\u0131z, darbenin \u015fiddetine ba\u011fl\u0131 olarak doktorunuza hemen dan\u0131\u015fmal\u0131s\u0131n\u0131z. Doktorunuz, sa\u00e7 k\u00f6klerinin durumu hakk\u0131nda bilgi verebilir ve gerekli ad\u0131mlar\u0131 atman\u0131za yard\u0131mc\u0131 olabilir.<\/p>\n<p>Ba\u015far\u0131l\u0131 bir sonu\u00e7 elde etmek i\u00e7in, sa\u00e7 ekimi sonras\u0131, \u00f6zellikle ilk haftalarda dikkatli davranmak ve sa\u00e7 ekimi yap\u0131lan alan\u0131 fiziksel travmadan korumak \u00e7ok \u00f6nemlidir.<\/p>\n<div class=\"p8Jhnd\">\n<h2 class=\"JlqpRe\"><span class=\"ez-toc-section\" id=\"Sac_ekiminden_sonra_sok_dokulme_nasil_olur\"><\/span><span class=\"JCzEY tNxQIb\"><span class=\"CSkcDe\">Sa\u00e7 ekiminden sonra \u015fok d\u00f6k\u00fclme nas\u0131l olur?<\/span><\/span><span class=\"ez-toc-section-end\"><\/span><\/h2>\n<p>Sa\u00e7 ekiminden sonra, ekilen sa\u00e7 k\u00f6klerinin normal bir adaptasyon s\u00fcreci olarak d\u00f6k\u00fclmesi olarak bilinen \u015fok d\u00f6k\u00fclme, tipik olarak 2-8 hafta aras\u0131nda meydana gelir. Bu, sa\u00e7 k\u00f6klerinin yeni yerlerine al\u0131\u015fmak i\u00e7in ge\u00e7ici olarak sa\u00e7 \u00fcretimini durdurmas\u0131d\u0131r. \u015eok d\u00f6k\u00fclme, ekilen sa\u00e7 telleri ve bazen yak\u0131ndaki sa\u00e7larda g\u00f6r\u00fclebilir. Bununla birlikte, bu s\u00fcre\u00e7 sa\u00e7 ekiminin ba\u015far\u0131s\u0131z oldu\u011fu anlam\u0131na gelmez; aksine, sa\u00e7 k\u00f6klerini yeniden b\u00fcy\u00fcmeye ve geli\u015fmeye haz\u0131rlamak i\u00e7in do\u011fal bir s\u00fcre\u00e7tir.<\/p>\n<p>D\u00f6k\u00fclen sa\u00e7 telleri yerine yeni, kal\u0131c\u0131 sa\u00e7lar \u00e7\u0131kmaya ba\u015flar. 3-4. aydan itibaren yeni sa\u00e7lar ince bir \u015fekilde belirir ve zamanla g\u00fc\u00e7lenir ve kal\u0131nla\u015f\u0131r. \u015eok d\u00f6k\u00fclme s\u0131ras\u0131nda sadece sa\u00e7 telleri d\u00f6k\u00fcl\u00fcr, ancak k\u00f6kler deri alt\u0131nda kal\u0131r.<\/p>\n<p>Bu s\u00fcre\u00e7te sakin kalmak ve doktorun verdi\u011fi bak\u0131m talimatlar\u0131na uymak \u00e7ok \u00f6nemlidir. \u015eok d\u00f6k\u00fclme tamamen ki\u015fisel bir s\u00fcre\u00e7tir. Baz\u0131 insanlar daha fazla fark edebilirken di\u011ferleri neredeyse hi\u00e7 fark etmez. Sa\u00e7lar\u0131n yeniden \u00e7\u0131kmas\u0131 genellikle on iki ila on sekiz ay aras\u0131nda tamamlan\u0131r ve do\u011fal ve kal\u0131c\u0131 bir g\u00f6r\u00fcn\u00fcm elde edilir.<\/p>\n<h2><span class=\"ez-toc-section\" id=\"Kafaya_darbe_almak_sac_doker_mi\"><\/span>Kafaya darbe almak sa\u00e7 d\u00f6ker mi?<span class=\"ez-toc-section-end\"><\/span><\/h2>\n<p>Kafaya darbe almak, sa\u00e7 d\u00f6k\u00fclmesine neden olabilir, ancak bu, darbenin \u015fiddetine ve darbenin uyguland\u0131\u011f\u0131 b\u00f6lgeye ba\u011fl\u0131 olarak de\u011fi\u015febilir. Genellikle hafif darbeler kal\u0131c\u0131 sa\u00e7 d\u00f6k\u00fclmesine neden olmaz.<\/p>\n<p>Bununla birlikte, g\u00fc\u00e7l\u00fc bir darbe, sa\u00e7 k\u00f6klerine zarar vererek sa\u00e7 d\u00f6k\u00fclmesine neden olabilir. \u00d6zellikle kafa derisinde yaralanma, doku hasar\u0131 veya kan dola\u015f\u0131m\u0131nda bozulma meydana gelirse, sa\u00e7 k\u00f6kleri beslenemez ve sa\u00e7 kayb\u0131 meydana gelir.<\/p>\n<p>Darbenin ard\u0131ndan sa\u00e7 d\u00f6k\u00fclmesine &#8220;traksiyon alopesi&#8221; veya &#8220;travmatik alopesi&#8221; denir. Bu, sa\u00e7 k\u00f6klerine fiziksel bask\u0131 veya zarar nedeniyle ortaya \u00e7\u0131kar. Ayr\u0131ca darbe, sa\u00e7 d\u00f6k\u00fclmesine neden olan stres unsurlar\u0131n\u0131 art\u0131rabilir. Ge\u00e7ici sa\u00e7 d\u00f6k\u00fclmesine ra\u011fmen, sa\u00e7 k\u00f6kleri zarar g\u00f6rmediyse, sa\u00e7lar genellikle zamanla yeniden \u00e7\u0131kar.<\/p>\n<p>Darbe sonras\u0131 sa\u00e7 d\u00f6k\u00fclmesi fark ediyorsan\u0131z, ge\u00e7ici veya kal\u0131c\u0131 oldu\u011funu belirlemek i\u00e7in bir dermatolog veya uzman doktora dan\u0131\u015fmal\u0131s\u0131n\u0131z. Erken m\u00fcdahale, sa\u00e7 d\u00f6k\u00fclmesini \u00f6nleyebilir ve sa\u011fl\u0131kl\u0131 bir g\u00f6r\u00fcn\u00fcm sa\u011flar.<\/p>\n<h2><span class=\"ez-toc-section\" id=\"Kafaya_darbe_aldiktan_sonra_kac_saat_tehlikeli\"><\/span>Kafaya darbe ald\u0131ktan sonra ka\u00e7 saat tehlikeli?<span class=\"ez-toc-section-end\"><\/span><\/h2>\n<p>Kafaya darbe ald\u0131ktan sonraki ilk 24 saat \u00e7ok \u00f6nemlidir ve dikkat edilmesi gerekir. Bu d\u00f6nemde, beyin sars\u0131nt\u0131s\u0131, kanama veya \u015fi\u015flik gibi ciddi komplikasyonlar\u0131n belirtileri ortaya \u00e7\u0131kabilir.<\/p>\n<p>\u00d6zellikle \u015fiddetli bir darbeden sonra ba\u015f a\u011fr\u0131s\u0131, bulant\u0131, kusma, bilin\u00e7 bulan\u0131kl\u0131\u011f\u0131, ba\u015f d\u00f6nmesi, g\u00f6rme sorunlar\u0131, konu\u015fma sorunlar\u0131 veya v\u00fccudun bir taraf\u0131nda g\u00fc\u00e7s\u00fczl\u00fck gibi belirtiler meydana gelirse hemen doktorunuza ba\u015fvurun.<\/p>\n<p>Baz\u0131 durumlarda, darbeden hemen sonra semptomlar ortaya \u00e7\u0131kmayabilir ve baz\u0131 semptomlar saatler hatta g\u00fcnler i\u00e7inde ortaya \u00e7\u0131kabilir. Sonu\u00e7 olarak, \u00f6zellikle yo\u011fun darbelerde bir ki\u015fiyi 48 saat boyunca g\u00f6zlem alt\u0131nda tutmak \u00e7ok \u00f6nemlidir.<\/p>\n<p>Hafif bir darbe sonras\u0131 herhangi bir semptom ortaya \u00e7\u0131kmazsa genellikle endi\u015fe edilecek bir \u015fey yoktur. Ancak ba\u015f a\u011fr\u0131s\u0131, sersemlik veya di\u011fer rahats\u0131zl\u0131klar devam ederse doktorunuza gidin.<\/p>\n<p>T\u0131bbi de\u011ferlendirme, darbe sonras\u0131nda, \u00f6zellikle bilin\u00e7 kayb\u0131 veya bay\u0131lma gibi ciddi bir durum ya\u015fanm\u0131\u015fsa, h\u0131zl\u0131 bir \u015fekilde yap\u0131lmal\u0131d\u0131r. Gerekirse, bu t\u00fcr travmalar ciddiye al\u0131nmal\u0131 ve uzman sa\u011fl\u0131k personelinden destek al\u0131nmal\u0131d\u0131r.<\/p>\n<p><a href=\"https:\/\/parsamohebi.com\/head-trauma-after-hair-transplant\" target=\"_blank\" rel=\"noopener\">https:\/\/parsamohebi.com\/head-trauma-after-hair-transplant<\/a><\/p>\n<\/div>\n","protected":false},"excerpt":{"rendered":"<p>Sa\u00e7 ekimi sonras\u0131 ba\u015f\u0131m\u0131 \u00e7arpt\u0131m, acaba i\u015flem zarar g\u00f6r\u00fcr m\u00fc? Sorusu, s\u0131k rastlanan sorulardand\u0131r. \u00c7e\u015fitli nedenlerle kafay\u0131 hafif veya \u015fiddetli bi\u00e7imde \u00e7arpmak riskli sonu\u00e7lar\u0131 do\u011furabilir. Sa\u00e7 ekim i\u015flemlerinde yap\u0131lan m\u00fcdahale adeta ince ince \u00e7al\u0131\u015f\u0131lmay\u0131 gerektiren bir s\u00fcre\u00e7tir. Milimetrik \u00e7al\u0131\u015fmalar yap\u0131lan mikro cerrahi bu i\u015flemde i\u015flemin niteli\u011fi gere\u011fi ba\u015f b\u00f6lgesinde hassasiyet olu\u015fabilir. Olu\u015fan bu hassasiyet hastalarda [&hellip;]<\/p>\n","protected":false},"author":1,"featured_media":2691,"comment_status":"closed","ping_status":"closed","sticky":false,"template":"","format":"standard","meta":{"footnotes":""},"categories":[9],"tags":[],"class_list":["post-2690","post","type-post","status-publish","format-standard","has-post-thumbnail","hentry","category-blog"],"_links":{"self":[{"href":"https:\/\/www.yetkinbayer.com\/tr\/wp-json\/wp\/v2\/posts\/2690","targetHints":{"allow":["GET"]}}],"collection":[{"href":"https:\/\/www.yetkinbayer.com\/tr\/wp-json\/wp\/v2\/posts"}],"about":[{"href":"https:\/\/www.yetkinbayer.com\/tr\/wp-json\/wp\/v2\/types\/post"}],"author":[{"embeddable":true,"href":"https:\/\/www.yetkinbayer.com\/tr\/wp-json\/wp\/v2\/users\/1"}],"replies":[{"embeddable":true,"href":"https:\/\/www.yetkinbayer.com\/tr\/wp-json\/wp\/v2\/comments?post=2690"}],"version-history":[{"count":1,"href":"https:\/\/www.yetkinbayer.com\/tr\/wp-json\/wp\/v2\/posts\/2690\/revisions"}],"predecessor-version":[{"id":2704,"href":"https:\/\/www.yetkinbayer.com\/tr\/wp-json\/wp\/v2\/posts\/2690\/revisions\/2704"}],"wp:featuredmedia":[{"embeddable":true,"href":"https:\/\/www.yetkinbayer.com\/tr\/wp-json\/wp\/v2\/media\/2691"}],"wp:attachment":[{"href":"https:\/\/www.yetkinbayer.com\/tr\/wp-json\/wp\/v2\/media?parent=2690"}],"wp:term":[{"taxonomy":"category","embeddable":true,"href":"https:\/\/www.yetkinbayer.com\/tr\/wp-json\/wp\/v2\/categories?post=2690"},{"taxonomy":"post_tag","embeddable":true,"href":"https:\/\/www.yetkinbayer.com\/tr\/wp-json\/wp\/v2\/tags?post=2690"}],"curies":[{"name":"wp","href":"https:\/\/api.w.org\/{rel}","templated":true}]}}