{"id":2659,"date":"2025-04-28T17:19:12","date_gmt":"2025-04-28T14:19:12","guid":{"rendered":"https:\/\/www.yetkinbayer.com\/?p=2659"},"modified":"2025-04-28T17:19:12","modified_gmt":"2025-04-28T14:19:12","slug":"sac-ekimi-sonrasi-yatis-pozisyonu-nasil-olmali","status":"publish","type":"post","link":"https:\/\/www.yetkinbayer.com\/tr\/sac-ekimi-sonrasi-yatis-pozisyonu-nasil-olmali\/","title":{"rendered":"Sa\u00e7 Ekimi Sonras\u0131 Yat\u0131\u015f Pozisyonu Nas\u0131l Olmal\u0131?"},"content":{"rendered":"<div id=\"ez-toc-container\" class=\"ez-toc-v2_0_82_2 counter-flat ez-toc-counter ez-toc-grey ez-toc-container-direction\">\n<div class=\"ez-toc-title-container\">\n<p class=\"ez-toc-title\" style=\"cursor:inherit\">Table of Contents<\/p>\n<span class=\"ez-toc-title-toggle\"><a href=\"#\" class=\"ez-toc-pull-right ez-toc-btn ez-toc-btn-xs ez-toc-btn-default ez-toc-toggle\" aria-label=\"\u0130\u00e7indekiler Tablosunu A\u00e7\/Kapat\"><span class=\"ez-toc-js-icon-con\"><span class=\"\"><span class=\"eztoc-hide\" style=\"display:none;\">Toggle<\/span><span class=\"ez-toc-icon-toggle-span\"><svg style=\"fill: #999;color:#999\" xmlns=\"http:\/\/www.w3.org\/2000\/svg\" class=\"list-377408\" width=\"20px\" height=\"20px\" viewBox=\"0 0 24 24\" fill=\"none\"><path d=\"M6 6H4v2h2V6zm14 0H8v2h12V6zM4 11h2v2H4v-2zm16 0H8v2h12v-2zM4 16h2v2H4v-2zm16 0H8v2h12v-2z\" fill=\"currentColor\"><\/path><\/svg><svg style=\"fill: #999;color:#999\" class=\"arrow-unsorted-368013\" xmlns=\"http:\/\/www.w3.org\/2000\/svg\" width=\"10px\" height=\"10px\" viewBox=\"0 0 24 24\" version=\"1.2\" baseProfile=\"tiny\"><path d=\"M18.2 9.3l-6.2-6.3-6.2 6.3c-.2.2-.3.4-.3.7s.1.5.3.7c.2.2.4.3.7.3h11c.3 0 .5-.1.7-.3.2-.2.3-.5.3-.7s-.1-.5-.3-.7zM5.8 14.7l6.2 6.3 6.2-6.3c.2-.2.3-.5.3-.7s-.1-.5-.3-.7c-.2-.2-.4-.3-.7-.3h-11c-.3 0-.5.1-.7.3-.2.2-.3.5-.3.7s.1.5.3.7z\"\/><\/svg><\/span><\/span><\/span><\/a><\/span><\/div>\n<nav><ul class='ez-toc-list ez-toc-list-level-1 eztoc-toggle-hide-by-default' ><li class='ez-toc-page-1'><a class=\"ez-toc-link ez-toc-heading-1\" href=\"#\" data-href=\"https:\/\/www.yetkinbayer.com\/tr\/sac-ekimi-sonrasi-yatis-pozisyonu-nasil-olmali\/#Sac_Ekimi_Sonrasi_Yatis_Pozisyonu_Nasil_Olmali\" >Sa\u00e7 Ekimi Sonras\u0131 Yat\u0131\u015f Pozisyonu Nas\u0131l Olmal\u0131?<\/a><\/li><li class='ez-toc-page-1'><a class=\"ez-toc-link ez-toc-heading-2\" href=\"#\" data-href=\"https:\/\/www.yetkinbayer.com\/tr\/sac-ekimi-sonrasi-yatis-pozisyonu-nasil-olmali\/#Sac_Ekimi_Sonrasi_Ilk_Gece_Uyku_Pozisyonu\" >Sa\u00e7 Ekimi Sonras\u0131 \u0130lk Gece Uyku Pozisyonu<\/a><\/li><li class='ez-toc-page-1'><a class=\"ez-toc-link ez-toc-heading-3\" href=\"#\" data-href=\"https:\/\/www.yetkinbayer.com\/tr\/sac-ekimi-sonrasi-yatis-pozisyonu-nasil-olmali\/#Sac_ekiminden_sonra_kac_gun_sirt_ustu_yatilmalidir\" >Sa\u00e7 ekiminden sonra ka\u00e7 g\u00fcn s\u0131rt \u00fcst\u00fc yat\u0131lmal\u0131d\u0131r?<\/a><\/li><li class='ez-toc-page-1'><a class=\"ez-toc-link ez-toc-heading-4\" href=\"#\" data-href=\"https:\/\/www.yetkinbayer.com\/tr\/sac-ekimi-sonrasi-yatis-pozisyonu-nasil-olmali\/#Sac_Ekiminden_Sonra_1_Haftalik_Uyku_Pozisyonu\" >Sa\u00e7 Ekiminden Sonra 1 Haftal\u0131k Uyku Pozisyonu<\/a><\/li><li class='ez-toc-page-1'><a class=\"ez-toc-link ez-toc-heading-5\" href=\"#\" data-href=\"https:\/\/www.yetkinbayer.com\/tr\/sac-ekimi-sonrasi-yatis-pozisyonu-nasil-olmali\/#Sac_Ekiminden_Sonra_Yan_Yatma\" >Sa\u00e7 Ekiminden Sonra Yan Yatma<\/a><\/li><\/ul><\/nav><\/div>\n<h2><span class=\"ez-toc-section\" id=\"Sac_Ekimi_Sonrasi_Yatis_Pozisyonu_Nasil_Olmali\"><\/span>Sa\u00e7 Ekimi Sonras\u0131 Yat\u0131\u015f Pozisyonu Nas\u0131l Olmal\u0131?<span class=\"ez-toc-section-end\"><\/span><\/h2>\n<p>Sa\u00e7 ekimi sonras\u0131 yat\u0131\u015f pozisyonu, ekilen greftlerin zarar g\u00f6rmemesi ve sa\u011fl\u0131kl\u0131 bir iyile\u015fme s\u00fcreci ge\u00e7irmesi i\u00e7in \u00e7ok \u00f6nemlidir. \u0130lk birka\u00e7 g\u00fcn \u00f6zellikle dikkat edilmesi gereken bu s\u00fcre\u00e7te, ba\u015f\u0131n\u0131z\u0131n do\u011fru pozisyonda tutulmas\u0131 kan dola\u015f\u0131m\u0131n\u0131 destekler ve \u00f6dem olu\u015fumunu azalt\u0131r. Uzmanlar, ba\u015f\u0131n yakla\u015f\u0131k 45\u00b0 a\u00e7\u0131yla y\u00fckseltilmi\u015f bir \u015fekilde tutulmas\u0131n\u0131 tavsiye ediyor. Sonu\u00e7 olarak, yatarken ba\u015f\u0131n\u0131z\u0131 ve boyununuzu destekleyen bir yast\u0131k kullanman\u0131z yararl\u0131 olacakt\u0131r. Bu konuda \u00f6zellikle seyahat yast\u0131klar\u0131 olduk\u00e7a kullan\u0131\u015fl\u0131 bir \u00e7\u00f6z\u00fcm sunar.<\/p>\n<p>Y\u00fcz \u00fcst\u00fc yatmaktan kesinlikle ka\u00e7\u0131n\u0131lmal\u0131d\u0131r, \u00e7\u00fcnk\u00fc bu pozisyon ekim b\u00f6lgesine bask\u0131 yaparak greftlere zarar verebilir. Yan yana yatmak da tavsiye edilmez \u00e7\u00fcnk\u00fc greftlerin tutunma s\u00fcrecini bozabilir. Yatmak i\u00e7in en iyi pozisyon s\u0131rt \u00fcst\u00fc yatmakt\u0131r. Operasyondan sonra \u015fi\u015flikler meydana gelirse, bu pozisyon \u015fi\u015fliklerin daha h\u0131zl\u0131 yay\u0131lmas\u0131na yard\u0131mc\u0131 olabilir. Operasyondan sonra verilen koruyucu ba\u015fl\u0131k veya bandaj\u0131 kullanmak ve yatak \u00e7ar\u015faflar\u0131n\u0131z\u0131 temiz tutmak \u00e7ok \u00f6nemlidir.<\/p>\n<p><strong>Sa\u00e7 ekim<\/strong> tedavisi sa\u00e7 kayb\u0131n\u0131n giderilmesinde kullan\u0131lan en etkili tedavi y\u00f6ntemidir. Sa\u00e7 ekim tedavisini d\u00fc\u015f\u00fcnen ki\u015filerin akl\u0131nda bir\u00e7ok soru i\u015fareti bulunmaktad\u0131r. Bunlardan bir tanesi de tedavi sonras\u0131 yat\u0131\u015f pozisyonlar\u0131d\u0131r. Sa\u00e7 ekim operasyonundan sonraki ad\u0131m iyile\u015fme s\u00fcrecidir.<\/p>\n<p>En az 1 y\u0131ll\u0131k zaman\u0131 kapsayan iyile\u015fme s\u00fcrecinin en hassas d\u00f6nemi ilk 10 g\u00fcnd\u00fcr. Sa\u00e7 ekim tedavisi sonras\u0131nda ekim yap\u0131lan b\u00f6lgeyi her t\u00fcrl\u00fc \u00e7arpma, darbe ve temastan koruman\u0131z son derece \u00f6nemlidir. Bu nedenle <strong><a href=\"https:\/\/www.yetkinbayer.com\/tr\/sac-ekimi\/\">sa\u00e7 ekimi<\/a><\/strong> tedavisinden sonra uyuma pozisyonu \u00e7ok \u00f6nemlidir. Ancak dikkat edilmesi gereken tek konu sadece uyuma de\u011fil; uzanma, d\u00f6nme gibi hareketlere de dikkat edilmelidir.<\/p>\n<p>&#8220;Sa\u00e7 ekimi sonras\u0131 yat\u0131\u015f pozisyonu nas\u0131l olmal\u0131?&#8221; sorusu sa\u00e7 ekimi yapt\u0131racak ki\u015filer taraf\u0131ndan en fazla y\u00f6neltilen sorulardan biridir. Dr. Yetkin Bayer, &#8220;Sa\u00e7 ekimi sonras\u0131 ilk gece uyku pozisyonu nas\u0131l olmal\u0131d\u0131r?&#8221; ve &#8220;Sa\u00e7 ekiminden sonra ka\u00e7 g\u00fcn s\u0131rt \u00fcst\u00fc yat\u0131lmal\u0131d\u0131r?&#8221; gibi sorular\u0131 sizler i\u00e7in yan\u0131tl\u0131yor.<\/p>\n<p>Ekilen k\u00f6klerin kanallara tutunma s\u00fcresi en az 10 g\u00fcnd\u00fcr. Bu nedenle sa\u00e7 ekimi sonras\u0131 sa\u00e7 ekilen b\u00f6lgenin el ve yast\u0131k ile temas etmemesi gerekmektedir.<\/p>\n<h2><span class=\"ez-toc-section\" id=\"Sac_Ekimi_Sonrasi_Ilk_Gece_Uyku_Pozisyonu\"><\/span>Sa\u00e7 Ekimi Sonras\u0131 \u0130lk Gece Uyku Pozisyonu<span class=\"ez-toc-section-end\"><\/span><\/h2>\n<p>Sa\u00e7 ekiminden sonraki ilk gece \u00e7ok \u00f6nemlidir bu nedenle kesinlikle tamamen yat\u0131k ve yatakta uyumamak gerekir. Sa\u00e7 ekimi operasyonu sonras\u0131nda tamamen yat\u0131k vaziyette uyumas\u0131 halinde, sa\u00e7 ekilen b\u00f6lgede \u015fi\u015flikler meydana gelebilir. \u0130lk gece 45 derecelik a\u00e7\u0131yla ve s\u0131rtta iki yast\u0131k destekli bir \u015fekilde uyumak en sa\u011fl\u0131kl\u0131 uyuma pozisyonudur.<\/p>\n<p>Operasyon sonras\u0131 komplikasyonlar\u0131ndan en \u00e7ok rastlanan durumlardan biri kafa b\u00f6lgesindeki \u015fi\u015fme ve \u00f6demdir. Bu nedenle 45 derecelik a\u00e7\u0131yla uyumak, hem \u015fi\u015fli\u011fin ve \u00f6demin hem de operasyon s\u0131ras\u0131nda kullan\u0131lan anestezik ila\u00e7lar\u0131n ve kafa derisine enjekte edilen serumunun kafa derisinde durmas\u0131n\u0131n \u00f6n\u00fcne ge\u00e7mi\u015f olur.<\/p>\n<h2><span class=\"ez-toc-section\" id=\"Sac_ekiminden_sonra_kac_gun_sirt_ustu_yatilmalidir\"><\/span>Sa\u00e7 ekiminden sonra ka\u00e7 g\u00fcn s\u0131rt \u00fcst\u00fc yat\u0131lmal\u0131d\u0131r?<span class=\"ez-toc-section-end\"><\/span><\/h2>\n<p>Sa\u00e7 ekiminizden sonra uyudu\u011funuz pozisyon \u00e7ok \u00f6nemlidir \u00e7\u00fcnk\u00fc kafa deriniz hassast\u0131r ve do\u011fal olarak sa\u00e7 greftleriniz hassast\u0131r. \u0130kisini de gerekti\u011fi gibi \u00f6nemsemezseniz, istedi\u011finiz sonu\u00e7lar\u0131 alamayabilirsiniz.<\/p>\n<p>Sa\u00e7 k\u00f6klerine zarar verebilirsiniz, bu da potansiyel olarak ek bir prosed\u00fcr gerektirebilir. Ayr\u0131ca kafa derinizde ve aln\u0131n\u0131zda daha fazla \u015fi\u015flik ya\u015fayabilirsiniz, bu da sadece iyile\u015fmeyi uzat\u0131r.<\/p>\n<p>S\u0131rt \u00fcst\u00fc ve dik uyumal\u0131s\u0131n\u0131z. Ba\u015f\u0131n\u0131z ve s\u0131rt\u0131n\u0131z y\u00fcksekte olacak \u015fekilde, tercihen 45 \u00b0 a\u00e7\u0131yla. Y\u00fcz \u00fcst\u00fc vaziyette uyumay\u0131n \u00e7\u00fcnk\u00fc bu durum ekilen sa\u00e7\u0131n\u0131za zarar verebilir ve daha fazla \u015fi\u015fmeye neden olabilir.<\/p>\n<p>Ba\u015f\u0131n\u0131z\u0131 d\u00fczg\u00fcn bir \u015fekilde y\u00fcksekte tutmak ve ba\u015fl\u0131ktaki sa\u00e7 k\u00f6klerine zarar vermemek i\u00e7in yast\u0131\u011f\u0131n\u0131z\u0131n alt\u0131na bir yast\u0131k koydu\u011funuzdan emin olun. Geceleri sallan\u0131p d\u00f6nmeniz durumunda ba\u015f\u0131n\u0131z\u0131 destekleyece\u011fi ve sa\u00e7 greftlerini koruyaca\u011f\u0131 i\u00e7in boynunuz i\u00e7in seyahat yast\u0131\u011f\u0131 da kullanabilirsiniz.<\/p>\n<p>Yatar koltukta uyumak, ekilen sa\u00e7lar\u0131n\u0131z\u0131 korumak i\u00e7in de harika bir fikirdir. Bu s\u00fcre\u00e7 genel olarak 5 g\u00fcn ila 2 hafta aras\u0131nda de\u011fi\u015fkenlik g\u00f6sterse de, doktorunuza dan\u0131\u015farak hareket etmeniz her zaman faydal\u0131d\u0131r.<\/p>\n<h2><span class=\"ez-toc-section\" id=\"Sac_Ekiminden_Sonra_1_Haftalik_Uyku_Pozisyonu\"><\/span>Sa\u00e7 Ekiminden Sonra 1 Haftal\u0131k Uyku Pozisyonu<span class=\"ez-toc-section-end\"><\/span><\/h2>\n<p><strong><a href=\"https:\/\/www.yetkinbayer.com\/tr\/sac-ekimi\/\">Sa\u00e7 ekimi<\/a><\/strong> sadece \u00f6n b\u00f6lgelere yap\u0131ld\u0131ysa, ilk haftadan sonra s\u0131rt \u00fcst\u00fc yat\u0131labilir. \u0130lk haftadan \u00f6nce de s\u0131rt \u00fcst\u00fc pozisyonu ancak pozisyonu 45 derecelik bir e\u011fim \u015feklinde olursa uygun olur. Sa\u00e7 ekiminin sadece tepe b\u00f6lgesine yap\u0131ld\u0131\u011f\u0131 durumlarda da s\u0131rt \u00fcst\u00fc yatmak ekim b\u00f6lgesine zarar verebilir.<\/p>\n<p>Bu durumlar bir yolcu yast\u0131\u011f\u0131 kullan\u0131labilir. B\u00f6ylece ekim b\u00f6lgesinin temas\u0131 en aza inece\u011finden ekilen sa\u00e7lar zarar g\u00f6rmeyecektir. Hem ekilen sa\u00e7 k\u00f6klerinin zarar g\u00f6rmemesi, hem de y\u00fcz ve kafa b\u00f6lgesindeki \u00f6demleri atabilmek i\u00e7in bu porsiyonda yatmak \u00e7ok \u00f6nemlidir.<\/p>\n<h2><span class=\"ez-toc-section\" id=\"Sac_Ekiminden_Sonra_Yan_Yatma\"><\/span>Sa\u00e7 Ekiminden Sonra Yan Yatma<span class=\"ez-toc-section-end\"><\/span><\/h2>\n<p>Sa\u00e7 ekimi sonras\u0131 yan yatma, kafada veya y\u00fczde \u015fi\u015fli\u011fe neden olaca\u011f\u0131 i\u00e7in \u00f6nerilmez. Ayr\u0131ca sa\u00e7 ekilen b\u00f6lgede bask\u0131 olu\u015fmas\u0131na neden olaca\u011f\u0131ndan ekilen k\u00f6klere zarar verebilir. \u0130lk 10 g\u00fcnl\u00fck iyile\u015fme s\u00fcrecinden sonra doktorun onaylamas\u0131 durumunda yan yat\u0131labilir.<\/p>\n<p>Sa\u00e7 Ekimi Sonras\u0131 Don\u00f6r B\u00f6lge<\/p>\n<p>Sa\u00e7 ekimi sonras\u0131 don\u00f6r b\u00f6lge \u00fczerine yat\u0131lmas\u0131, b\u00f6lgeye zarar vermez.\u00a0 Ancak don\u00f6r b\u00f6lgesi ense ise <strong><a href=\"https:\/\/www.yetkinbayer.com\/tr\/sac-ekimi-sonrasi\">sa\u00e7 ekimi sonras\u0131<\/a><\/strong> 10 \u2013 14 g\u00fcn ensenin \u00fczerine yat\u0131lmas\u0131 halinde bu b\u00f6lgede hafif derecede yanma veya a\u011fr\u0131ya neden olabilir.<\/p>\n<p>Don\u00f6r b\u00f6lgesi ense ise ameliyattan \u00e7\u0131kt\u0131\u011f\u0131n\u0131z gece burada kan s\u0131z\u0131nt\u0131s\u0131 olabilmektedir. Bu nedenle yast\u0131\u011f\u0131n\u0131z\u0131n kan olmamas\u0131 i\u00e7in koruyucu bir materyal kullanman\u0131z gerekmektedir.<\/p>\n<p><strong>Kaynak\u00e7a:<\/strong><\/p>\n<p><a href=\"https:\/\/scandasia.com\/what-to-expect-after-hair-transplant-surgery\/\" target=\"_blank\" rel=\"noopener\">https:\/\/scandasia.com\/what-to-expect-after-hair-transplant-surgery\/<\/a><\/p>\n<p><a href=\"https:\/\/www.gq-magazine.co.uk\/article\/male-hair-transplant-uk-cost\" target=\"_blank\" rel=\"noopener\">https:\/\/www.gq-magazine.co.uk\/article\/male-hair-transplant-uk-cost<\/a><\/p>\n","protected":false},"excerpt":{"rendered":"<p>Sa\u00e7 Ekimi Sonras\u0131 Yat\u0131\u015f Pozisyonu Nas\u0131l Olmal\u0131? Sa\u00e7 ekimi sonras\u0131 yat\u0131\u015f pozisyonu, ekilen greftlerin zarar g\u00f6rmemesi ve sa\u011fl\u0131kl\u0131 bir iyile\u015fme s\u00fcreci ge\u00e7irmesi i\u00e7in \u00e7ok \u00f6nemlidir. \u0130lk birka\u00e7 g\u00fcn \u00f6zellikle dikkat edilmesi gereken bu s\u00fcre\u00e7te, ba\u015f\u0131n\u0131z\u0131n do\u011fru pozisyonda tutulmas\u0131 kan dola\u015f\u0131m\u0131n\u0131 destekler ve \u00f6dem olu\u015fumunu azalt\u0131r. Uzmanlar, ba\u015f\u0131n yakla\u015f\u0131k 45\u00b0 a\u00e7\u0131yla y\u00fckseltilmi\u015f bir \u015fekilde tutulmas\u0131n\u0131 tavsiye [&hellip;]<\/p>\n","protected":false},"author":1,"featured_media":2660,"comment_status":"closed","ping_status":"closed","sticky":false,"template":"","format":"standard","meta":{"footnotes":""},"categories":[9],"tags":[],"class_list":["post-2659","post","type-post","status-publish","format-standard","has-post-thumbnail","hentry","category-blog"],"_links":{"self":[{"href":"https:\/\/www.yetkinbayer.com\/tr\/wp-json\/wp\/v2\/posts\/2659","targetHints":{"allow":["GET"]}}],"collection":[{"href":"https:\/\/www.yetkinbayer.com\/tr\/wp-json\/wp\/v2\/posts"}],"about":[{"href":"https:\/\/www.yetkinbayer.com\/tr\/wp-json\/wp\/v2\/types\/post"}],"author":[{"embeddable":true,"href":"https:\/\/www.yetkinbayer.com\/tr\/wp-json\/wp\/v2\/users\/1"}],"replies":[{"embeddable":true,"href":"https:\/\/www.yetkinbayer.com\/tr\/wp-json\/wp\/v2\/comments?post=2659"}],"version-history":[{"count":2,"href":"https:\/\/www.yetkinbayer.com\/tr\/wp-json\/wp\/v2\/posts\/2659\/revisions"}],"predecessor-version":[{"id":2674,"href":"https:\/\/www.yetkinbayer.com\/tr\/wp-json\/wp\/v2\/posts\/2659\/revisions\/2674"}],"wp:featuredmedia":[{"embeddable":true,"href":"https:\/\/www.yetkinbayer.com\/tr\/wp-json\/wp\/v2\/media\/2660"}],"wp:attachment":[{"href":"https:\/\/www.yetkinbayer.com\/tr\/wp-json\/wp\/v2\/media?parent=2659"}],"wp:term":[{"taxonomy":"category","embeddable":true,"href":"https:\/\/www.yetkinbayer.com\/tr\/wp-json\/wp\/v2\/categories?post=2659"},{"taxonomy":"post_tag","embeddable":true,"href":"https:\/\/www.yetkinbayer.com\/tr\/wp-json\/wp\/v2\/tags?post=2659"}],"curies":[{"name":"wp","href":"https:\/\/api.w.org\/{rel}","templated":true}]}}