{"id":2642,"date":"2025-04-28T16:50:29","date_gmt":"2025-04-28T13:50:29","guid":{"rendered":"https:\/\/www.yetkinbayer.com\/?p=2642"},"modified":"2025-04-28T16:50:29","modified_gmt":"2025-04-28T13:50:29","slug":"sac-ekimi-sonrasi-saclar-kazitilir-mi","status":"publish","type":"post","link":"https:\/\/www.yetkinbayer.com\/tr\/sac-ekimi-sonrasi-saclar-kazitilir-mi\/","title":{"rendered":"Sa\u00e7 Ekimi Sonras\u0131 Sa\u00e7lar Kaz\u0131t\u0131l\u0131r M\u0131?"},"content":{"rendered":"<p class=\"p1\"><strong>Sa\u00e7 ekim<\/strong> sonras\u0131nda sa\u00e7lar\u0131n kaz\u0131t\u0131lmas\u0131 i\u015flemi hemen yap\u0131lamamaktad\u0131r.<\/p>\n<p class=\"p1\">Sa\u00e7 ekim i\u015fleminden bir m\u00fcddet sonra ekim yap\u0131lmayan b\u00f6lgelerde, ki\u015filerin ekim yap\u0131lmam\u0131\u015f k\u0131s\u0131mlar\u0131nda ki sa\u00e7lar, normal uzamas\u0131na devam ederken ekim yap\u0131lan b\u00f6lgede iki ay i\u00e7inde yeni sa\u00e7lar g\u00f6r\u00fclmeye ba\u015flar. Operasyondan \u00f6nce k\u0131salt\u0131lan sa\u00e7lar\u0131n uzamas\u0131yla ortaya \u00e7\u0131kan b\u00f6lgesel boy farkl\u0131l\u0131klar\u0131n\u0131 gidermek i\u00e7in k\u0131saltma i\u015flemi yap\u0131l\u0131r.<\/p>\n<p class=\"p1\">Sa\u00e7 ekimi sonras\u0131 sa\u00e7lar\u0131 k\u0131saltma i\u015flemi, \u015fok d\u00f6k\u00fclmenin ard\u0131ndan sa\u00e7lar\u0131n yeniden \u00e7\u0131k\u0131\u015f zaman\u0131 olan, operasyonun 2. ay\u0131nda olunur. Ekim yap\u0131lan b\u00f6lgeden sa\u00e7 k\u00f6klerinin daha rahat toplan\u0131p, ekilmesi i\u00e7in sa\u00e7lar, ekim operasyonu ger\u00e7ekle\u015ftirilmeden \u00f6nce k\u0131salt\u0131l\u0131r. K\u0131salt\u0131lan sa\u00e7lar, sa\u00e7 ekim i\u015fleminden sonra uzamay\u0131 s\u00fcrd\u00fcr\u00fcrken, ekim yap\u0131lan b\u00f6lgedeki sa\u00e7lar\u0131n \u00e7\u0131kmas\u0131 ve uzamas\u0131 ise biraz zaman al\u0131r.<\/p>\n<p class=\"p1\">Dolay\u0131s\u0131yla <strong><a href=\"https:\/\/www.yetkinbayer.com\/tr\/sac-ekim-sonrasi\">sa\u00e7 ekimi sonras\u0131<\/a><\/strong> sa\u00e7lar\u0131n k\u0131salt\u0131l\u0131p d\u00fczenlenmesi i\u00e7in ekilen sa\u00e7lar\u0131n deriye uyum sa\u011flamas\u0131n\u0131 beklemek gerekir. Bu s\u00fcre\u00e7te zamans\u0131z ve yanl\u0131\u015f yap\u0131lan sa\u00e7 kesimi, ekilen sa\u00e7lar\u0131n zarar g\u00f6rmesine neden olabilmektedir.<\/p>\n<p class=\"p1\">Bu kapsamda ilk 2 ay, sa\u00e7 ekimi sonras\u0131 sa\u00e7lar\u0131n k\u0131saltma i\u015flemleri i\u00e7in olduk\u00e7a \u00f6nemlidir. Herhangi bir k\u00f6k kayb\u0131na neden olmamak i\u00e7in, sa\u00e7 ekimi sonras\u0131 ilk kesim i\u015fleminde hangi aletinin, ne zaman kullan\u0131laca\u011f\u0131, ilk kesim i\u015fleminin nas\u0131l yap\u0131laca\u011f\u0131na do\u011fru karar vermek gerekir.<\/p>\n<p>&#8220;Sa\u00e7 ekim sonras\u0131 sa\u00e7lar\u0131 kaz\u0131tmak zararl\u0131 m\u0131?&#8221; sorusu sa\u00e7 ekimi yapt\u0131rm\u0131\u015f ki\u015filer taraf\u0131ndan en fazla y\u00f6neltilen sorulardan biridir. Dr. Yetkin Bayer, &#8220;Sa\u00e7 ekimi sonras\u0131 ilk iki ay sa\u00e7lar nas\u0131l kesilir?&#8221; ve &#8220;Sa\u00e7 kaz\u0131t\u0131l\u0131rken dikkat edilmesi gerekenler nelerdir?&#8221; gibi sorular\u0131 sizler i\u00e7in yan\u0131tl\u0131yor.<\/p>\n<div id=\"ez-toc-container\" class=\"ez-toc-v2_0_82_2 counter-flat ez-toc-counter ez-toc-grey ez-toc-container-direction\">\n<div class=\"ez-toc-title-container\">\n<p class=\"ez-toc-title\" style=\"cursor:inherit\">Table of Contents<\/p>\n<span class=\"ez-toc-title-toggle\"><a href=\"#\" class=\"ez-toc-pull-right ez-toc-btn ez-toc-btn-xs ez-toc-btn-default ez-toc-toggle\" aria-label=\"\u0130\u00e7indekiler Tablosunu A\u00e7\/Kapat\"><span class=\"ez-toc-js-icon-con\"><span class=\"\"><span class=\"eztoc-hide\" style=\"display:none;\">Toggle<\/span><span class=\"ez-toc-icon-toggle-span\"><svg style=\"fill: #999;color:#999\" xmlns=\"http:\/\/www.w3.org\/2000\/svg\" class=\"list-377408\" width=\"20px\" height=\"20px\" viewBox=\"0 0 24 24\" fill=\"none\"><path d=\"M6 6H4v2h2V6zm14 0H8v2h12V6zM4 11h2v2H4v-2zm16 0H8v2h12v-2zM4 16h2v2H4v-2zm16 0H8v2h12v-2z\" fill=\"currentColor\"><\/path><\/svg><svg style=\"fill: #999;color:#999\" class=\"arrow-unsorted-368013\" xmlns=\"http:\/\/www.w3.org\/2000\/svg\" width=\"10px\" height=\"10px\" viewBox=\"0 0 24 24\" version=\"1.2\" baseProfile=\"tiny\"><path d=\"M18.2 9.3l-6.2-6.3-6.2 6.3c-.2.2-.3.4-.3.7s.1.5.3.7c.2.2.4.3.7.3h11c.3 0 .5-.1.7-.3.2-.2.3-.5.3-.7s-.1-.5-.3-.7zM5.8 14.7l6.2 6.3 6.2-6.3c.2-.2.3-.5.3-.7s-.1-.5-.3-.7c-.2-.2-.4-.3-.7-.3h-11c-.3 0-.5.1-.7.3-.2.2-.3.5-.3.7s.1.5.3.7z\"\/><\/svg><\/span><\/span><\/span><\/a><\/span><\/div>\n<nav><ul class='ez-toc-list ez-toc-list-level-1 eztoc-toggle-hide-by-default' ><li class='ez-toc-page-1'><a class=\"ez-toc-link ez-toc-heading-1\" href=\"#\" data-href=\"https:\/\/www.yetkinbayer.com\/tr\/sac-ekimi-sonrasi-saclar-kazitilir-mi\/#Sac_ekim_Sonrasi_Ilk_Iki_Ay_Saclarin_Kesimi\" >Sa\u00e7 ekim Sonras\u0131 \u0130lk \u0130ki Ay Sa\u00e7lar\u0131n Kesimi<\/a><\/li><li class='ez-toc-page-1'><a class=\"ez-toc-link ez-toc-heading-2\" href=\"#\" data-href=\"https:\/\/www.yetkinbayer.com\/tr\/sac-ekimi-sonrasi-saclar-kazitilir-mi\/#Sac_Ekim_Sonrasi_Uc_ile_Alti_Ay_Arasi_Sac_Kesimi\" >Sa\u00e7 Ekim Sonras\u0131 \u00dc\u00e7 ile Alt\u0131 Ay Aras\u0131 Sa\u00e7 Kesimi<\/a><\/li><li class='ez-toc-page-1'><a class=\"ez-toc-link ez-toc-heading-3\" href=\"#\" data-href=\"https:\/\/www.yetkinbayer.com\/tr\/sac-ekimi-sonrasi-saclar-kazitilir-mi\/#Sac_Ekim_Sonrasi_Alti_Ay_ve_Sonrasi_Sac_Kesimi_ve_Saclarin_Kazitilmasi\" >Sa\u00e7 Ekim Sonras\u0131 Alt\u0131 Ay ve Sonras\u0131 Sa\u00e7 Kesimi ve Sa\u00e7lar\u0131n Kaz\u0131t\u0131lmas\u0131<\/a><\/li><li class='ez-toc-page-1'><a class=\"ez-toc-link ez-toc-heading-4\" href=\"#\" data-href=\"https:\/\/www.yetkinbayer.com\/tr\/sac-ekimi-sonrasi-saclar-kazitilir-mi\/#Sac_ekiminden_1_ay_sonra_tras_olunur_mu\" >Sa\u00e7 ekiminden 1 ay sonra tra\u015f olunur mu?<\/a><\/li><li class='ez-toc-page-1'><a class=\"ez-toc-link ez-toc-heading-5\" href=\"#\" data-href=\"https:\/\/www.yetkinbayer.com\/tr\/sac-ekimi-sonrasi-saclar-kazitilir-mi\/#Sac_Kazitilirken_Dikkat_Edilmesi_Gerekenler\" >Sa\u00e7 Kaz\u0131t\u0131l\u0131rken Dikkat Edilmesi Gerekenler<\/a><\/li><li class='ez-toc-page-1'><a class=\"ez-toc-link ez-toc-heading-6\" href=\"#\" data-href=\"https:\/\/www.yetkinbayer.com\/tr\/sac-ekimi-sonrasi-saclar-kazitilir-mi\/#Ekilen_sac_jilet_vurulur_mu\" >Ekilen sa\u00e7 jilet vurulur mu?<\/a><\/li><\/ul><\/nav><\/div>\n<h2 class=\"p1\"><span class=\"ez-toc-section\" id=\"Sac_ekim_Sonrasi_Ilk_Iki_Ay_Saclarin_Kesimi\"><\/span>Sa\u00e7 ekim Sonras\u0131 \u0130lk \u0130ki Ay Sa\u00e7lar\u0131n Kesimi<span class=\"ez-toc-section-end\"><\/span><\/h2>\n<p class=\"p1\">Sa\u00e7 ekimi sonras\u0131 ilk ay, sa\u00e7 kayb\u0131 riskine olduk\u00e7a a\u00e7\u0131kt\u0131r. Sa\u00e7 ekim operasyonundan sonraki birka\u00e7 hafta; spor gibi aktivitelerin d\u00e2hi yap\u0131lmas\u0131 \u00f6nerilmezken, direkt sa\u00e7l\u0131 b\u00f6lgeyi hedef alan kesim i\u015fleminin ger\u00e7ekle\u015ftirilmesi hi\u00e7 \u00f6nerilmemektedir.<\/p>\n<p class=\"p1\">Sa\u00e7 ekimi i\u00e7in sa\u00e7 k\u00f6klerinin cerrahi y\u00f6ntemle al\u0131nd\u0131\u011f\u0131 b\u00f6lge ise, sa\u00e7 ekim operasyonundan yakla\u015f\u0131k 3 g\u00fcn sonra iyile\u015fme belirtisi g\u00f6sterdi\u011finden, bu b\u00f6lgede ortalama 1 hafta sonra makasla sa\u00e7lar d\u00fczeltilebilir. Ayr\u0131ca bu kesim i\u015flemlerinde enfeksiyona neden olmamak i\u00e7in kullan\u0131lan arac\u0131n temizli\u011fine \u00f6nem verilmelidir.<\/p>\n<p class=\"p1\">\u0130lk ay ekim yap\u0131lan b\u00f6lgedeki sa\u00e7lar\u0131n k\u0131salt\u0131lmas\u0131nda \u0131srarc\u0131 olunuyor ise, mutlaka doktor izni al\u0131narak, o da sadece d\u00fczeltme amac\u0131yla makasla, diplere de\u011fdirilmeden sa\u00e7lar u\u00e7lardan kesilebilir.<\/p>\n<p class=\"p1\">Sa\u00e7 ekiminden sonra ikinci ayda, sa\u00e7lar makasla kesilebilir, ancak <strong><a href=\"https:\/\/www.yetkinbayer.com\/tr\/sac-ekimi\">sa\u00e7 ekimi<\/a><\/strong> sonras\u0131 ilk kesim i\u00e7in tra\u015f makinesi h\u00e2l\u00e2 kullan\u0131lmamaktad\u0131r. Sa\u00e7 derisinde olu\u015fan kabuk ve sa\u00e7 ekim operasyonu nedeniyle olu\u015fan sivilceler hen\u00fcz ge\u00e7memi\u015f olabilece\u011finden, t\u0131ra\u015f makinas\u0131 kullan\u0131m\u0131 ekim b\u00f6lgesine zarar verebilir.<\/p>\n<p class=\"p1\">\u0130lk y\u0131kama ger\u00e7ekle\u015ftirilip, kabuklar d\u00f6k\u00fcld\u00fckten sonra, \u015fok d\u00f6k\u00fclme ya\u015fan\u0131r. Bu d\u00f6nemden sonra sa\u00e7lar tekrar uzar ve art\u0131k kesilmek i\u00e7in haz\u0131rd\u0131r. Ekimden sonra ortaya \u00e7\u0131kan ince ve zay\u0131f yap\u0131l\u0131 sa\u00e7lar, ikinci ay\u0131n ard\u0131ndan yerini kal\u0131c\u0131 sa\u00e7lara b\u0131rakt\u0131\u011f\u0131 i\u00e7in art\u0131k sa\u00e7lar makas yard\u0131m\u0131yla kesilebilir.<\/p>\n<p class=\"p1\">Tabi yine de bu s\u00fcre\u00e7te sa\u00e7lara zarar vermemek ad\u0131na, sa\u00e7 ekimi sonras\u0131 sa\u00e7 kesimi, sert m\u00fcdahalelerden ka\u00e7\u0131n\u0131larak ger\u00e7ekle\u015ftirilmelidir. Kesim, sa\u00e7 k\u00f6klerine \u00e7ok girilmeden, sadece u\u00e7lardan k\u0131salt\u0131larak ger\u00e7ekle\u015ftirilmelidir. E\u011fer sa\u00e7 ekimi sonras\u0131 ilk kesim i\u015flemi, berberde yap\u0131lacaksa, ekim yap\u0131ld\u0131\u011f\u0131 bilgisi, sa\u00e7a olas\u0131 bir zarar gelmemesi i\u00e7in mutlaka berberle payla\u015f\u0131lmal\u0131d\u0131r.<\/p>\n<h2 class=\"p1\"><span class=\"ez-toc-section\" id=\"Sac_Ekim_Sonrasi_Uc_ile_Alti_Ay_Arasi_Sac_Kesimi\"><\/span>Sa\u00e7 Ekim Sonras\u0131 \u00dc\u00e7 ile Alt\u0131 Ay Aras\u0131 Sa\u00e7 Kesimi<span class=\"ez-toc-section-end\"><\/span><\/h2>\n<p class=\"p1\">Sa\u00e7 ekiminden 3 ay sonra ise sa\u00e7lar, art\u0131k t\u0131ra\u015f makinesiyle kesim i\u00e7in uygundur. Ancak usturayla sa\u00e7lar\u0131 kaz\u0131tmak h\u00e2l\u00e2 m\u00fcmk\u00fcn de\u011fildir. Sa\u00e7lar art\u0131k tam olarak k\u00f6klere yerle\u015fti\u011finden sa\u00e7 ekimi sonras\u0131 sa\u00e7lar\u0131 k\u0131saltma i\u015flemi, makasla u\u00e7lardan k\u0131saltma i\u015fleminden bir ileri seviyeye yani t\u0131ra\u015f makinas\u0131 ile t\u0131ra\u015f olmaya ilerlemi\u015ftir.<\/p>\n<p class=\"p1\">\u00dc\u00e7 aydan sonra sa\u00e7lar art\u0131k t\u0131ra\u015f makinesi kullan\u0131labilecek \u015fekilde k\u00f6kle\u015fmi\u015ftir. Sa\u00e7 ekim i\u015fleminden sonra t\u0131ra\u015f makinesi kullan\u0131larak ger\u00e7ekle\u015ftirilen kesim i\u015flemi, 3. aydan sonra, 1 veya 2 numaral\u0131 ba\u015fl\u0131kl\u0131 tarakla yap\u0131l\u0131r.<\/p>\n<p class=\"p1\">Sa\u00e7 derisine yak\u0131n t\u0131ra\u015f, yeni iyile\u015fmi\u015f kafa derisinin kesilip zarar g\u00f6rmesine ve sonras\u0131nda enfeksiyon kapmas\u0131na neden olabilece\u011finden, sa\u00e7lar\u0131n minimum kesilece\u011fi uzunlu\u011fun 3 mm\u2019nin alt\u0131na d\u00fc\u015fmemesi gerekir.<\/p>\n<p class=\"p1\">Bu nedenle t\u0131ra\u015f makinesi kullan\u0131l\u0131rken ger\u00e7ekle\u015ftirilecek kesim i\u015fleminde, 0 numaral\u0131 ba\u015fl\u0131k tercih edilmemelidir. Tabi t\u0131ra\u015f yap\u0131lma an\u0131nda ki\u015fide halen iyile\u015fmeyen yaralar oldu\u011fu g\u00f6r\u00fcl\u00fcrse mutlaka doktora dan\u0131\u015f\u0131lmal\u0131d\u0131r.<\/p>\n<h2 class=\"p1\"><span class=\"ez-toc-section\" id=\"Sac_Ekim_Sonrasi_Alti_Ay_ve_Sonrasi_Sac_Kesimi_ve_Saclarin_Kazitilmasi\"><\/span>Sa\u00e7 Ekim Sonras\u0131 Alt\u0131 Ay ve Sonras\u0131 Sa\u00e7 Kesimi ve Sa\u00e7lar\u0131n Kaz\u0131t\u0131lmas\u0131<span class=\"ez-toc-section-end\"><\/span><\/h2>\n<p class=\"p1\">Sa\u00e7 ekimi i\u015fleminden sonra alt\u0131nc\u0131 aya gelindi\u011finde sa\u00e7lar art\u0131k usturayla kesim i\u00e7in uygundur. Alt\u0131 ay sonra ekim yap\u0131lan sa\u00e7 k\u00f6klerinin y\u00fczde 80\u2019ine yak\u0131n\u0131 \u00e7\u0131km\u0131\u015f olup sa\u00e7 do\u011fala yak\u0131n bir form elde etmi\u015ftir. \u00d6yle ki art\u0131k sa\u00e7 ekiminden sonra ilk kez sa\u00e7, istenildi\u011fi gibi \u015fekli verme a\u015famas\u0131na gelmi\u015ftir. \u0130steniliyorsa, sa\u00e7 alt\u0131 aydan sonra kaz\u0131t\u0131labilir.<\/p>\n<p class=\"p1\">Sa\u00e7 ekiminden sonra sa\u00e7lar\u0131 kaz\u0131t\u0131lma i\u015flemi genellikle, ya sa\u00e7lar\u0131n hep bir uzunlukta \u00e7\u0131kmas\u0131 i\u00e7in ya da yeni \u00e7\u0131kacak sa\u00e7lar\u0131n daha g\u00fcr \u00e7\u0131kmas\u0131 i\u00e7in yap\u0131lmas\u0131na ra\u011fmen; sa\u00e7 g\u00fcrle\u015ftirme konusunda, sa\u00e7lar\u0131 kaz\u0131tman\u0131n k\u0131l kalitesini artt\u0131rd\u0131\u011f\u0131 y\u00f6n\u00fcnde kesin bir bilgi yoktur. Sa\u00e7lar kaz\u0131t\u0131lacak ise, i\u015flem alt\u0131 aydan sonra ger\u00e7ekle\u015ftirilmelidir.<\/p>\n<h2 class=\"JlqpRe\"><span class=\"ez-toc-section\" id=\"Sac_ekiminden_1_ay_sonra_tras_olunur_mu\"><\/span><span class=\"JCzEY tNxQIb\"><span class=\"CSkcDe\">Sa\u00e7 ekiminden 1 ay sonra tra\u015f olunur mu?<\/span><\/span><span class=\"ez-toc-section-end\"><\/span><\/h2>\n<p>Sa\u00e7 ekiminden bir ay sonra tra\u015f olmak m\u00fcmk\u00fcnd\u00fcr, ancak hangi y\u00f6ntemle yap\u0131laca\u011f\u0131n\u0131 etkiler. \u0130\u015flemden sonraki birka\u00e7 hafta i\u00e7inde ekilen sa\u00e7 k\u00f6kleri hassas bir \u015fekilde adapte olur. \u0130lk ay, k\u00f6klerin tam olarak yerine yerle\u015fmesi ve geli\u015fmesi gerekti\u011fi i\u00e7in tra\u015f i\u015flemi s\u0131ras\u0131nda onlar\u0131 k\u0131rmaktan ka\u00e7\u0131n\u0131lmal\u0131d\u0131r.<\/p>\n<p>1 ay sonra sa\u00e7\u0131n\u0131z\u0131 tra\u015f ettirmek istiyorsan\u0131z, doktorlar genellikle sadece makasla kesim yap\u0131lmas\u0131n\u0131 tavsiye eder. Makasla yap\u0131lan tra\u015f, sa\u00e7 k\u00f6klerini zarar vermeden uzun sa\u00e7lar\u0131 k\u0131saltabilir. Ancak 3. aydan itibaren jilet veya t\u0131ra\u015f makinesi gibi cilde temas eden y\u00f6ntemlerle tra\u015f olmak genellikle g\u00fcvenlidir. Daha sonra sa\u00e7 k\u00f6kleri tamamen iyile\u015fir ve zarar g\u00f6rme riski azal\u0131r.<\/p>\n<p>Tra\u015f\u0131n ne zaman yap\u0131laca\u011f\u0131 veya uygulanaca\u011f\u0131 konusunda emin de\u011filseniz, doktorunuzla ileti\u015fim kurarak tavsiye alman\u0131z \u00e7ok \u00f6nemlidir. Bu i\u015flem, ekilen sa\u00e7lar\u0131n zarar g\u00f6rmesine veya d\u00f6k\u00fclmesine neden olabilir, bu y\u00fczden dikkatli ve sab\u0131rl\u0131 olun.<\/p>\n<h2 class=\"p1\"><span class=\"ez-toc-section\" id=\"Sac_Kazitilirken_Dikkat_Edilmesi_Gerekenler\"><\/span>Sa\u00e7 Kaz\u0131t\u0131l\u0131rken Dikkat Edilmesi Gerekenler<span class=\"ez-toc-section-end\"><\/span><\/h2>\n<p class=\"p1\">Sa\u00e7 ekimi sonras\u0131 sa\u00e7\u0131 kaz\u0131tma i\u00e7in kullan\u0131lacak ara\u00e7lar\u0131n, herhangi bir enfeksiyona yol a\u00e7mamas\u0131 i\u00e7in temiz oldu\u011funa dikkat edilmelidir. Sa\u00e7 ekimi kontrollerinde sa\u00e7 ekimi sonras\u0131 a\u015famalar hakk\u0131nda bilgi al\u0131n\u0131rken, sa\u00e7 ekim sonras\u0131 sa\u00e7ta k\u0131saltma ve sa\u00e7\u0131 kaz\u0131tma uygulamas\u0131 i\u00e7in doktorunuzdan \u00f6neri alabilirsiniz.<\/p>\n<p class=\"p1\">Sa\u00e7 ekimi sonras\u0131 sa\u00e7 k\u0131saltma ilk olarak berberde ger\u00e7ekle\u015fecekse, konu ile ilgili sa\u00e7 kay\u0131plar\u0131n\u0131n \u00f6n\u00fcne ge\u00e7mek i\u00e7in berber bilgilendirilmelidir. Do\u011fru ara\u00e7lar kullan\u0131larak ger\u00e7ekle\u015ftirilen sa\u00e7 k\u0131saltma i\u015flemi, ekim sonras\u0131 sa\u00e7lar\u0131n daha bak\u0131ml\u0131 g\u00f6r\u00fcnmesine yard\u0131mc\u0131 olur.<\/p>\n<p class=\"p1\">Sa\u00e7lar\u0131n kaz\u0131t\u0131lmas\u0131 i\u00e7in sa\u00e7 ve k\u00f6k kayb\u0131n\u0131 \u00f6nlemek i\u00e7in mutlaka do\u011fru zaman beklenmelidir.<\/p>\n<p class=\"p1\"><strong>Yasal Uyar\u0131<\/strong>: Bu sayfadaki ifadeler bilgi verme ama\u00e7l\u0131 olup, ba\u011flay\u0131c\u0131 nitelik ta\u015f\u0131maz. Hi\u00e7bir bilgi, tedavi tavsiyesi olmay\u0131p, doktor tavsiyelerinin \u00f6n\u00fcnde de\u011fildir. Kesin bilgi ve talimatlar\u0131, yaln\u0131zca doktorunuzdan alman\u0131z sa\u011fl\u0131\u011f\u0131n\u0131z a\u00e7\u0131s\u0131ndan son derece \u00f6nemlidir.<\/p>\n<h2 class=\"JlqpRe\"><span class=\"ez-toc-section\" id=\"Ekilen_sac_jilet_vurulur_mu\"><\/span><span class=\"JCzEY tNxQIb\"><span class=\"CSkcDe\">Ekilen sa\u00e7 jilet vurulur mu?<\/span><\/span><span class=\"ez-toc-section-end\"><\/span><\/h2>\n<p>Ekilen sa\u00e7lara jilet vurmak, sa\u00e7 ekiminden sonraki ilk birka\u00e7 ay i\u00e7inde yap\u0131lmamal\u0131d\u0131r. \u00e7\u00fcnk\u00fc jilet kullan\u0131m\u0131, ekilen sa\u00e7 k\u00f6klerine zarar verme potansiyeline sahiptir ve bu k\u00f6klerin sa\u011fl\u0131kl\u0131 bir \u015fekilde tutunmas\u0131n\u0131 zorla\u015ft\u0131rabilir. \u0130\u015flemden sonraki iki ila \u00fc\u00e7 ay boyunca ekilen sa\u00e7 k\u00f6kleri hassast\u0131r ve yeni yerlerine tamamen yerle\u015fmeleri zaman al\u0131r. Bu d\u00f6nemde jilet gibi cilde do\u011frudan temas eden uygulamalar, sa\u00e7 k\u00f6klerini yerinden oynatabilir veya tahri\u015fe neden olabilir.<\/p>\n<p>Genel olarak, ekilen sa\u00e7 k\u00f6kleri iyile\u015ftikten ve yakla\u015f\u0131k alt\u0131 ay sonra jiletle tra\u015f yapmak g\u00fcvenlidir. Bununla birlikte, bu s\u00fcre ki\u015fiden ki\u015fiye de\u011fi\u015febilir ve doktorunuzun tavsiyelerine uyman\u0131z \u00f6nemlidir. Sa\u00e7 ekimi sonras\u0131 bak\u0131m s\u0131ras\u0131nda sa\u00e7 kestirmek isterseniz, ilk birka\u00e7 ay boyunca makasla veya kafa derisine zarar vermeden sa\u00e7lar\u0131n\u0131z\u0131 kestirmek daha iyidir.<\/p>\n<p>Do\u011fru zamanda ekim yapmak, ekim sonu\u00e7lar\u0131n\u0131n ba\u015far\u0131l\u0131 olmas\u0131n\u0131 ve cilt sa\u011fl\u0131\u011f\u0131n\u0131 koruman\u0131z\u0131 sa\u011flar. \u015e\u00fcphe duydu\u011funuzda doktorunuza dan\u0131\u015farak en uygun y\u00f6ntemi ve zaman\u0131 belirleyebilirsiniz.<\/p>\n<p><strong>Kaynak\u00e7a:<\/strong><\/p>\n<p><a href=\"https:\/\/www.themaitlandclinic.com\/how-short-can-cut-my-hair-after-hair-transplant\" target=\"_blank\" rel=\"noopener\">https:\/\/www.themaitlandclinic.com\/how-short-can-cut-my-hair-after-hair-transplant<\/a><\/p>\n","protected":false},"excerpt":{"rendered":"<p>Sa\u00e7 ekim sonras\u0131nda sa\u00e7lar\u0131n kaz\u0131t\u0131lmas\u0131 i\u015flemi hemen yap\u0131lamamaktad\u0131r. Sa\u00e7 ekim i\u015fleminden bir m\u00fcddet sonra ekim yap\u0131lmayan b\u00f6lgelerde, ki\u015filerin ekim yap\u0131lmam\u0131\u015f k\u0131s\u0131mlar\u0131nda ki sa\u00e7lar, normal uzamas\u0131na devam ederken ekim yap\u0131lan b\u00f6lgede iki ay i\u00e7inde yeni sa\u00e7lar g\u00f6r\u00fclmeye ba\u015flar. Operasyondan \u00f6nce k\u0131salt\u0131lan sa\u00e7lar\u0131n uzamas\u0131yla ortaya \u00e7\u0131kan b\u00f6lgesel boy farkl\u0131l\u0131klar\u0131n\u0131 gidermek i\u00e7in k\u0131saltma i\u015flemi yap\u0131l\u0131r. Sa\u00e7 ekimi sonras\u0131 [&hellip;]<\/p>\n","protected":false},"author":1,"featured_media":2643,"comment_status":"closed","ping_status":"closed","sticky":false,"template":"","format":"standard","meta":{"footnotes":""},"categories":[9],"tags":[],"class_list":["post-2642","post","type-post","status-publish","format-standard","has-post-thumbnail","hentry","category-blog"],"_links":{"self":[{"href":"https:\/\/www.yetkinbayer.com\/tr\/wp-json\/wp\/v2\/posts\/2642","targetHints":{"allow":["GET"]}}],"collection":[{"href":"https:\/\/www.yetkinbayer.com\/tr\/wp-json\/wp\/v2\/posts"}],"about":[{"href":"https:\/\/www.yetkinbayer.com\/tr\/wp-json\/wp\/v2\/types\/post"}],"author":[{"embeddable":true,"href":"https:\/\/www.yetkinbayer.com\/tr\/wp-json\/wp\/v2\/users\/1"}],"replies":[{"embeddable":true,"href":"https:\/\/www.yetkinbayer.com\/tr\/wp-json\/wp\/v2\/comments?post=2642"}],"version-history":[{"count":1,"href":"https:\/\/www.yetkinbayer.com\/tr\/wp-json\/wp\/v2\/posts\/2642\/revisions"}],"predecessor-version":[{"id":2656,"href":"https:\/\/www.yetkinbayer.com\/tr\/wp-json\/wp\/v2\/posts\/2642\/revisions\/2656"}],"wp:featuredmedia":[{"embeddable":true,"href":"https:\/\/www.yetkinbayer.com\/tr\/wp-json\/wp\/v2\/media\/2643"}],"wp:attachment":[{"href":"https:\/\/www.yetkinbayer.com\/tr\/wp-json\/wp\/v2\/media?parent=2642"}],"wp:term":[{"taxonomy":"category","embeddable":true,"href":"https:\/\/www.yetkinbayer.com\/tr\/wp-json\/wp\/v2\/categories?post=2642"},{"taxonomy":"post_tag","embeddable":true,"href":"https:\/\/www.yetkinbayer.com\/tr\/wp-json\/wp\/v2\/tags?post=2642"}],"curies":[{"name":"wp","href":"https:\/\/api.w.org\/{rel}","templated":true}]}}