{"id":2627,"date":"2025-04-28T16:47:30","date_gmt":"2025-04-28T13:47:30","guid":{"rendered":"https:\/\/www.yetkinbayer.com\/?p=2627"},"modified":"2025-04-28T16:47:30","modified_gmt":"2025-04-28T13:47:30","slug":"sac-ekimi-sonrasi-kafada-gerginlik-hissi-nasil-gecer","status":"publish","type":"post","link":"https:\/\/www.yetkinbayer.com\/tr\/sac-ekimi-sonrasi-kafada-gerginlik-hissi-nasil-gecer\/","title":{"rendered":"Sa\u00e7 Ekimi Sonras\u0131 Kafada Gerginlik Hissi Nas\u0131l Ge\u00e7er?"},"content":{"rendered":"<p class=\"p1\"><strong>Sa\u00e7 ekimi<\/strong> memnun edici sonu\u00e7lar\u0131yla sa\u00e7 d\u00f6k\u00fclmesi ya\u015fayan bir \u00e7ok ki\u015fi ve \u00f6zellikle erkekler taraf\u0131ndan olduk\u00e7a tercih edilen bir cerrahi i\u015flemdir. Sa\u00e7 ekimi s\u0131ras\u0131nda don\u00f6r b\u00f6lge olarak belirlenen ba\u015f arkas\u0131nda enseye yak\u0131n b\u00f6l\u00fcmden al\u0131nan sa\u00e7 folik\u00fclleri ekim yap\u0131lmak istenen alana transfer edilmekte ve b\u00f6ylece ekim yap\u0131lan b\u00f6lgede milimetrik denecek kadar hassas \u00e7al\u0131\u015fmalar yap\u0131lmaktad\u0131r.<\/p>\n<p class=\"p1\">Tek tek implant edilen bu sa\u00e7 greftleri ekim yap\u0131lan b\u00f6lgelerde k\u00fc\u00e7\u00fck k\u00fc\u00e7\u00fck yaralar a\u00e7\u0131lm\u0131\u015f olmas\u0131 demektir. Bu yaralar sa\u00e7 derisinin hassasla\u015fmas\u0131na sebep olurlar. Sa\u00e7 derisinde meydana gelen bu yaralar\u0131n bir iyile\u015fme s\u00fcreci bulunur.<\/p>\n<p class=\"p1\">Bu iyile\u015fme s\u00fcrecinde ba\u015f b\u00f6lgesinde \u00e7e\u015fitli hassasiyetler meydana gelir. Bunlar k\u0131zar\u0131kl\u0131k, \u015fi\u015flik, sivilcelenme, tahri\u015f gibi pek \u00e7ok \u015fekilde kendini g\u00f6sterebilir. Bununla birlikte kafada gerginlik olu\u015fmas\u0131 durumu da s\u0131k\u00e7a dile getirilen rahats\u0131zl\u0131klardan biridir.<\/p>\n<p class=\"p1\">Sa\u00e7 ekimi sonras\u0131 kafada meydana gelen gerginlik hissi <strong><a href=\"https:\/\/www.yetkinbayer.com\/tr\/sac-ekimi\/\">sa\u00e7 ekimi<\/a><\/strong> yapt\u0131ran ki\u015filerce olduk\u00e7a merak edilen bir konudur. Bu yaz\u0131 ile sa\u00e7 ekiminden sonra kafada neden gerginlik oldu\u011fu sorusuna cevap bulabilirsiniz.<\/p>\n<p>&#8220;Sa\u00e7 ekimi sonras\u0131 kafada gerginlik olu\u015fur mu?&#8221; sorusu sa\u00e7 ekimi yapt\u0131rm\u0131\u015f ki\u015filer taraf\u0131ndan en fazla y\u00f6neltilen sorulardan biridir. Dr. Yetkin Bayer, &#8220;Sa\u00e7 ekimi sonras\u0131 kafada neden gerginlik hissi olu\u015fur?&#8221; ve &#8220;Sa\u00e7 ekimi sonras\u0131 gerginlik hissi ne zaman ge\u00e7er?&#8221; gibi sorular\u0131 sizler i\u00e7in yan\u0131tl\u0131yor.<\/p>\n<div id=\"ez-toc-container\" class=\"ez-toc-v2_0_82_2 counter-flat ez-toc-counter ez-toc-grey ez-toc-container-direction\">\n<div class=\"ez-toc-title-container\">\n<p class=\"ez-toc-title\" style=\"cursor:inherit\">Table of Contents<\/p>\n<span class=\"ez-toc-title-toggle\"><a href=\"#\" class=\"ez-toc-pull-right ez-toc-btn ez-toc-btn-xs ez-toc-btn-default ez-toc-toggle\" aria-label=\"\u0130\u00e7indekiler Tablosunu A\u00e7\/Kapat\"><span class=\"ez-toc-js-icon-con\"><span class=\"\"><span class=\"eztoc-hide\" style=\"display:none;\">Toggle<\/span><span class=\"ez-toc-icon-toggle-span\"><svg style=\"fill: #999;color:#999\" xmlns=\"http:\/\/www.w3.org\/2000\/svg\" class=\"list-377408\" width=\"20px\" height=\"20px\" viewBox=\"0 0 24 24\" fill=\"none\"><path d=\"M6 6H4v2h2V6zm14 0H8v2h12V6zM4 11h2v2H4v-2zm16 0H8v2h12v-2zM4 16h2v2H4v-2zm16 0H8v2h12v-2z\" fill=\"currentColor\"><\/path><\/svg><svg style=\"fill: #999;color:#999\" class=\"arrow-unsorted-368013\" xmlns=\"http:\/\/www.w3.org\/2000\/svg\" width=\"10px\" height=\"10px\" viewBox=\"0 0 24 24\" version=\"1.2\" baseProfile=\"tiny\"><path d=\"M18.2 9.3l-6.2-6.3-6.2 6.3c-.2.2-.3.4-.3.7s.1.5.3.7c.2.2.4.3.7.3h11c.3 0 .5-.1.7-.3.2-.2.3-.5.3-.7s-.1-.5-.3-.7zM5.8 14.7l6.2 6.3 6.2-6.3c.2-.2.3-.5.3-.7s-.1-.5-.3-.7c-.2-.2-.4-.3-.7-.3h-11c-.3 0-.5.1-.7.3-.2.2-.3.5-.3.7s.1.5.3.7z\"\/><\/svg><\/span><\/span><\/span><\/a><\/span><\/div>\n<nav><ul class='ez-toc-list ez-toc-list-level-1 eztoc-toggle-hide-by-default' ><li class='ez-toc-page-1'><a class=\"ez-toc-link ez-toc-heading-1\" href=\"#\" data-href=\"https:\/\/www.yetkinbayer.com\/tr\/sac-ekimi-sonrasi-kafada-gerginlik-hissi-nasil-gecer\/#Sac_Ekimi_Sonrasi_Kafada_Neden_Gerginlik_Hissi_Olusur\" >Sa\u00e7 Ekimi Sonras\u0131 Kafada Neden Gerginlik Hissi Olu\u015fur?<\/a><\/li><li class='ez-toc-page-1'><a class=\"ez-toc-link ez-toc-heading-2\" href=\"#\" data-href=\"https:\/\/www.yetkinbayer.com\/tr\/sac-ekimi-sonrasi-kafada-gerginlik-hissi-nasil-gecer\/#Sac_Ekimi_Sonrasi_Kafada_Gerginlik_Hissi_Ne_Zaman_Gecer\" >Sa\u00e7 Ekimi Sonras\u0131 Kafada Gerginlik Hissi Ne Zaman Ge\u00e7er?<\/a><\/li><\/ul><\/nav><\/div>\n<h2 class=\"p1\"><span class=\"ez-toc-section\" id=\"Sac_Ekimi_Sonrasi_Kafada_Neden_Gerginlik_Hissi_Olusur\"><\/span><b>Sa\u00e7 Ekimi Sonras\u0131 Kafada Neden Gerginlik Hissi Olu\u015fur?<\/b><span class=\"ez-toc-section-end\"><\/span><\/h2>\n<p class=\"p1\">Sa\u00e7 ekimi bilindi\u011fi \u00fczere hem ekim i\u015flemi s\u0131ras\u0131nda olduk\u00e7a dikkatli \u00e7al\u0131\u015f\u0131lmas\u0131 gereken hassas bir i\u015flemdir hem de sa\u00e7 ekimi s\u00fcreci sonras\u0131nda dikkat edilmesi gereken baz\u0131 hususlar\u0131n varl\u0131\u011f\u0131yla da olduk\u00e7a dikkat gerektiren bir s\u00fcre\u00e7tir. Hekim tavsiyelerine dikkat edilerek en rahat ve konforlu \u015fekilde bu s\u00fcre\u00e7leri ge\u00e7irmek m\u00fcmk\u00fcnd\u00fcr.<\/p>\n<p class=\"p1\">Bu noktada gerekli \u00f6zeni g\u00f6stererek en ideal sonu\u00e7lar al\u0131nabilir. Sa\u00e7 ekim i\u015fleminin cerrahi m\u00fcdahalelerden bir fark\u0131 yoktur. Ayn\u0131 \u015fekilde steril ortamlarda ve genelde lokal anestezi alt\u0131nda yap\u0131l\u0131rlar. Dolay\u0131s\u0131yla i\u015flemler sonunda hasta i\u00e7in bir iyile\u015fme s\u00fcreci s\u00f6z konusudur.<\/p>\n<p class=\"p1\">Ba\u015f b\u00f6lgesinde yap\u0131lm\u0131\u015f t\u00fcm bu m\u00fcdahaleler sonucu ilk g\u00fcnler dikkat edilmesi gerekenler de olduk\u00e7a fazlad\u0131r. Bunun yan\u0131 s\u0131ra i\u015flemden sonra baz\u0131 yan etki ve komplikasyonlar\u0131n olu\u015fma riski her zaman varsa da bu ihtimaller olduk\u00e7a d\u00fc\u015f\u00fckt\u00fcr. Geli\u015fen t\u0131bbi teknolojiler ve ila\u00e7lar ile art\u0131k bir \u00e7ok riskin bertaraf edilmesi kolayla\u015fm\u0131\u015ft\u0131r.<\/p>\n<p class=\"p1\">Bunlara ek olarak, sa\u00e7 ekimi i\u015flemi yap\u0131lan ki\u015filerde \u00f6zellikle i\u015flem sonras\u0131 ilk g\u00fcnlerde kafada bir gerginlik hissedilir. Bu gerginlik hissi o b\u00f6lgede yo\u011fun \u015fekilde \u00e7al\u0131\u015f\u0131lm\u0131\u015f olmas\u0131na da ba\u011fl\u0131 olarak b\u00f6lgede bir miktar \u00f6dem ve \u015fi\u015flik ya\u015fanmas\u0131yla yak\u0131ndan ilgilidir. Bu gerginlik hissinin yan\u0131nda bir miktar \u015fi\u015flik ve k\u0131zar\u0131kl\u0131k e\u015flik edebilir. Baz\u0131 hastalarda kafada uyu\u015fukluk hissi g\u00f6r\u00fclebilir.<\/p>\n<p class=\"p1\">Uyu\u015fukluk hissi i\u015flem s\u0131ras\u0131nda verilen anestezik madde miktarlar\u0131ndan kaynaklan\u0131r. Genelde bir s\u00fcre sonra ge\u00e7er, ge\u00e7icidir. K\u0131zar\u0131kl\u0131k g\u00f6r\u00fclebilir, ekim yap\u0131lan alan \u00fczerinde \u00e7al\u0131\u015f\u0131larak b\u00f6lge bir miktar hasas hale geldi\u011finden normal kar\u015f\u0131lanabilir. T\u00fcm bu etkiler iyile\u015fme d\u00f6nemiyle birlikte yava\u015f yava\u015f ortadan kalkarak yerini sa\u011fl\u0131kl\u0131 bir sa\u00e7 derisine b\u0131rakmaya ba\u015flayacakt\u0131r.<\/p>\n<h2 class=\"p1\"><span class=\"ez-toc-section\" id=\"Sac_Ekimi_Sonrasi_Kafada_Gerginlik_Hissi_Ne_Zaman_Gecer\"><\/span><b>Sa\u00e7 Ekimi Sonras\u0131 Kafada Gerginlik Hissi Ne Zaman Ge\u00e7er?<\/b><span class=\"ez-toc-section-end\"><\/span><\/h2>\n<p class=\"p1\"><strong><a href=\"https:\/\/www.yetkinbayer.com\/tr\/sac-ekimi-sonrasi\/\">Sa\u00e7 ekimi sonras\u0131<\/a><\/strong> kafada bir miktar gerginlik hissediliyor olmas\u0131 normal ve ola\u011fand\u0131r. \u0130\u015flem g\u00f6ren b\u00f6lgenin bir miktar \u015fi\u015fmesi, b\u00f6lgenin bir miktar \u00f6dem toplam\u0131\u015f olmas\u0131na ba\u011fl\u0131 bir durumdur. Bununla birlikte g\u00f6r\u00fclen bu etkinin olduk\u00e7a yayg\u0131n g\u00f6r\u00fcld\u00fc\u011f\u00fc de bilinmelidir. Kafada olu\u015fan bu gerginlik hissi i\u015flem sonras\u0131 ilk saatlerde daha yo\u011fun olup birka\u00e7 g\u00fcn daha devam etmektedir.<\/p>\n<p class=\"p1\">Devam eden bu s\u00fcre\u00e7te kafadaki gerginlik hissi de yava\u015f yava\u015f kaybolmaya ba\u015flayacakt\u0131r. Kafadaki gerginlik hissinin genelde birka\u00e7 g\u00fcn i\u00e7erisinde ge\u00e7ti\u011fi s\u00f6ylenebilir. Bununla birlikte hasta kafa b\u00f6lgesinde ge\u00e7meyen bir gerginlik hissi fark etmekteyse bunu i\u015flemi yapan uzmanla payla\u015fmas\u0131 en do\u011fru hareket olur.<\/p>\n<p class=\"p1\">Kafada gerginli\u011fin yan\u0131 s\u0131ra k\u0131zar\u0131kl\u0131k, uyu\u015fukluk, a\u011fr\u0131 gibi durumlar gerginli\u011fe e\u015flik edebilir. Bu durumlar da son derece normaldir. Sa\u00e7 ekimi i\u015flemi g\u00f6ren ve bu operasyondan \u00e7\u0131kan hastan\u0131n cerrahi bir i\u015flem g\u00f6rd\u00fc\u011f\u00fc unutulmamal\u0131d\u0131r. Dolay\u0131s\u0131yla hissetti\u011fi bu k\u0131zar\u0131kl\u0131k, \u015fi\u015flik ve a\u011fr\u0131 gibi durumlar basit komplikasyonlard\u0131r.<\/p>\n<p class=\"p1\">Elbette her durum kendi i\u00e7erisinde de\u011ferlendirilmelidir. \u0130\u015flemi yapan uzman i\u015flemden sonra hastay\u0131 kontrol edecektir. Bu kontrol s\u0131ras\u0131nda her bir hissiyat hasta taraf\u0131ndan \u00f6nemsenmeli ve uzmanla payla\u015f\u0131lmal\u0131d\u0131r. Uzman bu konu hakk\u0131nda gerekli bilgiyi verecek ve b\u00f6ylece hastan\u0131n \u00fczerindeki endi\u015fe de b\u00fcy\u00fck oranda gidecektir.<\/p>\n<p class=\"p1\">Sa\u00e7 ekimi gibi bir i\u015flemde tamamen yan etkisiz bir s\u00fcre\u00e7 beklemeden bir miktar ger\u00e7ek\u00e7i olarak s\u00fcrece dahil olmak hastalar i\u00e7in olduk\u00e7a iyidir. Kafada gerginlik ya\u015fanmas\u0131 da b\u00f6yledir. Bununla birlikte bu s\u00fcre\u00e7te dayan\u0131lmaz bir durum hissedilmez.<\/p>\n<p class=\"p1\">Genel olarak a\u011fr\u0131 kesici al\u0131nan serum, a\u011f\u0131zdan al\u0131nan tablet gibi ila\u00e7larla kolayl\u0131kla bertaraf edilen etkiler bulunsa da i\u015flemden birka\u00e7 ay sonra ula\u015f\u0131lacak g\u00f6r\u00fcnt\u00fc d\u00fc\u015f\u00fcn\u00fcld\u00fc\u011f\u00fcnde hastalar taraf\u0131ndan olduk\u00e7a memnun edici sonu\u00e7lar do\u011fmaktad\u0131r.<\/p>\n<p class=\"p1\">Aynadaki g\u00f6r\u00fcnt\u00fc ile hastalar genelde \u00f6zg\u00fcvenlerinin artt\u0131\u011f\u0131n\u0131, ya\u015fam enerjisi dolduklar\u0131n\u0131, daha gen\u00e7 daha dinamik hissettiklerini payla\u015fmaktad\u0131rlar. T\u00fcm bu s\u00fcre\u00e7ler uzman g\u00f6zetimi ile uzman\u0131n tavsiye ve g\u00f6r\u00fc\u015flerine uyarak ge\u00e7irildi\u011finde s\u00fcre\u00e7 sa\u011fl\u0131kl\u0131 ve olduk\u00e7a kolay, konforlu bir bi\u00e7imde ilerlemektedir. Birka\u00e7 ayl\u0131k g\u00f6sterilecek bir dikkat ve \u00f6zen sayesinde uzun y\u0131llar mutlulukla kullan\u0131lacak sa\u00e7lara kavu\u015fulur.<\/p>\n<p class=\"p1\">Yasal Uyar\u0131: Bu sayfadaki ifadeler bilgi verme ama\u00e7l\u0131 olup, ba\u011flay\u0131c\u0131 nitelik ta\u015f\u0131maz. Hi\u00e7bir bilgi, tedavi tavsiyesi olmay\u0131p, doktor tavsiyelerinin \u00f6n\u00fcnde de\u011fildir. Kesin bilgi ve talimatlar\u0131, yaln\u0131zca doktorunuzdan alman\u0131z sa\u011fl\u0131\u011f\u0131n\u0131z a\u00e7\u0131s\u0131ndan son derece \u00f6nemlidir.<\/p>\n<p><strong>Kaynak\u00e7a:<\/strong><\/p>\n<p><a href=\"https:\/\/www.hairsure.in\/8-things-to-avoid-after-hair-transplant-procedure\" target=\"_blank\" rel=\"noopener\">https:\/\/www.hairsure.in\/8-things-to-avoid-after-hair-transplant-procedure<\/a><\/p>\n","protected":false},"excerpt":{"rendered":"<p>Sa\u00e7 ekimi memnun edici sonu\u00e7lar\u0131yla sa\u00e7 d\u00f6k\u00fclmesi ya\u015fayan bir \u00e7ok ki\u015fi ve \u00f6zellikle erkekler taraf\u0131ndan olduk\u00e7a tercih edilen bir cerrahi i\u015flemdir. Sa\u00e7 ekimi s\u0131ras\u0131nda don\u00f6r b\u00f6lge olarak belirlenen ba\u015f arkas\u0131nda enseye yak\u0131n b\u00f6l\u00fcmden al\u0131nan sa\u00e7 folik\u00fclleri ekim yap\u0131lmak istenen alana transfer edilmekte ve b\u00f6ylece ekim yap\u0131lan b\u00f6lgede milimetrik denecek kadar hassas \u00e7al\u0131\u015fmalar yap\u0131lmaktad\u0131r. Tek tek [&hellip;]<\/p>\n","protected":false},"author":1,"featured_media":2628,"comment_status":"closed","ping_status":"closed","sticky":false,"template":"","format":"standard","meta":{"footnotes":""},"categories":[9],"tags":[],"class_list":["post-2627","post","type-post","status-publish","format-standard","has-post-thumbnail","hentry","category-blog"],"_links":{"self":[{"href":"https:\/\/www.yetkinbayer.com\/tr\/wp-json\/wp\/v2\/posts\/2627","targetHints":{"allow":["GET"]}}],"collection":[{"href":"https:\/\/www.yetkinbayer.com\/tr\/wp-json\/wp\/v2\/posts"}],"about":[{"href":"https:\/\/www.yetkinbayer.com\/tr\/wp-json\/wp\/v2\/types\/post"}],"author":[{"embeddable":true,"href":"https:\/\/www.yetkinbayer.com\/tr\/wp-json\/wp\/v2\/users\/1"}],"replies":[{"embeddable":true,"href":"https:\/\/www.yetkinbayer.com\/tr\/wp-json\/wp\/v2\/comments?post=2627"}],"version-history":[{"count":1,"href":"https:\/\/www.yetkinbayer.com\/tr\/wp-json\/wp\/v2\/posts\/2627\/revisions"}],"predecessor-version":[{"id":2641,"href":"https:\/\/www.yetkinbayer.com\/tr\/wp-json\/wp\/v2\/posts\/2627\/revisions\/2641"}],"wp:featuredmedia":[{"embeddable":true,"href":"https:\/\/www.yetkinbayer.com\/tr\/wp-json\/wp\/v2\/media\/2628"}],"wp:attachment":[{"href":"https:\/\/www.yetkinbayer.com\/tr\/wp-json\/wp\/v2\/media?parent=2627"}],"wp:term":[{"taxonomy":"category","embeddable":true,"href":"https:\/\/www.yetkinbayer.com\/tr\/wp-json\/wp\/v2\/categories?post=2627"},{"taxonomy":"post_tag","embeddable":true,"href":"https:\/\/www.yetkinbayer.com\/tr\/wp-json\/wp\/v2\/tags?post=2627"}],"curies":[{"name":"wp","href":"https:\/\/api.w.org\/{rel}","templated":true}]}}