{"id":2612,"date":"2025-04-28T16:45:55","date_gmt":"2025-04-28T13:45:55","guid":{"rendered":"https:\/\/www.yetkinbayer.com\/?p=2612"},"modified":"2025-04-28T16:45:55","modified_gmt":"2025-04-28T13:45:55","slug":"sac-ekimi-sonrasinda-sari-akinti-nedir","status":"publish","type":"post","link":"https:\/\/www.yetkinbayer.com\/tr\/sac-ekimi-sonrasinda-sari-akinti-nedir\/","title":{"rendered":"Sa\u00e7 Ekimi Sonras\u0131nda Sar\u0131 Ak\u0131nt\u0131\u00a0Nedir?"},"content":{"rendered":"<p><strong>Sa\u00e7 ekimi<\/strong> sonras\u0131 sar\u0131 ak\u0131nt\u0131, iyile\u015fme s\u00fcrecinde s\u0131kl\u0131kla g\u00f6r\u00fclen bir \u015feydir ve bir enfeksiyon belirtisi olabilir. K\u00f6k yerle\u015ftirme i\u015flemi ve operasyon s\u0131ras\u0131nda a\u00e7\u0131lan mikrokanallar, v\u00fccudun do\u011fal iyile\u015fme tepkisini ba\u015flat\u0131r.<\/p>\n<p>Bu s\u00fcre\u00e7 boyunca b\u00f6lgede kabuklanma, k\u0131zar\u0131kl\u0131k ve bazen sar\u0131 renkli bir s\u0131v\u0131 olu\u015fabilir. V\u00fccudun hasar g\u00f6ren b\u00f6lgeyi onarma s\u00fcrecinde, bu s\u0131v\u0131 tipik olarak lenf s\u0131v\u0131s\u0131 olarak bilinir. Ancak ak\u0131nt\u0131n\u0131n miktar\u0131, kokusu ve di\u011fer semptomlar dikkatle de\u011ferlendirilmelidir.<\/p>\n<p>\u00c7ok yo\u011fun, k\u00f6t\u00fc kokulu ak\u0131nt\u0131 veya a\u011fr\u0131 ve \u015fi\u015flik gibi belirtiler varsa, bu bir enfeksiyon belirtisi olabilir. B\u00f6yle bir durumda, sa\u00e7 ekimini ger\u00e7ekle\u015ftiren uzman\u0131n\u0131za hemen dan\u0131\u015fmal\u0131s\u0131n\u0131z. Kompozisyon riskini azaltmak i\u00e7in hijyen kurallar\u0131na dikkat etmek, doktorun \u00f6nerdi\u011fi bak\u0131m talimatlar\u0131n\u0131 takip etmek ve belirtileri yak\u0131ndan izlemek \u00f6nemlidir.<\/p>\n<div id=\"ez-toc-container\" class=\"ez-toc-v2_0_82_2 counter-flat ez-toc-counter ez-toc-grey ez-toc-container-direction\">\n<div class=\"ez-toc-title-container\">\n<p class=\"ez-toc-title\" style=\"cursor:inherit\">Table of Contents<\/p>\n<span class=\"ez-toc-title-toggle\"><a href=\"#\" class=\"ez-toc-pull-right ez-toc-btn ez-toc-btn-xs ez-toc-btn-default ez-toc-toggle\" aria-label=\"\u0130\u00e7indekiler Tablosunu A\u00e7\/Kapat\"><span class=\"ez-toc-js-icon-con\"><span class=\"\"><span class=\"eztoc-hide\" style=\"display:none;\">Toggle<\/span><span class=\"ez-toc-icon-toggle-span\"><svg style=\"fill: #999;color:#999\" xmlns=\"http:\/\/www.w3.org\/2000\/svg\" class=\"list-377408\" width=\"20px\" height=\"20px\" viewBox=\"0 0 24 24\" fill=\"none\"><path d=\"M6 6H4v2h2V6zm14 0H8v2h12V6zM4 11h2v2H4v-2zm16 0H8v2h12v-2zM4 16h2v2H4v-2zm16 0H8v2h12v-2z\" fill=\"currentColor\"><\/path><\/svg><svg style=\"fill: #999;color:#999\" class=\"arrow-unsorted-368013\" xmlns=\"http:\/\/www.w3.org\/2000\/svg\" width=\"10px\" height=\"10px\" viewBox=\"0 0 24 24\" version=\"1.2\" baseProfile=\"tiny\"><path d=\"M18.2 9.3l-6.2-6.3-6.2 6.3c-.2.2-.3.4-.3.7s.1.5.3.7c.2.2.4.3.7.3h11c.3 0 .5-.1.7-.3.2-.2.3-.5.3-.7s-.1-.5-.3-.7zM5.8 14.7l6.2 6.3 6.2-6.3c.2-.2.3-.5.3-.7s-.1-.5-.3-.7c-.2-.2-.4-.3-.7-.3h-11c-.3 0-.5.1-.7.3-.2.2-.3.5-.3.7s.1.5.3.7z\"\/><\/svg><\/span><\/span><\/span><\/a><\/span><\/div>\n<nav><ul class='ez-toc-list ez-toc-list-level-1 eztoc-toggle-hide-by-default' ><li class='ez-toc-page-1'><a class=\"ez-toc-link ez-toc-heading-1\" href=\"#\" data-href=\"https:\/\/www.yetkinbayer.com\/tr\/sac-ekimi-sonrasinda-sari-akinti-nedir\/#Sac_Ekimi_Sonrasi\" >Sa\u00e7 Ekimi Sonras\u0131<\/a><\/li><li class='ez-toc-page-1'><a class=\"ez-toc-link ez-toc-heading-2\" href=\"#\" data-href=\"https:\/\/www.yetkinbayer.com\/tr\/sac-ekimi-sonrasinda-sari-akinti-nedir\/#Sac_ekimi_sonrasi_enfeksiyon_nasil_anlasilir\" >Sa\u00e7 ekimi sonras\u0131 enfeksiyon nas\u0131l anla\u015f\u0131l\u0131r?<\/a><\/li><li class='ez-toc-page-1'><a class=\"ez-toc-link ez-toc-heading-3\" href=\"#\" data-href=\"https:\/\/www.yetkinbayer.com\/tr\/sac-ekimi-sonrasinda-sari-akinti-nedir\/#Sac_ekimi_sonrasi_antibiyotik_kac_gun_kullanilir\" >Sa\u00e7 ekimi sonras\u0131 antibiyotik ka\u00e7 g\u00fcn kullan\u0131l\u0131r?<\/a><\/li><li class='ez-toc-page-1'><a class=\"ez-toc-link ez-toc-heading-4\" href=\"#\" data-href=\"https:\/\/www.yetkinbayer.com\/tr\/sac-ekimi-sonrasinda-sari-akinti-nedir\/#Sac_Ekimi_Sonrasinda_Olusan_Komplikasyonlar_Nelerdir\" >Sa\u00e7 Ekimi Sonras\u0131nda Olu\u015fan Komplikasyonlar Nelerdir?<\/a><\/li><li class='ez-toc-page-1'><a class=\"ez-toc-link ez-toc-heading-5\" href=\"#\" data-href=\"https:\/\/www.yetkinbayer.com\/tr\/sac-ekimi-sonrasinda-sari-akinti-nedir\/#Sac_Ekimi_Yapilacak_Hasta_Nasil_Degerlendirilir\" >Sa\u00e7 Ekimi Yap\u0131lacak Hasta Nas\u0131l De\u011ferlendirilir?<\/a><\/li><li class='ez-toc-page-1'><a class=\"ez-toc-link ez-toc-heading-6\" href=\"#\" data-href=\"https:\/\/www.yetkinbayer.com\/tr\/sac-ekimi-sonrasinda-sari-akinti-nedir\/#Sac_Ekim_Yontemleri_Nelerdir\" >Sa\u00e7 Ekim Y\u00f6ntemleri Nelerdir?<\/a><\/li><li class='ez-toc-page-1'><a class=\"ez-toc-link ez-toc-heading-7\" href=\"#\" data-href=\"https:\/\/www.yetkinbayer.com\/tr\/sac-ekimi-sonrasinda-sari-akinti-nedir\/#Donor_bolge_agrisi_ne_zaman_gecer\" >Don\u00f6r b\u00f6lge a\u011fr\u0131s\u0131 ne zaman ge\u00e7er?<\/a><\/li><\/ul><\/nav><\/div>\n<h2><span class=\"ez-toc-section\" id=\"Sac_Ekimi_Sonrasi\"><\/span>Sa\u00e7 Ekimi Sonras\u0131<span class=\"ez-toc-section-end\"><\/span><\/h2>\n<p class=\"p1\">Sa\u00e7 d\u00f6k\u00fclmesi ve kellik \u015fik\u00e2yeti olan ki\u015filer i\u00e7in en kal\u0131c\u0131 \u00e7\u00f6z\u00fcn <strong>sa\u00e7 ekimi<\/strong> i\u015flemidir. Sa\u00e7 ekimi i\u015flemini cerrahlar yapmaktad\u0131r. \u0130\u015flemi ger\u00e7ekle\u015ftirecek olan cerrah genellikle sa\u00e7lar\u0131 ense k\u0131sm\u0131ndan ba\u015f\u0131n kel k\u0131sm\u0131n ekmek i\u00e7in al\u0131r. Sa\u00e7 ekimi i\u015fleminden sonra sonu\u00e7, uzman cerrah\u0131n performans\u0131na ve sa\u00e7 ekimi i\u015flemi sonras\u0131nda bak\u0131ma ba\u011fl\u0131d\u0131r.<\/p>\n<p class=\"p1\">Baz\u0131 ki\u015filer sa\u00e7 ekimi i\u015fleminden sonra gerekli bak\u0131m\u0131 yapmad\u0131klar\u0131 ve talimatlara uymad\u0131klar\u0131ndan enfeksiyon gibi baz\u0131 komplikasyonlar olu\u015fmaktad\u0131r. Steril olmayan ekipmanlar ve yine steril olmayan ortam ile enfeksiyon kap\u0131labilir. Hekimin vermi\u015f oldu\u011fu bak\u0131m \u00f6nerilerine uyulmamas\u0131 halinde enfeksiyon kapma oran\u0131 yine y\u00fcksek olacakt\u0131r.<\/p>\n<p class=\"p1\">Kirli ortamlarda bulunmak ve el ile <strong><a href=\"https:\/\/www.yetkinbayer.com\/tr\/sac-ekimi\">sa\u00e7 ekimi<\/a><\/strong> yap\u0131lan b\u00f6lgeye dokunmak da enfeksiyona sebep olabilecek etkenlerdendir. Folik\u00fcllerin \u00f6lmemesi i\u00e7in ilerlemi\u015f olan enfeksiyona m\u00fcdahale etmek do\u011fru olmayacakt\u0131r Enfeksiyon olu\u015fumunu \u00f6nlemek i\u00e7in steril ortamlarda sa\u00e7 ekim hizmeti veren kliniklere ba\u015fvurman\u0131z gerekir.<\/p>\n<p class=\"p1\">Kafa derinizi kirli havadan korumak i\u00e7in \u00f6zel bir \u015fapka ile d\u0131\u015far\u0131 \u00e7\u0131kmal\u0131s\u0131n\u0131z. Yaralar\u0131n\u0131za m\u00fcdahale etmemelisiniz ve doktorunuzun verece\u011fi antibiyotikleri kullanmal\u0131s\u0131n\u0131z. Sa\u00e7 ekimi sonras\u0131nda <span style=\"color: #ff0000;\"><strong><a style=\"color: #ff0000;\" href=\"https:\/\/www.yetkinbayer.com\/tr\/sac-ekimi-sonrasinda-sari-akinti\/\">sar\u0131 ak\u0131nt\u0131<\/a><\/strong><\/span> olu\u015fumu enfeksiyon belirtileri aras\u0131nda yer almaktad\u0131r.<\/p>\n<p>&#8220;Sa\u00e7 ekimi sonras\u0131nda sar\u0131 ak\u0131nt\u0131 olur mu?&#8221; sorusu sa\u00e7 ekimi yapt\u0131rm\u0131\u015f ki\u015filer taraf\u0131ndan en fazla y\u00f6neltilen sorulardan biridir. Dr. Yetkin Bayer, &#8220;Sa\u00e7 ekimi sonras\u0131 olu\u015fan komplikasyonlar nelerdir?&#8221; ve &#8220;Sa\u00e7 ekimi y\u00f6ntemleri nelerdir?&#8221; gibi sorular\u0131 sizler i\u00e7in yan\u0131tl\u0131yor.<\/p>\n<h2 class=\"JlqpRe\"><span class=\"ez-toc-section\" id=\"Sac_ekimi_sonrasi_enfeksiyon_nasil_anlasilir\"><\/span><span class=\"JCzEY tNxQIb\"><span class=\"CSkcDe\">Sa\u00e7 ekimi sonras\u0131 enfeksiyon nas\u0131l anla\u015f\u0131l\u0131r?<\/span><\/span><span class=\"ez-toc-section-end\"><\/span><\/h2>\n<p>Sa\u00e7 ekimi sonras\u0131 enfeksiyonlar genellikle belirgin semptomlarla ortaya \u00e7\u0131kar ve dikkatle izlenmelidir. Ekim yap\u0131lan b\u00f6lgede yo\u011fun k\u0131zar\u0131kl\u0131k, \u015fi\u015flik ve hassasiyet enfeksiyonun en yayg\u0131n belirtileri aras\u0131ndad\u0131r. \u0130\u015flemden sonra genellikle birka\u00e7 g\u00fcn i\u00e7inde bu semptomlar\u0131n azalmas\u0131 gerekirken, enfeksiyon durumunda bu semptomlar daha \u015fiddetli hale gelir ve devam eder. Ek olarak, sar\u0131 veya ye\u015fil renkli k\u00f6t\u00fc kokulu ak\u0131nt\u0131, bir enfeksiyonun a\u00e7\u0131k bir i\u015faretidir.<\/p>\n<p>Hasta, ekim b\u00f6lgesinde s\u0131cakl\u0131k art\u0131\u015f\u0131, \u015fiddetli a\u011fr\u0131 ve \u00e7evre dokularda sertle\u015fme gibi belirtiler g\u00f6steriyorsa, enfeksiyon riskini art\u0131r\u0131r. Hastalar baz\u0131 durumlarda ate\u015f, halsizlik veya genel rahats\u0131zl\u0131k hissedebilir. Bu semptomlar, v\u00fccuttaki enfeksiyonun genetik \u00f6zelliklerini g\u00f6sterebilir ve ciddi bir durumun belirtisi olabilir.<\/p>\n<p>Sa\u00e7 ekiminde bir enfeksiyon \u015f\u00fcphesi varsa, m\u00fcmk\u00fcn olan en k\u0131sa s\u00fcrede sa\u00e7 ekimini ger\u00e7ekle\u015ftiren ki\u015fiye ba\u015fvurulmal\u0131d\u0131r. Doktor, enfekte b\u00f6lgeyi inceleyip antibiyotik veya antiseptik ila\u00e7lar \u00f6nerebilir. Erken m\u00fcdahale, daha ciddi sorunlar\u0131n \u00f6nlenmesinde \u00e7ok \u00f6nemlidir.<\/p>\n<h2 class=\"JlqpRe\"><span class=\"ez-toc-section\" id=\"Sac_ekimi_sonrasi_antibiyotik_kac_gun_kullanilir\"><\/span><span class=\"JCzEY tNxQIb\"><span class=\"CSkcDe\">Sa\u00e7 ekimi sonras\u0131 antibiyotik ka\u00e7 g\u00fcn kullan\u0131l\u0131r?<\/span><\/span><span class=\"ez-toc-section-end\"><\/span><\/h2>\n<p>Sa\u00e7 ekimi sonras\u0131 antibiyotik genellikle be\u015f ila yedi g\u00fcn aras\u0131nda verilir, ancak doktorun tavsiyesine g\u00f6re bu s\u00fcre de\u011fi\u015febilir. Operasyon s\u0131ras\u0131nda mikrokanallar a\u00e7\u0131ld\u0131\u011f\u0131 i\u00e7in enfeksiyon riski vard\u0131r ve bu riski azaltmak i\u00e7in antibiyotik kullan\u0131l\u0131r. Hastan\u0131n sa\u011fl\u0131k durumu, operasyon s\u0131ras\u0131nda kullan\u0131lan teknikler ve operasyon sonras\u0131 bak\u0131m s\u00fcreci, doktorlar\u0131n uygun dozu ve kullan\u0131m s\u00fcresini belirler.<\/p>\n<p>Antibiyotik genellikle oral yolla al\u0131n\u0131r ve d\u00fczenli olarak kullan\u0131lmas\u0131, tedavinin ba\u015far\u0131l\u0131 olmas\u0131 i\u00e7in \u00e7ok \u00f6nemlidir. \u0130lac\u0131n doktorun \u00f6nerdi\u011fi s\u00fcreden \u00f6nce kesilmesi, enfeksiyon riskini art\u0131rabilir ve komplikasyonlara neden olabilir. Antibiyotik kullan\u0131m\u0131na ra\u011fmen enfeksiyon belirtileri ortaya \u00e7\u0131karsa, hemen uzman\u0131n\u0131za bildirilmelidir. Doktorunuzun tavsiyelerine uymak ve d\u00fczenli olarak ila\u00e7 kullanmak, sa\u011fl\u0131kl\u0131 bir iyile\u015fme s\u00fcreci i\u00e7in \u00e7ok \u00f6nemlidir.<\/p>\n<h2 class=\"p1\"><span class=\"ez-toc-section\" id=\"Sac_Ekimi_Sonrasinda_Olusan_Komplikasyonlar_Nelerdir\"><\/span>Sa\u00e7 Ekimi Sonras\u0131nda Olu\u015fan Komplikasyonlar Nelerdir?<span class=\"ez-toc-section-end\"><\/span><\/h2>\n<p class=\"p1\">Sa\u00e7 ekimi i\u015fleminden sonra ki\u015finin bak\u0131m \u00f6nerilerine uyup uymamas\u0131 ve i\u015flem s\u0131ras\u0131nda steril bir ortam olup olmamas\u0131yla alakal\u0131 olarak bir \u00e7ok yan etki ve komplikasyonlar geli\u015febilir. \u0130yi bir \u015fekilde planlanm\u0131\u015f ve steril bir ortamda i\u015flem yapmakta olan merkezlerde yap\u0131lan i\u015flemlerde olu\u015facak olumsuzluklar minimuma indirilecektir.<\/p>\n<p class=\"p1\">Ki\u015finin sa\u00e7 ekimi i\u015fleminden sonra doktorunun vermi\u015f oldu\u011fu bilgiler ile bak\u0131m\u0131n\u0131 yapmas\u0131 da i\u015flemin olumlu sonu\u00e7lanmas\u0131n\u0131 b\u00fcy\u00fck oranda etkilemektedir. <strong><a href=\"https:\/\/www.yetkinbayer.com\/tr\/sac-ekimi-sonrasi\">Sa\u00e7 ekimi sonras\u0131nda<\/a><\/strong> sa\u00e7 alan\u0131nda minik kanamalar g\u00f6r\u00fclebilir. Sa\u00e7 ekimi \u00f6ncesinde hastan\u0131n kulland\u0131\u011f\u0131 antidepresan, aspirin gibi ila\u00e7lar bu kanama riskini artt\u0131rmaya sebep olmaktad\u0131r.<\/p>\n<p class=\"p1\">Sa\u00e7 ekimi i\u015fleminden sonra \u00f6dem 3 ila 4 g\u00fcn aras\u0131nda s\u00fcrebilmektedir. Olu\u015fan bu \u00f6dem hastalar\u0131n %10\u2019luk bir k\u0131sm\u0131nda g\u00f6r\u00fclmektedir. Ge\u00e7ici k\u0131zar\u0131kl\u0131k olu\u015fumu da sa\u00e7 ekiminden sonra g\u00f6r\u00fclebilir. \u0130yi bak\u0131m yap\u0131lmam\u0131\u015f ve i\u015flem s\u0131ras\u0131nda sorunlar olu\u015fan sa\u00e7 ekimlerinde enfeksiyon g\u00f6r\u00fclebilmektedir. Sa\u00e7 ekimi sonras\u0131nda deride kesi yap\u0131lan alanda bulunan sa\u00e7larda seyrekle\u015fme ve d\u00f6k\u00fclmek g\u00f6r\u00fclebilmektedir.<\/p>\n<p class=\"p1\">3 ya da 4 ayl\u0131k s\u00fcre\u00e7 i\u00e7erisinde bu d\u00f6k\u00fclmelerin kendili\u011finden d\u00fczelmesi beklenmektedir. T\u00fcm bu komplikasyonlar\u0131 ya\u015famamak i\u00e7in cerrahi sa\u00e7 ekim i\u015flemini yapan doktorun tavsiyelerine uyarak sa\u00e7 ekim s\u00fcrecini atlatabilirsiniz.<\/p>\n<p class=\"p1\">Sa\u00e7 ekim i\u015fleminden sonra dikkat etmeniz gereken noktalar\u0131 atlamadan eksiksiz bir \u015fekilde yerine getirdi\u011finizden mutlaka emin olmal\u0131s\u0131n\u0131z. Aksi bir durum s\u00f6z konusu oldu\u011fu zaman yap\u0131lan i\u015flem ve emekler bo\u015fa gidecek sa\u00e7 ekim i\u015flemi olumsuz sonu\u00e7lanacakt\u0131r. Bu sebeple size verilen t\u00fcm tavsiyelere uyman\u0131z gerekmektedir.<\/p>\n<h2 class=\"p1\"><span class=\"ez-toc-section\" id=\"Sac_Ekimi_Yapilacak_Hasta_Nasil_Degerlendirilir\"><\/span>Sa\u00e7 Ekimi Yap\u0131lacak Hasta Nas\u0131l De\u011ferlendirilir?<span class=\"ez-toc-section-end\"><\/span><\/h2>\n<p class=\"p1\">Sa\u00e7 ekimi yapt\u0131rmak isteyen ki\u015filerin ilk de\u011ferlendirmesi hastan\u0131n ba\u015f ve y\u00fcz \u015fekline bak\u0131larak yap\u0131lmaktad\u0131r. De\u011ferlendirmenin yap\u0131lmas\u0131ndaki ama\u00e7 ba\u015f, y\u00fcz ve al\u0131n\u0131n genetik \u00f6zelliklerini incelemektir. Ba\u015f b\u00f6lgesinin \u015fekli ve \u00f6zellikle en tepe k\u0131sm\u0131n\u0131n geni\u015fli\u011fi sa\u00e7 ekimi planlamas\u0131 yap\u0131l\u0131rken en \u00f6nemli noktad\u0131r. Sa\u00e7 \u00f6n \u00e7izgisinin belirlenmesi i\u00e7in tepe k\u0131sm\u0131n\u0131n geni\u015fli\u011fi olduk\u00e7a \u00f6nemlidir.<\/p>\n<p class=\"p1\">Yuvarlak bir kafa yap\u0131s\u0131na sahip bir ki\u015fi ile uzun bir kafa yap\u0131s\u0131na sahip ki\u015finin sa\u00e7 \u00f6n \u00e7izgisi ayn\u0131 olmayaca\u011f\u0131ndan bu de\u011ferlendirmeler olduk\u00e7a \u00f6nemlidir. Do\u011fal bir g\u00f6r\u00fcn\u00fcm elde etmek i\u00e7in bu detaylara dikkat etmek gerekmektedir.<\/p>\n<p class=\"p1\">Yuvarlak kafa \u015fekline sahip ki\u015filerin sa\u00e7 \u00f6n \u00e7izgisi daha yuvarlak olurken v tipi kafa \u015fekline sahip ki\u015filerde yine v tipi sa\u00e7 \u00f6n \u00e7izgisi uygulanmas\u0131 do\u011fal bir g\u00f6r\u00fcn\u00fcm elde edilmesini sa\u011flayacakt\u0131r. Kad\u0131nlar i\u00e7in sa\u00e7 \u00f6n \u00e7izgisi daha yuvarlak olurken erkeklerde v \u015feklinde ve k\u00f6\u015feli sa\u00e7 \u00e7izgisi uygulanmaktad\u0131r.<\/p>\n<h2 class=\"p1\"><span class=\"ez-toc-section\" id=\"Sac_Ekim_Yontemleri_Nelerdir\"><\/span>Sa\u00e7 Ekim Y\u00f6ntemleri Nelerdir?<span class=\"ez-toc-section-end\"><\/span><\/h2>\n<p class=\"p1\">Ki\u015finin y\u00fcz hatlar\u0131na uygun olarak ekim alan\u0131 belirlendi\u011finde sa\u00e7 ekim i\u015flemine ba\u015flanabilir. Farkl\u0131 \u00e7e\u015fitlerde sa\u00e7 ekim i\u015flemleri bulunmaktad\u0131r. Sa\u00e7 ekim i\u015flemi yapt\u0131racak hasta i\u00e7in en uygun sa\u00e7 ekim \u00e7e\u015fidini se\u00e7mek uzman doktorun i\u015fidir. Sa\u00e7 ekimi y\u00f6ntemleri aras\u0131nda FUT ve FUE sa\u00e7 ekim y\u00f6ntemleri hekimler taraf\u0131ndan kullan\u0131lmaktad\u0131r.<\/p>\n<p class=\"p1\">Son zamanlarda bir \u00e7ok avantaj sa\u011flayan FUE y\u00f6ntemi hekimlerce tercih edilmektedir. FUT ve FUE y\u00f6ntemlerinden sa\u00e7 k\u00f6klerinin alandan al\u0131nmas\u0131 farkl\u0131 olacakt\u0131r. Olduk\u00e7a s\u0131k kullan\u0131lan FUE y\u00f6nteminde sa\u00e7l\u0131 deri ameliyat yolu ile al\u0131nmaktad\u0131r. Al\u0131nacak deri boyutunun hesaplanmas\u0131 ile sa\u00e7 ekim i\u015flemi ger\u00e7ekle\u015ftirilmektedir.<\/p>\n<p class=\"p1\">Al\u0131nacak deri boyutunun geni\u015fli\u011fi 1,2 cm\u2019den fazla olmas\u0131 durumunda iz skar geli\u015febilmektedir. Bu sebeple yap\u0131lacak olan i\u015flemlerin mutlaka uzman hekimler taraf\u0131ndan yap\u0131lmas\u0131 gerekmektedir. Sa\u00e7 ekim i\u015flemlerini merdiven alt\u0131 mek\u00e2nlarda yap\u0131lmamas\u0131 gerekir. Aksi takdirde hem sa\u011fl\u0131k problemi hem de estetik a\u00e7\u0131dan hi\u00e7 ho\u015f g\u00f6r\u00fcnmeyen g\u00f6r\u00fcnt\u00fclere neden olabilecek komplikasyonlar olu\u015fabilir.<\/p>\n<p class=\"p1\">Sa\u00e7 ekimi i\u015flemi yapt\u0131r\u0131lacak olan mek\u00e2n\u0131 mutlaka iyi ara\u015ft\u0131rmak gerekir. \u0130\u015flemi ger\u00e7ekle\u015ftirecek olan hekim ve yard\u0131mc\u0131lar\u0131n\u0131n e\u011fitim ve sertifikalar\u0131n\u0131 g\u00f6rmek daha \u00f6ncesinde burada i\u015flem yapt\u0131rm\u0131\u015f ki\u015filerin foto\u011fraflar\u0131n\u0131 g\u00f6rmek isteyebilirsiniz. Sa\u00e7 ekim i\u015flemi cerrahi bir operasyon oldu\u011fundan \u00f6ncesinde g\u00fcven sa\u011flayacak bilgiler edinmeli daha sonras\u0131nda \u00e7al\u0131\u015fmak istedi\u011finiz klini\u011fi se\u00e7ebilirsiniz.<\/p>\n<p class=\"p1\"><strong>Yasal Uyar\u0131<\/strong>: Bu sayfadaki ifadeler bilgi verme ama\u00e7l\u0131 olup, ba\u011flay\u0131c\u0131 nitelik ta\u015f\u0131maz. Hi\u00e7bir bilgi, tedavi tavsiyesi olmay\u0131p, doktor tavsiyelerinin \u00f6n\u00fcnde de\u011fildir. Kesin bilgi ve talimatlar\u0131, yaln\u0131zca doktorunuzdan alman\u0131z sa\u011fl\u0131\u011f\u0131n\u0131z a\u00e7\u0131s\u0131ndan son derece \u00f6nemlidir.<\/p>\n<h2 class=\"JlqpRe\"><span class=\"ez-toc-section\" id=\"Donor_bolge_agrisi_ne_zaman_gecer\"><\/span><span class=\"JCzEY tNxQIb\"><span class=\"CSkcDe\">Don\u00f6r b\u00f6lge a\u011fr\u0131s\u0131 ne zaman ge\u00e7er?<\/span><\/span><span class=\"ez-toc-section-end\"><\/span><\/h2>\n<div class=\"p8Jhnd\">\n<p>Don\u00f6r b\u00f6lgedeki sa\u00e7 ekimi a\u011fr\u0131s\u0131 genellikle yedi ila on g\u00fcn i\u00e7inde azal\u0131r ve tamamen ge\u00e7er. Bu s\u00fcre, ki\u015finin a\u011fr\u0131 e\u015fi\u011fine, bak\u0131m s\u00fcrecine ve kullan\u0131lan tekni\u011fe ba\u011fl\u0131 olarak de\u011fi\u015febilir.<\/p>\n<p>FUE veya DHI gibi geli\u015fmi\u015f tekniklerle yap\u0131lan sa\u00e7 ekimlerinde don\u00f6r b\u00f6lge daha az ac\u0131 \u00e7eker, bu nedenle iyile\u015fme genellikle daha h\u0131zl\u0131d\u0131r. Bununla birlikte, FUT gibi eski y\u00f6ntemlerde diki\u015fler oldu\u011fundan, a\u011fr\u0131 ve hassasiyet biraz daha uzun s\u00fcrebilir.<\/p>\n<p>Operasyondan sonraki ilk birka\u00e7 g\u00fcn, don\u00f6r b\u00f6lgesi genellikle daha a\u011fr\u0131l\u0131d\u0131r. Bunun nedeni, b\u00f6lgeden sa\u00e7 k\u00f6klerinin \u00e7\u0131kar\u0131lmas\u0131 nedeniyle derinin do\u011fal olarak iyile\u015fme s\u00fcrecinin ba\u015flamas\u0131d\u0131r. Bu d\u00f6nemde doktorunuz taraf\u0131ndan verilen a\u011fr\u0131 kesiciler, a\u011fr\u0131lar\u0131n\u0131z\u0131 hafifletmek i\u00e7in etkili olacakt\u0131r.<\/p>\n<p>Ek olarak, ani hareketlerden ve fiziksel darbelerden ka\u00e7\u0131nmak iyile\u015fmeyi h\u0131zland\u0131rabilir. 10 g\u00fcn sonra a\u011fr\u0131 devam ederse veya \u015fiddetlenirse sa\u00e7 ekimi uzman\u0131na dan\u0131\u015f\u0131n.<\/p>\n<\/div>\n<p><strong>Kaynak\u00e7a:<\/strong><\/p>\n<p>https:\/\/www.ncbi.nlm.nih.gov\/pmc\/articles\/PMC8719980<\/p>\n","protected":false},"excerpt":{"rendered":"<p>Sa\u00e7 ekimi sonras\u0131 sar\u0131 ak\u0131nt\u0131, iyile\u015fme s\u00fcrecinde s\u0131kl\u0131kla g\u00f6r\u00fclen bir \u015feydir ve bir enfeksiyon belirtisi olabilir. K\u00f6k yerle\u015ftirme i\u015flemi ve operasyon s\u0131ras\u0131nda a\u00e7\u0131lan mikrokanallar, v\u00fccudun do\u011fal iyile\u015fme tepkisini ba\u015flat\u0131r. Bu s\u00fcre\u00e7 boyunca b\u00f6lgede kabuklanma, k\u0131zar\u0131kl\u0131k ve bazen sar\u0131 renkli bir s\u0131v\u0131 olu\u015fabilir. V\u00fccudun hasar g\u00f6ren b\u00f6lgeyi onarma s\u00fcrecinde, bu s\u0131v\u0131 tipik olarak lenf s\u0131v\u0131s\u0131 olarak [&hellip;]<\/p>\n","protected":false},"author":1,"featured_media":2613,"comment_status":"closed","ping_status":"closed","sticky":false,"template":"","format":"standard","meta":{"footnotes":""},"categories":[9],"tags":[],"class_list":["post-2612","post","type-post","status-publish","format-standard","has-post-thumbnail","hentry","category-blog"],"_links":{"self":[{"href":"https:\/\/www.yetkinbayer.com\/tr\/wp-json\/wp\/v2\/posts\/2612","targetHints":{"allow":["GET"]}}],"collection":[{"href":"https:\/\/www.yetkinbayer.com\/tr\/wp-json\/wp\/v2\/posts"}],"about":[{"href":"https:\/\/www.yetkinbayer.com\/tr\/wp-json\/wp\/v2\/types\/post"}],"author":[{"embeddable":true,"href":"https:\/\/www.yetkinbayer.com\/tr\/wp-json\/wp\/v2\/users\/1"}],"replies":[{"embeddable":true,"href":"https:\/\/www.yetkinbayer.com\/tr\/wp-json\/wp\/v2\/comments?post=2612"}],"version-history":[{"count":1,"href":"https:\/\/www.yetkinbayer.com\/tr\/wp-json\/wp\/v2\/posts\/2612\/revisions"}],"predecessor-version":[{"id":2626,"href":"https:\/\/www.yetkinbayer.com\/tr\/wp-json\/wp\/v2\/posts\/2612\/revisions\/2626"}],"wp:featuredmedia":[{"embeddable":true,"href":"https:\/\/www.yetkinbayer.com\/tr\/wp-json\/wp\/v2\/media\/2613"}],"wp:attachment":[{"href":"https:\/\/www.yetkinbayer.com\/tr\/wp-json\/wp\/v2\/media?parent=2612"}],"wp:term":[{"taxonomy":"category","embeddable":true,"href":"https:\/\/www.yetkinbayer.com\/tr\/wp-json\/wp\/v2\/categories?post=2612"},{"taxonomy":"post_tag","embeddable":true,"href":"https:\/\/www.yetkinbayer.com\/tr\/wp-json\/wp\/v2\/tags?post=2612"}],"curies":[{"name":"wp","href":"https:\/\/api.w.org\/{rel}","templated":true}]}}