{"id":2549,"date":"2025-04-28T14:40:03","date_gmt":"2025-04-28T11:40:03","guid":{"rendered":"https:\/\/www.yetkinbayer.com\/?p=2549"},"modified":"2025-04-28T14:40:03","modified_gmt":"2025-04-28T11:40:03","slug":"sac-ekimi-sonrasi-serum-kullanilmali-midir","status":"publish","type":"post","link":"https:\/\/www.yetkinbayer.com\/tr\/sac-ekimi-sonrasi-serum-kullanilmali-midir\/","title":{"rendered":"Sa\u00e7 Ekimi Sonras\u0131 Serum Kullan\u0131lmal\u0131 M\u0131d\u0131r?"},"content":{"rendered":"<p class=\"p1\"><strong>Sa\u00e7 ekimi<\/strong>, pek \u00e7ok cerrahi operasyonda oldu\u011fu gibi \u00f6ncesinde ve sonras\u0131nda dikkat edilmesi gereken noktalar\u0131n bulundu\u011fu bir i\u015flemdir. Sa\u00e7 ekimi operasyonu \u00f6ncesinde ve sonras\u0131nda sa\u00e7 ekiminin ba\u015far\u0131ya ula\u015fmas\u0131 i\u00e7in dikkatli olunmal\u0131d\u0131r.<\/p>\n<p class=\"p1\">Sa\u00e7 ekimi sonras\u0131nda iyile\u015fme s\u00fcrecini h\u0131zland\u0131racak m\u00fcdahalelerin yap\u0131lmas\u0131ndan \u00f6nce ki\u015finin fiziksel ve hijyenik kurallara dikkat etmesi gerekti\u011fi bilinmelidir.<\/p>\n<p class=\"p1\">Ki\u015fi, bu noktalara dikkat etmedi\u011fi s\u00fcrece <strong><a href=\"https:\/\/www.yetkinbayer.com\/tr\/sac-ekimi\">sa\u00e7 ekimi<\/a><\/strong> i\u015fleminin ba\u015far\u0131s\u0131n\u0131 tehlikeye att\u0131\u011f\u0131n\u0131 bilmelidir. Fiziksel olarak sa\u00e7 ekiminin yap\u0131ld\u0131\u011f\u0131 b\u00f6lgenin korunamamas\u0131 ve hijyenine dikkat edilmesi sonras\u0131 s\u00fcreci olumlu etkileyecek sa\u00e7 ekimi sonras\u0131 serum takviyeleri kullan\u0131labilmektedir.<\/p>\n<p>&#8220;Sa\u00e7 ekimi sonras\u0131 serum kullan\u0131lmal\u0131 m\u0131d\u0131r?&#8221; sorusu sa\u00e7 ekimi yapt\u0131rm\u0131\u015f ki\u015filer taraf\u0131ndan en fazla y\u00f6neltilen sorulardan biridir. Dr. Yetkin Bayer, &#8220;Sa\u00e7 ekimi sonras\u0131 serum kullan\u0131rken nelere dikkat etmelisiniz?&#8221; ve &#8220;Sa\u00e7 ekimi sonras\u0131 serum kullanmak sa\u00e7\u0131 uzat\u0131r m\u0131?&#8221; gibi sorular\u0131 sizler i\u00e7in yan\u0131tl\u0131yor.<\/p>\n<div id=\"ez-toc-container\" class=\"ez-toc-v2_0_82_2 counter-flat ez-toc-counter ez-toc-grey ez-toc-container-direction\">\n<div class=\"ez-toc-title-container\">\n<p class=\"ez-toc-title\" style=\"cursor:inherit\">Table of Contents<\/p>\n<span class=\"ez-toc-title-toggle\"><a href=\"#\" class=\"ez-toc-pull-right ez-toc-btn ez-toc-btn-xs ez-toc-btn-default ez-toc-toggle\" aria-label=\"\u0130\u00e7indekiler Tablosunu A\u00e7\/Kapat\"><span class=\"ez-toc-js-icon-con\"><span class=\"\"><span class=\"eztoc-hide\" style=\"display:none;\">Toggle<\/span><span class=\"ez-toc-icon-toggle-span\"><svg style=\"fill: #999;color:#999\" xmlns=\"http:\/\/www.w3.org\/2000\/svg\" class=\"list-377408\" width=\"20px\" height=\"20px\" viewBox=\"0 0 24 24\" fill=\"none\"><path d=\"M6 6H4v2h2V6zm14 0H8v2h12V6zM4 11h2v2H4v-2zm16 0H8v2h12v-2zM4 16h2v2H4v-2zm16 0H8v2h12v-2z\" fill=\"currentColor\"><\/path><\/svg><svg style=\"fill: #999;color:#999\" class=\"arrow-unsorted-368013\" xmlns=\"http:\/\/www.w3.org\/2000\/svg\" width=\"10px\" height=\"10px\" viewBox=\"0 0 24 24\" version=\"1.2\" baseProfile=\"tiny\"><path d=\"M18.2 9.3l-6.2-6.3-6.2 6.3c-.2.2-.3.4-.3.7s.1.5.3.7c.2.2.4.3.7.3h11c.3 0 .5-.1.7-.3.2-.2.3-.5.3-.7s-.1-.5-.3-.7zM5.8 14.7l6.2 6.3 6.2-6.3c.2-.2.3-.5.3-.7s-.1-.5-.3-.7c-.2-.2-.4-.3-.7-.3h-11c-.3 0-.5.1-.7.3-.2.2-.3.5-.3.7s.1.5.3.7z\"\/><\/svg><\/span><\/span><\/span><\/a><\/span><\/div>\n<nav><ul class='ez-toc-list ez-toc-list-level-1 eztoc-toggle-hide-by-default' ><li class='ez-toc-page-1'><a class=\"ez-toc-link ez-toc-heading-1\" href=\"#\" data-href=\"https:\/\/www.yetkinbayer.com\/tr\/sac-ekimi-sonrasi-serum-kullanilmali-midir\/#Sac_Ekimi_Sonrasi_Serum_Kullanilmali_Midir\" >Sa\u00e7 Ekimi Sonras\u0131 Serum Kullan\u0131lmal\u0131 M\u0131d\u0131r?<\/a><\/li><li class='ez-toc-page-1'><a class=\"ez-toc-link ez-toc-heading-2\" href=\"#\" data-href=\"https:\/\/www.yetkinbayer.com\/tr\/sac-ekimi-sonrasi-serum-kullanilmali-midir\/#Sac_Ekimi_Sonrasi_Serum_Kullanirken_Nelere_Dikkat_Edilmelidir\" >Sa\u00e7 Ekimi Sonras\u0131 Serum Kullan\u0131rken Nelere Dikkat Edilmelidir?<\/a><\/li><li class='ez-toc-page-1'><a class=\"ez-toc-link ez-toc-heading-3\" href=\"#\" data-href=\"https:\/\/www.yetkinbayer.com\/tr\/sac-ekimi-sonrasi-serum-kullanilmali-midir\/#Sac_Ekimi_Sonrasi_Serum_Kullanmak_Saci_Uzatir_Mi\" >Sa\u00e7 Ekimi Sonras\u0131 Serum Kullanmak Sa\u00e7\u0131 Uzat\u0131r M\u0131?<\/a><\/li><li class='ez-toc-page-1'><a class=\"ez-toc-link ez-toc-heading-4\" href=\"#\" data-href=\"https:\/\/www.yetkinbayer.com\/tr\/sac-ekimi-sonrasi-serum-kullanilmali-midir\/#Sac_Ekimi_Sonrasi_Serum_Kullaniminin_Yan_Etkileri_Nelerdir\" >Sa\u00e7 Ekimi Sonras\u0131 Serum Kullan\u0131m\u0131n\u0131n Yan Etkileri Nelerdir?<\/a><\/li><li class='ez-toc-page-1'><a class=\"ez-toc-link ez-toc-heading-5\" href=\"#\" data-href=\"https:\/\/www.yetkinbayer.com\/tr\/sac-ekimi-sonrasi-serum-kullanilmali-midir\/#Sac_Ekimi_Sonrasi_Ne_Kadar_Sure_Serum_Kullanmaliyim\" >Sa\u00e7 Ekimi Sonras\u0131 Ne Kadar S\u00fcre Serum Kullanmal\u0131y\u0131m?<\/a><\/li><li class='ez-toc-page-1'><a class=\"ez-toc-link ez-toc-heading-6\" href=\"#\" data-href=\"https:\/\/www.yetkinbayer.com\/tr\/sac-ekimi-sonrasi-serum-kullanilmali-midir\/#Sac_Ekimi_Sonrasi_Serum_ve_Ilaclar_Nasil_Kullanilmalidir\" >Sa\u00e7 Ekimi Sonras\u0131 Serum ve \u0130la\u00e7lar Nas\u0131l Kullan\u0131lmal\u0131d\u0131r?<\/a><\/li><li class='ez-toc-page-1'><a class=\"ez-toc-link ez-toc-heading-7\" href=\"#\" data-href=\"https:\/\/www.yetkinbayer.com\/tr\/sac-ekimi-sonrasi-serum-kullanilmali-midir\/#Sac_ekiminde_enseden_alinan_saclar_tekrar_cikar_mi\" >Sa\u00e7 ekiminde enseden al\u0131nan sa\u00e7lar tekrar \u00e7\u0131kar m\u0131?<\/a><\/li><li class='ez-toc-page-1'><a class=\"ez-toc-link ez-toc-heading-8\" href=\"#\" data-href=\"https:\/\/www.yetkinbayer.com\/tr\/sac-ekimi-sonrasi-serum-kullanilmali-midir\/#Sac_ekiminde_sonrasi_kendi_saclarim_zarar_gorur_mu\" >Sa\u00e7 ekiminde sonras\u0131 kendi sa\u00e7lar\u0131m zarar g\u00f6r\u00fcr m\u00fc?<\/a><\/li><li class='ez-toc-page-1'><a class=\"ez-toc-link ez-toc-heading-9\" href=\"#\" data-href=\"https:\/\/www.yetkinbayer.com\/tr\/sac-ekimi-sonrasi-serum-kullanilmali-midir\/#Ekilen_saclar_hangi_aylarda_kalinlasir\" >Ekilen sa\u00e7lar hangi aylarda kal\u0131nla\u015f\u0131r?<\/a><\/li><li class='ez-toc-page-1'><a class=\"ez-toc-link ez-toc-heading-10\" href=\"#\" data-href=\"https:\/\/www.yetkinbayer.com\/tr\/sac-ekimi-sonrasi-serum-kullanilmali-midir\/#Deri_yamasi_ne_kadar_surede_iyilesir\" >Deri yamas\u0131 ne kadar s\u00fcrede iyile\u015fir?<\/a><\/li><\/ul><\/nav><\/div>\n<h2 class=\"p1\"><span class=\"ez-toc-section\" id=\"Sac_Ekimi_Sonrasi_Serum_Kullanilmali_Midir\"><\/span>Sa\u00e7 Ekimi Sonras\u0131 Serum Kullan\u0131lmal\u0131 M\u0131d\u0131r?<span class=\"ez-toc-section-end\"><\/span><\/h2>\n<p class=\"p1\">Sa\u00e7 ekimi operasyonlar\u0131ndan sonra iyile\u015fme s\u00fcrecini h\u0131zland\u0131rmak ve sa\u00e7lar\u0131n uzama d\u00f6ng\u00fcs\u00fcn\u00fc olumlu etkilemek ad\u0131na serum kullanmak s\u0131k rastlan\u0131lan bir yoldur. Bu serumlar sa\u00e7 ekimi sonras\u0131 ya\u015fam\u0131 olumlu etkileyebilece\u011fi gibi cerrahi m\u00fcdahale nedeniyle olu\u015fan yan etkileri de en aza indirebilme konusunda ki\u015fiye fayda sa\u011flayabilmektedir.<\/p>\n<p class=\"p1\">Sa\u00e7 ekimi sonras\u0131 fiziksel ve hijyenik kurallara dikkat edilmesi, ki\u015fiye \u00f6zel ve fizyolojik olarak ki\u015fiye uygun sa\u00e7 ekimi tekniklerinin uygulanmas\u0131 sonras\u0131 tedaviyi olumlu etkileyen ila\u00e7 veya serum takviyeleri de s\u00fcrecin ba\u015far\u0131s\u0131n\u0131 olduk\u00e7a olumlu etkileyebilmektedir.<\/p>\n<h2 class=\"p1\"><span class=\"ez-toc-section\" id=\"Sac_Ekimi_Sonrasi_Serum_Kullanirken_Nelere_Dikkat_Edilmelidir\"><\/span>Sa\u00e7 Ekimi Sonras\u0131 Serum Kullan\u0131rken Nelere Dikkat Edilmelidir?<span class=\"ez-toc-section-end\"><\/span><\/h2>\n<p class=\"p1\">Sa\u00e7 ekimi operasyonu ge\u00e7iren insanlar\u0131n bir\u00e7o\u011fu sonras\u0131nda gerek iyile\u015fme s\u00fcrecini gerekse bak\u0131m amac\u0131yla serum kullan\u0131m\u0131na y\u00f6nelmektedirler. Bu s\u0131k rastlan\u0131lan bir durum olmakla birlikte olumlu etkilerinin de oldu\u011fu bilinmektedir. Sa\u00e7 ekimi sonras\u0131 kullan\u0131lan serumlar\u0131n bir\u00e7ok etkisi bulunmaktad\u0131r.<\/p>\n<p class=\"p1\">Serum tedavisi, sa\u00e7 k\u00f6klerini g\u00fc\u00e7lendirerek sa\u00e7 ekimi operasyonun ba\u015far\u0131ya ula\u015fmas\u0131 ve sa\u00e7lar\u0131n d\u00f6k\u00fclmelere kar\u015f\u0131 daha diren\u00e7li hale gelmesi konular\u0131nda olduk\u00e7a etkilidir. Bunun yan\u0131nda serum tedavisi ile birlikte <strong><a href=\"https:\/\/www.yetkinbayer.com\/tr\/sac-ekimi-sonrasi\">sa\u00e7 ekimi sonras\u0131<\/a><\/strong> kullan\u0131ma uygun \u015fampuanlar da kullan\u0131labilmektedir.<\/p>\n<p class=\"p1\">Sa\u00e7 ekimi sonras\u0131 serum kullan\u0131m\u0131 konusunda bilinmelidir ki her t\u0131bbi durumda oldu\u011fu gibi serum ve benzeri tedavi y\u00f6ntemlerinde de doktorunuza dan\u0131\u015fmal\u0131s\u0131n\u0131z. Doktorunuz \u00f6nerdi\u011fi \u00f6l\u00e7\u00fcde ve \u00f6nerdi\u011fi serumlar\u0131 kullanmak sizi beklenmeyen risklere kar\u015f\u0131 koruyacakt\u0131r. Genellikle hamile ki\u015filerin bu serumlar\u0131 kullanmadan \u00f6nce doktorlar\u0131na dan\u0131\u015fmalar\u0131 \u00e7ok \u00f6nemlidir.<\/p>\n<h2 class=\"p1\"><span class=\"ez-toc-section\" id=\"Sac_Ekimi_Sonrasi_Serum_Kullanmak_Saci_Uzatir_Mi\"><\/span>Sa\u00e7 Ekimi Sonras\u0131 Serum Kullanmak Sa\u00e7\u0131 Uzat\u0131r M\u0131?<span class=\"ez-toc-section-end\"><\/span><\/h2>\n<p class=\"p1\">Her ne kadar bu sorunun kesin bir cevab\u0131n\u0131 vermek \u00e7ok g\u00fc\u00e7 olsa da yap\u0131lan ara\u015ft\u0131rmalar, sa\u00e7 ekimi tedavisi sonras\u0131nda doktorunun onay\u0131yla do\u011fru serumlar\u0131 kullanan ki\u015filerde, sa\u00e7 uzamas\u0131 ve sa\u00e7 d\u00f6k\u00fclmesinin engellenmesinin m\u00fcmk\u00fcn oldu\u011funu ortaya koymaktad\u0131r.<\/p>\n<p class=\"p1\">Sa\u00e7 ekimi sonras\u0131 serum kullanan ki\u015filerde sa\u00e7 yo\u011funlu\u011funun b\u00fcy\u00fck oranda artabildi\u011fi ve sa\u00e7 k\u00f6klerinin g\u00fc\u00e7lenerek sa\u00e7 d\u00f6k\u00fclmesinin en aza indirildi\u011fi kan\u0131tlanm\u0131\u015ft\u0131r. Genellikle serumlar\u0131n etkileri zamanla artarak devam etmektedir. Serum kullan\u0131m\u0131na ba\u015flan\u0131ld\u0131ktan sonra sa\u00e7 uzamas\u0131 ve d\u00f6k\u00fclmenin azalmas\u0131 gibi etkiler birka\u00e7 ay i\u00e7erisinde kademeli olarak artar ve nihai verim bu \u015fekilde al\u0131nm\u0131\u015f olmaktad\u0131r.<\/p>\n<h2 class=\"p1\"><span class=\"ez-toc-section\" id=\"Sac_Ekimi_Sonrasi_Serum_Kullaniminin_Yan_Etkileri_Nelerdir\"><\/span>Sa\u00e7 Ekimi Sonras\u0131 Serum Kullan\u0131m\u0131n\u0131n Yan Etkileri Nelerdir?<span class=\"ez-toc-section-end\"><\/span><\/h2>\n<p>Sa\u00e7 ekimi sonras\u0131 genellikle sa\u00e7 k\u00f6klerinin beslenmesini, nemlenmesini ve iyile\u015fme s\u00fcrecini desteklemek i\u00e7in kullan\u0131lan serumlar tercih edilir. Bununla birlikte, bu serumlar\u0131n bile\u015fenleri ve ki\u015finin cilt hassasiyetine ba\u011fl\u0131 olarak yan etkiler de\u011fi\u015febilir. Yan etkiler aras\u0131nda en yayg\u0131n olanlar ka\u015f\u0131nt\u0131, cilt tahri\u015fi ve alerjik reaksiyonlard\u0131r. Seruma kar\u015f\u0131 duyarl\u0131l\u0131k, baz\u0131 ki\u015filerde k\u0131zar\u0131kl\u0131k, yanma veya d\u00f6k\u00fcnt\u00fc gibi reaksiyonlara neden olabilir.<\/p>\n<p>Ayr\u0131ca, serumun yanl\u0131\u015f ya da fazla uygulanmas\u0131 sorunlara yol a\u00e7abilir. \u00d6rne\u011fin, kafa derisinin a\u015f\u0131r\u0131 nemlenmesi enfeksiyon riskini art\u0131rabilir ve iyile\u015fme s\u00fcrecini bozabilir. Bunun yan\u0131 s\u0131ra, serumun i\u00e7indeki kimyasallar (\u00f6rne\u011fin alkol veya koruyucu maddeler) hassas ciltleri kurutabilir veya hassasla\u015ft\u0131rabilir.<\/p>\n<p>Kullan\u0131lan serumlar bazen k\u0131l k\u00f6k\u00fc iltihab\u0131 veya folik\u00fclit gibi k\u00fc\u00e7\u00fck enfeksiyonlara neden olabilir. \u0130hmal edilirse, bu t\u00fcr yan etkiler genellikle hafif olsa da iyile\u015fme s\u00fcrecini uzatabilir.<\/p>\n<p>Serum kulland\u0131ktan sonra herhangi bir rahats\u0131zl\u0131k veya belirti ya\u015farsan\u0131z, \u00f6zellikle \u015fiddetli ka\u015f\u0131nt\u0131, kabuklanma veya iltihaplanma varsa, doktorunuza hemen dan\u0131\u015fmal\u0131s\u0131n\u0131z. Serum kullan\u0131m\u0131 s\u0131ras\u0131nda talimatlara ve doktorun tavsiyelerine dikkat etmek, olas\u0131 yan etki riskini azalt\u0131r.<\/p>\n<h2 class=\"p1\"><span class=\"ez-toc-section\" id=\"Sac_Ekimi_Sonrasi_Ne_Kadar_Sure_Serum_Kullanmaliyim\"><\/span>Sa\u00e7 Ekimi Sonras\u0131 Ne Kadar S\u00fcre Serum Kullanmal\u0131y\u0131m?<span class=\"ez-toc-section-end\"><\/span><\/h2>\n<p class=\"p1\">Sa\u00e7 ekimi sonras\u0131 kullan\u0131lan serum ve ila\u00e7lar bir\u00e7ok t\u0131bbi konuda oldu\u011fu gibi \u00e7e\u015fitlilik g\u00f6stermektedir. T\u00fcm ila\u00e7larda oldu\u011fu gibi sa\u00e7 ekimi sonras\u0131 kullan\u0131lan serum ve ila\u00e7larda da belli bir dozda ve belli aral\u0131klarla kullan\u0131ma dikkat edilmelidir.<\/p>\n<p class=\"p1\">Normalinden k\u0131sa s\u00fcre kullan\u0131lan serumlar beklenilen olumlu etkiyi yaratamayabilece\u011fi gibi doz a\u015f\u0131m\u0131 ve d\u00fczensiz kullan\u0131m sonucunda da sa\u00e7 ekimi operasyonunun ba\u015far\u0131s\u0131 olumsuz etkilenebilmektedir. Bu bilgiler \u0131\u015f\u0131\u011f\u0131nda her zaman \u00f6nerildi\u011fi gibi uzman bir doktora dan\u0131\u015f\u0131lmadan ila\u00e7 veya serum kullanmamal\u0131 ve doktorunuzun \u00f6nerdi\u011fi \u015fekilde ve dozlarda kullan\u0131m ger\u00e7ekle\u015ftirilmelidir.<\/p>\n<h2 class=\"p1\"><span class=\"ez-toc-section\" id=\"Sac_Ekimi_Sonrasi_Serum_ve_Ilaclar_Nasil_Kullanilmalidir\"><\/span>Sa\u00e7 Ekimi Sonras\u0131 Serum ve \u0130la\u00e7lar Nas\u0131l Kullan\u0131lmal\u0131d\u0131r?<span class=\"ez-toc-section-end\"><\/span><\/h2>\n<p class=\"p1\">Sa\u00e7 ekimi operasyonu sonras\u0131 i\u015flemin ba\u015far\u0131s\u0131n\u0131 do\u011frudan etkileyen serum ve ila\u00e7 kullan\u0131m\u0131 olduk\u00e7a yayg\u0131n bir durumdur. Sa\u00e7 ekimi operasyonunu ger\u00e7ekle\u015ftiren doktorlar genellikle kullan\u0131lacak ek serum ve ila\u00e7 takviyeleri ile ilgili detayl\u0131 tavsiyeler vermektedirler. A\u015fa\u011f\u0131daki \u00f6neriler bu tavsiyelerden baz\u0131lar\u0131d\u0131r:<\/p>\n<p class=\"p1\">Size verilecek ila\u00e7lar\u0131 belirli periyotlarla ve dozlarda kullanmal\u0131s\u0131n\u0131z. Bu bilgiler doktorunuz taraf\u0131ndan size iletilmelidir.<\/p>\n<p class=\"p1\">Doktorunuz taraf\u0131ndan size \u00f6nerilen serum ve \u015fampuan\u0131n belirtilen s\u00fcre boyunca kullan\u0131lmas\u0131 gerekmektedir. Bu s\u00fcre genel kan\u0131ya g\u00f6re 14 g\u00fcn olarak belirtilir.<\/p>\n<p class=\"p1\">Doktorunuz ilk 14 g\u00fcn losyon kullanman\u0131z\u0131 \u00f6nerebilir. \u00d6nerilmedi\u011fi takdirde sa\u00e7 ekimi yap\u0131lan b\u00f6lgeye herhangi bir madde s\u00fcrmemeniz gerekmektedir.<\/p>\n<p class=\"p1\">Serum ve ila\u00e7 kullan\u0131m\u0131 sonucu baz\u0131 yan etkiler olu\u015fabilir. Beklenen yan etkiler d\u0131\u015f\u0131nda herhangi bir sorun ortaya \u00e7\u0131karmas\u0131 durumunda derhal doktorunuza ba\u015fvurman\u0131z gerekmektedir.<\/p>\n<p class=\"p1\">Yasal Uyar\u0131: Bu sayfadaki ifadeler bilgi verme ama\u00e7l\u0131 olup, ba\u011flay\u0131c\u0131 nitelik ta\u015f\u0131maz. Hi\u00e7bir bilgi, tedavi tavsiyesi olmay\u0131p, doktor tavsiyelerinin \u00f6n\u00fcnde de\u011fildir. Kesin bilgi ve talimatlar\u0131, yaln\u0131zca doktorunuzdan alman\u0131z sa\u011fl\u0131\u011f\u0131n\u0131z a\u00e7\u0131s\u0131ndan son derece \u00f6nemlidir.<\/p>\n<h2 class=\"JlqpRe\"><span class=\"ez-toc-section\" id=\"Sac_ekiminde_enseden_alinan_saclar_tekrar_cikar_mi\"><\/span><span class=\"JCzEY tNxQIb\"><span class=\"CSkcDe\">Sa\u00e7 ekiminde enseden al\u0131nan sa\u00e7lar tekrar \u00e7\u0131kar m\u0131?<\/span><\/span><span class=\"ez-toc-section-end\"><\/span><\/h2>\n<p>Enseden al\u0131nan sa\u00e7lar, k\u00f6kleriyle birlikte al\u0131nd\u0131\u011f\u0131 i\u00e7in bir daha ayn\u0131 yerden \u00e7\u0131kar\u0131lmaz. Genetik olarak d\u00f6k\u00fclmeye kar\u015f\u0131 diren\u00e7li sa\u00e7 k\u00f6kleri, i\u015flem s\u0131ras\u0131nda ense b\u00f6lgesinden al\u0131narak ekim yap\u0131lacak b\u00f6lgeye aktar\u0131l\u0131r. Bu k\u00f6kler tamamen \u00e7\u0131kar\u0131ld\u0131\u011f\u0131nda, yeniden sa\u00e7 b\u00fcy\u00fcmesi ger\u00e7ekle\u015fmez. Bununla birlikte, do\u011fru bir teknikle yap\u0131lan sa\u00e7 ekimi, al\u0131nan sa\u00e7 k\u00f6klerinin ense b\u00f6lgesinde seyrelmesine neden olmamas\u0131 i\u00e7in dikkatle se\u00e7ilir.<\/p>\n<p>FUE (Follicular Unit Extraction) y\u00f6ntemi gibi \u00e7a\u011fda\u015f teknikler, sa\u00e7 k\u00f6klerini da\u011f\u0131n\u0131k bir \u015fekilde toplar, bu da ense b\u00f6lgesinde belirgin bir bo\u015fluk olu\u015fmas\u0131n\u0131 \u00f6nler. Bu nedenle, operasyon sonras\u0131 ense b\u00f6lgesi tipik olarak do\u011fal g\u00f6r\u00fcn\u00fcm\u00fcn\u00fc korur. Bununla birlikte, ense b\u00f6lgesinden fazla sa\u00e7 al\u0131nmas\u0131 gerekiyorsa, \u00e7ok fazla sa\u00e7 kayb\u0131 olan ki\u015filerde hafif bir seyrelme g\u00f6r\u00fclebilir.<\/p>\n<p>\u0130\u015flem sonras\u0131 ense b\u00f6lgesinde bir rahats\u0131zl\u0131k veya g\u00f6rsel de\u011fi\u015fiklik meydana gelirse, bu genellikle ge\u00e7icidir ve b\u00f6lge k\u0131sa s\u00fcrede iyile\u015fir. Uygulama \u00f6ncesinde, doktorunuzla don\u00f6r b\u00f6lgenin durumu ve i\u015flemin sonu\u00e7lar\u0131 hakk\u0131nda ayr\u0131nt\u0131l\u0131 bilgi edinmeniz \u00e7ok \u00f6nemlidir.<\/p>\n<h2 class=\"JlqpRe\"><span class=\"ez-toc-section\" id=\"Sac_ekiminde_sonrasi_kendi_saclarim_zarar_gorur_mu\"><\/span><span class=\"JCzEY tNxQIb\"><span class=\"CSkcDe\">Sa\u00e7 ekiminde sonras\u0131 kendi sa\u00e7lar\u0131m zarar g\u00f6r\u00fcr m\u00fc?<\/span><\/span><span class=\"ez-toc-section-end\"><\/span><\/h2>\n<p>Kendi sa\u00e7lar\u0131n\u0131z sa\u00e7 ekimi sonras\u0131 genellikle zarar g\u00f6rmez, ancak iyile\u015fme s\u00fcrecinde d\u00f6k\u00fclme veya zay\u0131flama olabilir. Hem ekilen sa\u00e7 k\u00f6kleri hem de mevcut sa\u00e7 telleri i\u00e7in bu durum normaldir ve &#8220;\u015fok d\u00f6k\u00fclme&#8221; olarak bilinir. Operasyon sonras\u0131 stres, sa\u00e7 k\u00f6klerinin \u015fok d\u00f6k\u00fclmesine neden olur ve genellikle ge\u00e7icidir. Bu a\u015famada, sa\u00e7\u0131n k\u00f6kleri yeniden b\u00fcy\u00fcmeye ba\u015flar.<\/p>\n<p>Bununla birlikte, sa\u00e7 ekimi s\u0131ras\u0131nda i\u015flem yap\u0131lan b\u00f6lgelerin sa\u00e7lar\u0131 fiziksel olarak zarar g\u00f6rebilir. \u00d6zellikle yo\u011fun sa\u00e7 ekimi b\u00f6lgelerinde, mikro kanallar\u0131n a\u00e7\u0131lmas\u0131, mevcut sa\u00e7 k\u00f6klerine zarar verme potansiyeline sahiptir. Sa\u00e7 ekim uzman\u0131n\u0131n deneyimi ve kullan\u0131lan teknikler bu riski belirler. Profesyonel bir sa\u00e7 ekiminde uygun bir teknik kullan\u0131l\u0131rsa, mevcut sa\u00e7 k\u00f6klerine zarar verilmez.<\/p>\n<p>Mevcut sa\u00e7lar\u0131n sa\u011fl\u0131\u011f\u0131n\u0131 korumak i\u00e7in, iyile\u015fme s\u00fcrecinde doktorun \u00f6nerdi\u011fi bak\u0131m talimatlar\u0131na uymak \u00e7ok \u00f6nemlidir. Sert temaslar, yanl\u0131\u015f \u015fampuan kullan\u0131m\u0131 ve kafa derisinin ka\u015f\u0131nmas\u0131 mevcut sa\u00e7lar\u0131 da zarar verebilir. Mevcut sa\u00e7lar\u0131n\u0131zda kal\u0131c\u0131 bir zarar g\u00f6rme endi\u015feniz varsa, doktorunuzla durumunuzu kapsaml\u0131 bir \u015fekilde tart\u0131\u015fabilirsiniz.<\/p>\n<h2 class=\"JlqpRe\"><span class=\"ez-toc-section\" id=\"Ekilen_saclar_hangi_aylarda_kalinlasir\"><\/span><span class=\"JCzEY tNxQIb\"><span class=\"CSkcDe\">Ekilen sa\u00e7lar hangi aylarda kal\u0131nla\u015f\u0131r?<\/span><\/span><span class=\"ez-toc-section-end\"><\/span><\/h2>\n<p>Ekilen sa\u00e7lar genellikle i\u015flemden sonraki alt\u0131nc\u0131 aydan itibaren daha belirgin bir \u015fekilde kal\u0131nla\u015fmaya ba\u015flar ve do\u011fal g\u00f6r\u00fcn\u00fcmlerine daha yak\u0131n bir g\u00f6r\u00fcn\u00fcme sahip olur. \u0130lk \u00fc\u00e7 ay boyunca ekilen sa\u00e7 k\u00f6klerinden \u00e7\u0131kan ince teller tipik olarak zay\u0131f ve c\u0131l\u0131z g\u00f6r\u00fcn\u00fcr. Bu s\u00fcre\u00e7te sa\u00e7lar, yeni yerlerine al\u0131\u015fmak i\u00e7in &#8220;\u015fok d\u00f6k\u00fclme&#8221; evresini de ge\u00e7irebilir.<\/p>\n<p>4. aydan sonra sa\u00e7lar yeniden b\u00fcy\u00fcmeye ba\u015flar ve yava\u015f yava\u015f kal\u0131nla\u015f\u0131r. Bununla birlikte, bu noktada tam olgunlu\u011fa ula\u015fmam\u0131\u015f olabilirler. \u0130\u015flemden sonraki alt\u0131 ila sekiz ay i\u00e7inde sa\u00e7 k\u00f6kleri daha g\u00fc\u00e7l\u00fc hale gelir ve \u00e7\u0131kan sa\u00e7 telleri daha kal\u0131n, yo\u011fun ve daha do\u011fal bir g\u00f6r\u00fcn\u00fcme kavu\u015fur.<\/p>\n<p>12 ila 18 ay aras\u0131nda sa\u00e7lar tamamen geli\u015fir ve kal\u0131nla\u015f\u0131r. Bu s\u00fcre\u00e7 ki\u015fiden ki\u015fiye de\u011fi\u015febilir \u00e7\u00fcnk\u00fc sa\u00e7 b\u00fcy\u00fcme h\u0131z\u0131 genetik fakt\u00f6rlere, sa\u00e7 ekim tekni\u011fine ve ki\u015finin genel sa\u011fl\u0131k durumuna ba\u011fl\u0131d\u0131r. Ekim sonras\u0131 sa\u00e7lar\u0131n kalitesini art\u0131rmak i\u00e7in doktorunuzun tavsiyelerine uymak ve sab\u0131rl\u0131 olmak \u00e7ok \u00f6nemlidir.<\/p>\n<h2 class=\"JlqpRe\"><span class=\"ez-toc-section\" id=\"Deri_yamasi_ne_kadar_surede_iyilesir\"><\/span><span class=\"JCzEY tNxQIb\"><span class=\"CSkcDe\">Deri yamas\u0131 ne kadar s\u00fcrede iyile\u015fir?<\/span><\/span><span class=\"ez-toc-section-end\"><\/span><\/h2>\n<p>Deri yamas\u0131n\u0131n temel iyile\u015fme s\u00fcresi, i\u015flemin t\u00fcr\u00fcne, yaman\u0131n b\u00fcy\u00fckl\u00fc\u011f\u00fcne, yerine ve ki\u015finin genel sa\u011fl\u0131k durumuna ba\u011fl\u0131 olarak iki ila d\u00f6rt hafta aras\u0131nda de\u011fi\u015febilir. Y\u00fczeysel ve k\u00fc\u00e7\u00fck deri yamalar\u0131nda iyile\u015fme h\u0131zl\u0131d\u0131r, ancak derin ve b\u00fcy\u00fck yamalarda iyile\u015fme daha uzun s\u00fcrebilir.<\/p>\n<p>\u0130lk hafta, yama alan\u0131nda bir kabuklanma olu\u015fur. Genellikle yedi ila on g\u00fcn i\u00e7inde bu kabuklar d\u00fc\u015fer. Bu d\u00f6nemde yaran\u0131n temiz kalmas\u0131 ve doktorun \u00f6nerdi\u011fi bak\u0131m protokol\u00fcne uyulmas\u0131 \u00e7ok \u00f6nemlidir. Yaman\u0131n \u00e7evredeki deriyle b\u00fct\u00fcnle\u015fmesi ve cilt alt\u0131ndaki dokular\u0131n tamamen iyile\u015fmesi genellikle birka\u00e7 ay s\u00fcrer.<\/p>\n<p>Yara izinin renkinin oturmas\u0131 ve cildin esnekli\u011finin yeniden kazan\u0131lmas\u0131 gibi estetik iyile\u015fmeler, tam iyile\u015fme s\u00fcreci boyunca devam eder. Diyabet gibi sa\u011fl\u0131k sorunlar\u0131 ve enfeksiyon gibi komplikasyonlar, sigara i\u00e7menin iyile\u015fme s\u00fcresini uzatabilir. Sonu\u00e7 olarak, iyile\u015fme s\u00fcrecini h\u0131zland\u0131rmak ve komplikasyon riskini azaltmak i\u00e7in doktorun talimatlar\u0131na s\u0131k\u0131 s\u0131k\u0131ya uymak \u00f6nemlidir.<\/p>\n<p><strong>Kaynak\u00e7a:<\/strong><\/p>\n<p><a href=\"https:\/\/wimpoleclinic.com\/blog\/maintenance-hair-transplant-medications\" target=\"_blank\" rel=\"noopener\">https:\/\/wimpoleclinic.com\/blog\/maintenance-hair-transplant-medications<\/a><\/p>\n","protected":false},"excerpt":{"rendered":"<p>Sa\u00e7 ekimi, pek \u00e7ok cerrahi operasyonda oldu\u011fu gibi \u00f6ncesinde ve sonras\u0131nda dikkat edilmesi gereken noktalar\u0131n bulundu\u011fu bir i\u015flemdir. Sa\u00e7 ekimi operasyonu \u00f6ncesinde ve sonras\u0131nda sa\u00e7 ekiminin ba\u015far\u0131ya ula\u015fmas\u0131 i\u00e7in dikkatli olunmal\u0131d\u0131r. Sa\u00e7 ekimi sonras\u0131nda iyile\u015fme s\u00fcrecini h\u0131zland\u0131racak m\u00fcdahalelerin yap\u0131lmas\u0131ndan \u00f6nce ki\u015finin fiziksel ve hijyenik kurallara dikkat etmesi gerekti\u011fi bilinmelidir. Ki\u015fi, bu noktalara dikkat etmedi\u011fi s\u00fcrece [&hellip;]<\/p>\n","protected":false},"author":1,"featured_media":2550,"comment_status":"closed","ping_status":"closed","sticky":false,"template":"","format":"standard","meta":{"footnotes":""},"categories":[9],"tags":[],"class_list":["post-2549","post","type-post","status-publish","format-standard","has-post-thumbnail","hentry","category-blog"],"_links":{"self":[{"href":"https:\/\/www.yetkinbayer.com\/tr\/wp-json\/wp\/v2\/posts\/2549","targetHints":{"allow":["GET"]}}],"collection":[{"href":"https:\/\/www.yetkinbayer.com\/tr\/wp-json\/wp\/v2\/posts"}],"about":[{"href":"https:\/\/www.yetkinbayer.com\/tr\/wp-json\/wp\/v2\/types\/post"}],"author":[{"embeddable":true,"href":"https:\/\/www.yetkinbayer.com\/tr\/wp-json\/wp\/v2\/users\/1"}],"replies":[{"embeddable":true,"href":"https:\/\/www.yetkinbayer.com\/tr\/wp-json\/wp\/v2\/comments?post=2549"}],"version-history":[{"count":1,"href":"https:\/\/www.yetkinbayer.com\/tr\/wp-json\/wp\/v2\/posts\/2549\/revisions"}],"predecessor-version":[{"id":2563,"href":"https:\/\/www.yetkinbayer.com\/tr\/wp-json\/wp\/v2\/posts\/2549\/revisions\/2563"}],"wp:featuredmedia":[{"embeddable":true,"href":"https:\/\/www.yetkinbayer.com\/tr\/wp-json\/wp\/v2\/media\/2550"}],"wp:attachment":[{"href":"https:\/\/www.yetkinbayer.com\/tr\/wp-json\/wp\/v2\/media?parent=2549"}],"wp:term":[{"taxonomy":"category","embeddable":true,"href":"https:\/\/www.yetkinbayer.com\/tr\/wp-json\/wp\/v2\/categories?post=2549"},{"taxonomy":"post_tag","embeddable":true,"href":"https:\/\/www.yetkinbayer.com\/tr\/wp-json\/wp\/v2\/tags?post=2549"}],"curies":[{"name":"wp","href":"https:\/\/api.w.org\/{rel}","templated":true}]}}