{"id":2519,"date":"2025-04-28T14:33:59","date_gmt":"2025-04-28T11:33:59","guid":{"rendered":"https:\/\/www.yetkinbayer.com\/?p=2519"},"modified":"2025-04-28T14:33:59","modified_gmt":"2025-04-28T11:33:59","slug":"sac-ekimi-sonrasi-havuza-girilir-mi","status":"publish","type":"post","link":"https:\/\/www.yetkinbayer.com\/tr\/sac-ekimi-sonrasi-havuza-girilir-mi\/","title":{"rendered":"Sa\u00e7 Ekimi Sonras\u0131 Havuza Girilir Mi?"},"content":{"rendered":"<p class=\"p1\"><strong>Sa\u00e7 ekimi<\/strong> yapt\u0131rmay\u0131 d\u00fc\u015f\u00fcnen ki\u015filerin sa\u00e7 ekimi sonras\u0131 s\u00fcre\u00e7te en merak ettikleri konu<span class=\"Apple-converted-space\">\u00a0 <\/span>g\u00fcndelik hayat bak\u0131m\u0131ndan hayatlar\u0131n\u0131n ne kadar etkilenip etkilenmeyece\u011fi olmaktad\u0131r. Elbette hi\u00e7bir hasta sosyal hayattan uzak kalmay\u0131, belli aktiviteleri yapamamay\u0131 istemez.<\/p>\n<p class=\"p1\">Sa\u00e7 ekimi cerrahi bir s\u00fcre\u00e7 oldu\u011fundan elbette sa\u00e7 ekimi \u00f6ncesi ve sonras\u0131nda yap\u0131lmamas\u0131 gereken baz\u0131 hususlar bulunur. Dikkat edilmesi gereken baz\u0131 noktalar ile <strong><a href=\"https:\/\/www.yetkinbayer.com\/tr\/sac-ekim-sonrasi\">sa\u00e7 ekimi sonras\u0131<\/a><\/strong> olu\u015fan memnuniyet y\u00fckselir.<\/p>\n<p class=\"p1\">Ancak bu dikkat edilecek konular\u0131n yap\u0131lmas\u0131 \u00e7ok zor ve ya \u00e7ok k\u0131s\u0131tlay\u0131c\u0131 oldu\u011funun d\u00fc\u015f\u00fcn\u00fclmesi yanl\u0131\u015ft\u0131r. \u0130lk iki hafta ile bir ay aras\u0131 kafa b\u00f6lgesine daha \u00e7ok dikkat edildikten sonraki s\u00fcre\u00e7te k\u0131s\u0131tlamalar \u00f6nemli \u00f6l\u00e7\u00fcde azal\u0131r.<\/p>\n<p class=\"p1\">Sa\u00e7 ekimi yapt\u0131r\u0131ld\u0131\u011f\u0131nda bir miktar dikkat ve \u00f6zen ortaya \u00e7\u0131kan sonucun \u00e7ok daha memnun edici olmas\u0131n\u0131, yeni sa\u00e7lar\u0131n sa\u00e7 k\u00f6klerine \u00e7ok daha iyi tutunmas\u0131n\u0131 ve b\u00f6ylece olduk\u00e7a sa\u011flam bir \u015fekilde tamamen ki\u015finin kendi sa\u00e7\u0131 olarak rahat\u00e7a kullan\u0131m\u0131n\u0131 sa\u011flar.<\/p>\n<p class=\"p1\">Sa\u00e7lar\u0131 y\u0131kamak, f\u0131r\u00e7alamak, taramak ya da du\u015f almak bu ilerleyen d\u00f6nemde hi\u00e7bir fark olu\u015fturmaz. Sa\u00e7 ekimi yapt\u0131ran ki\u015filerin \u00e7ok\u00e7a sordu\u011fu sorulardan biri de denize ya da havuza girip giremeyecekleri konusudur. Deniz ve havuza girebilmek i\u00e7in bir tak\u0131m \u015fartlar\u0131n olu\u015fmas\u0131 gerekebilir.<\/p>\n<p>&#8220;<strong>Sa\u00e7 ekimi sonras\u0131 havuza girilir mi?<\/strong>&#8221; sorusu sa\u00e7 ekimi yapt\u0131rm\u0131\u015f ki\u015filer taraf\u0131ndan en fazla y\u00f6neltilen sorulardan biridir. Dr. Yetkin Bayer, &#8220;Sa\u00e7 ekimi sonras\u0131 havuza girmek riskli mi?&#8221; ve &#8220;Sa\u00e7 ekimi sonras\u0131 ne zaman havuza girilir?&#8221; gibi sorular\u0131 sizler i\u00e7in yan\u0131tl\u0131yor.<\/p>\n<div id=\"ez-toc-container\" class=\"ez-toc-v2_0_82_2 counter-flat ez-toc-counter ez-toc-grey ez-toc-container-direction\">\n<div class=\"ez-toc-title-container\">\n<p class=\"ez-toc-title\" style=\"cursor:inherit\">Table of Contents<\/p>\n<span class=\"ez-toc-title-toggle\"><a href=\"#\" class=\"ez-toc-pull-right ez-toc-btn ez-toc-btn-xs ez-toc-btn-default ez-toc-toggle\" aria-label=\"\u0130\u00e7indekiler Tablosunu A\u00e7\/Kapat\"><span class=\"ez-toc-js-icon-con\"><span class=\"\"><span class=\"eztoc-hide\" style=\"display:none;\">Toggle<\/span><span class=\"ez-toc-icon-toggle-span\"><svg style=\"fill: #999;color:#999\" xmlns=\"http:\/\/www.w3.org\/2000\/svg\" class=\"list-377408\" width=\"20px\" height=\"20px\" viewBox=\"0 0 24 24\" fill=\"none\"><path d=\"M6 6H4v2h2V6zm14 0H8v2h12V6zM4 11h2v2H4v-2zm16 0H8v2h12v-2zM4 16h2v2H4v-2zm16 0H8v2h12v-2z\" fill=\"currentColor\"><\/path><\/svg><svg style=\"fill: #999;color:#999\" class=\"arrow-unsorted-368013\" xmlns=\"http:\/\/www.w3.org\/2000\/svg\" width=\"10px\" height=\"10px\" viewBox=\"0 0 24 24\" version=\"1.2\" baseProfile=\"tiny\"><path d=\"M18.2 9.3l-6.2-6.3-6.2 6.3c-.2.2-.3.4-.3.7s.1.5.3.7c.2.2.4.3.7.3h11c.3 0 .5-.1.7-.3.2-.2.3-.5.3-.7s-.1-.5-.3-.7zM5.8 14.7l6.2 6.3 6.2-6.3c.2-.2.3-.5.3-.7s-.1-.5-.3-.7c-.2-.2-.4-.3-.7-.3h-11c-.3 0-.5.1-.7.3-.2.2-.3.5-.3.7s.1.5.3.7z\"\/><\/svg><\/span><\/span><\/span><\/a><\/span><\/div>\n<nav><ul class='ez-toc-list ez-toc-list-level-1 eztoc-toggle-hide-by-default' ><li class='ez-toc-page-1'><a class=\"ez-toc-link ez-toc-heading-1\" href=\"#\" data-href=\"https:\/\/www.yetkinbayer.com\/tr\/sac-ekimi-sonrasi-havuza-girilir-mi\/#Sac_Ekiminden_Sonra_Havuza_Girmek_Riskli_mi\" >Sa\u00e7 Ekiminden Sonra Havuza Girmek Riskli mi?<\/a><\/li><li class='ez-toc-page-1'><a class=\"ez-toc-link ez-toc-heading-2\" href=\"#\" data-href=\"https:\/\/www.yetkinbayer.com\/tr\/sac-ekimi-sonrasi-havuza-girilir-mi\/#Sac_Ekiminden_Sonra_Ne_Kadar_Sure_Havuza_Girilmez\" >Sa\u00e7 Ekiminden Sonra Ne Kadar S\u00fcre Havuza Girilmez?<\/a><\/li><\/ul><\/nav><\/div>\n<h2 class=\"p1\"><span class=\"ez-toc-section\" id=\"Sac_Ekiminden_Sonra_Havuza_Girmek_Riskli_mi\"><\/span>Sa\u00e7 Ekiminden Sonra Havuza Girmek Riskli mi?<span class=\"ez-toc-section-end\"><\/span><\/h2>\n<p class=\"p1\">Sa\u00e7 ekimi sonras\u0131 belli bir iyile\u015fme s\u00fcrecini gerektirmektedir. <strong><a href=\"https:\/\/www.yetkinbayer.com\/tr\/sac-ekimi\">Sa\u00e7 ekimi<\/a><\/strong> i\u015fleminde ense k\u00f6klerinden al\u0131nan sa\u00e7lar ya da sa\u00e7 greftleri, sa\u00e7 ekilmesi hedeflenen b\u00f6lgeye milimetrik \u00e7al\u0131\u015f\u0131larak konulmaktad\u0131r. Bu sebeple kafa derisi \u00fczerinde k\u00fc\u00e7\u00fck k\u00fc\u00e7\u00fck pek \u00e7ok yara a\u00e7\u0131l\u0131r.<\/p>\n<p class=\"p1\">Bu yaralar a\u011fr\u0131 ve ac\u0131 bak\u0131m\u0131ndan hastay\u0131 zorlamaz ve yeni kullan\u0131lan teknolojiler ile hekimlerin tavsiye edece\u011fi ila\u00e7lar al\u0131nd\u0131\u011f\u0131nda a\u011fr\u0131 ve ac\u0131 olduk\u00e7a tolere edilebilir d\u00fczeyde kal\u0131r. Zaten k\u0131sa bir s\u00fcre sonra da hi\u00e7 a\u011fr\u0131 ve ac\u0131 olu\u015fmaz. Ancak bu yaralar\u0131n iyile\u015fme s\u00fcrecinde kesinlikle baz\u0131 ayr\u0131nt\u0131lara dikkat etmek ve \u00f6zen g\u00f6stermek gerekir.<\/p>\n<p class=\"p1\">Bunlardan biri de sa\u00e7 ekiminden sonra havuza girme konusundad\u0131r. Asl\u0131nda temelde sa\u00e7 ekiminden sonra havuza girdi\u011finizde ba\u015f\u0131n\u0131z bak\u0131m\u0131ndan \u00e7ok da bir risk yok gibi g\u00f6r\u00fcn\u00fcr.<\/p>\n<p class=\"p1\">Ancak havuz suyunda bulunan klor ve di\u011fer kimyasallar devam eden iyile\u015fme s\u00fcreci bak\u0131m\u0131ndan bir miktar sorun olu\u015fturabilir. \u00d6ncelikle sa\u00e7 ekiminden sonra sa\u00e7 derisinde bulunan yara ve kabuklanmalar nedeniyle ilk etapta havuza girilmesi \u00f6nerilmez.<\/p>\n<p class=\"p1\">Havuza girildi\u011fi takdirde a\u00e7\u0131k bulunan yaralar bak\u0131m\u0131ndan enfekte olma riski y\u00fcksek bulunur. Ayr\u0131ca aktar\u0131lan sa\u00e7lar ya da sa\u00e7 greftleri ciddi anlamda zarar g\u00f6rebilir ve buna ba\u011fl\u0131 olarak sa\u00e7 kay\u0131plar\u0131 ya\u015fanabilir. Bu ilk d\u00f6nem havuza girilmemesi hususunda sa\u00e7 ekiminde kullan\u0131lan y\u00f6ntem s\u00fcreyi belirlemek konusunda olduk\u00e7a \u00f6nemlidir.<\/p>\n<h2 class=\"p1\"><span class=\"ez-toc-section\" id=\"Sac_Ekiminden_Sonra_Ne_Kadar_Sure_Havuza_Girilmez\"><\/span>Sa\u00e7 Ekiminden Sonra Ne Kadar S\u00fcre Havuza Girilmez?<span class=\"ez-toc-section-end\"><\/span><\/h2>\n<p class=\"p1\">Sa\u00e7 ekiminde kullan\u0131lan y\u00f6ntemlere g\u00f6re havuza girilmemesi gereken s\u00fcre de\u011fi\u015fkenlik g\u00f6sterebilir. Sa\u00e7 ekiminde FUT tekni\u011fi tercih edildi ise yaralar\u0131n iyile\u015ferek kabuk ba\u011flama ve bu olu\u015fan kabuklar\u0131 atma, yani iyile\u015fme s\u00fcreci 4-6 hafta aras\u0131nda bulunur.<\/p>\n<p class=\"p1\">Bu s\u00fcre zarf\u0131ndan sonra 1-2 ay daha havuzdan uzak durmak en iyisidir. Zaten yeni sa\u00e7lar\u0131n da havuzda bulunan klordan olduk\u00e7a etkilenme durumu s\u00f6z konusu olmaktad\u0131r. Havuzdan bu bak\u0131mdan da ka\u00e7\u0131nmak gerekir. Bununla birlikte sa\u00e7 ekimi s\u0131ras\u0131nda di\u011fer daha yeni y\u00f6ntemler tercih edilmi\u015f olabilir.<\/p>\n<p class=\"p1\">Burada belirtmek gerekir ki y\u00f6ntemler hastan\u0131n sa\u00e7l\u0131 deri yap\u0131s\u0131na g\u00f6re belirlenmekte olup cerrah taraf\u0131ndan en uygun y\u00f6ntem tercih edilir. Hastan\u0131n sa\u00e7 ekiminde derisi uygun olmas\u0131 sebebiyle FUE ya da DHI tekni\u011fi uygulanm\u0131\u015f ise uygulama yap\u0131lan b\u00f6lgenin iyile\u015fmesi bir miktar daha h\u0131zl\u0131 olmaktad\u0131r.<\/p>\n<p class=\"p1\">Dolay\u0131s\u0131yla yakla\u015f\u0131k 2 hafta i\u00e7erisinde kafa derisinde i\u015flemden dolay\u0131 olu\u015fan yaralar kabuk ba\u011flam\u0131\u015f ve bu kabuklar d\u00fc\u015fm\u00fc\u015f olurlar. Bu y\u00f6ntemde havuza d\u00f6nmek daha h\u0131zl\u0131 olabilir. Ancak yine de i\u015flemi yapan cerraha her durumda havuza ne zaman girilebilece\u011fi dan\u0131\u015f\u0131lmal\u0131d\u0131r.<\/p>\n<p class=\"p1\">Bununla birlikte yeni sa\u00e7lar\u0131n g\u00fcne\u015ften korunmas\u0131 en gerekli hususlardan biridir. Dolay\u0131s\u0131yla e\u011fer havuza girilecekse ve bu havuz a\u00e7\u0131k bir havuzsa, mutlaka g\u00fcne\u015ften korunmak i\u00e7in gerekli tedbirlerin de al\u0131n\u0131yor olmas\u0131 gerekir. \u00d6zellikle havuz i\u00e7inde bask\u0131 uygulamayacak \u015fekilde rahat ve geni\u015f\u00e7e tak\u0131lm\u0131\u015f bir \u015fapka bu korunma i\u00e7in uygun olabilir.<\/p>\n<p class=\"p1\">Geni\u015f ve rahat bir bone de bu i\u015f i\u00e7in kullan\u0131labilir. Hekimce onaylanan g\u00fcne\u015f kremleri, spreyler de kullan\u0131lmas\u0131 d\u00fc\u015f\u00fcn\u00fclebilir. Elbette bu durumlar denize girmek isteyenler bak\u0131m\u0131ndan da ge\u00e7erli olacakt\u0131r.<\/p>\n<p class=\"p1\">Deniz suyundaki tuzluluk da ilk etapta sa\u00e7 k\u00f6kleri bak\u0131m\u0131ndan zarar verici olabilece\u011finden ka\u00e7\u0131nmay\u0131 gerektirir. Yine g\u00fcne\u015ften korunma da sa\u00e7 ekimi yapt\u0131r\u0131p da denize girmek isteyenler bak\u0131m\u0131ndan olduk\u00e7a \u00f6nemlidir.<\/p>\n<p class=\"p1\">Denize ve havuza girmek isteyen, yaz aylar\u0131n\u0131 ka\u00e7\u0131rmak istemeyen baz\u0131 hastalar sa\u00e7 ektirme i\u015flemini yaz aylar\u0131na rastlamayacak \u015fekilde, sonbahar ya da k\u0131\u015f aylar\u0131nda yapt\u0131rmay\u0131 tercih etmektedirler.<\/p>\n<p class=\"p1\">Elbette bu da bir alternatiftir. Sa\u00e7 ekimi ister yaz\u0131n ister k\u0131\u015f\u0131n yap\u0131ls\u0131n, i\u015flem sonucu ba\u015far\u0131n\u0131n artmas\u0131, memnuniyet duyulmas\u0131 i\u00e7in t\u00fcm bu hususlara ve hekimce tavsiye edilen t\u00fcm hususlara \u00f6zenle dikkat etmek gerekecektir.<\/p>\n<p class=\"p1\">Yasal Uyar\u0131: Bu sayfadaki ifadeler bilgi verme ama\u00e7l\u0131 olup, ba\u011flay\u0131c\u0131 nitelik ta\u015f\u0131maz. Hi\u00e7bir bilgi, tedavi tavsiyesi olmay\u0131p, doktor tavsiyelerinin \u00f6n\u00fcnde de\u011fildir. Kesin bilgi ve talimatlar\u0131, yaln\u0131zca doktorunuzdan alman\u0131z sa\u011fl\u0131\u011f\u0131n\u0131z a\u00e7\u0131s\u0131ndan son derece \u00f6nemlidir.<\/p>\n","protected":false},"excerpt":{"rendered":"<p>Sa\u00e7 ekimi yapt\u0131rmay\u0131 d\u00fc\u015f\u00fcnen ki\u015filerin sa\u00e7 ekimi sonras\u0131 s\u00fcre\u00e7te en merak ettikleri konu\u00a0 g\u00fcndelik hayat bak\u0131m\u0131ndan hayatlar\u0131n\u0131n ne kadar etkilenip etkilenmeyece\u011fi olmaktad\u0131r. Elbette hi\u00e7bir hasta sosyal hayattan uzak kalmay\u0131, belli aktiviteleri yapamamay\u0131 istemez. Sa\u00e7 ekimi cerrahi bir s\u00fcre\u00e7 oldu\u011fundan elbette sa\u00e7 ekimi \u00f6ncesi ve sonras\u0131nda yap\u0131lmamas\u0131 gereken baz\u0131 hususlar bulunur. Dikkat edilmesi gereken baz\u0131 noktalar [&hellip;]<\/p>\n","protected":false},"author":1,"featured_media":2520,"comment_status":"closed","ping_status":"closed","sticky":false,"template":"","format":"standard","meta":{"footnotes":""},"categories":[9],"tags":[],"class_list":["post-2519","post","type-post","status-publish","format-standard","has-post-thumbnail","hentry","category-blog"],"_links":{"self":[{"href":"https:\/\/www.yetkinbayer.com\/tr\/wp-json\/wp\/v2\/posts\/2519","targetHints":{"allow":["GET"]}}],"collection":[{"href":"https:\/\/www.yetkinbayer.com\/tr\/wp-json\/wp\/v2\/posts"}],"about":[{"href":"https:\/\/www.yetkinbayer.com\/tr\/wp-json\/wp\/v2\/types\/post"}],"author":[{"embeddable":true,"href":"https:\/\/www.yetkinbayer.com\/tr\/wp-json\/wp\/v2\/users\/1"}],"replies":[{"embeddable":true,"href":"https:\/\/www.yetkinbayer.com\/tr\/wp-json\/wp\/v2\/comments?post=2519"}],"version-history":[{"count":1,"href":"https:\/\/www.yetkinbayer.com\/tr\/wp-json\/wp\/v2\/posts\/2519\/revisions"}],"predecessor-version":[{"id":2533,"href":"https:\/\/www.yetkinbayer.com\/tr\/wp-json\/wp\/v2\/posts\/2519\/revisions\/2533"}],"wp:featuredmedia":[{"embeddable":true,"href":"https:\/\/www.yetkinbayer.com\/tr\/wp-json\/wp\/v2\/media\/2520"}],"wp:attachment":[{"href":"https:\/\/www.yetkinbayer.com\/tr\/wp-json\/wp\/v2\/media?parent=2519"}],"wp:term":[{"taxonomy":"category","embeddable":true,"href":"https:\/\/www.yetkinbayer.com\/tr\/wp-json\/wp\/v2\/categories?post=2519"},{"taxonomy":"post_tag","embeddable":true,"href":"https:\/\/www.yetkinbayer.com\/tr\/wp-json\/wp\/v2\/tags?post=2519"}],"curies":[{"name":"wp","href":"https:\/\/api.w.org\/{rel}","templated":true}]}}