{"id":2489,"date":"2025-04-28T12:55:27","date_gmt":"2025-04-28T09:55:27","guid":{"rendered":"https:\/\/www.yetkinbayer.com\/?p=2489"},"modified":"2025-04-28T12:55:27","modified_gmt":"2025-04-28T09:55:27","slug":"sac-ekimi-sonrasi-donor-bolge-ne-zaman-iyilesir","status":"publish","type":"post","link":"https:\/\/www.yetkinbayer.com\/tr\/sac-ekimi-sonrasi-donor-bolge-ne-zaman-iyilesir\/","title":{"rendered":"Sa\u00e7 ekimi sonras\u0131 don\u00f6r b\u00f6lge ne zaman iyile\u015fir?"},"content":{"rendered":"<p><span style=\"font-weight: 400;\"><strong>Don\u00f6r b\u00f6lge<\/strong>; <\/span><span style=\"font-weight: 400;\">sa\u00e7 ekilecek alan i\u00e7in laz\u0131m olan k\u0131l k\u00f6klerinin \u00e7\u0131kar\u0131ld\u0131\u011f\u0131 b\u00f6lgedir. bu nedenle sa\u00e7 ekimi sonras\u0131 don\u00f6r b\u00f6lgeye dikkat edilmelidir. sa\u00e7 ekimi operasyonlar\u0131nda daha \u00e7ok don\u00f6r b\u00f6lge olarak kullan\u0131lan alan ense b\u00f6lgesinde bulunan g\u00fc\u00e7l\u00fc k\u0131l k\u00f6klerinin oldu\u011fu k\u0131s\u0131md\u0131r. ense k\u0131sm\u0131nda bulunan sa\u00e7lar di\u011fer b\u00f6lgelerde ki sa\u00e7lara g\u00f6re daha dayan\u0131kl\u0131d\u0131r. <\/span><\/p>\n<p><span style=\"font-weight: 400;\">kellik problemi olan ya da ba\u015flayan insanlara bak\u0131ld\u0131\u011f\u0131nda hepsinin ensesine yak\u0131n k\u0131s\u0131mlar\u0131n hala sa\u00e7l\u0131 kalabildi\u011fine \u015fahit olmak pek muhtemel. sa\u00e7 ekimi operasyonunun \u00f6ncesinde ve sonras\u0131nda sa\u00e7lar\u0131n\u0131z\u0131n daha h\u0131zl\u0131 s\u00fcrede g\u00fc\u00e7lenmesini ve h\u0131zl\u0131 b\u00fcy\u00fcmesini sa\u011flarken sa\u00e7lar\u0131n\u0131za da ayn\u0131 zaman da canl\u0131l\u0131k katmaya yarar.<\/span><\/p>\n<p><span style=\"font-weight: 400;\">don\u00f6r b\u00f6lge bandajlar\u0131 \u00e7\u0131kar\u0131l\u0131p do\u011fru nemlendirilip, g\u00fcne\u015ften korunursa 7-10 g\u00fcn aras\u0131nda iyile\u015fir. ilk iyile\u015fme s\u00fcreci bandajl\u0131 ge\u00e7en 3 g\u00fcnd\u00fcr. sonras\u0131nda koruma s\u00fcreci vard\u0131r.<\/span><\/p>\n<p><span style=\"font-weight: 400;\">sa\u00e7 ekimi operasyonunda temel maddeler vard\u0131r. <strong>Greftlerin <\/strong>(al\u0131nan k\u00f6klerin) toplanmas\u0131 ve greftlerin ekilmesi. zaten i\u015flem bu ikisinden olu\u015fan, sekiz ile on saat aras\u0131nda de\u011fi\u015fiklik g\u00f6steren bir operasyondur. sa\u00e7 ekimi operasyonunun sonras\u0131nda don\u00f6r b\u00f6lgesinin ne kadar zamanda iyile\u015fece\u011fi sa\u00e7 ekimi operasyonunun hangi teknikle yap\u0131ld\u0131\u011f\u0131na ve ki\u015filere de ba\u011fl\u0131d\u0131r.<\/span><\/p>\n<p><span style=\"font-weight: 400;\">sa\u00e7 ekimi operasyonunda<strong> fue tekni\u011fi<\/strong> denilen ince u\u00e7lu aletler yard\u0131m\u0131yla a\u00e7\u0131lan minik delikler sayesinde \u00e7\u0131kar\u0131labilen sa\u00e7 k\u00f6kleri tek tek ve diki\u015fsiz topland\u0131\u011f\u0131 i\u00e7in ense b\u00f6lgesinde iyile\u015fme daha \u00e7abuk olmaktad\u0131r. don\u00f6r b\u00f6lge olarak iki kulak arkas\u0131nda ki k\u0131s\u0131mda, en s\u0131k tercih edilen b\u00f6lgelerden ikincisidir.<\/span><\/p>\n<p>&#8220;sa\u00e7 ekimi sonras\u0131 don\u00f6r b\u00f6lge ne zaman iyile\u015fir?&#8221; sorusu sa\u00e7 ekimi yapt\u0131rm\u0131\u015f ki\u015filer taraf\u0131ndan en fazla y\u00f6neltilen sorulardan biridir. dr. yetkin bayer, &#8220;sa\u00e7 ekimi sonras\u0131 don\u00f6r b\u00f6lgenin iyile\u015fmesi ne kadar s\u00fcrer?&#8221; ve &#8220;sa\u00e7 ekimi sonras\u0131 don\u00f6r b\u00f6lge ne zaman kapan\u0131r?&#8221; gibi sorular\u0131 sizler i\u00e7in yan\u0131tl\u0131yor.<\/p>\n<div id=\"ez-toc-container\" class=\"ez-toc-v2_0_82_2 counter-flat ez-toc-counter ez-toc-grey ez-toc-container-direction\">\n<div class=\"ez-toc-title-container\">\n<p class=\"ez-toc-title\" style=\"cursor:inherit\">Table of Contents<\/p>\n<span class=\"ez-toc-title-toggle\"><a href=\"#\" class=\"ez-toc-pull-right ez-toc-btn ez-toc-btn-xs ez-toc-btn-default ez-toc-toggle\" aria-label=\"\u0130\u00e7indekiler Tablosunu A\u00e7\/Kapat\"><span class=\"ez-toc-js-icon-con\"><span class=\"\"><span class=\"eztoc-hide\" style=\"display:none;\">Toggle<\/span><span class=\"ez-toc-icon-toggle-span\"><svg style=\"fill: #999;color:#999\" xmlns=\"http:\/\/www.w3.org\/2000\/svg\" class=\"list-377408\" width=\"20px\" height=\"20px\" viewBox=\"0 0 24 24\" fill=\"none\"><path d=\"M6 6H4v2h2V6zm14 0H8v2h12V6zM4 11h2v2H4v-2zm16 0H8v2h12v-2zM4 16h2v2H4v-2zm16 0H8v2h12v-2z\" fill=\"currentColor\"><\/path><\/svg><svg style=\"fill: #999;color:#999\" class=\"arrow-unsorted-368013\" xmlns=\"http:\/\/www.w3.org\/2000\/svg\" width=\"10px\" height=\"10px\" viewBox=\"0 0 24 24\" version=\"1.2\" baseProfile=\"tiny\"><path d=\"M18.2 9.3l-6.2-6.3-6.2 6.3c-.2.2-.3.4-.3.7s.1.5.3.7c.2.2.4.3.7.3h11c.3 0 .5-.1.7-.3.2-.2.3-.5.3-.7s-.1-.5-.3-.7zM5.8 14.7l6.2 6.3 6.2-6.3c.2-.2.3-.5.3-.7s-.1-.5-.3-.7c-.2-.2-.4-.3-.7-.3h-11c-.3 0-.5.1-.7.3-.2.2-.3.5-.3.7s.1.5.3.7z\"\/><\/svg><\/span><\/span><\/span><\/a><\/span><\/div>\n<nav><ul class='ez-toc-list ez-toc-list-level-1 eztoc-toggle-hide-by-default' ><li class='ez-toc-page-1'><a class=\"ez-toc-link ez-toc-heading-1\" href=\"#\" data-href=\"https:\/\/www.yetkinbayer.com\/tr\/sac-ekimi-sonrasi-donor-bolge-ne-zaman-iyilesir\/#sac_ekimi_sonrasi_donor_bolgenin_iyilesmesi_ne_kadar_surer\" >sa\u00e7 ekimi sonras\u0131 don\u00f6r b\u00f6lgenin iyile\u015fmesi ne kadar s\u00fcrer?<\/a><\/li><li class='ez-toc-page-1'><a class=\"ez-toc-link ez-toc-heading-2\" href=\"#\" data-href=\"https:\/\/www.yetkinbayer.com\/tr\/sac-ekimi-sonrasi-donor-bolge-ne-zaman-iyilesir\/#sac_ekimi_sonrasi_donor_bolge_ne_zaman_kapanir\" >sa\u00e7 ekimi sonras\u0131 don\u00f6r b\u00f6lge ne zaman kapan\u0131r?<\/a><\/li><li class='ez-toc-page-1'><a class=\"ez-toc-link ez-toc-heading-3\" href=\"#\" data-href=\"https:\/\/www.yetkinbayer.com\/tr\/sac-ekimi-sonrasi-donor-bolge-ne-zaman-iyilesir\/#sac_ekimi_sonrasi_donor_bolge_bakimi\" >sa\u00e7 ekimi sonras\u0131 don\u00f6r b\u00f6lge bak\u0131m\u0131<\/a><\/li><\/ul><\/nav><\/div>\n<h2><span class=\"ez-toc-section\" id=\"sac_ekimi_sonrasi_donor_bolgenin_iyilesmesi_ne_kadar_surer\"><\/span>sa\u00e7 ekimi sonras\u0131 don\u00f6r b\u00f6lgenin iyile\u015fmesi ne kadar s\u00fcrer?<span class=\"ez-toc-section-end\"><\/span><\/h2>\n<p>Don\u00f6r b\u00f6lgeye sa\u00e7 ekiminde sa\u00e7\u0131n al\u0131nmas\u0131 i\u00e7in kullan\u0131lan b\u00f6lgeler ba\u015f\u0131n arkas\u0131 ve yanlar\u0131d\u0131r. cerrah her folik\u00fcl\u00fcn etraf\u0131nda k\u00fc\u00e7\u00fck kesikler yapacak ve bunlar\u0131 tek tek \u00e7\u0131karacakt\u0131r.<\/p>\n<p>Bu kesiler h\u0131zla iyile\u015fir. sa\u00e7 ekimi sonras\u0131 don\u00f6r b\u00f6lgenin iyile\u015fmesi ortalama 5-7 g\u00fcn s\u00fcrer. don\u00f6r alan, tipik olarak bir <strong><a href=\"https:\/\/www.yetkinbayer.com\/tr\/sac-ekimi\">sa\u00e7 ekimi<\/a><\/strong> cerrah\u0131n\u0131n folik\u00fclleri toplad\u0131\u011f\u0131, ba\u015f\u0131n arkas\u0131ndaki ve yan taraflar\u0131ndaki aland\u0131r. bu, sa\u00e7lar\u0131n don\u00f6r b\u00f6lgeden tek tek (fue sa\u00e7 ekimi ameliyat\u0131) veya \u015ferit (fut sa\u00e7 ekimi ameliyat\u0131) olarak al\u0131nmas\u0131n\u0131 ve bu sa\u00e7lar\u0131n sa\u00e7s\u0131z veya seyrelmi\u015f bir alana (al\u0131c\u0131 b\u00f6lge) ta\u015f\u0131nmas\u0131n\u0131 i\u00e7erir.<\/p>\n<p><strong><a href=\"https:\/\/www.yetkinbayer.com\/tr\/sac-ekim-sonrasi\">sa\u00e7 ekimi sonras\u0131<\/a><\/strong> iyile\u015fme s\u00fcreci hemen ba\u015flar. k\u00fc\u00e7\u00fck kesiler ba\u015flang\u0131\u00e7ta soyulacakt\u0131r. ameliyat\u0131n oldu\u011fu g\u00fcn ba\u015f\u0131n arkas\u0131nda yer alan k\u00fc\u00e7\u00fck kesiklerin mikrop kapmamas\u0131 i\u00e7in bir bandaj ile kapat\u0131lacakt\u0131r. bu sayede hem hasta sa\u00e7 diplerindeki yaralarla oynamam\u0131\u015f olacak bu sayede mikrop kapmas\u0131 ortadan kalkacakt\u0131r.<\/p>\n<p>Bu bandajlar bir g\u00fcn sonra kald\u0131r\u0131labilir olacakt\u0131r, burada ba\u015f\u0131n arkas\u0131nda folik\u00fcllerin al\u0131nd\u0131\u011f\u0131 k\u00fc\u00e7\u00fck kabuklar vard\u0131r. bu kabuklar, ameliyattan hemen banyo yaparken veya sa\u00e7 diplerini y\u0131karken kendili\u011finden soyulup kopacakt\u0131r.<\/p>\n<p>Kabu\u011fun alt\u0131nda, v\u00fccudunuz k\u00fc\u00e7\u00fck kesileri k\u00fc\u00e7\u00fck yara dokusu ile onarmaya ve kapatmaya ba\u015flayacakt\u0131r. bu yara dokusu, don\u00f6r b\u00f6lgeye yay\u0131lm\u0131\u015f boyut olarak 0,7 mm-1 mm aras\u0131nda olmal\u0131d\u0131r. her k\u00fc\u00e7\u00fck nokta \u00e7ok k\u00fc\u00e7\u00fck oldu\u011fundan, sa\u00e7 1 veya 2 boyuna ula\u015ft\u0131\u011f\u0131nda fark edilemez hale gelecektir.<\/p>\n<h2 class=\"p1\"><span class=\"ez-toc-section\" id=\"sac_ekimi_sonrasi_donor_bolge_ne_zaman_kapanir\"><\/span><span class=\"s1\"><b>sa\u00e7 ekimi sonras\u0131 don\u00f6r b\u00f6lge ne zaman kapan\u0131r?<\/b><\/span><span class=\"ez-toc-section-end\"><\/span><\/h2>\n<p class=\"p1\"><span class=\"s1\">sa\u00e7 ekimi tedavisinde kullan\u0131lan don\u00f6r b\u00f6lgeler ense, sakal ve g\u00f6\u011f\u00fcs b\u00f6lgeleri olarak daha \u00f6ncelikli olur. Sa\u00e7 ekimi sonras\u0131 don\u00f6r b\u00f6lgelerin iyile\u015fme s\u00fcre\u00e7leri tamamen cihaz\u0131n kalitesine ba\u011fl\u0131 olarak de\u011fi\u015fiyor. son teknoloji olan cihazlarda iyile\u015fme s\u00fcreci daha k\u0131sa olur. <\/span><\/p>\n<p class=\"p1\"><span class=\"s1\">Ayn\u0131 zamanda hastan\u0131n yap\u0131lan i\u015fleme uygun olmas\u0131 da \u00e7ok \u00f6nemlidir. \u00f6zetle son teknoloji cihazlarla yap\u0131lan sa\u00e7 ekimi i\u015flemlerinde iyile\u015fme s\u00fcreci di\u011fer y\u00f6ntemlere g\u00f6re \u00e7ok daha k\u0131sa olmaktad\u0131r. ilk on g\u00fcn ge\u00e7ti\u011finde hastalarda iyile\u015fme s\u00fcreci yava\u015f yava\u015f ba\u015flar. 30 g\u00fcn yani 1 ay\u0131n sonunda don\u00f6r b\u00f6lgenin tamamen kapand\u0131\u011f\u0131n\u0131 yani iyile\u015fti\u011fini s\u00f6yleyebiliriz.<\/span><\/p>\n<p class=\"p1\"><span class=\"s1\">ense b\u00f6lgesi en s\u0131k yo\u011fun don\u00f6r b\u00f6lge olarak se\u00e7ilen aland\u0131r. ayn\u0131 zamanda iyile\u015fme s\u00fcreci en k\u0131sa s\u00fcrede tamamlanan ve her zaman sorunsuz bir iyile\u015fme ge\u00e7iren b\u00f6lgedir. genellikle di\u011fer b\u00f6lgeler olan g\u00f6\u011f\u00fcs ve <strong><a href=\"https:\/\/www.yetkinbayer.com\/tr\/sakal-ekimi\">sakal<\/a> <\/strong>b\u00f6lgesi ile kar\u015f\u0131la\u015ft\u0131r\u0131l\u0131rsa iyile\u015fme s\u00fcreci daha da k\u0131sa olur. <\/span><\/p>\n<p class=\"p1\"><span class=\"s1\">Ancak don\u00f6r b\u00f6lgede sa\u00e7 ekiminden sonra a\u00e7\u0131kl\u0131k ve seyreklik az da olsa g\u00f6r\u00fclebilir. yine de estetik uygun ve sorunsuz bir \u015fekilde greftlerin al\u0131nmas\u0131 durumunda a\u00e7\u0131kl\u0131k ve seyreklik hi\u00e7bir \u015fekilde g\u00f6zle belli olmaz. <\/span><\/p>\n<p class=\"p1\"><span class=\"s1\">Genellikle b\u00f6lgenin don\u00f6r olarak kullan\u0131ld\u0131\u011f\u0131 anla\u015f\u0131lmaz bile. ense b\u00f6lgesinin iyile\u015fmesi i\u00e7in 10-15 g\u00fcn kadar ge\u00e7mesi gerekiyor. bu s\u00fcre i\u00e7inde kabuklanmalar iyile\u015fme s\u00fcrecinin bir par\u00e7as\u0131d\u0131r. 10-15 g\u00fcn ge\u00e7tikten sonra kabuklar d\u00f6k\u00fcl\u00fcr ve ense b\u00f6lgesi art\u0131k temiz hale gelir.<\/span><\/p>\n<p class=\"p1\"><span class=\"s1\">bir ay\u0131n sonunda t\u00fcm don\u00f6r b\u00f6lgelerde tam iyile\u015fme ortaya \u00e7\u0131kar. ancak iyile\u015fme d\u00f6nemi i\u00e7inde olu\u015fan kabuklanmalara hi\u00e7bir \u015fekilde soyma ve m\u00fcdahale olmamal\u0131d\u0131r. aksi halde hem iyile\u015fme s\u00fcreci daha uzar ve b\u00f6lgede enfeksiyon g\u00f6r\u00fclme riski de vard\u0131r. bu nedenle iyile\u015fme s\u00fcrecinde don\u00f6r alan\u0131 temiz tutarsan\u0131z, kabuklar\u0131 soymazsan\u0131z ve travma ya\u015fanmazsa 30 g\u00fcn i\u00e7inde iyile\u015fme tamamlan\u0131r. <\/span><\/p>\n<h2><span class=\"ez-toc-section\" id=\"sac_ekimi_sonrasi_donor_bolge_bakimi\"><\/span>sa\u00e7 ekimi sonras\u0131 don\u00f6r b\u00f6lge bak\u0131m\u0131<span class=\"ez-toc-section-end\"><\/span><\/h2>\n<p><span style=\"font-weight: 400;\">don\u00f6r b\u00f6lgenin ne zaman iyile\u015fece\u011fim belirleyen k\u0131s\u0131m buras\u0131d\u0131r. sa\u00e7 ekiminden sonra ense b\u00f6lgesi bandajlan\u0131r, \u00fc\u00e7 g\u00fcn boyunca \u0131slanmamal\u0131 ve bu bandaj a\u00e7\u0131lmamal\u0131d\u0131r. operasyon esnas\u0131nda uygulanan lokal anestezi nedeni ile ilk g\u00fcn ac\u0131 ve a\u011fr\u0131 hissedilmez. sonraki g\u00fcnler de hafif s\u0131zlama ve a\u011fr\u0131lar olabilir. rahats\u0131z olursan\u0131z doktorunuzdan a\u011fr\u0131 kesici ve krem \u00f6nerileri isteyebilirsiniz.<\/span><\/p>\n<p><span style=\"font-weight: 400;\">sa\u00e7 ekiminden sonra \u00fc\u00e7 g\u00fcn ge\u00e7ince bandaj \u00e7\u0131kar\u0131l\u0131r ve bu b\u00f6lgede \u00e7ok hafif kanamalar olu\u015fabilir. <strong>Sa\u00e7 y\u0131kama<\/strong> i\u015fleminizi tamamlad\u0131ktan sonra bu b\u00f6lge tekrar pansuman yap\u0131l\u0131r ama tekrar bandajlamaya gerek duyulmaz. <\/span><\/p>\n<p><span style=\"font-weight: 400;\"><strong>Don\u00f6r b\u00f6lgesinde<\/strong> olu\u015fan hafif kabuklanmalara kar\u015f\u0131 nemlendiriciler kullanabilirsiniz. fazla bask\u0131 uygulamadan ve don\u00f6r b\u00f6lgesine zarar vermeden yapmal\u0131s\u0131n\u0131z bu i\u015flemi. <\/span><\/p>\n<p><span style=\"font-weight: 400;\">Sa\u00e7 ekiminizden on g\u00fcn sonra art\u0131k don\u00f6r b\u00f6lgesinde tamamen iyile\u015fmeler g\u00f6receksiniz. etkili ve do\u011fru y\u00f6ntemle yap\u0131lan bak\u0131mlar ki\u015filere g\u00f6re s\u00fcre\u00e7 de\u011fi\u015ftirmeye yard\u0131mc\u0131 olacakt\u0131r. art\u0131k krem kullanman\u0131za gerek kalmasa da isterseniz yine nemlendirmeye devam edebilirsiniz.<\/span><\/p>\n<p><strong>kaynak\u00e7a:<\/strong><\/p>\n<p><a href=\"https:\/\/www.dovepress.com\/hair-restoration-surgery-challenges-and-solutions-peer-reviewed-fulltext-article-ccid\" target=\"_blank\" rel=\"noopener\">https:\/\/www.dovepress.com\/hair-restoration-surgery-challenges-and-solutions-peer-reviewed-fulltext-article-ccid<\/a><\/p>\n<p>https:\/\/www.ncbi.nlm.nih.gov\/pmc\/articles\/pmc6066700\/<\/p>\n","protected":false},"excerpt":{"rendered":"<p>Don\u00f6r b\u00f6lge; sa\u00e7 ekilecek alan i\u00e7in laz\u0131m olan k\u0131l k\u00f6klerinin \u00e7\u0131kar\u0131ld\u0131\u011f\u0131 b\u00f6lgedir. bu nedenle sa\u00e7 ekimi sonras\u0131 don\u00f6r b\u00f6lgeye dikkat edilmelidir. sa\u00e7 ekimi operasyonlar\u0131nda daha \u00e7ok don\u00f6r b\u00f6lge olarak kullan\u0131lan alan ense b\u00f6lgesinde bulunan g\u00fc\u00e7l\u00fc k\u0131l k\u00f6klerinin oldu\u011fu k\u0131s\u0131md\u0131r. ense k\u0131sm\u0131nda bulunan sa\u00e7lar di\u011fer b\u00f6lgelerde ki sa\u00e7lara g\u00f6re daha dayan\u0131kl\u0131d\u0131r. kellik problemi olan ya da [&hellip;]<\/p>\n","protected":false},"author":1,"featured_media":2490,"comment_status":"closed","ping_status":"closed","sticky":false,"template":"","format":"standard","meta":{"footnotes":""},"categories":[9],"tags":[],"class_list":["post-2489","post","type-post","status-publish","format-standard","has-post-thumbnail","hentry","category-blog"],"_links":{"self":[{"href":"https:\/\/www.yetkinbayer.com\/tr\/wp-json\/wp\/v2\/posts\/2489","targetHints":{"allow":["GET"]}}],"collection":[{"href":"https:\/\/www.yetkinbayer.com\/tr\/wp-json\/wp\/v2\/posts"}],"about":[{"href":"https:\/\/www.yetkinbayer.com\/tr\/wp-json\/wp\/v2\/types\/post"}],"author":[{"embeddable":true,"href":"https:\/\/www.yetkinbayer.com\/tr\/wp-json\/wp\/v2\/users\/1"}],"replies":[{"embeddable":true,"href":"https:\/\/www.yetkinbayer.com\/tr\/wp-json\/wp\/v2\/comments?post=2489"}],"version-history":[{"count":1,"href":"https:\/\/www.yetkinbayer.com\/tr\/wp-json\/wp\/v2\/posts\/2489\/revisions"}],"predecessor-version":[{"id":2503,"href":"https:\/\/www.yetkinbayer.com\/tr\/wp-json\/wp\/v2\/posts\/2489\/revisions\/2503"}],"wp:featuredmedia":[{"embeddable":true,"href":"https:\/\/www.yetkinbayer.com\/tr\/wp-json\/wp\/v2\/media\/2490"}],"wp:attachment":[{"href":"https:\/\/www.yetkinbayer.com\/tr\/wp-json\/wp\/v2\/media?parent=2489"}],"wp:term":[{"taxonomy":"category","embeddable":true,"href":"https:\/\/www.yetkinbayer.com\/tr\/wp-json\/wp\/v2\/categories?post=2489"},{"taxonomy":"post_tag","embeddable":true,"href":"https:\/\/www.yetkinbayer.com\/tr\/wp-json\/wp\/v2\/tags?post=2489"}],"curies":[{"name":"wp","href":"https:\/\/api.w.org\/{rel}","templated":true}]}}