{"id":2474,"date":"2025-04-28T12:53:38","date_gmt":"2025-04-28T09:53:38","guid":{"rendered":"https:\/\/www.yetkinbayer.com\/?p=2474"},"modified":"2025-04-28T12:53:38","modified_gmt":"2025-04-28T09:53:38","slug":"sac-ekimi-sonrasi-batma","status":"publish","type":"post","link":"https:\/\/www.yetkinbayer.com\/tr\/sac-ekimi-sonrasi-batma\/","title":{"rendered":"Sa\u00e7 Ekimi Sonras\u0131 Batma"},"content":{"rendered":"<p class=\"p1\"><strong>Sa\u00e7 ekimi<\/strong> s\u0131ras\u0131nda sa\u00e7 k\u00f6klerinin al\u0131nd\u0131\u011f\u0131 don\u00f6r b\u00f6lge ile sa\u00e7 k\u00f6klerinin yerle\u015ftirildi\u011fi alanda yaralar olu\u015fabilmektedir. V\u00fccudunuzda bulunan t\u00fcm yaralarda oldu\u011fu gibi sa\u00e7 ekim sebebiyle olu\u015fan yaralarda da iyile\u015fme s\u00fcrecine ge\u00e7ildi\u011fi zaman batma hissi olu\u015fabilir. <strong><a href=\"https:\/\/www.yetkinbayer.com\/tr\/sac-ekimi\/\">Sa\u00e7 ekimi<\/a><\/strong> i\u015flemi yap\u0131l\u0131rken baz\u0131 teknikler vard\u0131r.<\/p>\n<p class=\"p1\">Fue sa\u00e7 ekim i\u015fleminin ilk haftas\u0131nda sa\u00e7 k\u00f6klerinin yerle\u015ftirildi\u011fi alanda ve sa\u00e7 k\u00f6klerinin al\u0131nd\u0131\u011f\u0131 don\u00f6r alan\u0131nda batma hissi olu\u015fsa bile \u00e7ok k\u0131sa bir s\u00fcre sonras\u0131nda bu batma ve ka\u015f\u0131nt\u0131 hissi kaybolacakt\u0131r. Ka\u015f\u0131nt\u0131 ve batma hissinin kaybolmamas\u0131 gibi bir durumda i\u015flemi ger\u00e7ekle\u015ftiren hekim ek tedaviler uygulayabilir. Bu bak\u0131mdan uzun s\u00fcrmesi halinde hekime ba\u015fvurmak \u00f6nemlidir.<\/p>\n<p class=\"p1\">Sa\u00e7 ekimi i\u015fleminden sonra <strong><a href=\"https:\/\/www.yetkinbayer.com\/tr\/sac-ekimi-sonuclari.html\">sonu\u00e7<\/a> <\/strong>uzman cerrah\u0131n performans\u0131na ve sa\u00e7 ekimi i\u015flemi sonras\u0131nda bak\u0131ma ba\u011fl\u0131d\u0131r. Baz\u0131 ki\u015filer sa\u00e7 ekimi i\u015fleminden sonra gerekli bak\u0131m\u0131 yapmad\u0131klar\u0131 ve talimatlara uymad\u0131klar\u0131ndan iltihap gibi baz\u0131 komplikasyonlar olu\u015fmaktad\u0131r. Steril olmayan ekipmanlar ve yine steril olmayan ortam ile enfeksiyon kap\u0131labilir. Hekimin vermi\u015f oldu\u011fu bak\u0131m \u00f6nerilerine uyulmamas\u0131 halinde iltihap kapma oran\u0131 yine y\u00fcksek olacakt\u0131r.<\/p>\n<p>&#8220;Sa\u00e7 ekimi sonras\u0131 batma olur mu?&#8221; sorusu sa\u00e7 ekimi yapt\u0131rm\u0131\u015f ki\u015filer taraf\u0131ndan en fazla y\u00f6neltilen sorulardan biridir. Dr. Yetkin Bayer, &#8220;Sa\u00e7 ekimi sonras\u0131 batma hissi nas\u0131l ge\u00e7er?&#8221; ve &#8220;Sa\u00e7 ekimi sonras\u0131 sa\u00e7 d\u00f6k\u00fclmesi olur mu?&#8221; gibi sorular\u0131 sizler i\u00e7in yan\u0131tl\u0131yor.<\/p>\n<div id=\"ez-toc-container\" class=\"ez-toc-v2_0_82_2 counter-flat ez-toc-counter ez-toc-grey ez-toc-container-direction\">\n<div class=\"ez-toc-title-container\">\n<p class=\"ez-toc-title\" style=\"cursor:inherit\">Table of Contents<\/p>\n<span class=\"ez-toc-title-toggle\"><a href=\"#\" class=\"ez-toc-pull-right ez-toc-btn ez-toc-btn-xs ez-toc-btn-default ez-toc-toggle\" aria-label=\"\u0130\u00e7indekiler Tablosunu A\u00e7\/Kapat\"><span class=\"ez-toc-js-icon-con\"><span class=\"\"><span class=\"eztoc-hide\" style=\"display:none;\">Toggle<\/span><span class=\"ez-toc-icon-toggle-span\"><svg style=\"fill: #999;color:#999\" xmlns=\"http:\/\/www.w3.org\/2000\/svg\" class=\"list-377408\" width=\"20px\" height=\"20px\" viewBox=\"0 0 24 24\" fill=\"none\"><path d=\"M6 6H4v2h2V6zm14 0H8v2h12V6zM4 11h2v2H4v-2zm16 0H8v2h12v-2zM4 16h2v2H4v-2zm16 0H8v2h12v-2z\" fill=\"currentColor\"><\/path><\/svg><svg style=\"fill: #999;color:#999\" class=\"arrow-unsorted-368013\" xmlns=\"http:\/\/www.w3.org\/2000\/svg\" width=\"10px\" height=\"10px\" viewBox=\"0 0 24 24\" version=\"1.2\" baseProfile=\"tiny\"><path d=\"M18.2 9.3l-6.2-6.3-6.2 6.3c-.2.2-.3.4-.3.7s.1.5.3.7c.2.2.4.3.7.3h11c.3 0 .5-.1.7-.3.2-.2.3-.5.3-.7s-.1-.5-.3-.7zM5.8 14.7l6.2 6.3 6.2-6.3c.2-.2.3-.5.3-.7s-.1-.5-.3-.7c-.2-.2-.4-.3-.7-.3h-11c-.3 0-.5.1-.7.3-.2.2-.3.5-.3.7s.1.5.3.7z\"\/><\/svg><\/span><\/span><\/span><\/a><\/span><\/div>\n<nav><ul class='ez-toc-list ez-toc-list-level-1 eztoc-toggle-hide-by-default' ><li class='ez-toc-page-1'><a class=\"ez-toc-link ez-toc-heading-1\" href=\"#\" data-href=\"https:\/\/www.yetkinbayer.com\/tr\/sac-ekimi-sonrasi-batma\/#Sac_ekiminden_sonra_batma_hissi_nasil_gecer\" >Sa\u00e7 ekiminden sonra batma hissi nas\u0131l ge\u00e7er?<\/a><\/li><li class='ez-toc-page-1'><a class=\"ez-toc-link ez-toc-heading-2\" href=\"#\" data-href=\"https:\/\/www.yetkinbayer.com\/tr\/sac-ekimi-sonrasi-batma\/#Sac_Ekimi_Sonrasi_Isbasi_Ne_Zaman_Yapilabilir\" >Sa\u00e7 Ekimi Sonras\u0131 \u0130\u015fba\u015f\u0131 Ne Zaman Yap\u0131labilir?<\/a><\/li><li class='ez-toc-page-1'><a class=\"ez-toc-link ez-toc-heading-3\" href=\"#\" data-href=\"https:\/\/www.yetkinbayer.com\/tr\/sac-ekimi-sonrasi-batma\/#Sac_Ekimi_Sonrasi_Sac_Dokulmesi\" >Sa\u00e7 Ekimi Sonras\u0131 Sa\u00e7 D\u00f6k\u00fclmesi<\/a><\/li><li class='ez-toc-page-1'><a class=\"ez-toc-link ez-toc-heading-4\" href=\"#\" data-href=\"https:\/\/www.yetkinbayer.com\/tr\/sac-ekimi-sonrasi-batma\/#Sac_Ekimi_Sonrasinda_Dokulen_Saclar_Ne_Zaman_Uzar\" >Sa\u00e7 Ekimi Sonras\u0131nda D\u00f6k\u00fclen Sa\u00e7lar Ne Zaman Uzar?<\/a><\/li><\/ul><\/nav><\/div>\n<h2 class=\"p1\"><span class=\"ez-toc-section\" id=\"Sac_ekiminden_sonra_batma_hissi_nasil_gecer\"><\/span>Sa\u00e7 ekiminden sonra batma hissi nas\u0131l ge\u00e7er?<span class=\"ez-toc-section-end\"><\/span><\/h2>\n<p class=\"p1\">Sa\u00e7 ekiminden sonra batma hissinin tedavisi bi\u00e7iminde bir y\u00f6ntem yoktur. Bu durum ameliyat sonras\u0131 ola\u011fan komplikasyonlardan bir tanesi olup, normal \u015fartlarda kendili\u011finden ge\u00e7mesi beklenen bir durumdur. Batma hissi devam ederken, ki\u015fi g\u00fcndelik hayat\u0131n\u0131 s\u00fcrd\u00fcrebilir.<\/p>\n<h2 class=\"p1\"><span class=\"ez-toc-section\" id=\"Sac_Ekimi_Sonrasi_Isbasi_Ne_Zaman_Yapilabilir\"><\/span>Sa\u00e7 Ekimi Sonras\u0131 \u0130\u015fba\u015f\u0131 Ne Zaman Yap\u0131labilir?<span class=\"ez-toc-section-end\"><\/span><\/h2>\n<p class=\"p1\"><strong><a href=\"https:\/\/www.yetkinbayer.com\/tr\/sac-ekimi-sonrasi\/\">Sa\u00e7 ekim i\u015flemi sonras\u0131nda<\/a><\/strong> ilk g\u00fcnler olduk\u00e7a \u00f6nemlidir. \u0130\u015flem sonras\u0131 ilk 4 g\u00fcn hastan\u0131n \u00e7ok dikkatli olmas\u0131 gerekmektedir. \u0130\u015finiz gere\u011fi a\u011f\u0131r kald\u0131rman\u0131z, e\u011filmeniz ya da kimyasal \u00fcr\u00fcnler ile temas etmenizi gerektiren bir i\u015fte \u00e7al\u0131\u015f\u0131yorsan\u0131z i\u015flemin ilk d\u00f6nemini bitirene kadar i\u015finizden uzakla\u015fman\u0131z daha do\u011fru olacakt\u0131r. Bu tarz i\u015fler yapman\u0131z sa\u00e7 ekim i\u015fleminizin olumsuz sonu\u00e7lanmas\u0131na sebep olabilir.<\/p>\n<p class=\"p1\">Sa\u00e7 ekim i\u015flemini gizli tutmak isteyen ki\u015filer i\u00e7in bir ya da iki haftal\u0131k izin s\u00fcreci iyile\u015fme d\u00f6neminde i\u015flerinden uzak kalmas\u0131n\u0131 sa\u011flayacakt\u0131r. Sa\u00e7 ekim i\u015fleminden sonra ekim i\u015flemi ger\u00e7ekle\u015ftirilen alanda olu\u015fan k\u0131zar\u0131kl\u0131k ve kabuklanman\u0131n bir hafta i\u00e7erisinde iyile\u015fmeye ba\u015flad\u0131\u011f\u0131n\u0131 g\u00f6zlerinizle g\u00f6rebilirsiniz.<\/p>\n<p class=\"p1\">K\u0131rm\u0131z\u0131 ve kabuklu deri tabakas\u0131 yerini a\u00e7\u0131k pembe bir renge b\u0131rakacakt\u0131r. \u0130yile\u015fme s\u00fcrecinde g\u00f6r\u00fclen a\u00e7\u0131k pembe renk bir iki hafta i\u00e7erisinde azalarak yok olmaya devam edecektir. Sa\u00e7 ekim i\u015flemi yapt\u0131ran beyaz tenli ki\u015filer bu iyile\u015fme s\u00fcrecinde g\u00fcne\u015f \u0131\u015f\u0131nlar\u0131ndan kendilerini korumas\u0131 gerekmektedir. \u0130lerleyen iyile\u015fme s\u00fcrecinde fiziksel faaliyetlerinize art\u0131k yava\u015f yava\u015f geri d\u00f6n\u00fc\u015f sa\u011flayabilmek imk\u00e2n\u0131n\u0131z olacakt\u0131r.<\/p>\n<h2 class=\"p1\"><span class=\"ez-toc-section\" id=\"Sac_Ekimi_Sonrasi_Sac_Dokulmesi\"><\/span>Sa\u00e7 Ekimi Sonras\u0131 Sa\u00e7 D\u00f6k\u00fclmesi<span class=\"ez-toc-section-end\"><\/span><\/h2>\n<p class=\"p1\">Baz\u0131 sebepler y\u00fcz\u00fcnden sa\u00e7lar d\u00f6k\u00fclebilir ve kafa derisinde kellik, seyrekle\u015fme g\u00f6r\u00fclebilmektedir. Bir \u00e7ok insan\u0131n psikolojisini olumsuz y\u00f6nde etkilemekte olan bu durumdan kurtulmak i\u00e7in sa\u00e7 ekim i\u015flemine ba\u015fvurulmaktad\u0131r. G\u00fcn\u00fcm\u00fcz\u00fcn ilerleyen teknolojisinde sa\u00e7 ekim i\u015flemi olduk\u00e7a kolayd\u0131r.<\/p>\n<p class=\"p1\">Geli\u015ftirilen baz\u0131 y\u00f6ntemler ile sa\u00e7 ekim i\u015flemi yap\u0131lmaktad\u0131r. Sa\u00e7 ekimi yap\u0131ld\u0131ktan sonra \u015fok d\u00f6k\u00fclme denilen sa\u00e7 d\u00f6k\u00fclmesi durumu g\u00f6r\u00fclebilir. Her hastada bu durum g\u00f6r\u00fclmez ama ya\u015fayan hastalarda bu durum olduk\u00e7a normal kar\u015f\u0131lan\u0131r.<\/p>\n<p class=\"p1\">Hastalar taraf\u0131ndan endi\u015fe duyulmamas\u0131 gereken bir durum olan \u015fok d\u00f6k\u00fclme iyile\u015fme s\u00fcrecinin ba\u015flamas\u0131yla birlikte ekilen sa\u00e7lar ile d\u00f6k\u00fclm\u00fc\u015f olan sa\u00e7lar\u0131n ayn\u0131 anda tekrar uzamaya ba\u015flad\u0131\u011f\u0131n\u0131z g\u00f6rebilirsiniz. Sa\u00e7 ekim i\u015flemi sonras\u0131 \u015fok d\u00f6k\u00fclme g\u00f6r\u00fclen ki\u015filerde iki hafta kadar k\u0131sa bir s\u00fcre i\u00e7erisinde sa\u00e7 d\u00f6k\u00fclme oran\u0131 h\u0131zla d\u00fc\u015fecektir.<\/p>\n<p class=\"p1\">Sa\u00e7 d\u00f6k\u00fclmesi ya\u015fayan ki\u015filerin panik ya\u015famamas\u0131 ve bu durumun olduk\u00e7a normal oldu\u011fu konusunda uzman hekimleri taraf\u0131ndan uyar\u0131lmas\u0131 gerekir. Gerekli bak\u0131mlara devam edilerek iyile\u015fme s\u00fcrecini h\u0131zland\u0131r\u0131p sa\u011fl\u0131kl\u0131 ve g\u00fcr sa\u00e7lara kavu\u015fman\u0131n keyfi \u00e7\u0131kar\u0131labilir.<\/p>\n<p class=\"p1\">Sa\u00e7 d\u00f6k\u00fclmesi ya\u015fayan hastalarda dikkat edilmesi gereken baz\u0131 noktalar vard\u0131r. Sa\u00e7 d\u00f6k\u00fclme s\u00fcrecini kolay atlatmak i\u00e7in sa\u00e7 ekimi yapt\u0131ran ki\u015finin sa\u011fl\u0131kl\u0131 beslenmesi, bol s\u0131v\u0131 almas\u0131, verilen losyon ve \u015fampuanlar\u0131 d\u00fczenli kullanmas\u0131, sigara ve alkol gibi maddelerden uzak durmas\u0131, a\u015f\u0131r\u0131 bir \u015fekilde terlememesi gerekmektedir.<\/p>\n<p class=\"p1\">T\u00fcm bu noktalara dikkat edildi\u011fi takdirde sa\u00e7 d\u00f6k\u00fclmesi h\u0131zla azalacak ve iyile\u015fme s\u00fcreci s\u0131na bir s\u00fcre i\u00e7erisinde tamamlanacakt\u0131r.<\/p>\n<h2 class=\"p1\"><span class=\"ez-toc-section\" id=\"Sac_Ekimi_Sonrasinda_Dokulen_Saclar_Ne_Zaman_Uzar\"><\/span>Sa\u00e7 Ekimi Sonras\u0131nda D\u00f6k\u00fclen Sa\u00e7lar Ne Zaman Uzar?<span class=\"ez-toc-section-end\"><\/span><\/h2>\n<p class=\"p1\">Sa\u00e7 ekim i\u015fleminin s\u00fcresi yaln\u0131zca operasyondan ibaret de\u011fildir. Sa\u00e7 ekim s\u00fcreci \u00f6ncesi ve sonras\u0131 d\u00e2hil olmak \u00fczere tam bir y\u0131ll\u0131k bir s\u00fcre\u00e7tir. Sa\u00e7 ekimi i\u015fleminden sonra i\u015flem ger\u00e7ekle\u015ftirilen hastan\u0131n kafa derisinde k\u0131zar\u0131kl\u0131k, kabuklanma, \u015fok d\u00f6k\u00fclme gibi a\u015famalar ger\u00e7ekle\u015fmektedir.<\/p>\n<p class=\"p1\">T\u00fcm bu s\u00fcre\u00e7ler sa\u00e7 ekim i\u015fleminde olduk\u00e7a normal kar\u015f\u0131lanmaktad\u0131r. Ekilen t\u00fcm sa\u00e7lar\u0131n \u00e7\u0131kmas\u0131 ve t\u00fcm yaralar\u0131n iyile\u015fmesiyle hasta normal hayat\u0131nda devam edebilmektedir. Sa\u00e7 ekim i\u015fleminin ba\u015far\u0131l\u0131 bir \u015fekilde sonu\u00e7lanabilmesi i\u00e7in hastan\u0131 uygun bak\u0131m\u0131 sa\u00e7 derisi ve sa\u00e7 k\u00f6klerine uygulamas\u0131 gerekir.<\/p>\n<p class=\"p1\">Sa\u00e7 d\u00f6k\u00fclmesi a\u015famas\u0131nda olan hastalar\u0131n bol vitamin ve s\u0131v\u0131 t\u00fcketmesi gerekir. D\u00f6k\u00fclen sa\u00e7lar\u0131n yeniden uzamas\u0131 i\u00e7in gerekli bak\u0131mlar\u0131n uygun bir \u015fekilde yap\u0131lmas\u0131yla d\u00f6k\u00fclen sa\u00e7lar\u0131n tamam\u0131na yeniden kavu\u015fmak m\u00fcmk\u00fcn olacakt\u0131r. Sa\u00e7 ekim i\u015fleminin t\u00fcm a\u015famalar\u0131n\u0131n tamamlanmas\u0131 d\u00f6k\u00fclen sa\u00e7lar\u0131n yerine gelmesi ve t\u00fcm yaralar\u0131n iyile\u015fmesi i\u00e7in yakla\u015f\u0131k bir y\u0131l ge\u00e7mesi gerekmektedir.<\/p>\n<p class=\"p1\">Bir y\u0131ll\u0131k s\u00fcre\u00e7 boyunca sa\u00e7 ekimi yapt\u0131ran ki\u015fi i\u015flemi ger\u00e7ekle\u015ftiren uzman hekimin t\u00fcm tavsiyelerine uymak ile m\u00fckelleftir. Tavsiyelere uyulmad\u0131\u011f\u0131 takdirde sa\u00e7 ekim i\u015flemi ba\u015far\u0131s\u0131z bir \u015fekilde sonu\u00e7lanabilir. Verilen emeklerin bo\u015fa gitmemesi ve sa\u011fl\u0131kl\u0131 sa\u00e7lara kavu\u015fabilmek i\u00e7in verilen t\u00fcm tavsiyelere mutlaka harfi harfine uyulmas\u0131 gerekir. Sa\u00e7 ekimi i\u015fleminde bir y\u0131ll\u0131k s\u00fcreci tamamlad\u0131ktan sonra hasta hayal etti\u011fi sa\u00e7lar\u0131na kavu\u015fabilir.<\/p>\n<p class=\"p1\">Yasal Uyar\u0131: Bu sayfadaki ifadeler bilgi verme ama\u00e7l\u0131 olup, ba\u011flay\u0131c\u0131 nitelik ta\u015f\u0131maz. Hi\u00e7bir bilgi, tedavi tavsiyesi olmay\u0131p, doktor tavsiyelerinin \u00f6n\u00fcnde de\u011fildir. Kesin bilgi ve talimatlar\u0131, yaln\u0131zca doktorunuzdan alman\u0131z sa\u011fl\u0131\u011f\u0131n\u0131z a\u00e7\u0131s\u0131ndan son derece \u00f6nemlidir.<\/p>\n<p>Kaynak\u00e7a:<\/p>\n<p><a href=\"https:\/\/www.treatmentroomslondon.com\/aftercare-recovery\/hair-shedding-after-a-hair-transplant\" target=\"_blank\" rel=\"noopener\">https:\/\/www.treatmentroomslondon.com\/aftercare-recovery\/hair-shedding-after-a-hair-transplant<\/a><\/p>\n","protected":false},"excerpt":{"rendered":"<p>Sa\u00e7 ekimi s\u0131ras\u0131nda sa\u00e7 k\u00f6klerinin al\u0131nd\u0131\u011f\u0131 don\u00f6r b\u00f6lge ile sa\u00e7 k\u00f6klerinin yerle\u015ftirildi\u011fi alanda yaralar olu\u015fabilmektedir. V\u00fccudunuzda bulunan t\u00fcm yaralarda oldu\u011fu gibi sa\u00e7 ekim sebebiyle olu\u015fan yaralarda da iyile\u015fme s\u00fcrecine ge\u00e7ildi\u011fi zaman batma hissi olu\u015fabilir. Sa\u00e7 ekimi i\u015flemi yap\u0131l\u0131rken baz\u0131 teknikler vard\u0131r. Fue sa\u00e7 ekim i\u015fleminin ilk haftas\u0131nda sa\u00e7 k\u00f6klerinin yerle\u015ftirildi\u011fi alanda ve sa\u00e7 k\u00f6klerinin al\u0131nd\u0131\u011f\u0131 [&hellip;]<\/p>\n","protected":false},"author":1,"featured_media":2475,"comment_status":"closed","ping_status":"closed","sticky":false,"template":"","format":"standard","meta":{"footnotes":""},"categories":[9],"tags":[],"class_list":["post-2474","post","type-post","status-publish","format-standard","has-post-thumbnail","hentry","category-blog"],"_links":{"self":[{"href":"https:\/\/www.yetkinbayer.com\/tr\/wp-json\/wp\/v2\/posts\/2474","targetHints":{"allow":["GET"]}}],"collection":[{"href":"https:\/\/www.yetkinbayer.com\/tr\/wp-json\/wp\/v2\/posts"}],"about":[{"href":"https:\/\/www.yetkinbayer.com\/tr\/wp-json\/wp\/v2\/types\/post"}],"author":[{"embeddable":true,"href":"https:\/\/www.yetkinbayer.com\/tr\/wp-json\/wp\/v2\/users\/1"}],"replies":[{"embeddable":true,"href":"https:\/\/www.yetkinbayer.com\/tr\/wp-json\/wp\/v2\/comments?post=2474"}],"version-history":[{"count":1,"href":"https:\/\/www.yetkinbayer.com\/tr\/wp-json\/wp\/v2\/posts\/2474\/revisions"}],"predecessor-version":[{"id":2488,"href":"https:\/\/www.yetkinbayer.com\/tr\/wp-json\/wp\/v2\/posts\/2474\/revisions\/2488"}],"wp:featuredmedia":[{"embeddable":true,"href":"https:\/\/www.yetkinbayer.com\/tr\/wp-json\/wp\/v2\/media\/2475"}],"wp:attachment":[{"href":"https:\/\/www.yetkinbayer.com\/tr\/wp-json\/wp\/v2\/media?parent=2474"}],"wp:term":[{"taxonomy":"category","embeddable":true,"href":"https:\/\/www.yetkinbayer.com\/tr\/wp-json\/wp\/v2\/categories?post=2474"},{"taxonomy":"post_tag","embeddable":true,"href":"https:\/\/www.yetkinbayer.com\/tr\/wp-json\/wp\/v2\/tags?post=2474"}],"curies":[{"name":"wp","href":"https:\/\/api.w.org\/{rel}","templated":true}]}}