{"id":2459,"date":"2025-04-28T12:52:47","date_gmt":"2025-04-28T09:52:47","guid":{"rendered":"https:\/\/www.yetkinbayer.com\/?p=2459"},"modified":"2025-04-28T12:52:47","modified_gmt":"2025-04-28T09:52:47","slug":"sac-ekimi-sonrasi-soguk-hava-zararli-mi","status":"publish","type":"post","link":"https:\/\/www.yetkinbayer.com\/tr\/sac-ekimi-sonrasi-soguk-hava-zararli-mi\/","title":{"rendered":"Sa\u00e7 Ekimi Sonras\u0131 So\u011fuk Hava Zararl\u0131 M\u0131?"},"content":{"rendered":"<p class=\"p1\"><a href=\"https:\/\/www.yetkinbayer.com\/tr\/sac-ekimi\"><strong>Sa\u00e7 ekimi<\/strong><\/a>, sa\u00e7 d\u00f6k\u00fclmesi s\u0131k\u0131nt\u0131s\u0131 ya da sa\u00e7 kayb\u0131 ya\u015fayan ki\u015filerde seyrelme ve kellik sorununa do\u011fal ve kal\u0131c\u0131 bir \u00e7\u00f6z\u00fcm yoludur. Sa\u00e7 k\u00f6k\u00fcn\u00fcn art\u0131k aktif olmad\u0131\u011f\u0131, sa\u00e7s\u0131zl\u0131\u011f\u0131n olu\u015ftu\u011fu alanlara sa\u011fl\u0131kl\u0131 sa\u00e7 k\u00f6klerinin mikro cerrahi y\u00f6ntemlerle nakledilmesi i\u015flemine sa\u00e7 ekimi ad\u0131 verilmektedir.<\/p>\n<p class=\"p1\">Sa\u00e7 ekiminde d\u00f6k\u00fclen b\u00f6lgeye, hastan\u0131n kendi sa\u011fl\u0131kl\u0131 sa\u00e7lar\u0131 eklenmektedir. Sa\u00e7 ekimi tamamen ki\u015fiye \u00f6zel planlan\u0131r ve uygulan\u0131r. Sa\u00e7 ekimi operasyonuyla hastan\u0131n genellikle ense b\u00f6lgesindeki d\u00f6k\u00fclmeye diren\u00e7li sa\u00e7 k\u00f6kleri toplan\u0131r ve seyrelme olan ya da tamamen d\u00f6k\u00fclm\u00fc\u015f olan k\u0131s\u0131mlarda a\u00e7\u0131lan kanallara ekilir. Ama\u00e7; ba\u015f b\u00f6lgesinde ekim yap\u0131ld\u0131\u011f\u0131 belli olmayacak do\u011fall\u0131kta, kal\u0131c\u0131 bir \u015fekilde sa\u00e7l\u0131 g\u00f6r\u00fcn\u00fcm kazand\u0131rmakt\u0131r.<\/p>\n<p class=\"p1\">Sa\u00e7 ekimi yapt\u0131rd\u0131ktan sonra ba\u015far\u0131l\u0131 bir sonu\u00e7 elde etmek i\u00e7in belli ba\u015fl\u0131 noktalara dikkat edilmesi gerekir. Sa\u00e7 ekimi s\u00fcreci kadar \u00f6nemli olan bu noktalar iyile\u015fme s\u00fcrecini k\u0131saltt\u0131\u011f\u0131 gibi, yo\u011fun bir g\u00f6r\u00fcnt\u00fcn\u00fcn elde edilmesini de h\u0131zland\u0131r\u0131r. Sa\u00e7 ekimleri sonras\u0131 bir\u00e7ok yan etki ve istenmeyen komplikasyonlar geli\u015febilmektedir.<\/p>\n<p class=\"p1\">Bunlar iyi programlanm\u0131\u015f ve iyi ekim yap\u0131lm\u0131\u015f hastalarda minimaldir. <strong><a href=\"https:\/\/www.yetkinbayer.com\/tr\/sac-ekimi-sonrasi\">Sa\u00e7 ekimi sonras\u0131<\/a> <\/strong>bir\u00e7ok hasta a\u011fr\u0131, \u00f6dem, sa\u00e7 ekim ve don\u00f6r alanda sa\u00e7lar\u0131n d\u00f6k\u00fclmesi, don\u00f6r ve sa\u00e7 ekim alan\u0131nda uzun s\u00fcre kabuklanman\u0131n devam etmesi, don\u00f6r ve sa\u00e7 ekim alan\u0131nda his azalmas\u0131 ya\u015famaktad\u0131r. Sa\u00e7 ekimi sonras\u0131 dikkat edilmesi gerekenler konusunda birka\u00e7 olmazsa olmaz kural\u0131 burada belirtmek isteriz.<\/p>\n<p class=\"p1\">Bunun d\u0131\u015f\u0131nda uyulmas\u0131 gereken hususlar doktorunuz taraf\u0131ndan size bildirilecektir. Baz\u0131 \u00f6zel uygulamalar gerektiren sa\u00e7 ekimi sonras\u0131 d\u00f6nemin s\u0131k\u0131nt\u0131s\u0131z \u015fekilde atlat\u0131lmas\u0131 ve en k\u0131sa zamanda yeni sa\u00e7lar\u0131n\u0131za kavu\u015fmak i\u00e7in verilen ila\u00e7lar\u0131n d\u00fczenli kullan\u0131lmas\u0131 ve \u00f6nerilen uygulamalar\u0131n ger\u00e7ekle\u015ftirilmesi yeterli olacakt\u0131r.<\/p>\n<p>&#8220;Sa\u00e7 ekimi sonras\u0131 so\u011fuk hava ekimi etkiler mi?&#8221; sorusu sa\u00e7 ekimi yapt\u0131rm\u0131\u015f ki\u015filer taraf\u0131ndan en fazla y\u00f6neltilen sorulardan biridir. Dr. Yetkin Bayer, &#8220;Sa\u00e7 ekimi sonras\u0131 so\u011fuk havaya neden dikkat edilmelidir?&#8221; ve &#8220;Sa\u00e7 ekimi sonras\u0131 sol\u00fcsyon nas\u0131l kullan\u0131l\u0131r?&#8221; gibi sorular\u0131 sizler i\u00e7in yan\u0131tl\u0131yor.<\/p>\n<div id=\"ez-toc-container\" class=\"ez-toc-v2_0_82_2 counter-flat ez-toc-counter ez-toc-grey ez-toc-container-direction\">\n<div class=\"ez-toc-title-container\">\n<p class=\"ez-toc-title\" style=\"cursor:inherit\">Table of Contents<\/p>\n<span class=\"ez-toc-title-toggle\"><a href=\"#\" class=\"ez-toc-pull-right ez-toc-btn ez-toc-btn-xs ez-toc-btn-default ez-toc-toggle\" aria-label=\"\u0130\u00e7indekiler Tablosunu A\u00e7\/Kapat\"><span class=\"ez-toc-js-icon-con\"><span class=\"\"><span class=\"eztoc-hide\" style=\"display:none;\">Toggle<\/span><span class=\"ez-toc-icon-toggle-span\"><svg style=\"fill: #999;color:#999\" xmlns=\"http:\/\/www.w3.org\/2000\/svg\" class=\"list-377408\" width=\"20px\" height=\"20px\" viewBox=\"0 0 24 24\" fill=\"none\"><path d=\"M6 6H4v2h2V6zm14 0H8v2h12V6zM4 11h2v2H4v-2zm16 0H8v2h12v-2zM4 16h2v2H4v-2zm16 0H8v2h12v-2z\" fill=\"currentColor\"><\/path><\/svg><svg style=\"fill: #999;color:#999\" class=\"arrow-unsorted-368013\" xmlns=\"http:\/\/www.w3.org\/2000\/svg\" width=\"10px\" height=\"10px\" viewBox=\"0 0 24 24\" version=\"1.2\" baseProfile=\"tiny\"><path d=\"M18.2 9.3l-6.2-6.3-6.2 6.3c-.2.2-.3.4-.3.7s.1.5.3.7c.2.2.4.3.7.3h11c.3 0 .5-.1.7-.3.2-.2.3-.5.3-.7s-.1-.5-.3-.7zM5.8 14.7l6.2 6.3 6.2-6.3c.2-.2.3-.5.3-.7s-.1-.5-.3-.7c-.2-.2-.4-.3-.7-.3h-11c-.3 0-.5.1-.7.3-.2.2-.3.5-.3.7s.1.5.3.7z\"\/><\/svg><\/span><\/span><\/span><\/a><\/span><\/div>\n<nav><ul class='ez-toc-list ez-toc-list-level-1 eztoc-toggle-hide-by-default' ><li class='ez-toc-page-1'><a class=\"ez-toc-link ez-toc-heading-1\" href=\"#\" data-href=\"https:\/\/www.yetkinbayer.com\/tr\/sac-ekimi-sonrasi-soguk-hava-zararli-mi\/#Soguk_Havaya_Neden_Dikkat_Edilmeli\" >So\u011fuk Havaya Neden Dikkat Edilmeli?<\/a><\/li><li class='ez-toc-page-1'><a class=\"ez-toc-link ez-toc-heading-2\" href=\"#\" data-href=\"https:\/\/www.yetkinbayer.com\/tr\/sac-ekimi-sonrasi-soguk-hava-zararli-mi\/#Sac_Ekiminden_Sonra_Solusyon_Nasil_Kullanilir\" >Sa\u00e7 Ekiminden Sonra Sol\u00fcsyon Nas\u0131l Kullan\u0131l\u0131r?<\/a><\/li><li class='ez-toc-page-1'><a class=\"ez-toc-link ez-toc-heading-3\" href=\"#\" data-href=\"https:\/\/www.yetkinbayer.com\/tr\/sac-ekimi-sonrasi-soguk-hava-zararli-mi\/#Yazin_neden_sac_ekilmez\" >Yaz\u0131n neden sa\u00e7 ekilmez?<\/a><\/li><li class='ez-toc-page-1'><a class=\"ez-toc-link ez-toc-heading-4\" href=\"#\" data-href=\"https:\/\/www.yetkinbayer.com\/tr\/sac-ekimi-sonrasi-soguk-hava-zararli-mi\/#Kac_derece_saca_zarar_vermez\" >Ka\u00e7 derece sa\u00e7a zarar vermez?<\/a><\/li><li class='ez-toc-page-1'><a class=\"ez-toc-link ez-toc-heading-5\" href=\"#\" data-href=\"https:\/\/www.yetkinbayer.com\/tr\/sac-ekimi-sonrasi-soguk-hava-zararli-mi\/#Soguk_hava_sac_ekimine_zarar_verir_mi\" >So\u011fuk hava sa\u00e7 ekimine zarar verir mi?<\/a><\/li><li class='ez-toc-page-1'><a class=\"ez-toc-link ez-toc-heading-6\" href=\"#\" data-href=\"https:\/\/www.yetkinbayer.com\/tr\/sac-ekimi-sonrasi-soguk-hava-zararli-mi\/#Sac_bakimina_dikkat\" >Sa\u00e7 bak\u0131m\u0131na dikkat<\/a><\/li><\/ul><\/nav><\/div>\n<h2 class=\"p1\"><span class=\"ez-toc-section\" id=\"Soguk_Havaya_Neden_Dikkat_Edilmeli\"><\/span>So\u011fuk Havaya Neden Dikkat Edilmeli?<span class=\"ez-toc-section-end\"><\/span><\/h2>\n<p class=\"p1\">Sa\u00e7 ekimi i\u015flemi sonras\u0131 dikkat edilmesi gereken bir di\u011fer husus ise so\u011fuk havad\u0131r. Sa\u00e7 ekimi yap\u0131lan b\u00f6lgenin en az 15 g\u00fcn kesinlikle g\u00fcne\u015f \u0131\u015f\u0131nlar\u0131ndan ve ya\u011fmurdan korunmas\u0131 gerekir. \u00c7ok s\u0131cak veya \u00e7ok so\u011fuk ortamlara girmemek, s\u0131cak veya so\u011fuk su yerine \u0131l\u0131k suyla y\u0131kanmak, hamam, sauna, havuz ve denizden uzak durmak gereklidir.<\/p>\n<p class=\"p1\">B\u00f6yle yerler ayr\u0131ca iltihap riskinizi de art\u0131raca\u011f\u0131ndan operasyonun ba\u015far\u0131 ihtimalini d\u00fc\u015f\u00fcr\u00fcr. \u0130lk 3 g\u00fcn boyunca y\u0131kamad\u0131\u011f\u0131n\u0131z ba\u015f\u0131n\u0131z\u0131 3.g\u00fcnden itibaren 15 g\u00fcn boyunca her g\u00fcn PH de\u011feri 5,5 olan, anti bakteriyel ve kimyasal i\u00e7eri\u011fi az olan \u015fampuanlarla y\u0131kaman\u0131z \u015fartt\u0131r. Bu t\u00fcr \u015fampuanlar kafa derinizdeki bakteri ve mikroplar\u0131 \u00f6ld\u00fcrerek sa\u00e7 k\u00f6klerinin geli\u015fmesini sa\u011flayacakt\u0131r.<\/p>\n<p class=\"p1\">Sa\u00e7 ekiminden bir hafta kadar sonra kafa derinizdeki izler ge\u00e7er, kabuklanmalar d\u00f6k\u00fcl\u00fcr. Operasyon s\u0131ras\u0131nda olu\u015fan kesiler veya yara izleri tamamen ge\u00e7ecektir. Bunun i\u00e7in endi\u015felenmenize gerek yoktur.<\/p>\n<p class=\"p1\">Operasyondan sonraki g\u00fcnlerde sa\u00e7 k\u00f6klerinin al\u0131nd\u0131\u011f\u0131 k\u0131s\u0131mlarda k\u00fc\u00e7\u00fck k\u0131zar\u0131kl\u0131klar veya sivilcele\u015fmeler g\u00f6r\u00fclebilir. \u0130la\u00e7lar\u0131n\u0131z\u0131 d\u00fczenli kullanman\u0131z ve hijyeninize dikkat etmeniz halinde, bunlar bir s\u00fcre sonra ge\u00e7ecektir.<\/p>\n<p class=\"p1\">Sa\u00e7lar\u0131n 3 g\u00fcnden sonra ilk defa y\u0131kanaca\u011f\u0131 zaman, uygulama yap\u0131lan merkezde y\u0131kanmas\u0131 tavsiye edilir. Bu hem operasyon sonras\u0131 kontrol\u00fc sa\u011flar hem de kullan\u0131lan malzemeler profesyonel oldu\u011fundan y\u0131kama i\u015flemi sorun yaratmaz.<\/p>\n<h2 class=\"p1\"><span class=\"ez-toc-section\" id=\"Sac_Ekiminden_Sonra_Solusyon_Nasil_Kullanilir\"><\/span>Sa\u00e7 Ekiminden Sonra Sol\u00fcsyon Nas\u0131l Kullan\u0131l\u0131r?<span class=\"ez-toc-section-end\"><\/span><\/h2>\n<p class=\"p1\">Sa\u00e7 ekiminden sonra kullanman\u0131z i\u00e7in verilen \u00f6zel sol\u00fcsyon d\u00fczenli ve dikkatli bir \u015fekilde kullan\u0131lmal\u0131d\u0131r. \u00d6zellikle ilk 15 g\u00fcn kullan\u0131lmas\u0131 \u00e7ok \u00f6nemlidir. Bu s\u00fcrede g\u00fcnde bir veya iki kere parmak u\u00e7lar\u0131 ile uygulanacak bu losyon, yakla\u015f\u0131k 45 dakika bekletildikten sonra \u0131l\u0131k su ile durulanmal\u0131 ve akabinde kafa derisi PH 5,5 olan anti bakteriyel bir \u015fampuanla y\u0131kanmal\u0131d\u0131r.<\/p>\n<p class=\"p1\">Y\u0131kama yap\u0131l\u0131rken yumu\u015fak hareketlerle ve masaj \u015feklinde uygulama ger\u00e7ekle\u015ftirilmelidir. Operasyondan sonra yapman\u0131z gereken her \u015fey size tek tek anlat\u0131lacak ve g\u00f6sterilecektir. Y\u0131kama yap\u0131lmaya ba\u015flad\u0131ktan yakla\u015f\u0131k bir hafta sonra ekilen b\u00f6lgedeki teller d\u00f6k\u00fclmeye ba\u015flar. Bunu g\u00f6r\u00fcnce paniklemenize veya sa\u00e7 ekiminin i\u015fe yaramad\u0131\u011f\u0131n\u0131 d\u00fc\u015f\u00fcnmenize gerek yoktur. Bu do\u011fal bir s\u00fcre\u00e7tir.<\/p>\n<p class=\"p1\">Operasyondan birka\u00e7 ay sonra derinin 1,5 cm alt\u0131na kadar yerle\u015ftirilen k\u00f6klerden yeni sa\u00e7lar \u00e7\u0131kmaya ba\u015flayacakt\u0131r. <strong><a href=\"https:\/\/www.yetkinbayer.com\/tr\/sac-ekimi\">Sa\u00e7 ekimi<\/a><\/strong> yap\u0131ld\u0131ktan sonra 10. g\u00fcnden itibaren kafa derisinde meydana gelen kabuklanmalar d\u00f6k\u00fclmeye ba\u015flar. E\u011fer cilt yap\u0131n\u0131z sebebiyle bu d\u00f6k\u00fclme gecikirse y\u0131kan\u0131rken yumu\u015fak masaj hareketleri ile bunu kolayla\u015ft\u0131rabilirsiniz.<\/p>\n<p class=\"p1\">Sa\u00e7 ekiminden sonra ekim yap\u0131lan b\u00f6lgeniz temiz ve s\u0131hh\u00ee olmas\u0131 \u00e7ok \u00f6nemlidir. Sa\u00e7 derisinde ka\u015f\u0131nt\u0131lar meydana geldiyse bunu doktorunuza bildirerek bir ila\u00e7 tavsiye etmesini isteyiniz. Ekim yap\u0131lan b\u00f6lgeye j\u00f6le, sprey, briyantin gibi maddelerin kesinlikle uygulanmamas\u0131 gerekir.<\/p>\n<h2 class=\"JlqpRe\"><span class=\"ez-toc-section\" id=\"Yazin_neden_sac_ekilmez\"><\/span><span class=\"JCzEY tNxQIb\"><span class=\"CSkcDe\">Yaz\u0131n neden sa\u00e7 ekilmez?<\/span><\/span><span class=\"ez-toc-section-end\"><\/span><\/h2>\n<p>Yaz\u0131n sa\u00e7 ekimi yayg\u0131n olarak tercih edilmez \u00e7\u00fcnk\u00fc iyile\u015fme s\u00fcrecini olumsuz etkileyebilecek baz\u0131 fakt\u00f6rler vard\u0131r. S\u0131cak hava terlemeyi art\u0131r\u0131r ve bu da ekim alan\u0131ndaki enfeksiyon riskini art\u0131r\u0131r. \u0130\u015flem sonras\u0131 dikkat edilmesi gereken steril ortam\u0131n korunmas\u0131 yaz\u0131n daha zor olabilir \u00e7\u00fcnk\u00fc y\u00fcksek s\u0131cakl\u0131klar ve nem bakterilerin \u00fcremesi i\u00e7in ideal bir ortam sa\u011flar.<\/p>\n<p>G\u00fcne\u015f \u0131\u015f\u0131nlar\u0131n\u0131n yo\u011fun oldu\u011fu yaz mevsiminde, i\u015flemden sonra hassasla\u015fan sa\u00e7 derisine do\u011frudan g\u00fcne\u015f \u0131\u015f\u0131nlar\u0131 zarar verebilir. Bu, iyile\u015fmeyi yava\u015flatabilir ve ekilen sa\u00e7 k\u00f6klerinin sa\u011fl\u0131\u011f\u0131n\u0131 tehlikeye atabilir. Ayr\u0131ca, deniz ve havuz aktiviteleri, sa\u00e7 ekimi sonras\u0131 bak\u0131m s\u00fcrecini zorla\u015ft\u0131rabilir \u00e7\u00fcnk\u00fc klor ve tuzlu su, sa\u00e7 geli\u015fimini durdurabilir.<\/p>\n<p>Bununla birlikte, t\u00fcm bu nedenlere ra\u011fmen, do\u011fru bak\u0131m yap\u0131l\u0131rsa yaz\u0131n sa\u00e7 ekimi yap\u0131labilir. Sa\u00e7 ekimi sonras\u0131, doktorun \u00f6nerdi\u011fi \u015fekilde g\u00fcne\u015ften ka\u00e7\u0131nmak, hijyene dikkat etmek ve herhangi bir fiziksel aktivite yapmamak \u00e7ok \u00f6nemlidir. Yaz\u0131n sa\u00e7 ekimi yapmay\u0131 d\u00fc\u015f\u00fcn\u00fcyorsan\u0131z, i\u015flemi planlayan uzmanla mevsimsel riskler hakk\u0131nda detayl\u0131 bir \u015fekilde konu\u015fun.<\/p>\n<h2 class=\"JlqpRe\"><span class=\"ez-toc-section\" id=\"Kac_derece_saca_zarar_vermez\"><\/span><span class=\"JCzEY tNxQIb\"><span class=\"CSkcDe\">Ka\u00e7 derece sa\u00e7a zarar vermez?<\/span><\/span><span class=\"ez-toc-section-end\"><\/span><\/h2>\n<p>Is\u0131, sa\u00e7\u0131n tipik olarak hassas bir yap\u0131ya sahip oldu\u011fundan, 150\u00b0C&#8217;nin alt\u0131nda bir \u0131s\u0131 sa\u00e7a zarar verme olas\u0131l\u0131\u011f\u0131 \u00e7ok d\u00fc\u015f\u00fckt\u00fcr. Y\u00fcksek \u0131s\u0131ya maruz kald\u0131\u011f\u0131nda, keratin ad\u0131 verilen keratin proteinleri yap\u0131sal olarak zay\u0131flar. \u00d6zellikle d\u00fczle\u015ftirici, ma\u015fa veya sa\u00e7 kurutma makinesi gibi cihazlar\u0131n kullan\u0131m\u0131 s\u0131ras\u0131nda \u0131s\u0131ya dikkat edin.<\/p>\n<p>Sa\u011fl\u0131kl\u0131 sa\u00e7lar i\u00e7in genellikle 160-180\u00b0C aras\u0131nda bir \u0131s\u0131 g\u00fcvenli kabul edilir, ancak sa\u00e7lara ba\u011fl\u0131 olarak de\u011fi\u015febilir. Kal\u0131n ve g\u00fc\u00e7l\u00fc sa\u00e7lar daha y\u00fcksek \u0131s\u0131ya dayan\u0131kl\u0131d\u0131r, ancak ince telli veya zay\u0131f sa\u00e7lar daha d\u00fc\u015f\u00fck \u0131s\u0131ya bile zarar g\u00f6rebilir. 20\u00b0C \u00fczerindeki \u0131s\u0131lar ise hemen hemen her sa\u00e7 tipi i\u00e7in tehlikelidir ve s\u0131k s\u0131k kullan\u0131ld\u0131\u011f\u0131nda sa\u00e7 k\u0131r\u0131lmalar\u0131na, kurumas\u0131na ve y\u0131pranmas\u0131na neden olabilir.<\/p>\n<p>Is\u0131 kaynakl\u0131 hasar\u0131 \u00f6nlemek i\u00e7in sa\u00e7lar\u0131 m\u00fcmk\u00fcn oldu\u011funca d\u00fc\u015f\u00fck \u0131s\u0131da \u015fekillendirmek ve \u0131s\u0131 koruyucu \u00fcr\u00fcnler kullanmak \u00e7ok \u00f6nemlidir. Ek olarak, cihazlar\u0131n uzun s\u00fcre ayn\u0131 yerde tutulmamas\u0131na ve i\u015flemlerin s\u0131k s\u0131k yap\u0131lmamas\u0131na dikkat edilmelidir. Her zaman, sa\u00e7 sa\u011fl\u0131\u011f\u0131n\u0131 korumak i\u00e7in \u0131s\u0131ya dayal\u0131 i\u015flemleri en aza indirmek en iyisidir.<\/p>\n<h2 class=\"JlqpRe\"><span class=\"ez-toc-section\" id=\"Soguk_hava_sac_ekimine_zarar_verir_mi\"><\/span><span class=\"JCzEY tNxQIb\"><span class=\"CSkcDe\">So\u011fuk hava sa\u00e7 ekimine zarar verir mi?<\/span><\/span><span class=\"ez-toc-section-end\"><\/span><\/h2>\n<p>So\u011fuk hava, do\u011fru \u00f6nlemler al\u0131nmazsa sa\u00e7 ekimi sonras\u0131nda iyile\u015fme s\u00fcrecini olumsuz etkileyebilir, ancak do\u011frudan zarar vermez. So\u011fuk hava, sa\u00e7 ekimi sonras\u0131 hassasla\u015fan sa\u00e7 derisini kurutabilir ve iyile\u015fme s\u00fcresini uzatabilir. So\u011fuk hava, kan dola\u015f\u0131m\u0131n\u0131 da yava\u015flatabilir, bu da ekilen sa\u00e7 k\u00f6klerinin ihtiya\u00e7 duydu\u011fu oksijen ve besinleri almas\u0131n\u0131 zorla\u015ft\u0131rabilir.<\/p>\n<p>Bu s\u0131rada r\u00fczg\u00e2r ve ani s\u0131cakl\u0131k de\u011fi\u015fimlerinden korunmak \u00e7ok \u00f6nemlidir. Sa\u00e7 ekimi yap\u0131lan b\u00f6lgeyi korumak i\u00e7in doktorun tavsiye etti\u011fi rahat ve gev\u015fek bir \u015fapka giyilebilir. Bununla birlikte, b\u00f6lgeyi s\u0131k\u0131\u015ft\u0131rmak ve hava almas\u0131n\u0131 engellemek iyile\u015fmeyi olumsuz etkileyebilir.<\/p>\n<p>So\u011fuk havaya maruz kalma s\u0131ras\u0131nda sa\u00e7 derisinin kurumas\u0131n\u0131 \u00f6nlemek de \u00f6nemlidir. Doktorun \u00f6nerdi\u011fi bak\u0131m \u00fcr\u00fcnleri veya nemlendirici losyonlar kullan\u0131labilir. Sa\u00e7 ekimi sonras\u0131 ilk birka\u00e7 hafta boyunca a\u015f\u0131r\u0131 so\u011fuk havalarda kalmaktan ka\u00e7\u0131nmak, sa\u011fl\u0131kl\u0131 bir iyile\u015fme s\u00fcreci i\u00e7in daha iyi olacakt\u0131r.<\/p>\n<h2 class=\"p1\"><span class=\"ez-toc-section\" id=\"Sac_bakimina_dikkat\"><\/span>Sa\u00e7 bak\u0131m\u0131na dikkat<span class=\"ez-toc-section-end\"><\/span><\/h2>\n<p class=\"p1\">Havalar so\u011fuk olsa da, sa\u00e7 ekiminden sonraki birka\u00e7 ay boyunca sa\u00e7 kurutma veya \u015fekillendiricileri kullanmamaya \u00f6zen g\u00f6stermelisiniz. \u00c7\u00fcnk\u00fc f\u00f6n veya kurutma makinesinden \u00e7\u0131kan s\u0131cak hava ekim yap\u0131lan k\u00f6klere zarar vermektedir. M\u00fcmk\u00fcn oldu\u011funca havlu ile kurutma yap\u0131lmas\u0131 tavsiye edilir. Ama bu noktada da dikkatli olman\u0131z gerekir.<\/p>\n<p class=\"p1\">Sa\u00e7 ekiminden sonraki 1- 1,5 y\u0131l boyunca sa\u00e7lar\u0131n\u0131z\u0131n sa\u011fl\u0131kl\u0131 kalmas\u0131 ve uzamas\u0131 i\u00e7in gerekli \u00f6zeni azami oranda g\u00f6stermeniz gereklidir. Kimyasal i\u00e7eri\u011fi d\u00fc\u015f\u00fck \u015fampuanlar kullanman\u0131z, sa\u00e7lar\u0131n\u0131z \u00e7\u0131kmaya ba\u015flad\u0131ktan sonra buna g\u00fcvenerek tedbiri elden b\u0131rakmaman\u0131z, temizli\u011fe \u00f6zen g\u00f6stermeniz, sa\u00e7lar\u0131n\u0131z\u0131 ve sa\u00e7 derinizi etkileyecek her t\u00fcrl\u00fc maddeden ve sert hareketten ka\u00e7\u0131nman\u0131z gerekir.<\/p>\n<p class=\"p1\">Sa\u00e7 ekimi sonras\u0131 dikkat edilmesi gerekenler, en az operasyon kadar \u00f6nemlidir. Maddi ve fiziki k\u00fclfete girerek yapt\u0131rd\u0131\u011f\u0131n\u0131z sa\u00e7 ekiminden bekledi\u011finiz sonucu alman\u0131z i\u00e7in kurallara uyman\u0131z ve \u00f6zenli davranman\u0131z halinde eski sa\u00e7lar\u0131n\u0131za kavu\u015fmaman\u0131z i\u00e7in hi\u00e7bir sebep yok.<\/p>\n<p class=\"p1\">Yasal Uyar\u0131: Bu sayfadaki ifadeler bilgi verme ama\u00e7l\u0131 olup, ba\u011flay\u0131c\u0131 nitelik ta\u015f\u0131maz. Hi\u00e7bir bilgi, tedavi tavsiyesi olmay\u0131p, doktor tavsiyelerinin \u00f6n\u00fcnde de\u011fildir. Kesin bilgi ve talimatlar\u0131, yaln\u0131zca doktorunuzdan alman\u0131z sa\u011fl\u0131\u011f\u0131n\u0131z a\u00e7\u0131s\u0131ndan son derece \u00f6nemlidir.<\/p>\n<p>Kaynak\u00e7a:<\/p>\n<p><a href=\"https:\/\/www.njfue.com\/blog\/does-cold-warm-weather-affect-hair-transplant\" target=\"_blank\" rel=\"noopener\">https:\/\/www.njfue.com\/blog\/does-cold-warm-weather-affect-hair-transplant<\/a><\/p>\n","protected":false},"excerpt":{"rendered":"<p>Sa\u00e7 ekimi, sa\u00e7 d\u00f6k\u00fclmesi s\u0131k\u0131nt\u0131s\u0131 ya da sa\u00e7 kayb\u0131 ya\u015fayan ki\u015filerde seyrelme ve kellik sorununa do\u011fal ve kal\u0131c\u0131 bir \u00e7\u00f6z\u00fcm yoludur. Sa\u00e7 k\u00f6k\u00fcn\u00fcn art\u0131k aktif olmad\u0131\u011f\u0131, sa\u00e7s\u0131zl\u0131\u011f\u0131n olu\u015ftu\u011fu alanlara sa\u011fl\u0131kl\u0131 sa\u00e7 k\u00f6klerinin mikro cerrahi y\u00f6ntemlerle nakledilmesi i\u015flemine sa\u00e7 ekimi ad\u0131 verilmektedir. Sa\u00e7 ekiminde d\u00f6k\u00fclen b\u00f6lgeye, hastan\u0131n kendi sa\u011fl\u0131kl\u0131 sa\u00e7lar\u0131 eklenmektedir. Sa\u00e7 ekimi tamamen ki\u015fiye \u00f6zel [&hellip;]<\/p>\n","protected":false},"author":1,"featured_media":2460,"comment_status":"closed","ping_status":"closed","sticky":false,"template":"","format":"standard","meta":{"footnotes":""},"categories":[9],"tags":[],"class_list":["post-2459","post","type-post","status-publish","format-standard","has-post-thumbnail","hentry","category-blog"],"_links":{"self":[{"href":"https:\/\/www.yetkinbayer.com\/tr\/wp-json\/wp\/v2\/posts\/2459","targetHints":{"allow":["GET"]}}],"collection":[{"href":"https:\/\/www.yetkinbayer.com\/tr\/wp-json\/wp\/v2\/posts"}],"about":[{"href":"https:\/\/www.yetkinbayer.com\/tr\/wp-json\/wp\/v2\/types\/post"}],"author":[{"embeddable":true,"href":"https:\/\/www.yetkinbayer.com\/tr\/wp-json\/wp\/v2\/users\/1"}],"replies":[{"embeddable":true,"href":"https:\/\/www.yetkinbayer.com\/tr\/wp-json\/wp\/v2\/comments?post=2459"}],"version-history":[{"count":1,"href":"https:\/\/www.yetkinbayer.com\/tr\/wp-json\/wp\/v2\/posts\/2459\/revisions"}],"predecessor-version":[{"id":2473,"href":"https:\/\/www.yetkinbayer.com\/tr\/wp-json\/wp\/v2\/posts\/2459\/revisions\/2473"}],"wp:featuredmedia":[{"embeddable":true,"href":"https:\/\/www.yetkinbayer.com\/tr\/wp-json\/wp\/v2\/media\/2460"}],"wp:attachment":[{"href":"https:\/\/www.yetkinbayer.com\/tr\/wp-json\/wp\/v2\/media?parent=2459"}],"wp:term":[{"taxonomy":"category","embeddable":true,"href":"https:\/\/www.yetkinbayer.com\/tr\/wp-json\/wp\/v2\/categories?post=2459"},{"taxonomy":"post_tag","embeddable":true,"href":"https:\/\/www.yetkinbayer.com\/tr\/wp-json\/wp\/v2\/tags?post=2459"}],"curies":[{"name":"wp","href":"https:\/\/api.w.org\/{rel}","templated":true}]}}