{"id":2444,"date":"2025-04-28T12:50:55","date_gmt":"2025-04-28T09:50:55","guid":{"rendered":"https:\/\/www.yetkinbayer.com\/?p=2444"},"modified":"2025-04-28T12:50:55","modified_gmt":"2025-04-28T09:50:55","slug":"sac-ekimi-sonrasi-bandana","status":"publish","type":"post","link":"https:\/\/www.yetkinbayer.com\/tr\/sac-ekimi-sonrasi-bandana\/","title":{"rendered":"Sa\u00e7 ekimi sonras\u0131 bandana"},"content":{"rendered":"<p class=\"p1\"><strong>Sa\u00e7lar<\/strong> estetik g\u00f6r\u00fcn\u00fcm\u00fcn tamamlanmas\u0131ndaki en temel \u00f6\u011felerindendir. De\u011fi\u015fen \u015fartlar ve zaman ile g\u00fcn\u00fcm\u00fczde sa\u00e7lar\u0131yla ilgili sorun ya\u015fayan pek \u00e7ok ki\u015fiye rastlanabilir. burada ki\u015finin kar\u015f\u0131la\u015ft\u0131\u011f\u0131 sa\u011fl\u0131k sorununu \u00e7\u00f6zebilmek ad\u0131na \u00f6ncesinde pek \u00e7ok ara\u015ft\u0131rma yapmak gerekir.<\/p>\n<p class=\"p1\">Ki\u015finin sa\u011fl\u0131k ge\u00e7mi\u015fi \u00f6nemli bir noktada yer al\u0131r. Ki\u015finin geneti\u011fi, bir cilt hastal\u0131\u011f\u0131n\u0131n olup olmamas\u0131, vitamin de\u011ferlerindeki eksiklikler, ya\u015f\u0131n ilerlemesi, sa\u011fl\u0131ks\u0131z beslenme, kirli ya\u015fam ko\u015fullar\u0131 ve baz\u0131 hastal\u0131klar sa\u00e7larda ortaya \u00e7\u0131kan bu problemin temel sebepleri olabilmektedir.<\/p>\n<p class=\"p1\">sa\u00e7 kay\u0131plar\u0131n\u0131 engellemenin en iyi yolu, \u00f6nceden tedbir almakt\u0131r. Sa\u011fl\u0131kl\u0131 besinler t\u00fcketmek, zararl\u0131 al\u0131\u015fkanl\u0131klardan uzak durmak, spor yapmak, temizlik kurallar\u0131na riayet etmek, sa\u011fl\u0131\u011fa \u00f6nem vermek bu tedbirlerin baz\u0131lar\u0131d\u0131r. t\u00fcm bu tedbirlere ra\u011fmen sa\u00e7 d\u00f6k\u00fclmesi ile kar\u015f\u0131 kar\u015f\u0131ya kal\u0131nd\u0131\u011f\u0131 durumlar da olabilmektedir. i\u015fte, b\u00f6yle durumda ilk ba\u015fvurulmas\u0131 gereken tedavi y\u00f6ntemlerinden bir tanesi sa\u00e7 mezoterapisidir.<\/p>\n<p class=\"p1\">sa\u00e7 ekim operasyonunun t\u00fcm a\u015famalar\u0131nda hijyen kavram\u0131 mutlak bir \u00f6neme sahip olup, bu durum sa\u00e7 ekimi sonras\u0131 bandaj \u00e7\u0131karma noktas\u0131nda da ayn\u0131 \u015fekilde \u00f6nemi korumaktad\u0131r. operasyondan sonraki ikinci ya da \u00fc\u00e7\u00fcnc\u00fc g\u00fcn bandaj a\u00e7\u0131larak sa\u00e7 ekimi sonras\u0131 ilk y\u0131kama yap\u0131l\u0131r ve bu y\u0131kama esnas\u0131nda \u00f6zel losyon ile \u015fampuanlar\u0131n kullan\u0131ld\u0131\u011f\u0131 unutulmamal\u0131d\u0131r.<\/p>\n<p class=\"p1\">Genellikle operasyon sonras\u0131ndaki 48 saatlik s\u00fcre i\u00e7erisinde bandaj \u00e7\u0131kart\u0131l\u0131r. y\u0131kama sonras\u0131nda \u00e7o\u011funlukla bandaj tekrar tak\u0131lmaz, bunun nedeni ise; terlemeye ba\u011fl\u0131 olarak sa\u00e7 k\u00f6klerinin iyile\u015fme s\u00fcrecinin gecikmesi ve \u00e7\u0131kan sa\u00e7 say\u0131s\u0131n\u0131n azalma ihtimalidir.<\/p>\n<p class=\"p1\">genel itibariyle bak\u0131ld\u0131\u011f\u0131nda; sa\u00e7 ekimi sonras\u0131nda dikkat edilmesi gereken t\u00fcm noktalar\u0131n birbirleriyle ili\u015fki i\u00e7erisinde oldu\u011fu ve bu noktalar\u0131n esas al\u0131nmas\u0131ndaki temel amac\u0131n; operasyon sonras\u0131 olduk\u00e7a hassas hale <strong><a href=\"https:\/\/wwwyetkinbayer.com\/tr\/sac-ekimi-sonrasi\" target=\"_blank\" rel=\"noopener\">sa\u00e7 ekimi sonras\u0131<\/a><\/strong> sa\u00e7 band\u0131 ne zaman \u00e7\u0131kar gelen sa\u00e7 k\u00f6klerinin iyile\u015fme s\u00fcrecinin h\u0131zland\u0131r\u0131lmas\u0131 ve operasyondan al\u0131nacak olan verimin artt\u0131r\u0131lmas\u0131 oldu\u011fu g\u00f6r\u00fcl\u00fcr. dolay\u0131s\u0131yla operasyon s\u00fcreci ge\u00e7iren bireylerin kesinlikle hekim tavsiyelerinin d\u0131\u015f\u0131na \u00e7\u0131kmamas\u0131 ve do\u011frulu\u011fu kan\u0131tlanmam\u0131\u015f bilgilere itibar etmemesi gerekir.<\/p>\n<p>&#8220;sa\u00e7 ekimi sonras\u0131 bandana kullan\u0131l\u0131r m\u0131?&#8221; sorusu sa\u00e7 ekimi yapt\u0131rm\u0131\u015f ki\u015filer taraf\u0131ndan en fazla y\u00f6neltilen sorulardan biridir. dr. yetkin bayer, &#8220;sa\u00e7 ekimi sonras\u0131 bandana tak\u0131l\u0131r m\u0131?&#8221; ve &#8220;sa\u00e7 ekimi sonras\u0131 dikkat edilmesi gerekenler nelerdir?&#8221; gibi sorular\u0131 sizler i\u00e7in yan\u0131tl\u0131yor.<\/p>\n<div id=\"ez-toc-container\" class=\"ez-toc-v2_0_82_2 counter-flat ez-toc-counter ez-toc-grey ez-toc-container-direction\">\n<div class=\"ez-toc-title-container\">\n<p class=\"ez-toc-title\" style=\"cursor:inherit\">Table of Contents<\/p>\n<span class=\"ez-toc-title-toggle\"><a href=\"#\" class=\"ez-toc-pull-right ez-toc-btn ez-toc-btn-xs ez-toc-btn-default ez-toc-toggle\" aria-label=\"\u0130\u00e7indekiler Tablosunu A\u00e7\/Kapat\"><span class=\"ez-toc-js-icon-con\"><span class=\"\"><span class=\"eztoc-hide\" style=\"display:none;\">Toggle<\/span><span class=\"ez-toc-icon-toggle-span\"><svg style=\"fill: #999;color:#999\" xmlns=\"http:\/\/www.w3.org\/2000\/svg\" class=\"list-377408\" width=\"20px\" height=\"20px\" viewBox=\"0 0 24 24\" fill=\"none\"><path d=\"M6 6H4v2h2V6zm14 0H8v2h12V6zM4 11h2v2H4v-2zm16 0H8v2h12v-2zM4 16h2v2H4v-2zm16 0H8v2h12v-2z\" fill=\"currentColor\"><\/path><\/svg><svg style=\"fill: #999;color:#999\" class=\"arrow-unsorted-368013\" xmlns=\"http:\/\/www.w3.org\/2000\/svg\" width=\"10px\" height=\"10px\" viewBox=\"0 0 24 24\" version=\"1.2\" baseProfile=\"tiny\"><path d=\"M18.2 9.3l-6.2-6.3-6.2 6.3c-.2.2-.3.4-.3.7s.1.5.3.7c.2.2.4.3.7.3h11c.3 0 .5-.1.7-.3.2-.2.3-.5.3-.7s-.1-.5-.3-.7zM5.8 14.7l6.2 6.3 6.2-6.3c.2-.2.3-.5.3-.7s-.1-.5-.3-.7c-.2-.2-.4-.3-.7-.3h-11c-.3 0-.5.1-.7.3-.2.2-.3.5-.3.7s.1.5.3.7z\"\/><\/svg><\/span><\/span><\/span><\/a><\/span><\/div>\n<nav><ul class='ez-toc-list ez-toc-list-level-1 eztoc-toggle-hide-by-default' ><li class='ez-toc-page-1'><a class=\"ez-toc-link ez-toc-heading-1\" href=\"#\" data-href=\"https:\/\/www.yetkinbayer.com\/tr\/sac-ekimi-sonrasi-bandana\/#sac_ekimi_sonrasi_bandana_takilir_mi\" >sa\u00e7 ekimi sonras\u0131 bandana tak\u0131l\u0131r m\u0131?<\/a><\/li><li class='ez-toc-page-1'><a class=\"ez-toc-link ez-toc-heading-2\" href=\"#\" data-href=\"https:\/\/www.yetkinbayer.com\/tr\/sac-ekimi-sonrasi-bandana\/#sac_ekimi_sonrasinda_dikkat_edilmesi_gerekenler_nelerdir\" >sa\u00e7 ekimi sonras\u0131nda dikkat edilmesi gerekenler nelerdir?<\/a><\/li><\/ul><\/nav><\/div>\n<h2><span class=\"ez-toc-section\" id=\"sac_ekimi_sonrasi_bandana_takilir_mi\"><\/span>sa\u00e7 ekimi sonras\u0131 bandana tak\u0131l\u0131r m\u0131?<span class=\"ez-toc-section-end\"><\/span><\/h2>\n<p class=\"p1\">sa\u00e7 ekimi, kaybedilen sa\u00e7lar\u0131n yerine yine ki\u015finin kendi sa\u00e7lar\u0131n\u0131n yerle\u015ftirilmesi ile uygulanan kal\u0131c\u0131 ve en g\u00fcvenilir bir yollardan biridir. ameliyats\u0131z, kesiksiz, ne\u015fter kullan\u0131lmadan yap\u0131ld\u0131\u011f\u0131 i\u00e7in i\u015flem sonras\u0131nda herhangi bir iz kalma ihtimali olmaz. ayr\u0131ca sa\u00e7 ekiminde ki\u015finin kendi do\u011fal sa\u00e7lar\u0131 kullan\u0131ld\u0131\u011f\u0131 i\u00e7in yeni sa\u00e7lar di\u011ferlerinden farkl\u0131 olmayan, do\u011fal bir g\u00f6r\u00fcn\u00fcme sahip olmalar\u0131 sa\u011flan\u0131r.<\/p>\n<p class=\"p1\">sa\u00e7 ektirme i\u015flemi i\u00e7in sa\u011fl\u0131k merkezlerine m\u00fcracaat eden ki\u015filerin \u00f6ncelikle gerekli b\u00fct\u00fcn testleri yap\u0131larak alerjik durumlar\u0131n\u0131n olup olmad\u0131\u011f\u0131 uygulanacak tedavi y\u00f6ntemlerinin deri tabakalar\u0131na nas\u0131l etki edece\u011fi al\u0131nan sonu\u00e7lar do\u011frultusunda kararlar al\u0131narak uygulama a\u015famas\u0131na ge\u00e7ilmektedir.<\/p>\n<p class=\"p1\">Tam te\u015fekk\u00fcll\u00fc modern t\u0131bbi cihazlarla donat\u0131lm\u0131\u015f sa\u00e7 ekim merkezleri tecr\u00fcbeli estetik cerrahlar\u0131 ile yapt\u0131klar\u0131 \u00e7al\u0131\u015fmalarda yan etki olu\u015fturabilecek b\u00fct\u00fcn tetkikleri yapmaktad\u0131rlar. fakat g\u00fcn\u00fcm\u00fczde bir\u00e7ok sa\u00e7 ekim merkezi sadece ticari kazan\u00e7 hedefleyerek bir\u00e7ok faydal\u0131 olabilecek tedavi y\u00f6ntemini atlayabilmektedir. b\u00f6yle bir durumda deri dokusunun cerrahi m\u00fcdahaleye kar\u015f\u0131 g\u00f6sterece\u011fi reaksiyon <strong><a href=\"https:\/\/wwwyetkinbayer.com\/tr\/sac-ekimi\" target=\"_blank\" rel=\"noopener\">sa\u00e7 ekimi<\/a><\/strong> tedavisi s\u00fcresi i\u00e7erisinde \u015fi\u015flik ve morluk olarak ortaya \u00e7\u0131kmaktad\u0131r.<\/p>\n<p class=\"p1\">kurallara uyuldu\u011fu taktirde a\u011fr\u0131, morluk veya \u015fi\u015flik olu\u015fmas\u0131 \u00e7ok fazla g\u00f6r\u00fclmemektedir. operasyondan sonra hastaya nas\u0131l davranmas\u0131 gerekti\u011fi ayr\u0131nt\u0131l\u0131 bir \u015fekilde anlat\u0131larak, operasyondan sonra olu\u015fabilecek s\u0131k\u0131nt\u0131lar\u0131n \u00f6n\u00fcne kesin olarak ge\u00e7ilmektedir.<\/p>\n<p class=\"p1\">Sa\u00e7 ekim operasyonundan sonra hastaya kullanmas\u0131 gereken ila\u00e7lar verilir. bu ila\u00e7lar\u0131n kullan\u0131lmas\u0131 son derece \u00f6nemlidir. bir ila iki g\u00fcn kullan\u0131lacak bu ila\u00e7lar\u0131n kullan\u0131lma \u015fekli hastaya ayr\u0131nt\u0131l\u0131 bir \u015fekilde anlat\u0131l\u0131r. hasta bu ila\u00e7lar\u0131 aksatmadan kulland\u0131\u011f\u0131nda a\u011fr\u0131 olu\u015fmas\u0131 engellenmi\u015f olacakt\u0131r.<\/p>\n<h2 class=\"p1\"><span class=\"ez-toc-section\" id=\"sac_ekimi_sonrasinda_dikkat_edilmesi_gerekenler_nelerdir\"><\/span>sa\u00e7 ekimi sonras\u0131nda dikkat edilmesi gerekenler nelerdir?<span class=\"ez-toc-section-end\"><\/span><\/h2>\n<p class=\"p1\">sa\u00e7 ekimi operasyonu s\u0131ras\u0131nda hem don\u00f6r b\u00f6lgeye hem de nakil b\u00f6lgesine i\u015flem yap\u0131ld\u0131\u011f\u0131ndan, bu b\u00f6lgelere ekstra \u00f6zen g\u00f6sterilmesi gerekir. sa\u00e7 ekimi sonras\u0131 sa\u00e7 band\u0131 ne zaman \u00e7\u0131kar sorusunun kesin cevab\u0131 hekiminiz taraf\u0131ndan verilir.<span class=\"apple-converted-space\">\u00a0<\/span><\/p>\n<ul class=\"ul1\">\n<li class=\"li1\">sa\u00e7 ekimi sonras\u0131 ilk 3 g\u00fcn evde istirahat edip, ba\u015f b\u00f6lgesini olas\u0131 darbelere kar\u015f\u0131 korumal\u0131s\u0131n\u0131z. operasyondan sonra ilk 15 g\u00fcn sa\u00e7lar\u0131n\u0131zda k\u0131zar\u0131kl\u0131k ve kabuklanmalar olu\u015fur. olu\u015fan bu kabuklanmalar 15 g\u00fcn i\u00e7erisinde kendili\u011finden d\u00f6k\u00fclecektir. sa\u00e7 ekimi istanbul merkezleri sa\u00e7 ekimi konusunda olduk\u00e7a iyidir.<\/li>\n<li class=\"li1\">operasyon sonras\u0131nda ilk 15 g\u00fcn mutlaka \u015fapka takmal\u0131s\u0131n\u0131z. bu sayede g\u00fcne\u015ften gelen zararl\u0131 uv \u0131\u015f\u0131nlar\u0131, ya\u011fmur, r\u00fczgar, toz gibi d\u0131\u015f etkenlere kar\u015f\u0131 korunmu\u015f olacaks\u0131n\u0131z. sa\u00e7 ekimi sonras\u0131nda ilk bir ay spor salonlar, deniz, hamam gibi ortamlardan uzak durun.<\/li>\n<li class=\"li1\">b\u00f6ylece ekim yap\u0131lan b\u00f6lgede olu\u015fabilecek iltihaplanmalar\u0131 ve olas\u0131 darbeleri \u00f6nlemi\u015f olursunuz. sa\u00e7 ekiminden sonra yapt\u0131rabilece\u011finiz birka\u00e7 seans sa\u00e7 k\u00f6klerinin geli\u015fiminde ihtiyac\u0131 olan vitamin, mineral ve aminoasitleri sa\u011flayabilirsiniz. bu sayede ekilen sa\u00e7lar\u0131n\u0131z hem \u00e7ok daha h\u0131zl\u0131 uzayacak hem de daha do\u011fal g\u00f6z\u00fckecektir.<\/li>\n<\/ul>\n<p class=\"p1\">sa\u00e7 ekimi sonras\u0131nda, sa\u00e7 ve sa\u00e7 derinize zarar verebilecek aksesuarlar\u0131n bir k\u0131sm\u0131na, belli bir s\u00fcre ara vermenizde fayda vard\u0131r. bandana da bunlardan bir tanesidir. t\u0131pk\u0131 \u015fapka ve peruk gibi bandana da <a href=\"https:\/\/yetkinbayer.com\/sac-ekimi-sonuclari.html\" target=\"_blank\" rel=\"noopener\">sa\u00e7 ekimi sonu\u00e7lar\u0131n\u0131<\/a> negatif etkileyebilecek bir aksesuard\u0131r. an az\u0131ndan ilk 6 ay kullan\u0131lmamas\u0131 faydal\u0131 olabilir.<\/p>\n<p class=\"p1\">yasal uyar\u0131: bu sayfadaki ifadeler bilgi verme ama\u00e7l\u0131 olup, ba\u011flay\u0131c\u0131 nitelik ta\u015f\u0131maz. hi\u00e7bir bilgi, tedavi tavsiyesi olmay\u0131p, doktor tavsiyelerinin \u00f6n\u00fcnde de\u011fildir. kesin bilgi ve talimatlar\u0131, yaln\u0131zca doktorunuzdan alman\u0131z sa\u011fl\u0131\u011f\u0131n\u0131z a\u00e7\u0131s\u0131ndan son derece \u00f6nemlidir.<\/p>\n<p>kaynak\u00e7a:<\/p>\n<p><a href=\"https:\/\/nashvillehairdoctor.com\/fue\/recovery-tips\/dos-donts-after-hair-transplant\" target=\"_blank\" rel=\"noopener\">https:\/\/nashvillehairdoctor.com\/fue\/recovery-tips\/dos-donts-after-hair-transplant<\/a><\/p>\n","protected":false},"excerpt":{"rendered":"<p>Sa\u00e7lar estetik g\u00f6r\u00fcn\u00fcm\u00fcn tamamlanmas\u0131ndaki en temel \u00f6\u011felerindendir. De\u011fi\u015fen \u015fartlar ve zaman ile g\u00fcn\u00fcm\u00fczde sa\u00e7lar\u0131yla ilgili sorun ya\u015fayan pek \u00e7ok ki\u015fiye rastlanabilir. burada ki\u015finin kar\u015f\u0131la\u015ft\u0131\u011f\u0131 sa\u011fl\u0131k sorununu \u00e7\u00f6zebilmek ad\u0131na \u00f6ncesinde pek \u00e7ok ara\u015ft\u0131rma yapmak gerekir. Ki\u015finin sa\u011fl\u0131k ge\u00e7mi\u015fi \u00f6nemli bir noktada yer al\u0131r. Ki\u015finin geneti\u011fi, bir cilt hastal\u0131\u011f\u0131n\u0131n olup olmamas\u0131, vitamin de\u011ferlerindeki eksiklikler, ya\u015f\u0131n ilerlemesi, sa\u011fl\u0131ks\u0131z [&hellip;]<\/p>\n","protected":false},"author":1,"featured_media":2445,"comment_status":"closed","ping_status":"closed","sticky":false,"template":"","format":"standard","meta":{"footnotes":""},"categories":[9],"tags":[],"class_list":["post-2444","post","type-post","status-publish","format-standard","has-post-thumbnail","hentry","category-blog"],"_links":{"self":[{"href":"https:\/\/www.yetkinbayer.com\/tr\/wp-json\/wp\/v2\/posts\/2444","targetHints":{"allow":["GET"]}}],"collection":[{"href":"https:\/\/www.yetkinbayer.com\/tr\/wp-json\/wp\/v2\/posts"}],"about":[{"href":"https:\/\/www.yetkinbayer.com\/tr\/wp-json\/wp\/v2\/types\/post"}],"author":[{"embeddable":true,"href":"https:\/\/www.yetkinbayer.com\/tr\/wp-json\/wp\/v2\/users\/1"}],"replies":[{"embeddable":true,"href":"https:\/\/www.yetkinbayer.com\/tr\/wp-json\/wp\/v2\/comments?post=2444"}],"version-history":[{"count":1,"href":"https:\/\/www.yetkinbayer.com\/tr\/wp-json\/wp\/v2\/posts\/2444\/revisions"}],"predecessor-version":[{"id":2458,"href":"https:\/\/www.yetkinbayer.com\/tr\/wp-json\/wp\/v2\/posts\/2444\/revisions\/2458"}],"wp:featuredmedia":[{"embeddable":true,"href":"https:\/\/www.yetkinbayer.com\/tr\/wp-json\/wp\/v2\/media\/2445"}],"wp:attachment":[{"href":"https:\/\/www.yetkinbayer.com\/tr\/wp-json\/wp\/v2\/media?parent=2444"}],"wp:term":[{"taxonomy":"category","embeddable":true,"href":"https:\/\/www.yetkinbayer.com\/tr\/wp-json\/wp\/v2\/categories?post=2444"},{"taxonomy":"post_tag","embeddable":true,"href":"https:\/\/www.yetkinbayer.com\/tr\/wp-json\/wp\/v2\/tags?post=2444"}],"curies":[{"name":"wp","href":"https:\/\/api.w.org\/{rel}","templated":true}]}}