{"id":2414,"date":"2025-04-28T12:25:27","date_gmt":"2025-04-28T09:25:27","guid":{"rendered":"https:\/\/www.yetkinbayer.com\/?p=2414"},"modified":"2025-04-28T12:25:27","modified_gmt":"2025-04-28T09:25:27","slug":"sac-ekimi-sonrasi-surtunme-neden-zararlidir","status":"publish","type":"post","link":"https:\/\/www.yetkinbayer.com\/tr\/sac-ekimi-sonrasi-surtunme-neden-zararlidir\/","title":{"rendered":"Sa\u00e7 Ekimi Sonras\u0131 S\u00fcrt\u00fcnme\u00a0Neden Zararl\u0131d\u0131r?"},"content":{"rendered":"<p class=\"p1\"><a href=\"https:\/\/www.yetkinbayer.com\/tr\/sac-ekimi\"><strong>Sa\u00e7 ekimi<\/strong><\/a> i\u015flemi titizlik gerektiren bir i\u015flemdir. \u0130\u015flem sonras\u0131 bak\u0131mda dikkat ve titizlik gerektirmektedir. \u0130\u015flem sonras\u0131nda hastan\u0131n bu g\u00f6revi \u00fcstlenmesi gerekmektedir. Sa\u00e7 ekimi i\u015flemi sonras\u0131nda dikkat edilmesi gereken en \u00f6nemli konulardan biride sa\u00e7 ekimi sonras\u0131 s\u00fcrt\u00fcnmedir. Sa\u00e7 ekimi i\u015flemi sonras\u0131nda kafada s\u00fcrt\u00fcnme olu\u015fmas\u0131, i\u015flemin ba\u015far\u0131s\u0131n\u0131 do\u011frudan etkilemektedir.<\/p>\n<p class=\"p1\">Sa\u00e7 Ekimi sonras\u0131 s\u00fcrt\u00fcnme yayg\u0131n kar\u015f\u0131la\u015f\u0131lan bir hatad\u0131r ve <strong>sa\u00e7 ekiminin sonu\u00e7lar\u0131<\/strong>\u00a0ciddi \u015fekilde etkiler. Sa\u00e7 ektiren ki\u015finin \u00f6zellikle bilin\u00e7li olmad\u0131\u011f\u0131, \u00f6rne\u011fin uyku periyotlar\u0131nda ekilen sa\u00e7 k\u00f6kleri s\u00fcrt\u00fcnmeye maruz kalabilir.<\/p>\n<p class=\"p1\">Bunun d\u0131\u015f\u0131nda ba\u015f\u0131n \u00f6rt\u00fclmesi gibi durumlarda da yeni ekilen k\u00f6klerin ciddi zarar g\u00f6rece\u011fi s\u00f6ylenebilir. Nas\u0131l ki, \u015fapka takmak; normal sa\u00e7lara dahi zarar veriyorsa, ekim i\u015flemi yap\u0131ld\u0131ktan sonra bu hassasiyetin boyutu artar ve sa\u00e7lar g\u00f6rebilir.<\/p>\n<p class=\"p1\">Bu nedenlerden dolay\u0131, sa\u00e7 ekimi yap\u0131ld\u0131ktan sonra kafada s\u00fcrt\u00fcnmeden ka\u00e7\u0131nmak, son derece \u00f6nemlidir. Geceleri uyku s\u0131ras\u0131nda \u00f6zel ara\u00e7lar kullan\u0131larak yat\u0131\u015f pozisyonunun s\u00fcrt\u00fcnmeye neden olmamas\u0131 sa\u011flanabilirken, ba\u015f\u0131 \u00f6rtmemek ve fark\u0131nda oldu\u011fumuz zamanlarda dikkatsiz davranmamak s\u00fcrt\u00fcnme risklerini azalt\u0131p, sa\u00e7 k\u00f6klerinin yerle\u015fmesine yard\u0131mc\u0131 olacakt\u0131r. Bu hususta doktorunuzun talimatlar\u0131 \u00f6ncelikle dikkat etmeniz gereken hususlard\u0131r.<\/p>\n<p>&#8220;Sa\u00e7 ekimi sonras\u0131 s\u00fcrt\u00fcnme ekime zarar verir mi?&#8221; sorusu sa\u00e7 ekimi yapt\u0131rm\u0131\u015f ki\u015filer taraf\u0131ndan en fazla y\u00f6neltilen sorulardan biridir. Dr. Yetkin Bayer, &#8220;Sa\u00e7 ekimi sonras\u0131 kafada neden s\u00fcrt\u00fcnme olu\u015fmamal\u0131d\u0131r?&#8221; ve &#8220;Sa\u00e7 ekimi sonras\u0131 s\u00fcrt\u00fcnme ile ilgili ne gibi \u00f6nlemler al\u0131nmal\u0131d\u0131r?&#8221; gibi sorular\u0131 sizler i\u00e7in yan\u0131tl\u0131yor.<\/p>\n<div id=\"ez-toc-container\" class=\"ez-toc-v2_0_82_2 counter-flat ez-toc-counter ez-toc-grey ez-toc-container-direction\">\n<div class=\"ez-toc-title-container\">\n<p class=\"ez-toc-title\" style=\"cursor:inherit\">Table of Contents<\/p>\n<span class=\"ez-toc-title-toggle\"><a href=\"#\" class=\"ez-toc-pull-right ez-toc-btn ez-toc-btn-xs ez-toc-btn-default ez-toc-toggle\" aria-label=\"\u0130\u00e7indekiler Tablosunu A\u00e7\/Kapat\"><span class=\"ez-toc-js-icon-con\"><span class=\"\"><span class=\"eztoc-hide\" style=\"display:none;\">Toggle<\/span><span class=\"ez-toc-icon-toggle-span\"><svg style=\"fill: #999;color:#999\" xmlns=\"http:\/\/www.w3.org\/2000\/svg\" class=\"list-377408\" width=\"20px\" height=\"20px\" viewBox=\"0 0 24 24\" fill=\"none\"><path d=\"M6 6H4v2h2V6zm14 0H8v2h12V6zM4 11h2v2H4v-2zm16 0H8v2h12v-2zM4 16h2v2H4v-2zm16 0H8v2h12v-2z\" fill=\"currentColor\"><\/path><\/svg><svg style=\"fill: #999;color:#999\" class=\"arrow-unsorted-368013\" xmlns=\"http:\/\/www.w3.org\/2000\/svg\" width=\"10px\" height=\"10px\" viewBox=\"0 0 24 24\" version=\"1.2\" baseProfile=\"tiny\"><path d=\"M18.2 9.3l-6.2-6.3-6.2 6.3c-.2.2-.3.4-.3.7s.1.5.3.7c.2.2.4.3.7.3h11c.3 0 .5-.1.7-.3.2-.2.3-.5.3-.7s-.1-.5-.3-.7zM5.8 14.7l6.2 6.3 6.2-6.3c.2-.2.3-.5.3-.7s-.1-.5-.3-.7c-.2-.2-.4-.3-.7-.3h-11c-.3 0-.5.1-.7.3-.2.2-.3.5-.3.7s.1.5.3.7z\"\/><\/svg><\/span><\/span><\/span><\/a><\/span><\/div>\n<nav><ul class='ez-toc-list ez-toc-list-level-1 eztoc-toggle-hide-by-default' ><li class='ez-toc-page-1'><a class=\"ez-toc-link ez-toc-heading-1\" href=\"#\" data-href=\"https:\/\/www.yetkinbayer.com\/tr\/sac-ekimi-sonrasi-surtunme-neden-zararlidir\/#Sac_ekimi_sonrasi_neden_kafada_surtunme_olusmamalidir\" >Sa\u00e7 ekimi sonras\u0131 neden kafada s\u00fcrt\u00fcnme olu\u015fmamal\u0131d\u0131r?<\/a><\/li><li class='ez-toc-page-1'><a class=\"ez-toc-link ez-toc-heading-2\" href=\"#\" data-href=\"https:\/\/www.yetkinbayer.com\/tr\/sac-ekimi-sonrasi-surtunme-neden-zararlidir\/#Sac_Ekimi_Islemi_Sonrasinda_Kafaya_Alinan_Darbe_ile_Olusan_Negatif_Etkiler_Ne_Zaman_Gorulur\" >Sa\u00e7 Ekimi \u0130\u015flemi Sonras\u0131nda Kafaya Al\u0131nan Darbe ile Olu\u015fan Negatif Etkiler Ne Zaman G\u00f6r\u00fcl\u00fcr?<\/a><\/li><li class='ez-toc-page-1'><a class=\"ez-toc-link ez-toc-heading-3\" href=\"#\" data-href=\"https:\/\/www.yetkinbayer.com\/tr\/sac-ekimi-sonrasi-surtunme-neden-zararlidir\/#Sac_Ekimi_Islemi_Sonrasinda_Surtunme_ile_Ilgili_Ne_Gibi_Onlemler_Alinmalidir\" >Sa\u00e7 Ekimi \u0130\u015flemi Sonras\u0131nda S\u00fcrt\u00fcnme ile \u0130lgili Ne Gibi \u00d6nlemler Al\u0131nmal\u0131d\u0131r?<\/a><\/li><li class='ez-toc-page-1'><a class=\"ez-toc-link ez-toc-heading-4\" href=\"#\" data-href=\"https:\/\/www.yetkinbayer.com\/tr\/sac-ekimi-sonrasi-surtunme-neden-zararlidir\/#Sac_Ekimi_Islemi_Sonrasinda_Kafaya_Alinan_Darbe_ve_Kanama\" >Sa\u00e7 Ekimi \u0130\u015flemi Sonras\u0131nda Kafaya Al\u0131nan Darbe ve Kanama<\/a><\/li><li class='ez-toc-page-1'><a class=\"ez-toc-link ez-toc-heading-5\" href=\"#\" data-href=\"https:\/\/www.yetkinbayer.com\/tr\/sac-ekimi-sonrasi-surtunme-neden-zararlidir\/#Sac_Ekimi_Islemi_Sonrasinda_Kafada_Surtunme_Olusmasi_Hangi_Olumsuz_Sonuclari_Ortaya_Cikartir\" >Sa\u00e7 Ekimi \u0130\u015flemi Sonras\u0131nda Kafada S\u00fcrt\u00fcnme Olu\u015fmas\u0131 Hangi Olumsuz Sonu\u00e7lar\u0131 Ortaya \u00c7\u0131kart\u0131r?<\/a><\/li><\/ul><\/nav><\/div>\n<h2 class=\"p1\"><span class=\"ez-toc-section\" id=\"Sac_ekimi_sonrasi_neden_kafada_surtunme_olusmamalidir\"><\/span>Sa\u00e7 ekimi sonras\u0131 neden kafada s\u00fcrt\u00fcnme olu\u015fmamal\u0131d\u0131r?<span class=\"ez-toc-section-end\"><\/span><\/h2>\n<p class=\"p1\">Sa\u00e7 ekiminden sonraki en \u00f6nemli ve hassas d\u00f6nem ilk 10-15 g\u00fcnd\u00fcr. Yeni ekilen sa\u00e7 k\u00f6kleri anlam\u0131yla yerle\u015fmeden hareket etmeleri do\u011fru de\u011fildir. Bunun sebebi greftlerin bu s\u00fcre\u00e7 boyunca serbest olmas\u0131d\u0131r. . Deformasyonlara a\u00e7\u0131k bir \u015fekilde h\u00fccrelerin tutunmas\u0131n\u0131 beklerken d\u0131\u015f fakt\u00f6rlerden de etkilenebilmektedir.<\/p>\n<p class=\"p1\">Bu y\u00fczden bu hassas s\u00fcre\u00e7te greftleri her t\u00fcrl\u00fc s\u00fcrt\u00fcnmeden korumal\u0131s\u0131n\u0131z. <strong><a href=\"https:\/\/www.yetkinbayer.com\/tr\/sac-ekimi\">Sa\u00e7 ekimi<\/a><\/strong> i\u015fleminin ard\u0131ndan kafada olu\u015facak her t\u00fcrl\u00fc s\u00fcrt\u00fcnme, greftlerin yerinden oynamas\u0131na hatta yerinden \u00e7\u0131kmas\u0131na sebep olmaktad\u0131r. Bu da i\u015flemi do\u011frudan etkilemektedir. Nakledilen sa\u00e7 k\u00f6kleri nakil edilirken ve kanallara yerle\u015ftirilirken canl\u0131 olmaktad\u0131r.<\/p>\n<p class=\"p1\">Canl\u0131 h\u00fccreler, kanallara tutunabilirlerse canl\u0131 kalabilmektedirler. Kafada olu\u015facak her t\u00fcrl\u00fc s\u00fcrt\u00fcnme bu tutunmay\u0131 engelleyecektir. Kafaya darbe gelir ise canl\u0131 h\u00fccreler \u00f6l\u00fcr ve \u00f6l\u00fc h\u00fccrelerden sa\u00e7 \u00e7\u0131kmas\u0131 beklenemez.<\/p>\n<h2 class=\"p1\"><span class=\"ez-toc-section\" id=\"Sac_Ekimi_Islemi_Sonrasinda_Kafaya_Alinan_Darbe_ile_Olusan_Negatif_Etkiler_Ne_Zaman_Gorulur\"><\/span>Sa\u00e7 Ekimi \u0130\u015flemi Sonras\u0131nda Kafaya Al\u0131nan Darbe ile Olu\u015fan Negatif Etkiler Ne Zaman G\u00f6r\u00fcl\u00fcr?<span class=\"ez-toc-section-end\"><\/span><\/h2>\n<p class=\"p1\">Sa\u00e7 ekimi i\u015flemi sonras\u0131nda kafada k\u0131zar\u0131klar ve kabuklanmalar g\u00f6r\u00fcl\u00fcr. Olu\u015fan bu k\u0131zar\u0131kl\u0131\u011f\u0131n ve kabuklanman\u0131n sebebi v\u00fccudun bu b\u00f6lgenin h\u0131zl\u0131 bir \u015fekilde iyile\u015fmesi i\u00e7in daha fazla kan g\u00f6ndermesi ve iyile\u015fmeyi h\u0131zland\u0131rmas\u0131d\u0131r. Ard\u0131ndan mevcut olan sa\u00e7larda ve yaralar\u0131n iyile\u015fme s\u00fcreci boyunca \u00e7\u0131kan sa\u00e7larda ani bir d\u00f6k\u00fclme meydana gelir.<\/p>\n<p class=\"p1\">Bu s\u00fcre\u00e7ten bir s\u00fcre sonra sa\u00e7lar tekrar \u00e7\u0131kmaya ba\u015flar. Her greftin sa\u00e7 \u00e7\u0131karma ve uzama s\u00fcresi farkl\u0131la\u015fabilir. Bu sebeple t\u00fcm sa\u00e7lar\u0131n \u00e7\u0131kmas\u0131 6 ay\u0131 bulabilmektedir. Kafaya darbe al\u0131n\u0131r ise bu s\u00fcre\u00e7 tamamlanana kadar bir negatiflik g\u00f6zlenmez. \u0130yile\u015fme s\u00fcreci tamamland\u0131\u011f\u0131nda sa\u00e7lar tamamen g\u00f6r\u00fcld\u00fc\u011f\u00fc zaman zarar g\u00f6rm\u00fc\u015f greftleri saptamam\u0131z m\u00fcmk\u00fcn olacakt\u0131r.<\/p>\n<p class=\"p1\">Bu sebeple <strong><a href=\"https:\/\/www.yetkinbayer.com\/tr\/sac-ekimi-sonrasi\">sa\u00e7 ekimi sonras\u0131<\/a><\/strong> kafada s\u00fcrt\u00fcnme olu\u015fmas\u0131n\u0131n, i\u015flemin ba\u015far\u0131s\u0131n\u0131 etkileyip etkilemedi\u011fini hemen g\u00f6rmeniz m\u00fcmk\u00fcn olmayacakt\u0131r. Ald\u0131\u011f\u0131n\u0131z darbenin sonu\u00e7lar\u0131n\u0131 fark etmeniz i\u00e7in sa\u00e7 ekim i\u015fleminden 5-6 ay ge\u00e7mesi gerekir<\/p>\n<h2 class=\"p1\"><span class=\"ez-toc-section\" id=\"Sac_Ekimi_Islemi_Sonrasinda_Surtunme_ile_Ilgili_Ne_Gibi_Onlemler_Alinmalidir\"><\/span>Sa\u00e7 Ekimi \u0130\u015flemi Sonras\u0131nda S\u00fcrt\u00fcnme ile \u0130lgili Ne Gibi \u00d6nlemler Al\u0131nmal\u0131d\u0131r?<span class=\"ez-toc-section-end\"><\/span><\/h2>\n<p class=\"p1\">Sa\u00e7 ekimi sonras\u0131nda en \u00f6nemli konulardan biri<span class=\"Apple-converted-space\">\u00a0 <\/span>ekim yap\u0131lan b\u00f6lgeye herhangi bir s\u00fcrt\u00fcnme olmamas\u0131d\u0131r. Sa\u00e7 ekimi sonras\u0131 ekim yap\u0131lan b\u00f6lgeye s\u00fcrt\u00fcnme ya\u015fanmamas\u0131 i\u00e7in yap\u0131lmamas\u0131 gereken baz\u0131 aktiviteler bulunmaktad\u0131r. Bunlar spor ve cinsel ili\u015fki gibi aktivitelerdir. Spor aktivitelerinde kafada s\u00fcrt\u00fcnme olu\u015fmas\u0131 ola\u011fan bir durumdur.<\/p>\n<p class=\"p1\">\u00d6zellikle topla oynanan sporlarda ve kafaya darbe al\u0131nabilecek sporlardan kesinlikle uzak durulmal\u0131d\u0131r. Bu sebeple spor aktivitelerinden uzak durulmal\u0131d\u0131r. Cinsel ili\u015fki s\u0131ras\u0131nda ise ki\u015fi kafas\u0131n\u0131 bir yere s\u00fcrtebilir ve hareketlerini kontrol etmekte zorlanabilir.<\/p>\n<p class=\"p1\">Sa\u00e7 ekimi i\u015flemi sonras\u0131nda kafaya al\u0131nabilecek darbeler ve s\u00fcrt\u00fcnmeyi engellemek i\u00e7in uzmanlar taraf\u0131ndan sa\u00e7 ekimi yap\u0131lan hastaysa uygun \u015fapkalar\u0131n kullan\u0131m\u0131 \u00f6nerilmektedir.<\/p>\n<h2 class=\"p1\"><span class=\"ez-toc-section\" id=\"Sac_Ekimi_Islemi_Sonrasinda_Kafaya_Alinan_Darbe_ve_Kanama\"><\/span>Sa\u00e7 Ekimi \u0130\u015flemi Sonras\u0131nda Kafaya Al\u0131nan Darbe ve Kanama<span class=\"ez-toc-section-end\"><\/span><\/h2>\n<p class=\"p1\">Sa\u00e7 ekimi i\u015flemi sonras\u0131nda hastalar kafalar\u0131n\u0131 s\u00fcrtebilir veya kafalar\u0131n\u0131 ka\u015f\u0131yabilir. Bu durumda sa\u00e7 ekimi i\u015fleminin olumsuz etkilenebilece\u011fi d\u00fc\u015f\u00fcn\u00fcl\u00fcr ve tedirginlik ya\u015farlar. Kanama olmad\u0131\u011f\u0131 s\u00fcrece kafada s\u00fcrt\u00fcnme olu\u015fmas\u0131n\u0131n veya ka\u015f\u0131man\u0131n b\u00fcy\u00fck ve olumsuz etkileri olmaz. K\u00fc\u00e7\u00fck \u00e7apl\u0131 kafa \u00e7arpmas\u0131 ve kafa darbelerinde bu durum hastay\u0131 pek etkilememektedir.<\/p>\n<p class=\"p1\">Ancak kanama olu\u015fturan darbeler i\u015flemin ba\u015far\u0131s\u0131n\u0131 do\u011frudan etkiler. Sa\u00e7 ekimi i\u015flemi sonras\u0131nda kafada olu\u015fan s\u00fcrt\u00fcnme kanamal\u0131ysa sa\u00e7 k\u00f6klerinin \u00e7\u0131kmas\u0131na, hareket etmesine ve gev\u015femesine sebebiyet verebilir. Bu durumda sa\u00e7 ekilen b\u00f6lgeyi do\u011frudan etkilemektedir.<\/p>\n<p class=\"p1\">Bu sebeple sa\u00e7 ekimi i\u015flemi sonras\u0131nda kafada s\u00fcrt\u00fcnme olu\u015fmamas\u0131 i\u015flemin olumlu sonu\u00e7lanmas\u0131 i\u00e7in en \u00f6nemli noktalardand\u0131r ve hasta kafas\u0131na darbe almamaya dikkat etmelidir.<\/p>\n<h2 class=\"p1\"><span class=\"ez-toc-section\" id=\"Sac_Ekimi_Islemi_Sonrasinda_Kafada_Surtunme_Olusmasi_Hangi_Olumsuz_Sonuclari_Ortaya_Cikartir\"><\/span>Sa\u00e7 Ekimi \u0130\u015flemi Sonras\u0131nda Kafada S\u00fcrt\u00fcnme Olu\u015fmas\u0131 Hangi Olumsuz Sonu\u00e7lar\u0131 Ortaya \u00c7\u0131kart\u0131r?<span class=\"ez-toc-section-end\"><\/span><\/h2>\n<ul>\n<li class=\"p1\">Greftlerin \u00e7\u0131k\u0131\u015f y\u00f6nlerinde sorunlar olu\u015fturabilir.<\/li>\n<li class=\"p1\">Canl\u0131 k\u00f6klerin \u00f6lmesine neden olabilir.<\/li>\n<li class=\"p1\">Sa\u00e7 ekimi i\u015flemi sonras\u0131nda kafada olu\u015fan s\u00fcrt\u00fcnme greftlerin yerinden oynamas\u0131na hatta \u00e7\u0131kmas\u0131na sebep olabilir.<\/li>\n<li class=\"p1\">Kafada olu\u015fan s\u00fcrt\u00fcnmeyle birlikte k\u00f6klerde bulunan h\u00fccreler \u00f6lebilir. Bu sebeple i\u015flem ba\u015far\u0131s\u0131z olabilmektedir.<\/li>\n<li class=\"p1\">S\u00fcrt\u00fcnme sebebiyle kanama olu\u015fabilir veya a\u011fr\u0131 sebebiyle rahats\u0131zl\u0131k ya\u015fanabilir.<\/li>\n<\/ul>\n<p class=\"p1\">Yasal Uyar\u0131: Bu sayfadaki ifadeler bilgi verme ama\u00e7l\u0131 olup, ba\u011flay\u0131c\u0131 nitelik ta\u015f\u0131maz. Hi\u00e7bir bilgi, tedavi tavsiyesi olmay\u0131p, doktor tavsiyelerinin \u00f6n\u00fcnde de\u011fildir. Kesin bilgi ve talimatlar\u0131, yaln\u0131zca doktorunuzdan alman\u0131z sa\u011fl\u0131\u011f\u0131n\u0131z a\u00e7\u0131s\u0131ndan son derece \u00f6nemlidir.<\/p>\n","protected":false},"excerpt":{"rendered":"<p>Sa\u00e7 ekimi i\u015flemi titizlik gerektiren bir i\u015flemdir. \u0130\u015flem sonras\u0131 bak\u0131mda dikkat ve titizlik gerektirmektedir. \u0130\u015flem sonras\u0131nda hastan\u0131n bu g\u00f6revi \u00fcstlenmesi gerekmektedir. Sa\u00e7 ekimi i\u015flemi sonras\u0131nda dikkat edilmesi gereken en \u00f6nemli konulardan biride sa\u00e7 ekimi sonras\u0131 s\u00fcrt\u00fcnmedir. Sa\u00e7 ekimi i\u015flemi sonras\u0131nda kafada s\u00fcrt\u00fcnme olu\u015fmas\u0131, i\u015flemin ba\u015far\u0131s\u0131n\u0131 do\u011frudan etkilemektedir. Sa\u00e7 Ekimi sonras\u0131 s\u00fcrt\u00fcnme yayg\u0131n kar\u015f\u0131la\u015f\u0131lan bir hatad\u0131r [&hellip;]<\/p>\n","protected":false},"author":1,"featured_media":2415,"comment_status":"closed","ping_status":"closed","sticky":false,"template":"","format":"standard","meta":{"footnotes":""},"categories":[9],"tags":[],"class_list":["post-2414","post","type-post","status-publish","format-standard","has-post-thumbnail","hentry","category-blog"],"_links":{"self":[{"href":"https:\/\/www.yetkinbayer.com\/tr\/wp-json\/wp\/v2\/posts\/2414","targetHints":{"allow":["GET"]}}],"collection":[{"href":"https:\/\/www.yetkinbayer.com\/tr\/wp-json\/wp\/v2\/posts"}],"about":[{"href":"https:\/\/www.yetkinbayer.com\/tr\/wp-json\/wp\/v2\/types\/post"}],"author":[{"embeddable":true,"href":"https:\/\/www.yetkinbayer.com\/tr\/wp-json\/wp\/v2\/users\/1"}],"replies":[{"embeddable":true,"href":"https:\/\/www.yetkinbayer.com\/tr\/wp-json\/wp\/v2\/comments?post=2414"}],"version-history":[{"count":1,"href":"https:\/\/www.yetkinbayer.com\/tr\/wp-json\/wp\/v2\/posts\/2414\/revisions"}],"predecessor-version":[{"id":2428,"href":"https:\/\/www.yetkinbayer.com\/tr\/wp-json\/wp\/v2\/posts\/2414\/revisions\/2428"}],"wp:featuredmedia":[{"embeddable":true,"href":"https:\/\/www.yetkinbayer.com\/tr\/wp-json\/wp\/v2\/media\/2415"}],"wp:attachment":[{"href":"https:\/\/www.yetkinbayer.com\/tr\/wp-json\/wp\/v2\/media?parent=2414"}],"wp:term":[{"taxonomy":"category","embeddable":true,"href":"https:\/\/www.yetkinbayer.com\/tr\/wp-json\/wp\/v2\/categories?post=2414"},{"taxonomy":"post_tag","embeddable":true,"href":"https:\/\/www.yetkinbayer.com\/tr\/wp-json\/wp\/v2\/tags?post=2414"}],"curies":[{"name":"wp","href":"https:\/\/api.w.org\/{rel}","templated":true}]}}