{"id":2395,"date":"2025-04-25T12:58:58","date_gmt":"2025-04-25T09:58:58","guid":{"rendered":"https:\/\/www.yetkinbayer.com\/?p=2395"},"modified":"2025-04-25T12:59:13","modified_gmt":"2025-04-25T09:59:13","slug":"sac-ekimi-sonrasi-kurutma-makinesi-kullanilabilir-mi","status":"publish","type":"post","link":"https:\/\/www.yetkinbayer.com\/tr\/sac-ekimi-sonrasi-kurutma-makinesi-kullanilabilir-mi\/","title":{"rendered":"Sa\u00e7 Ekimi Sonras\u0131 Kurutma Makinesi Kullan\u0131labilir Mi?"},"content":{"rendered":"<div id=\"ez-toc-container\" class=\"ez-toc-v2_0_82_2 counter-flat ez-toc-counter ez-toc-grey ez-toc-container-direction\">\n<div class=\"ez-toc-title-container\">\n<p class=\"ez-toc-title\" style=\"cursor:inherit\">Table of Contents<\/p>\n<span class=\"ez-toc-title-toggle\"><a href=\"#\" class=\"ez-toc-pull-right ez-toc-btn ez-toc-btn-xs ez-toc-btn-default ez-toc-toggle\" aria-label=\"\u0130\u00e7indekiler Tablosunu A\u00e7\/Kapat\"><span class=\"ez-toc-js-icon-con\"><span class=\"\"><span class=\"eztoc-hide\" style=\"display:none;\">Toggle<\/span><span class=\"ez-toc-icon-toggle-span\"><svg style=\"fill: #999;color:#999\" xmlns=\"http:\/\/www.w3.org\/2000\/svg\" class=\"list-377408\" width=\"20px\" height=\"20px\" viewBox=\"0 0 24 24\" fill=\"none\"><path d=\"M6 6H4v2h2V6zm14 0H8v2h12V6zM4 11h2v2H4v-2zm16 0H8v2h12v-2zM4 16h2v2H4v-2zm16 0H8v2h12v-2z\" fill=\"currentColor\"><\/path><\/svg><svg style=\"fill: #999;color:#999\" class=\"arrow-unsorted-368013\" xmlns=\"http:\/\/www.w3.org\/2000\/svg\" width=\"10px\" height=\"10px\" viewBox=\"0 0 24 24\" version=\"1.2\" baseProfile=\"tiny\"><path d=\"M18.2 9.3l-6.2-6.3-6.2 6.3c-.2.2-.3.4-.3.7s.1.5.3.7c.2.2.4.3.7.3h11c.3 0 .5-.1.7-.3.2-.2.3-.5.3-.7s-.1-.5-.3-.7zM5.8 14.7l6.2 6.3 6.2-6.3c.2-.2.3-.5.3-.7s-.1-.5-.3-.7c-.2-.2-.4-.3-.7-.3h-11c-.3 0-.5.1-.7.3-.2.2-.3.5-.3.7s.1.5.3.7z\"\/><\/svg><\/span><\/span><\/span><\/a><\/span><\/div>\n<nav><ul class='ez-toc-list ez-toc-list-level-1 eztoc-toggle-hide-by-default' ><li class='ez-toc-page-1'><a class=\"ez-toc-link ez-toc-heading-1\" href=\"#\" data-href=\"https:\/\/www.yetkinbayer.com\/tr\/sac-ekimi-sonrasi-kurutma-makinesi-kullanilabilir-mi\/#Sac_Ekimi_Sonrasi_Kurutma_Makinesi\" >Sa\u00e7 Ekimi Sonras\u0131 Kurutma Makinesi<\/a><\/li><li class='ez-toc-page-1'><a class=\"ez-toc-link ez-toc-heading-2\" href=\"#\" data-href=\"https:\/\/www.yetkinbayer.com\/tr\/sac-ekimi-sonrasi-kurutma-makinesi-kullanilabilir-mi\/#Sac_ekiminden_kac_gun_sonra_makine_kullanilir\" >Sa\u00e7 ekiminden ka\u00e7 g\u00fcn sonra makine kullan\u0131l\u0131r?<\/a><\/li><li class='ez-toc-page-1'><a class=\"ez-toc-link ez-toc-heading-3\" href=\"#\" data-href=\"https:\/\/www.yetkinbayer.com\/tr\/sac-ekimi-sonrasi-kurutma-makinesi-kullanilabilir-mi\/#Terlemek_ekilen_sac_zarar_verir_mi\" >Terlemek ekilen sa\u00e7 zarar verir mi?<\/a><\/li><li class='ez-toc-page-1'><a class=\"ez-toc-link ez-toc-heading-4\" href=\"#\" data-href=\"https:\/\/www.yetkinbayer.com\/tr\/sac-ekimi-sonrasi-kurutma-makinesi-kullanilabilir-mi\/#Sac_ekiminden_sonra_ne_zaman_fon_cekilir\" >Sa\u00e7 ekiminden sonra ne zaman f\u00f6n \u00e7ekilir?<\/a><\/li><li class='ez-toc-page-1'><a class=\"ez-toc-link ez-toc-heading-5\" href=\"#\" data-href=\"https:\/\/www.yetkinbayer.com\/tr\/sac-ekimi-sonrasi-kurutma-makinesi-kullanilabilir-mi\/#Sac_kurutma_makinesi_saci_kabartir_mi\" >Sa\u00e7 kurutma makinesi sa\u00e7\u0131 kabart\u0131r m\u0131?<\/a><\/li><li class='ez-toc-page-1'><a class=\"ez-toc-link ez-toc-heading-6\" href=\"#\" data-href=\"https:\/\/www.yetkinbayer.com\/tr\/sac-ekimi-sonrasi-kurutma-makinesi-kullanilabilir-mi\/#Sac_kurutma_makinesi_nasil_bir_zarar_verebilir\" >Sa\u00e7 kurutma makinesi nas\u0131l bir zarar verebilir?<\/a><\/li><li class='ez-toc-page-1'><a class=\"ez-toc-link ez-toc-heading-7\" href=\"#\" data-href=\"https:\/\/www.yetkinbayer.com\/tr\/sac-ekimi-sonrasi-kurutma-makinesi-kullanilabilir-mi\/#Uzmanlar_ne_diyor\" >Uzmanlar ne diyor?<\/a><\/li><li class='ez-toc-page-1'><a class=\"ez-toc-link ez-toc-heading-8\" href=\"#\" data-href=\"https:\/\/www.yetkinbayer.com\/tr\/sac-ekimi-sonrasi-kurutma-makinesi-kullanilabilir-mi\/#Sac_ekimi_sonrasi_dikkat_edilmesi_gereken_diger_hususlar\" >Sa\u00e7 ekimi sonras\u0131 dikkat edilmesi gereken di\u011fer hususlar<\/a><\/li><\/ul><\/nav><\/div>\n<h2><span class=\"ez-toc-section\" id=\"Sac_Ekimi_Sonrasi_Kurutma_Makinesi\"><\/span>Sa\u00e7 Ekimi Sonras\u0131 Kurutma Makinesi<span class=\"ez-toc-section-end\"><\/span><\/h2>\n<p>Sa\u00e7 ekimi sonras\u0131 sa\u00e7 ve sa\u00e7 derisinin sa\u011fl\u0131kl\u0131 bir \u015fekilde iyile\u015febilmesi i\u00e7in birka\u00e7 \u00f6nemli noktaya dikkat edilmesi gerekir. Hassas sa\u00e7 derisine zarar verme riski nedeniyle bu s\u00fcre\u00e7te kurutma makinesi do\u011fru \u015fekilde kullan\u0131lmal\u0131d\u0131r. Sa\u00e7 ekiminden sonraki ilk birka\u00e7 hafta, greftlerin zarar g\u00f6rmemesi i\u00e7in kurutma makinesi kullan\u0131lmamal\u0131d\u0131r. Bu s\u0131rada sa\u00e7lar\u0131n\u0131z\u0131 y\u0131kad\u0131ktan sonra nazik\u00e7e temiz bir havluyla hafif\u00e7e kurulay\u0131n. Sa\u00e7 derisine zarar vermeden kurulay\u0131n.<\/p>\n<p>Doktorunuzun onay\u0131n\u0131 ald\u0131ktan sonra, tipik olarak iki ila \u00fc\u00e7 haftal\u0131k iyile\u015fme s\u00fcrecinin ard\u0131ndan d\u00fc\u015f\u00fck \u0131s\u0131da \u00e7al\u0131\u015fan bir kurutma makinesi kullan\u0131labilir. Kurutma makinesini y\u00fcksek \u0131s\u0131da \u00e7al\u0131\u015ft\u0131r\u0131rken sa\u00e7 derisine \u00e7ok yakla\u015fmamaya dikkat edin. S\u0131cak hava, hassas sa\u00e7 derisini tahri\u015f edebilir ve yenilenmesini zorla\u015ft\u0131rabilir. S\u0131cak hava yerine so\u011fuk hava modlar\u0131 tercih edilmelidir ve do\u011fal kurumaya \u00f6ncelik verilmelidir.<\/p>\n<p class=\"p1\"><strong>Sa\u00e7 ekimi<\/strong> sonras\u0131 davran\u0131\u015flar, sa\u00e7 ekiminin sonu\u00e7lar\u0131n\u0131 do\u011frudan etkiler. Bu davran\u0131\u015flar\u0131n bir k\u0131sm\u0131n\u0131n \u00e7ok ciddi sonu\u00e7lar\u0131 da olabilir. Sa\u00e7 kurutma makinesi kullan\u0131m\u0131 da bunlardan bir tanesidir.<\/p>\n<p class=\"p1\">Sa\u00e7 kurutma makineleri, sa\u00e7 k\u00f6klerini de\u011fil ama sa\u00e7 tellerini ve kafa derisini negatif etkileyebilir bu durumda da, dolayl\u0131 olarak sa\u00e7 k\u00f6kleri hen\u00fcz yerle\u015fmekte olan ekili alanda tahribata yol a\u00e7abilir. Bu nedenle <a href=\"https:\/\/www.yetkinbayer.com\/tr\/sac-ekim-sonrasi\"><strong>sa\u00e7 ekimi sonras\u0131<\/strong><\/a> sa\u00e7 kurutma makinesi kullan\u0131m\u0131n\u0131n s\u0131n\u0131rland\u0131r\u0131lmas\u0131 faydal\u0131 olacakt\u0131r.<\/p>\n<p class=\"p1\">Ancak bu noktada ekilen sa\u00e7lar\u0131n kurutulacak telleri kurutulacak kadar uzamaya ba\u015flad\u0131\u011f\u0131nda zaten iyile\u015fmenin ba\u015flam\u0131\u015f olaca\u011f\u0131 durumu da s\u00f6z konusudur. Buradan bak\u0131nca, dikkatli olmak ve a\u015f\u0131r\u0131 \u0131s\u0131tma durumundan ka\u00e7\u0131narak sa\u00e7lar\u0131 kurutmak m\u00fcmk\u00fcnd\u00fcr denebilir.<\/p>\n<p class=\"p1\">Hen\u00fcz yeni sa\u00e7lar \u00e7\u0131kmam\u0131\u015fken sa\u00e7 kurutma makinesi kullanman\u0131n ise bir faydas\u0131 zaten olmayacakt\u0131r. Yani esas\u0131nda sa\u00e7 kurutma makinesinin \u00f6zenli kullan\u0131lmas\u0131 halinde sa\u00e7 ekimi sonras\u0131 kullan\u0131lmas\u0131 m\u00fcmk\u00fcn olabilir.<\/p>\n<p>&#8220;<strong>Sa\u00e7 ekimi sonras\u0131 sa\u00e7 kurutma makinesi kullan\u0131l\u0131r m\u0131?<\/strong>&#8221; sorusu sa\u00e7 ekimi yapt\u0131rm\u0131\u015f ki\u015filer taraf\u0131ndan en fazla y\u00f6neltilen sorulardan biridir. Dr. Yetkin Bayer, &#8220;<strong>Sa\u00e7 ekimi sonras\u0131 sa\u00e7 kurutma makinesi nas\u0131l bir zarar verebilir?<\/strong>&#8221; ve &#8220;<strong>Sa\u00e7 ekimi sonras\u0131 dikkat edilmesi gerekenler nelerdir?<\/strong>&#8221; gibi sorular\u0131 sizler i\u00e7in yan\u0131tl\u0131yor.<\/p>\n<h2 class=\"JlqpRe\"><span class=\"ez-toc-section\" id=\"Sac_ekiminden_kac_gun_sonra_makine_kullanilir\"><\/span><span class=\"JCzEY tNxQIb\"><span class=\"CSkcDe\">Sa\u00e7 ekiminden ka\u00e7 g\u00fcn sonra makine kullan\u0131l\u0131r?<\/span><\/span><span class=\"ez-toc-section-end\"><\/span><\/h2>\n<p>Sa\u00e7 ekiminden sonra sa\u00e7 t\u0131ra\u015f\u0131 makinesini kullanmak genellikle 1-1,5 ay sonra, yani yakla\u015f\u0131k 4-6 hafta sonra g\u00fcvenlidir. Greftlerin yeni yerlerine tam olarak yerle\u015ftirilmesi ve sa\u00e7 derisinin iyile\u015fmesi i\u00e7in bu s\u00fcre gereklidir. Makine t\u0131ra\u015f\u0131 s\u0131ras\u0131nda olu\u015fan bask\u0131 veya titre\u015fimler, greftlere zarar verebilir ve iyile\u015fme s\u00fcrecini olumsuz etkileyebilir. Bu nedenle, iyile\u015fme s\u00fcreci bitmeden makine kullan\u0131m\u0131 tavsiye edilmez.<\/p>\n<p>Makas, ekilen sa\u00e7 k\u00f6klerine bask\u0131 yapmad\u0131\u011f\u0131 i\u00e7in ilk t\u0131ra\u015f\u0131n\u0131zda yaln\u0131zca makas kullan\u0131n. Doktorunuz, sa\u00e7\u0131n\u0131z\u0131 tamamen kaz\u0131tman\u0131z gerekiyorsa, ne zaman ve nas\u0131l yap\u0131laca\u011f\u0131 konusunda size bilgi verebilir.<\/p>\n<p>Don\u00f6r b\u00f6lge i\u00e7in iyile\u015fme s\u00fcreci daha h\u0131zl\u0131d\u0131r, bu nedenle daha erken d\u00f6nemde makine kullan\u0131labilir. Bununla birlikte, her iki b\u00f6lge i\u00e7in de doktorunuzun talimatlar\u0131na uymak ve iyile\u015fme s\u00fcrecini hat\u0131rlamak \u00e7ok \u00f6nemlidir. Greftlerin zarar g\u00f6rmemesi sa\u00e7 ekimi ba\u015far\u0131s\u0131n\u0131 garanti eder.<\/p>\n<h2 class=\"JlqpRe\"><span class=\"ez-toc-section\" id=\"Terlemek_ekilen_sac_zarar_verir_mi\"><\/span><span class=\"JCzEY tNxQIb\"><span class=\"CSkcDe\">Terlemek ekilen sa\u00e7 zarar verir mi?<\/span><\/span><span class=\"ez-toc-section-end\"><\/span><\/h2>\n<p>Sa\u00e7 ekimi sonras\u0131 ilk birka\u00e7 g\u00fcn boyunca terleme, ekilen sa\u00e7lara zarar verebilir. Greftler, \u00f6zellikle ilk yedi ila on g\u00fcn boyunca yeni yerlerinde tutmak i\u00e7in \u00e7ok \u00f6nemlidir. Bu s\u00fcre\u00e7te \u00e7ok terleme, sa\u00e7 derisini tahri\u015f edebilir ve enfeksiyon riskini art\u0131rabilir ve greftlerin yerinden \u00e7\u0131kmas\u0131na neden olabilir.<\/p>\n<p>Terleme, ekim alan\u0131n\u0131n nemli kalmas\u0131na neden olur ve bu da iyile\u015fme s\u00fcrecini olumsuz etkileyebilir. Terde bulunan tuz ve bakteriler ayr\u0131ca sa\u00e7 derisini hassasla\u015ft\u0131rabilir ve sa\u00e7 kabuklanmas\u0131na neden olabilir. Sonu\u00e7 olarak, sa\u00e7 ekimi sonras\u0131 ilk birka\u00e7 hafta boyunca \u00e7ok fazla fiziksel aktivite yapmak, spor yapmak, s\u0131cak ortamlarda (\u00f6rne\u011fin sauna veya hamam) bulunmak ve a\u015f\u0131r\u0131 terlemeye neden olabilecek durumlardan ka\u00e7\u0131nmak \u00e7ok \u00f6nemlidir.<\/p>\n<p>Ekim sonras\u0131 terleme meydana gelirse, b\u00f6lgeyi nazik bir \u015fekilde kurutmak ve doktorunuzun tavsiye etti\u011fi bak\u0131m \u00fcr\u00fcnlerini kullanmak faydal\u0131 olacakt\u0131r. \u00c7ok fazla terleme ya\u015farsan\u0131z, doktorunuza dan\u0131\u015farak ek \u00f6nlemler alman\u0131z gerekebilir. Bu hassas d\u00f6nemde, greftler sa\u011fl\u0131kl\u0131 kalmak i\u00e7in ba\u015f derisini kuru ve temiz tutmak \u00e7ok \u00f6nemlidir.<\/p>\n<h2 class=\"JlqpRe\"><span class=\"ez-toc-section\" id=\"Sac_ekiminden_sonra_ne_zaman_fon_cekilir\"><\/span><span class=\"JCzEY tNxQIb\"><span class=\"CSkcDe\">Sa\u00e7 ekiminden sonra ne zaman f\u00f6n \u00e7ekilir?<\/span><\/span><span class=\"ez-toc-section-end\"><\/span><\/h2>\n<p>F\u00f6n makinesini kullanmak i\u00e7in genellikle d\u00f6rt ila alt\u0131 hafta beklenmesi \u00f6nerilir. Sa\u00e7 greftlerinin tam olarak yerlerine yerle\u015ftirilmesi ve sa\u00e7 derisinin iyile\u015ftirilmesi i\u00e7in bu s\u00fcre gereklidir. \u0130lk haftalarda sa\u00e7 derisi \u00e7ok hassas oldu\u011fundan, greftler y\u00fcksek \u0131s\u0131 ve hava ak\u0131m\u0131na maruz kalabilir ve iyile\u015fme s\u00fcrecini bozabilir.<\/p>\n<p>Doktorlar, sa\u00e7 ekimi sonras\u0131 ilk y\u0131kama talimatlar\u0131n\u0131 verirken sa\u00e7 kurutman\u0131n nas\u0131l yap\u0131laca\u011f\u0131n\u0131 da \u00f6\u011fretirler. \u0130lk haftalarda sa\u00e7\u0131n\u0131z\u0131 kurutmak i\u00e7in d\u00fc\u015f\u00fck \u0131s\u0131da bir kurutucu kullanman\u0131z veya havlu ile hafif\u00e7e tampon yapman\u0131z \u00f6nerilir. Y\u00fcksek s\u0131cakl\u0131k, ekim b\u00f6lgesini tahri\u015f edebilir ve sa\u00e7 derisini kurutabilir.<\/p>\n<p>F\u00f6n makinesini kullanmaya ba\u015flamadan \u00f6nce, d\u00fc\u015f\u00fck \u0131s\u0131 ayar\u0131nda ve sa\u00e7 derisinden uzak bir yerde tutmal\u0131s\u0131n\u0131z. Bununla birlikte, bu konuda en do\u011fru bilgi ve y\u00f6nlendirme almak i\u00e7in doktorunuzun tavsiyelerine uyman\u0131z \u00e7ok \u00f6nemlidir. Sa\u00e7 ekiminden sonra greftlerin zarar g\u00f6rmesini \u00f6nlemek, uzun vadeli ba\u015far\u0131 i\u00e7in \u00f6nemlidir.<\/p>\n<h2 class=\"JlqpRe\"><span class=\"ez-toc-section\" id=\"Sac_kurutma_makinesi_saci_kabartir_mi\"><\/span><span class=\"JCzEY tNxQIb\"><span class=\"CSkcDe\">Sa\u00e7 kurutma makinesi sa\u00e7\u0131 kabart\u0131r m\u0131?<\/span><\/span><span class=\"ez-toc-section-end\"><\/span><\/h2>\n<p>Evet, sa\u00e7 kurutma makinesinin sa\u00e7\u0131 kabartmas\u0131 m\u00fcmk\u00fcnd\u00fcr, \u00f6zellikle \u00e7ok fazla \u0131s\u0131 kullan\u0131ld\u0131\u011f\u0131nda veya sa\u00e7\u0131 \u00e7ok fazla nemlendirdi\u011finde. Sa\u00e7 kurutma i\u015flemi, sa\u00e7 tellerinin do\u011fal nem dengesini bozarak sa\u00e7\u0131n kabarmas\u0131na ve elektriklenmesine neden olabilir. Sa\u00e7\u0131n do\u011fal yap\u0131s\u0131na uymayan f\u0131r\u00e7a veya kurutma y\u00f6ntemlerinin kullan\u0131lmas\u0131 da kabarmay\u0131 art\u0131rabilir.<\/p>\n<p>Sa\u00e7\u0131 kabartmadan kurutmak i\u00e7in d\u00fc\u015f\u00fck \u0131s\u0131 ayarlar\u0131nda bir kurutma makinesi kullanmak \u00e7ok \u00f6nemlidir. Ayr\u0131ca sa\u00e7 kurutma i\u015flemine ba\u015flamadan \u00f6nce \u0131s\u0131ya kar\u015f\u0131 koruyucu bir \u00fcr\u00fcn kullanmak, sa\u00e7\u0131n\u0131z\u0131 nem kayb\u0131ndan korur ve kabarmas\u0131n\u0131 \u00f6nler. Kurutma makinesini sa\u00e7a do\u011frudan temas ettirmeden biraz uzakta tutarak, sa\u00e7\u0131 havluyla nazik\u00e7e kurulayarak fazla suyu ald\u0131ktan sonra kurutmal\u0131s\u0131n\u0131z.<\/p>\n<p>Dif\u00fcz\u00f6r ba\u015fl\u0131k kullanmak, k\u0131v\u0131rc\u0131k ya da dalgal\u0131 sa\u00e7larda sa\u00e7\u0131n do\u011fal \u015feklini koruyarak kabarmas\u0131n\u0131 \u00f6nleyebilir. Ek olarak, kurutma i\u015flemi sonras\u0131 sa\u00e7\u0131n u\u00e7lar\u0131na nemlendirici bir serum ya da do\u011fal ya\u011f uygularsan\u0131z, sa\u00e7\u0131n daha p\u00fcr\u00fczs\u00fcz g\u00f6r\u00fcnmesini sa\u011flayabilirsiniz. Bu, do\u011fru \u00fcr\u00fcnler ve teknikler kullan\u0131larak sa\u00e7 kurutma makinesinin kabarmas\u0131n\u0131 \u00f6nlemede de faydal\u0131 olabilir.<\/p>\n<h2 class=\"p1\"><span class=\"ez-toc-section\" id=\"Sac_kurutma_makinesi_nasil_bir_zarar_verebilir\"><\/span>Sa\u00e7 kurutma makinesi nas\u0131l bir zarar verebilir?<span class=\"ez-toc-section-end\"><\/span><\/h2>\n<p class=\"p1\">Sa\u00e7 kurutma makineleri, havay\u0131 \u0131s\u0131t\u0131p kurutur ve bas\u0131n\u00e7l\u0131 bir \u015fekilde tutulduklar\u0131 y\u00f6ne iter. Buradaki \u0131s\u0131 son derece y\u00fcksek seviyelere ula\u015fabiliyor oldu\u011fundan, kar\u015f\u0131la\u015ft\u0131\u011f\u0131 noktay\u0131 kendi \u0131s\u0131s\u0131na yak\u0131n hale getirir. Hatta kimi zaman sa\u00e7lar\u0131n yanma derecesine geldi\u011fini kokular\u0131ndan anlayabiliriz.<\/p>\n<p class=\"p1\">Sa\u00e7 ekimi sonras\u0131nda bu gibi bir eylem, yeni ekim yap\u0131lm\u0131\u015f ise k\u00f6klere ciddi zararlar verebilir. Uzama esnas\u0131nda ise yeni yeni hayat bulan sa\u00e7 tellerinin zay\u0131flamas\u0131 s\u00f6z konusu olabilir.<\/p>\n<p class=\"p1\">E\u011fer <strong><a href=\"https:\/\/www.yetkinbayer.com\/tr\/sac-ekimi\">sa\u00e7 ekimi<\/a><\/strong> sonras\u0131 sa\u00e7 kurutma makinesi kullan\u0131m\u0131nda \u0131srar edilirse, sa\u00e7 ekiminin etkilerinde gerileme dahi g\u00f6r\u00fclmesi m\u00fcmk\u00fcnd\u00fcr. Zaten hassas olan kafa derisi kuruyup, d\u00f6k\u00fcnt\u00fcler olabilir ki, sa\u00e7 derisini nemlendirmek g\u00f6sterilen u\u011fra\u015f da bu \u015fekilde bo\u015fa gitmi\u015f olacakt\u0131r.<\/p>\n<h2 class=\"p1\"><span class=\"ez-toc-section\" id=\"Uzmanlar_ne_diyor\"><\/span>Uzmanlar ne diyor?<span class=\"ez-toc-section-end\"><\/span><\/h2>\n<p class=\"p1\">Sa\u00e7 ekimi i\u015flemi sonras\u0131 uzmanlar, ilk 15 g\u00fcn sa\u00e7 kurutma makinesinin kullan\u0131lmamas\u0131 gerekti\u011fini \u00f6nermektedir. Bu s\u00fcre sonras\u0131nda ise dikkatli olunmak ko\u015fulu ile sa\u00e7 kurutma makinesi kullan\u0131lmas\u0131 m\u00fcmk\u00fcn olabiliyor.<\/p>\n<p class=\"p1\">Sa\u00e7 kurutma makinesi kullan\u0131lmak durumunda ise \u0131s\u0131 derecesini azalt\u0131p, m\u00fcmk\u00fcn oldu\u011funca uzaktan ve k\u0131sa s\u00fcreli kullan\u0131lmas\u0131n\u0131n gerekti\u011fi de vurgulan\u0131yor.<\/p>\n<h2 class=\"p1\"><span class=\"ez-toc-section\" id=\"Sac_ekimi_sonrasi_dikkat_edilmesi_gereken_diger_hususlar\"><\/span>Sa\u00e7 ekimi sonras\u0131 dikkat edilmesi gereken di\u011fer hususlar<span class=\"ez-toc-section-end\"><\/span><\/h2>\n<p class=\"p2\">Hastan\u0131n y\u00fcz\u00fcnde \u015fi\u015flik olu\u015fmamas\u0131 i\u00e7in sa\u00e7 ekiminden sonraki ilk 1 -2 g\u00fcn 45 derecelik a\u00e7\u0131yla\u00a0 s\u0131rt \u00fcst\u00fc yatmas\u0131 ve dinlenmesini \u00f6neriliyor.<\/p>\n<p class=\"p1\">Yapabiliyorsan\u0131z arkaya do\u011fru yat\u0131r\u0131labilen bir koltukta uyumaya \u00e7al\u0131\u015f\u0131n\u0131z.<\/p>\n<p class=\"p1\">E\u011fer buna ra\u011fmen \u015fi\u015flik olduysa endi\u015fe etmeyiniz. \u015ei\u015flik birka\u00e7 g\u00fcn i\u00e7inde ge\u00e7ecektir.<\/p>\n<p class=\"p1\">\u0130lk \u00fc\u00e7 g\u00fcn h\u0131zl\u0131 y\u00fcr\u00fcme, e\u011filme ve cinsel ili\u015fki gibi kan bas\u0131nc\u0131 art\u0131ran heyecan verici \u015feylerden ka\u00e7\u0131n\u0131n\u0131z.<\/p>\n<p class=\"p1\">Sa\u00e7 ekimi sonras\u0131 ilk 10-15 g\u00fcn egzersiz yapmay\u0131n\u0131z. Ekili sa\u00e7larla elinizle oynamay\u0131n\u0131z. Sa\u00e7 derisini ka\u015f\u0131y\u0131p kabuklar\u0131 koparmay\u0131n\u0131z.<\/p>\n<p class=\"p1\">Sa\u00e7 kurutma makinesi ilk 15 g\u00fcn kullanmaman\u0131n yan\u0131 s\u0131ra ortalama 45 g\u00fcn sa\u00e7 ekili b\u00f6lgede herhangi bir ila\u00e7, kozmetik \u00fcr\u00fcn\u00fc kullanmay\u0131n.<\/p>\n<p class=\"p1\">Boyama yapmay\u0131n, sauna ve solaryuma girmeyiniz.<\/p>\n<p class=\"p1\">Kirli ortamda \u00e7al\u0131\u015fman\u0131z gerekiyorsa ilk 3 g\u00fcn mutlaka kafan\u0131za bizim g\u00f6sterece\u011fimiz \u015fekilde \u015fapka tak\u0131n\u0131z.<\/p>\n<p class=\"p1\">Ba\u015f\u0131n\u0131z\u0131 bir yere \u00e7arpmamaya dikkat ediniz.<\/p>\n<p class=\"p1\">4-6 Hafta sa\u00e7 derinizin iyile\u015fmesini geciktirecek g\u00fc\u00e7l\u00fc g\u00fcne\u015f \u0131\u015f\u0131nlar\u0131ndan ve travma olu\u015fturacak (topa kafayla vurma vb.) olaylardan sak\u0131n\u0131n\u0131z.<\/p>\n<p class=\"p1\">Ekimden 2-3 g\u00fcn sonra bandajlar a\u00e7\u0131larak sa\u00e7 ekiminin ilk kontrol\u00fc ger\u00e7ekle\u015ftirilir.<\/p>\n<p class=\"p1\">Hasta uzak bir yerle\u015fim yerindeyse bandaj\u0131 kendisi s\u00f6k\u00fcp \u00e7\u0131karabilmektedir.<\/p>\n<p class=\"p1\">\u0130lk 2 hafta s\u00fcresince sa\u00e7\u0131n\u0131 nas\u0131l y\u0131kay\u0131p, bak\u0131m yapaca\u011f\u0131n\u0131 uygulamal\u0131 \u015fekilde hastaya anlat\u0131p bilgilendirilir ve y\u0131kamalar\u0131n baz\u0131lar\u0131 klinikte yap\u0131l\u0131r.<\/p>\n<p class=\"p1\">3. G\u00fcnden itibaren hastalar\u0131m\u0131z bizim tarif etti\u011fimiz \u015fekilde sa\u00e7lar\u0131n\u0131 y\u0131kamaya ba\u015flamaktad\u0131r.<\/p>\n<p class=\"p1\">Ekilmi\u015f olan sa\u00e7lar \u00fczerindeki yara kabuklar\u0131 y\u0131kama s\u00fcreci i\u00e7erisinde yava\u015f yava\u015f d\u00f6k\u00fclerek 10 &#8211; 15 g\u00fcn i\u00e7inde tamamen temizlenir.<\/p>\n<p class=\"p1\">Ekilen sa\u00e7 tellerinin bir k\u0131sm\u0131 ekimden 2 &#8211; 3 hafta sonra d\u00f6k\u00fclmeye ba\u015flayacakt\u0131r. 1 &#8211; 2 ay i\u00e7inde ekilen sa\u00e7lar\u0131n b\u00fcy\u00fck k\u0131sm\u0131 ge\u00e7ici olarak d\u00f6k\u00fcl\u00fcr. Bu d\u00f6k\u00fclmenin sebebi, sa\u00e7 k\u00f6klerinin sa\u00e7 ekimi sonras\u0131nda kendini onarmak i\u00e7in k\u0131l \u00fcretmeyi b\u0131rak\u0131p dinlenme evresine girmesidir.<\/p>\n<p class=\"p1\">Dinlenme evresi sonras\u0131nda d\u00f6k\u00fclen k\u0131llar 2 &#8211; 4 ay i\u00e7inde yeniden \u00e7\u0131kmaya ba\u015flayacakt\u0131r. Bu k\u0131llar yeniden \u00e7\u0131kmaya ba\u015flarken baz\u0131 ki\u015filerde hem al\u0131m yap\u0131lan don\u00f6r alanda hem de ekim yap\u0131lan alanda ka\u015f\u0131nmayla birlikte sivilce benzeri birka\u00e7 lezyon ortaya \u00e7\u0131kabilmektedir.<\/p>\n<p class=\"p1\">Bu endi\u015fe verici bir durum de\u011fildir. Bu durumun sebebi derinde g\u00f6m\u00fcl\u00fc kalan k\u00f6klerin deriyi delip d\u0131\u015far\u0131 \u00e7\u0131kmas\u0131d\u0131r. Bu durumda \u00f6ncelikle doktorunuza dan\u0131\u015f\u0131p temizlik kurallar\u0131na uyarak \u00e7ok s\u0131kmadan \u015fi\u015fli\u011fin ucunu sivilce patlat\u0131r gibi patlatman\u0131z yeterlidir.<\/p>\n<p class=\"p1\">Ekilen sa\u00e7lar\u0131n tamam\u0131na yak\u0131n\u0131\u00a0 8 ay i\u00e7erisinde \u00e7\u0131kacakt\u0131r. \u0130lk zamanlar k\u0131vr\u0131k ve c\u0131l\u0131z olan sa\u00e7 telleri giderek d\u00fczle\u015fip kal\u0131nla\u015facakt\u0131r. Bu kal\u0131nla\u015fma sa\u00e7 ekiminden bir y\u0131l sonras\u0131na kadar devam etmektedir. Sa\u00e7 ekilen alana s\u0131kla\u015ft\u0131rma ama\u00e7l\u0131 bir kez daha ekim yapmak istenirse 2. seans i\u00e7in 8 ay ge\u00e7mesini beklemek uygun olacakt\u0131r.<\/p>\n<p class=\"p1\">Sa\u00e7 ekimi sonras\u0131 sa\u00e7 kurutma makinesi kullanmak, e\u011fer zaruri de\u011filse ka\u00e7\u0131n\u0131lmas\u0131 gereken bir durumdur. \u00c7ok zorda kal\u0131nmas\u0131 halinde, belirtti\u011fimiz gibi kurallara uyarak kurutma makinesi kullan\u0131labilir. DHI sa\u00e7 ekimi gibi sa\u00e7lar kesilmeden yap\u0131lan uygulamalarda, bu gereklilik ortaya \u00e7\u0131kabilir ve belirtti\u011fimiz \u015fekilde uygulanmas\u0131 halinde zararlar\u0131 en alt d\u00fczeye indirilebilir.<\/p>\n<p class=\"p1\">Yasal Uyar\u0131: Bu sayfadaki ifadeler bilgi verme ama\u00e7l\u0131 olup, ba\u011flay\u0131c\u0131 nitelik ta\u015f\u0131maz. Hi\u00e7bir bilgi, tedavi tavsiyesi olmay\u0131p, doktor tavsiyelerinin \u00f6n\u00fcnde de\u011fildir. Kesin bilgi ve talimatlar\u0131, yaln\u0131zca doktorunuzdan alman\u0131z sa\u011fl\u0131\u011f\u0131n\u0131z a\u00e7\u0131s\u0131ndan son derece \u00f6nemlidir.<\/p>\n<p><strong>Kaynak\u00e7a:<\/strong><\/p>\n<p><a href=\"https:\/\/wimpoleclinic.com\/blog\/treat-style-hair-transplant\" target=\"_blank\" rel=\"noopener\">https:\/\/wimpoleclinic.com\/blog\/treat-style-hair-transplant<\/a><\/p>\n","protected":false},"excerpt":{"rendered":"<p>Sa\u00e7 Ekimi Sonras\u0131 Kurutma Makinesi Sa\u00e7 ekimi sonras\u0131 sa\u00e7 ve sa\u00e7 derisinin sa\u011fl\u0131kl\u0131 bir \u015fekilde iyile\u015febilmesi i\u00e7in birka\u00e7 \u00f6nemli noktaya dikkat edilmesi gerekir. Hassas sa\u00e7 derisine zarar verme riski nedeniyle bu s\u00fcre\u00e7te kurutma makinesi do\u011fru \u015fekilde kullan\u0131lmal\u0131d\u0131r. Sa\u00e7 ekiminden sonraki ilk birka\u00e7 hafta, greftlerin zarar g\u00f6rmemesi i\u00e7in kurutma makinesi kullan\u0131lmamal\u0131d\u0131r. Bu s\u0131rada sa\u00e7lar\u0131n\u0131z\u0131 y\u0131kad\u0131ktan sonra [&hellip;]<\/p>\n","protected":false},"author":1,"featured_media":2396,"comment_status":"closed","ping_status":"closed","sticky":false,"template":"","format":"standard","meta":{"footnotes":""},"categories":[9],"tags":[],"class_list":["post-2395","post","type-post","status-publish","format-standard","has-post-thumbnail","hentry","category-blog"],"_links":{"self":[{"href":"https:\/\/www.yetkinbayer.com\/tr\/wp-json\/wp\/v2\/posts\/2395","targetHints":{"allow":["GET"]}}],"collection":[{"href":"https:\/\/www.yetkinbayer.com\/tr\/wp-json\/wp\/v2\/posts"}],"about":[{"href":"https:\/\/www.yetkinbayer.com\/tr\/wp-json\/wp\/v2\/types\/post"}],"author":[{"embeddable":true,"href":"https:\/\/www.yetkinbayer.com\/tr\/wp-json\/wp\/v2\/users\/1"}],"replies":[{"embeddable":true,"href":"https:\/\/www.yetkinbayer.com\/tr\/wp-json\/wp\/v2\/comments?post=2395"}],"version-history":[{"count":2,"href":"https:\/\/www.yetkinbayer.com\/tr\/wp-json\/wp\/v2\/posts\/2395\/revisions"}],"predecessor-version":[{"id":2410,"href":"https:\/\/www.yetkinbayer.com\/tr\/wp-json\/wp\/v2\/posts\/2395\/revisions\/2410"}],"wp:featuredmedia":[{"embeddable":true,"href":"https:\/\/www.yetkinbayer.com\/tr\/wp-json\/wp\/v2\/media\/2396"}],"wp:attachment":[{"href":"https:\/\/www.yetkinbayer.com\/tr\/wp-json\/wp\/v2\/media?parent=2395"}],"wp:term":[{"taxonomy":"category","embeddable":true,"href":"https:\/\/www.yetkinbayer.com\/tr\/wp-json\/wp\/v2\/categories?post=2395"},{"taxonomy":"post_tag","embeddable":true,"href":"https:\/\/www.yetkinbayer.com\/tr\/wp-json\/wp\/v2\/tags?post=2395"}],"curies":[{"name":"wp","href":"https:\/\/api.w.org\/{rel}","templated":true}]}}