{"id":5727,"date":"2025-04-30T16:19:38","date_gmt":"2025-04-30T13:19:38","guid":{"rendered":"https:\/\/www.yetkinbayer.com\/?p=5727"},"modified":"2025-04-30T16:19:38","modified_gmt":"2025-04-30T13:19:38","slug":"gianni-sperti-ha-avuto-un-trapianto-di-capelli","status":"publish","type":"post","link":"https:\/\/www.yetkinbayer.com\/it\/gianni-sperti-ha-avuto-un-trapianto-di-capelli\/","title":{"rendered":"Gianni Sperti ha avuto un trapianto di capelli?"},"content":{"rendered":"<p class=\"p2\"><span class=\"s1\">Potresti chiederti, Gianni Sperti aveva un trapianto di capelli? Se \u00e8 cos\u00ec, non sei l&#8217;unico. Gianni Sperti \u00e8 uno dei volti storici dello spettacolo datazione. Di recente ha condiviso una speciale foto di Instagram e i fan sono stati stupiti. Nella foto, Gianni condivide alcuni dettagli sulla sua vita privata, ma rimase mamma se avesse o meno un trapianto di capelli.<\/span><\/p>\n<div id=\"ez-toc-container\" class=\"ez-toc-v2_0_82_2 counter-flat ez-toc-counter ez-toc-grey ez-toc-container-direction\">\n<div class=\"ez-toc-title-container\">\n<p class=\"ez-toc-title\" style=\"cursor:inherit\">Table of Contents<\/p>\n<span class=\"ez-toc-title-toggle\"><a href=\"#\" class=\"ez-toc-pull-right ez-toc-btn ez-toc-btn-xs ez-toc-btn-default ez-toc-toggle\" aria-label=\"Toggle Table of Content\"><span class=\"ez-toc-js-icon-con\"><span class=\"\"><span class=\"eztoc-hide\" style=\"display:none;\">Toggle<\/span><span class=\"ez-toc-icon-toggle-span\"><svg style=\"fill: #999;color:#999\" xmlns=\"http:\/\/www.w3.org\/2000\/svg\" class=\"list-377408\" width=\"20px\" height=\"20px\" viewBox=\"0 0 24 24\" fill=\"none\"><path d=\"M6 6H4v2h2V6zm14 0H8v2h12V6zM4 11h2v2H4v-2zm16 0H8v2h12v-2zM4 16h2v2H4v-2zm16 0H8v2h12v-2z\" fill=\"currentColor\"><\/path><\/svg><svg style=\"fill: #999;color:#999\" class=\"arrow-unsorted-368013\" xmlns=\"http:\/\/www.w3.org\/2000\/svg\" width=\"10px\" height=\"10px\" viewBox=\"0 0 24 24\" version=\"1.2\" baseProfile=\"tiny\"><path d=\"M18.2 9.3l-6.2-6.3-6.2 6.3c-.2.2-.3.4-.3.7s.1.5.3.7c.2.2.4.3.7.3h11c.3 0 .5-.1.7-.3.2-.2.3-.5.3-.7s-.1-.5-.3-.7zM5.8 14.7l6.2 6.3 6.2-6.3c.2-.2.3-.5.3-.7s-.1-.5-.3-.7c-.2-.2-.4-.3-.7-.3h-11c-.3 0-.5.1-.7.3-.2.2-.3.5-.3.7s.1.5.3.7z\"\/><\/svg><\/span><\/span><\/span><\/a><\/span><\/div>\n<nav><ul class='ez-toc-list ez-toc-list-level-1 eztoc-toggle-hide-by-default' ><li class='ez-toc-page-1'><a class=\"ez-toc-link ez-toc-heading-1\" href=\"#\" data-href=\"https:\/\/www.yetkinbayer.com\/it\/gianni-sperti-ha-avuto-un-trapianto-di-capelli\/#chi_e_Gianni_Sperti\" >chi \u00e8 Gianni Sperti<\/a><\/li><li class='ez-toc-page-1'><a class=\"ez-toc-link ez-toc-heading-2\" href=\"#\" data-href=\"https:\/\/www.yetkinbayer.com\/it\/gianni-sperti-ha-avuto-un-trapianto-di-capelli\/#Gianni_Spertis_Hair\" >Gianni Spertis Hair.<\/a><\/li><li class='ez-toc-page-1'><a class=\"ez-toc-link ez-toc-heading-3\" href=\"#\" data-href=\"https:\/\/www.yetkinbayer.com\/it\/gianni-sperti-ha-avuto-un-trapianto-di-capelli\/#Trapianto_di_capelli_Gianni_Sperti\" >Trapianto di capelli Gianni Sperti<\/a><\/li><\/ul><\/nav><\/div>\n<h2 class=\"p3\"><span class=\"ez-toc-section\" id=\"chi_e_Gianni_Sperti\"><\/span><span class=\"s1\">chi \u00e8 Gianni Sperti<\/span><span class=\"ez-toc-section-end\"><\/span><\/h2>\n<p class=\"p2\"><span class=\"s1\">Un famoso commentatore, Gianni Sperti ha appena rivelato una nuova foto con contenuti speciali. La foto mostra un tatuaggio di un nome di un uomo inscritto sul suo petto. Il messaggio legge per sempre in un font con molti tag. Questa non \u00e8 la prima volta che Sperti \u00e8 diventata il centro delle controversie. In passato, hes \u00e8 stato criticato per il suo ruolo di commentatore e \u00e8 stato chiesto di lasciare lo spettacolo. Le pi\u00f9 recenti polemiche che circondano il suo aspetto erano basate sul fatto che non ha mai affrontato la sua sessualit\u00e0.<\/span><\/p>\n<h2 class=\"p3\"><span class=\"ez-toc-section\" id=\"Gianni_Spertis_Hair\"><\/span><span class=\"s1\">Gianni Spertis Hair.<\/span><span class=\"ez-toc-section-end\"><\/span><\/h2>\n<p class=\"p2\"><span class=\"s1\">Gianni Sperti \u00e8 un famoso commentatore che ha recentemente rivelato di aver subito un <a href=\"https:\/\/yetkinbayer.com\/it\" target=\"_blank\" rel=\"noopener\">trapianto di capelli<\/a>. Il volto storico di Maria de Filippis Dating Show non \u00e8 mai stato timido della sua vita personale, e non lo ha mai nascosto dal pubblico. Ma una cosa \u00e8 certa, questa \u00e8 una foto molto pubblica che sicuramente far\u00e0 meravigliare i suoi fan.<\/span><\/p>\n<h2 class=\"p3\"><span class=\"ez-toc-section\" id=\"Trapianto_di_capelli_Gianni_Sperti\"><\/span><span class=\"s1\">Trapianto di capelli Gianni Sperti<\/span><span class=\"ez-toc-section-end\"><\/span><\/h2>\n<p class=\"p2\"><span class=\"s1\">Durante la sua apparizione sullo spettacolo di incontri, Gianni Sperti aveva una foto speciale di Instagram pubblicata. Questa foto ha attirato l&#8217;attenzione degli spettatori. Gianni Sperti ha rivelato la sua vita personale, che include un trapianto di capelli. Mentre non ha discuti del trapianto in dettaglio, \u00e8 chiaro che ha molto da condividere con i fan. Continua a leggere per saperne di pi\u00f9 sulla sua vita dopo un trapianto di capelli!<\/span><\/p>\n<p class=\"p2\"><span class=\"s1\">La chirurgia della striscia \u00e8 uno dei metodi pi\u00f9 comuni del trapianto di capelli, ma l&#8217;estrazione dell&#8217;unit\u00e0 follicolare (FUE) ha alcune differenze chiave. <a href=\"https:\/\/yetkinbayer.com\/it\/il-fue.html\" target=\"_blank\" rel=\"noopener\">FUE<\/a> utilizza un dispositivo portatile pi\u00f9 piccolo per raccogliere singoli follicoli piliferi dal sito donatore. Questo metodo richiede pi\u00f9 precisione e pu\u00f2 essere pi\u00f9 costoso della chirurgia della striscia. Entrambi i metodi sono efficaci per lo stesso problema per la perdita di capelli. La differenza tra i due metodi risiede nella procedura.<\/span><\/p>\n<p class=\"p2\"><span class=\"s1\">Durante la procedura, i singoli follicoli vengono estratti dall&#8217;area dei donatori utilizzando microporchi speciali da 0,8 o 1 mm. Il dottore utilizza quindi una lente d&#8217;ingrandimento per visualizzare l&#8217;area del donatore. Il chirurgo inserisce quindi l&#8217;estremit\u00e0 opaca del microporchio nella stessa area del sito del donatore. L&#8217;unit\u00e0 follicolare \u00e8 contorta per allentarlo. Un assistente aiuta con contro-trazione durante il processo di estrazione.<\/span><\/p>\n<p class=\"p2\"><span class=\"s1\">Sia la raccolta della fue e della striscia forniscono risultati dall&#8217;aspetto naturale. L&#8217;abilit\u00e0 artistica del medico che esegue la procedura svolge un ruolo importante nella creazione di un risultato dall&#8217;aspetto naturale. Dr. Grey e il suo staff esaminano l&#8217;area dei donatori e il modello dei capelli per determinare il miglior posizionamento. La procedura non \u00e8 cos\u00ec invasiva come la raccolta della striscia e ha meno effetti collaterali. Rispetto alla chirurgia a strisce, la scadenza \u00e8 pi\u00f9 accessibile e non lascia cicatrice lineare.<\/span><\/p>\n","protected":false},"excerpt":{"rendered":"<p>Potresti chiederti, Gianni Sperti aveva un trapianto di capelli? Se \u00e8 cos\u00ec, non sei l&#8217;unico. Gianni Sperti \u00e8 uno dei volti storici dello spettacolo datazione. Di recente ha condiviso una speciale foto di Instagram e i fan sono stati stupiti. Nella foto, Gianni condivide alcuni dettagli sulla sua vita privata, ma rimase mamma se avesse [&hellip;]<\/p>\n","protected":false},"author":1,"featured_media":5730,"comment_status":"closed","ping_status":"closed","sticky":false,"template":"","format":"standard","meta":{"footnotes":""},"categories":[11],"tags":[],"class_list":["post-5727","post","type-post","status-publish","format-standard","has-post-thumbnail","hentry","category-blog-it"],"_links":{"self":[{"href":"https:\/\/www.yetkinbayer.com\/it\/wp-json\/wp\/v2\/posts\/5727","targetHints":{"allow":["GET"]}}],"collection":[{"href":"https:\/\/www.yetkinbayer.com\/it\/wp-json\/wp\/v2\/posts"}],"about":[{"href":"https:\/\/www.yetkinbayer.com\/it\/wp-json\/wp\/v2\/types\/post"}],"author":[{"embeddable":true,"href":"https:\/\/www.yetkinbayer.com\/it\/wp-json\/wp\/v2\/users\/1"}],"replies":[{"embeddable":true,"href":"https:\/\/www.yetkinbayer.com\/it\/wp-json\/wp\/v2\/comments?post=5727"}],"version-history":[{"count":1,"href":"https:\/\/www.yetkinbayer.com\/it\/wp-json\/wp\/v2\/posts\/5727\/revisions"}],"predecessor-version":[{"id":5743,"href":"https:\/\/www.yetkinbayer.com\/it\/wp-json\/wp\/v2\/posts\/5727\/revisions\/5743"}],"wp:featuredmedia":[{"embeddable":true,"href":"https:\/\/www.yetkinbayer.com\/it\/wp-json\/wp\/v2\/media\/5730"}],"wp:attachment":[{"href":"https:\/\/www.yetkinbayer.com\/it\/wp-json\/wp\/v2\/media?parent=5727"}],"wp:term":[{"taxonomy":"category","embeddable":true,"href":"https:\/\/www.yetkinbayer.com\/it\/wp-json\/wp\/v2\/categories?post=5727"},{"taxonomy":"post_tag","embeddable":true,"href":"https:\/\/www.yetkinbayer.com\/it\/wp-json\/wp\/v2\/tags?post=5727"}],"curies":[{"name":"wp","href":"https:\/\/api.w.org\/{rel}","templated":true}]}}