{"id":5613,"date":"2025-04-30T16:07:10","date_gmt":"2025-04-30T13:07:10","guid":{"rendered":"https:\/\/www.yetkinbayer.com\/?p=5613"},"modified":"2025-04-30T16:07:10","modified_gmt":"2025-04-30T13:07:10","slug":"il-trapianto-capelli-nel-vertex","status":"publish","type":"post","link":"https:\/\/www.yetkinbayer.com\/it\/il-trapianto-capelli-nel-vertex\/","title":{"rendered":"Il trapianto capelli nel vertex\u00a0"},"content":{"rendered":"<p>Nel campo medico si definisce vertex la sommit\u00e0 posteriore della testa. La zona del vertex \u00e8 una delle zone affette da alopecia androgenetica e, in alcuni pazienti, presenta <strong>perdita di capelli gi\u00e0 nei primi stadi<\/strong>.<\/p>\n<p>Il <strong>trapianto di capelli nel vertex<\/strong> \u00e8 una possibilit\u00e0 per risolvere permanentemente il problema di perdita di capelli. Nel trapianto di capelli nel vertex utilizzate prelevate unit\u00e0 follicolare dalla zona donatrice, la zona della nuca.<\/p>\n<p>La zona della nuca \u00e8 infatti geneticamente resistente all\u2019alopecia androgenetica e non \u00e8 affetta da <strong>perdita di capelli<\/strong>. Queste unit\u00e0 follicolari vengono inserite durante il trapianto capelli nel vertex.<\/p>\n<p>Nel <strong>trapianto di capelli il vertex<\/strong> presenta problematiche e caratteristiche diverse dal resto della testa. L\u2019angolazione e la direzione richiede una programmazione particolare ed \u00e8 la sezione pi\u00f9 difficile per il trapianto.<\/p>\n<p>Infatti, il <strong>vertex dei capelli<\/strong> ha una direzione completamente diversa dal resto dei capelli. Sar\u00e0 necessario dunque creare i canali in una direzione circolare, a spirale.<\/p>\n<p>L\u2019angolazione inoltre sar\u00e0 molto importante per non creare l\u2019effetto non naturale di capelli che crescono verticalmente. Ogni piccola parte del vertex richiede una posizione e angolazione differente nel capello.<\/p>\n<p>La ricrescita dei capelli nel vertex, inoltre, richiede pi\u00f9 tempo rispetto al resto dei capelli nella testa. Per questo il paziente dovr\u00e0 attendere di pi\u00f9 per poter ammirare i risultati del <a href=\"https:\/\/yetkinbayer.com\/it\" target=\"_blank\" rel=\"noopener\">trapianto di capelli<\/a> nel vertex.<\/p>\n<div id=\"ez-toc-container\" class=\"ez-toc-v2_0_80 counter-flat ez-toc-counter ez-toc-grey ez-toc-container-direction\">\n<div class=\"ez-toc-title-container\">\n<p class=\"ez-toc-title\" style=\"cursor:inherit\">Table of Contents<\/p>\n<span class=\"ez-toc-title-toggle\"><a href=\"#\" class=\"ez-toc-pull-right ez-toc-btn ez-toc-btn-xs ez-toc-btn-default ez-toc-toggle\" aria-label=\"Toggle Table of Content\"><span class=\"ez-toc-js-icon-con\"><span class=\"\"><span class=\"eztoc-hide\" style=\"display:none;\">Toggle<\/span><span class=\"ez-toc-icon-toggle-span\"><svg style=\"fill: #999;color:#999\" xmlns=\"http:\/\/www.w3.org\/2000\/svg\" class=\"list-377408\" width=\"20px\" height=\"20px\" viewBox=\"0 0 24 24\" fill=\"none\"><path d=\"M6 6H4v2h2V6zm14 0H8v2h12V6zM4 11h2v2H4v-2zm16 0H8v2h12v-2zM4 16h2v2H4v-2zm16 0H8v2h12v-2z\" fill=\"currentColor\"><\/path><\/svg><svg style=\"fill: #999;color:#999\" class=\"arrow-unsorted-368013\" xmlns=\"http:\/\/www.w3.org\/2000\/svg\" width=\"10px\" height=\"10px\" viewBox=\"0 0 24 24\" version=\"1.2\" baseProfile=\"tiny\"><path d=\"M18.2 9.3l-6.2-6.3-6.2 6.3c-.2.2-.3.4-.3.7s.1.5.3.7c.2.2.4.3.7.3h11c.3 0 .5-.1.7-.3.2-.2.3-.5.3-.7s-.1-.5-.3-.7zM5.8 14.7l6.2 6.3 6.2-6.3c.2-.2.3-.5.3-.7s-.1-.5-.3-.7c-.2-.2-.4-.3-.7-.3h-11c-.3 0-.5.1-.7.3-.2.2-.3.5-.3.7s.1.5.3.7z\"\/><\/svg><\/span><\/span><\/span><\/a><\/span><\/div>\n<nav><ul class='ez-toc-list ez-toc-list-level-1 eztoc-toggle-hide-by-default' ><li class='ez-toc-page-1'><a class=\"ez-toc-link ez-toc-heading-1\" href=\"#\" data-href=\"https:\/\/www.yetkinbayer.com\/it\/il-trapianto-capelli-nel-vertex\/#Dove_il_vertex_nei_capelli\" >Dov\u2019\u00e8 il vertex nei capelli?\u00a0<\/a><\/li><li class='ez-toc-page-1'><a class=\"ez-toc-link ez-toc-heading-2\" href=\"#\" data-href=\"https:\/\/www.yetkinbayer.com\/it\/il-trapianto-capelli-nel-vertex\/#La_perdita_di_capelli_nel_vertex\" >La perdita di capelli nel vertex\u00a0<\/a><\/li><li class='ez-toc-page-1'><a class=\"ez-toc-link ez-toc-heading-3\" href=\"#\" data-href=\"https:\/\/www.yetkinbayer.com\/it\/il-trapianto-capelli-nel-vertex\/#Diradamento_capelli_nel_vertex_i_livelli\" >Diradamento capelli nel vertex: i livelli<\/a><\/li><li class='ez-toc-page-1'><a class=\"ez-toc-link ez-toc-heading-4\" href=\"#\" data-href=\"https:\/\/www.yetkinbayer.com\/it\/il-trapianto-capelli-nel-vertex\/#Genetica\" >Genetica\u00a0<\/a><\/li><li class='ez-toc-page-1'><a class=\"ez-toc-link ez-toc-heading-5\" href=\"#\" data-href=\"https:\/\/www.yetkinbayer.com\/it\/il-trapianto-capelli-nel-vertex\/#Ormonale\" >Ormonale\u00a0<\/a><\/li><li class='ez-toc-page-1'><a class=\"ez-toc-link ez-toc-heading-6\" href=\"#\" data-href=\"https:\/\/www.yetkinbayer.com\/it\/il-trapianto-capelli-nel-vertex\/#Quando_sottoporsi_al_trapianto_capelli_nel_vertex\" >Quando sottoporsi al trapianto capelli nel vertex?\u00a0<\/a><\/li><li class='ez-toc-page-1'><a class=\"ez-toc-link ez-toc-heading-7\" href=\"#\" data-href=\"https:\/\/www.yetkinbayer.com\/it\/il-trapianto-capelli-nel-vertex\/#Come_si_effettua_il_trapianto_capelli_nel_vertex\" >Come si effettua il trapianto capelli nel vertex?\u00a0<\/a><\/li><li class='ez-toc-page-1'><a class=\"ez-toc-link ez-toc-heading-8\" href=\"#\" data-href=\"https:\/\/www.yetkinbayer.com\/it\/il-trapianto-capelli-nel-vertex\/#Quale_dovrebbe_essere_la_direzione_dei_canali_nel_vertex\" >Quale dovrebbe essere la direzione dei canali nel vertex?\u00a0<\/a><\/li><li class='ez-toc-page-1'><a class=\"ez-toc-link ez-toc-heading-9\" href=\"#\" data-href=\"https:\/\/www.yetkinbayer.com\/it\/il-trapianto-capelli-nel-vertex\/#Perche_il_vertex_e_importante_nel_trapianto\" >Perch\u00e9 il vertex \u00e8 importante nel trapianto?\u00a0<\/a><\/li><li class='ez-toc-page-1'><a class=\"ez-toc-link ez-toc-heading-10\" href=\"#\" data-href=\"https:\/\/www.yetkinbayer.com\/it\/il-trapianto-capelli-nel-vertex\/#Il_processo_di_guarigione_del_trapianto_capelli_nel_vertex\" >Il processo di guarigione del trapianto capelli nel vertex\u00a0<\/a><\/li><li class='ez-toc-page-1'><a class=\"ez-toc-link ez-toc-heading-11\" href=\"#\" data-href=\"https:\/\/www.yetkinbayer.com\/it\/il-trapianto-capelli-nel-vertex\/#La_crescita_dei_capelli_nel_vertex\" >La crescita dei capelli nel vertex<\/a><\/li><\/ul><\/nav><\/div>\n<h2><span class=\"ez-toc-section\" id=\"Dove_il_vertex_nei_capelli\"><\/span><strong><br \/>\nDov\u2019\u00e8 il vertex nei capelli?\u00a0<\/strong><span class=\"ez-toc-section-end\"><\/span><\/h2>\n<p>Il <strong>vertex nei capelli<\/strong> \u00e8 la parte pi\u00f9 alta della testa, la zona dove l\u2019osso frontale e parietale si incontrano. \u00c8 la parte della testa in cui si passa da un osso orizzontale ad un osso verticale nella parte posteriore.<sup>1 <\/sup><\/p>\n<p>Uno studio ha dimostrato che delle 50.000 <a href=\"https:\/\/www.yetkinbayer.it\/calcolo-unita-follicolari\/\" target=\"_blank\" rel=\"noopener\">unit\u00e0 follicolari<\/a> circa, la zona frontale e il vertex hanno circa il 75% di unit\u00e0 follicolari.<sup>2<\/sup>Ed \u00e8 per questo che la perdita dei capelli \u00e8 cos\u00ec notabile in queste zone.<\/p>\n<p>I capelli in questa zona si comportano in maniera completamente diversa rispetto al resto della testa. Ogni capello ha una direzione e angolazione diversa, tenendo una forma a spirale. Nel trapianto di capelli nel vertex bisogna tenere a mente queste caratteristiche della zona.<\/p>\n<h2><span class=\"ez-toc-section\" id=\"La_perdita_di_capelli_nel_vertex\"><\/span><strong><br \/>\nLa perdita di capelli nel vertex\u00a0<\/strong><span class=\"ez-toc-section-end\"><\/span><\/h2>\n<p>La <strong>principale causa di perdita di capelli nel vertex \u00e8 l\u2019alopecia androgenetica<\/strong>. L\u2019alopecia androgenetica \u00e8 una patologia che affligge gli uomini e colpisce la zona frontale e del vertex della testa.<\/p>\n<p>Le <strong>cause dell\u2019alopecia androgenetica<\/strong> sono prima di tutto genetiche e poi ormonali a causa della successiva sensibilit\u00e0 del follicolo al DHT. Per soffrire di alopecia androgenetica bisogna avere prima di tutto una predisposizione genetica, passata sia dal lato materno o paterno della famiglia.<\/p>\n<p>Questa predisposizione genetica porta il follicolo pilifero ad essere estremamente sensibile al testosterone. La produzione di testosterone al contatto con il follicolo pilifero porta alla miniaturizzazione del bulbo che, come conseguenza, cade.<\/p>\n<h3><span class=\"ez-toc-section\" id=\"Diradamento_capelli_nel_vertex_i_livelli\"><\/span><strong>Diradamento capelli nel vertex: i livelli<\/strong><span class=\"ez-toc-section-end\"><\/span><\/h3>\n<p>La <a href=\"https:\/\/www.yetkinbayer.it\/scala-norwood\/\" target=\"_blank\" rel=\"noopener\"><strong>scala Norwood<\/strong><\/a> pu\u00f2 aiutare a comprendere come i capelli cadono nel vertex a causa dell\u2019alopecia androgenetica essendo una <a href=\"https:\/\/www.yetkinbayer.it\/scala-calvizie\/\" target=\"_blank\" rel=\"noopener\">scala della calvizie<\/a>.<sup>3<\/sup><\/p>\n<p>Gli stadi della scala Norwood sono:<\/p>\n<ul>\n<li><strong>1\u00b0 Grado: <\/strong>la stempiatura dei capelli \u00e8 leggera;<\/li>\n<li><strong>2\u00b0 Grado: <\/strong>nella zona delle tempie si nota una recessione di capelli leggera;<\/li>\n<li><strong>3\u00b0 Grado: <\/strong>questo \u00e8 il primo stato in cui si pu\u00f2 parlare di calvizie. Ci sono profonde stempiature nell\u2019area della fronte. Nel vertex c\u2019\u00e8 una notevole perdita di capelli;<\/li>\n<li><strong>4\u00b0 Grado: <\/strong>nel tipo 4 il vertex ha pochissimi capelli e la zona frontotemporale ha subito peggioramenti rispetto allo stadio precedente. Tra queste due aree \u00e8 presente una leggera linea di capelli;<\/li>\n<li><strong>5\u00b0 Grado: <\/strong>la situazione in entrambe le aree preggiora e la linea di separazione tra vertex e parte frontale \u00e8 pi\u00f9 sottile;<\/li>\n<li><strong>6\u00b0 Grado: <\/strong>la linea di separazione tra vertex e zona frontale \u00e8 estremamente sottile e poco visibile; le due aree continuano a perdere capelli e la calvizie \u00e8 peggiore;<\/li>\n<li><strong>7\u00b0 Grado: <\/strong>in questo grado di calvizie gli unici capelli rimasti sono quelli laterali e posteriori. Il resto \u00e8 completamente calvo;<sup>3<\/sup><\/li>\n<\/ul>\n<p>In altri casi, pi\u00f9 rari, la <strong><a href=\"https:\/\/www.yetkinbayer.it\/caduta-capelli\/\" target=\"_blank\" rel=\"noopener\">caduta dei capelli<\/a> nel vertex potrebbe essere causata da cicatrici o ustioni<\/strong>. Ustioni e cicatrici posso infatti danneggiare permanentemente il bulbo pilifero e far cadere i capelli. Il trapianto di capelli nel vertex \u00e8 una soluzione anche per questa problematica.<\/p>\n<h3><span class=\"ez-toc-section\" id=\"Genetica\"><\/span><strong><br \/>\nGenetica\u00a0<\/strong><span class=\"ez-toc-section-end\"><\/span><\/h3>\n<p>L\u2019<strong>alopecia androgenetica \u00e8 una patologia genetica<\/strong>. Questo vuol dire che il paziente nasce con una predisposizione genetica a questa malattia.<\/p>\n<p>Solitamente la perdisposizione genetica pu\u00f2 essere ereditata sia dal lato materno che paterno, nonostante per molto tempo si sia creduto che venga passata solo dal lato materno.<\/p>\n<p>La <strong>predisposizione genetica porta i capelli ad essere estremamente sensibile al testosterone<\/strong>, ormone naturalmente prodotto dal nostro corpo.<\/p>\n<p>L\u2019alopecia androgenetica porta alla miniaturizzazione del follicolo e al prolungamento della fase di caduta (fase telogen) del capello.<\/p>\n<h3><span class=\"ez-toc-section\" id=\"Ormonale\"><\/span><strong><br \/>\nOrmonale\u00a0<\/strong><span class=\"ez-toc-section-end\"><\/span><\/h3>\n<p>Come spiegato in precedenza,<strong> non \u00e8 possibile soffrire di alopecia androgenetica senza la predisposizione genetica<\/strong>. La predisposizione genetica porta per\u00f2 a cause ormonali per la caduta dei capelli.<\/p>\n<p>Nel nostro corpo, e soprattutto nel corpo maschile, viene prodotto naturalmente il testosterone e il suo derivato, il DHT. Solitamente questi stimolano la crescita di capelli e <a href=\"https:\/\/yetkinbayer.com\/it\/il-trapianto-capelli-con-peli-della-barba.html\" target=\"_blank\" rel=\"noopener\">barba<\/a>. Nel soggetto geneticamente predisposto all\u2019alopecia androgenetica questo si inverte.<\/p>\n<p>Il <strong>follicolo pilifero diventa sensibile al testosterone che ne causa la caduta<\/strong>. Questo avviene per due motivi: prima di tutto i bulbi piliferi si miniaturizzano. La miniaturizzazione dei bulbi piliferi \u00e8 il restringimento dei bulbi.<\/p>\n<p>Questo porta ad un minore nutrimento del bulbo e la sua caduta. Inoltre, la causa ormonale porta all\u2019allungamento della fase telogen, la <strong>fase di caduta dei capelli<\/strong>. Una fase telogen pi\u00f9 lunga porta ad una caduta pi\u00f9 veloce e con maggiore quantit\u00e0.<\/p>\n<h2><span class=\"ez-toc-section\" id=\"Quando_sottoporsi_al_trapianto_capelli_nel_vertex\"><\/span><strong><br \/>\nQuando sottoporsi al trapianto capelli nel vertex?\u00a0<\/strong><span class=\"ez-toc-section-end\"><\/span><\/h2>\n<p>Il livello di alopecia androgenetica e caduta di capelli \u00e8 molto importante quando si progetta un trapianto di capelli nel vertex. Bisogna prima di tutto considerare il livello di caduta e lo stato di progressione della caduta.<\/p>\n<p>Nel <strong>trapianto di capelli vertex<\/strong> il medico deve prendere in considerazione questi due fattori. Prima di tutto si guarda al livello di calvizie secondo la scala Norwood. Questo per avere un\u2019idea generale del livello della caduta.<\/p>\n<p>La<strong> prima caduta di capelli nel vertex<\/strong> inizia intorno al terzo livello. Continua fino al settimo livello quando la zona alta e del vertex sono completamente calve. Il <strong>trapianto di capelli nel vertex<\/strong> pu\u00f2 essere considerato gi\u00e0 dal terzo livello in poi.<\/p>\n<p>Considerare solo il livello di caduta per\u00f2 non basta. Bisogna anche considerare lo stato di progressione della calvizie.<\/p>\n<p>Qualora ci si sottoponesse al <strong>trapianto di capelli nel vertex<\/strong> troppo presto o quando l\u2019alopecia \u00e8 in piena progressione, potrebbe essere necessario un secondo trapianto di capelli nel vertex.L\u2019Alopecia dovrebbe essere ferma o in remissione quando ci si sottopone al trapianto di capelli nel vertex.<\/p>\n<p>Un medico sapr\u00e0 determinare quando \u00e8 il momento ideale per sottoporsi al<strong> trapianto di capelli<\/strong>. Il consulto con la clinica prima del trapianto capelli vertex \u00e8 molto importante.<\/p>\n<h2><span class=\"ez-toc-section\" id=\"Come_si_effettua_il_trapianto_capelli_nel_vertex\"><\/span><strong><br \/>\nCome si effettua il trapianto capelli nel vertex?\u00a0<\/strong><span class=\"ez-toc-section-end\"><\/span><\/h2>\n<p>Il <strong>trapianto di capelli nel vertex<\/strong> viene effettuato con la stessa procedura di un trapianto nelle altre zone della testa. Durante la fase di preparazione il medico analizza la zona del vertex e la zona donatrice nella parte della nuca.<\/p>\n<p>Solo dopo questa analisi sar\u00e0 possibile parlare di risultati. Senza l\u2019analisi della parte donatrice \u00e8 impossibile determinare quante unit\u00e0 follicolari sar\u00e0 possibile estrarre.<\/p>\n<p>Completate le analisi del sangue per determinare se il paziente abbia malattie trasmissibili e sia in buona salute, si passa all\u2019anestesia. Il <strong>trapianto di capelli nel vertex<\/strong> si effettua sotto anestesia locale.<\/p>\n<p>L\u2019<strong>anestesia locale bloccher\u00e0 ogni sensazione di dolore durante l\u2019operazione<\/strong>. Si pu\u00f2 utilizzare una pre <a href=\"https:\/\/www.yetkinbayer.it\/anestesia-senza-ago\/\" target=\"_blank\" rel=\"noopener\">anestesia senza ago<\/a> se il paziente lo desidera prima dell&#8217;anestesia locale. Appena l\u2019anestesia far\u00e0 effetto, si proceder\u00e0 con la prima fase di trapianto di capelli al vertex. Si parte con il prelievo delle graft dalla zona donatrice.<\/p>\n<p>Le graft vengono prelevate una ad una da ogni parte della zona donatrice, per non creare una macchia calva nella testa. Queste unit\u00e0 follicolari vengono conservate in ambiente freddo e umide grazie alla soluzione salina.<\/p>\n<p>La <strong>fase successiva \u00e8 l\u2019apertura dei canali nel vertex dei capelli<\/strong>.Questa fase \u00e8 molto importante nel trapianto capelli al vertex. La direzione e l\u2019angolazione \u00e8 importantissima poich\u00e9 il vertex \u00e8 completamente diversa dal resto della testa e dovrebbe sempre eseguita da un medico chirurgo.<\/p>\n<p>Finita l\u2019apertura dei canali si passa all\u2019inserimento delle unit\u00e0 follcolari, una ad una, nei canali. Questa \u00e8 l\u2019ultima fase di trapianto di capelli nel vertex.<\/p>\n<p>&nbsp;<\/p>\n<blockquote><p><em>Per maggiori informazioni sulla procedura di trapianto di capelli leggere <a href=\"https:\/\/www.yetkinbayer.it\/trapianto-capelli\/\" target=\"_blank\" rel=\"noopener\">questo articolo<\/a>.<\/em><\/p><\/blockquote>\n<h4><span class=\"ez-toc-section\" id=\"Quale_dovrebbe_essere_la_direzione_dei_canali_nel_vertex\"><\/span><strong><br \/>\nQuale dovrebbe essere la direzione dei canali nel vertex?\u00a0<\/strong><span class=\"ez-toc-section-end\"><\/span><\/h4>\n<p>La <strong>zona del vertex<\/strong> si differenzia dal resto della testa per la direzione e la forma in cui i capelli sono posizionati. Un trapianto di capelli nel vertex \u00e8 molto pi\u00f9 complesso di altri tipi di trapianto proprio per questo motivo.<\/p>\n<p>Un medico che effettua la <strong>fase di apertura dei canali<\/strong> deve riuscire ad imitare perfettamente la naturale disposizione dei capelli in questa zona. Nel vertex, infatti, i capelli crescono con una forma circolare, quasi a spirale.<\/p>\n<p>Molti pazienti hanno una spirale in direzione oraria con parte centrare il centro del vertex. Inoltre, il vertex controlla la direzione di tutto il resto dei capelli che seguono la direzione del vertex con una posizione meno circolare.<\/p>\n<p>In molti casi infatti i capelli nella parte laterale sinistra crescono proiettati verso la fronte (o la parte frontale) mentre nel lato laterale destro crescono proiettati verso la nuca.<sup>4 <\/sup>\u00a0Durante un <strong>trapianto di capelli del vertex<\/strong> il medico deve sempre tenere a mente tutti questi fattori.<\/p>\n<p>Inoltre, analizzare tutta la zona della testa aiuter\u00e0 a comprendere meglio la direzione di tutti i capelli del paziente e quindi del vertex. Qualora il vertex fosse completamente calvo non sar\u00e0 possibile capirne direttamente la forma.<\/p>\n<p>Un medico specializzato riuscir\u00e0 per\u00f2 ad imitare la direzione dei capelli naturale nel paziente analizzando il resto dei capelli. L\u2019angolazione, inoltre, dovrebbe essere di circa 45\u00b0 per permettere al capello di crescere con un\u2019angolatura adatta a non sembrare innaturale e verticale.<sup>1 <\/sup><\/p>\n<p>Un altro fattore da analizzare \u00e8 la densit\u00e0. Al contrario del resto della testa, il vertex ha ogni capello i una direzione diversa per raggiungere un effetto naturale. Questo porta ad un effetto visivo di minore densit\u00e0.<\/p>\n<p>Programmare la densit\u00e0 adatta per creare un ottimo effetto di coprenza sar\u00e0 importante prima dell\u2019operazione.<sup>2<\/sup>ed \u00e8 proprio per questo motivo che quando ci si sottopone al <strong>trapianto in altre zone oltre al vertex<\/strong> si preferisce dare minore densit\u00e0 a quest\u2019ultimo.<\/p>\n<p>Il <strong>vertex ha bisogno di un alto numero di unit\u00e0 follicolari<\/strong> e riempire questa zona potrebbe portare ad un basso numero di unit\u00e0 follicolari nel resto della zona.<sup>4<\/sup>\u00a0Per tutti questi motivi, il <strong>trapianto di capelli nel vertex<\/strong> richiede una maggiore attenzione e progettazione dal parte del medico.<\/p>\n<p>Sar\u00e0 dunque solo il medico a dover effettuare l\u2019operazione di apertura dei canali per permettere il miglior risultato possibile (considerando angolazione, forma e direzione) con il numero di unit\u00e0 follicolari disponibili.<\/p>\n<h2><span class=\"ez-toc-section\" id=\"Perche_il_vertex_e_importante_nel_trapianto\"><\/span><strong><br \/>\nPerch\u00e9 il vertex \u00e8 importante nel trapianto?\u00a0<\/strong><span class=\"ez-toc-section-end\"><\/span><\/h2>\n<p>L\u2019<strong>importanza del vertex nel trapianto di capelli<\/strong> \u00e8 data dalla direzione necessaria per creare un effetto naturale. La progettazione nel trapianto di capelli nel vertex \u00e8 molto pi\u00f9 complessa rispetto ad altre zone della testa.<\/p>\n<p>La <strong>forma dei capelli e la loro direzione \u00e8 completamente diversa rispetto ad altre aree<\/strong>. I capelli seguono una forma circolare e a spirale e riuscire ad imitare questa naturale disposizione non \u00e8 semplice.<\/p>\n<p>Per riuscire ad imitare questa forma sar\u00e0 necessari programmare non solo la disposizione dei capelli ma anche l\u2019angolazione. Queste saranno completamente diverse da graft a graft.<\/p>\n<p>Solo un medico esperto al momento dell\u2019apertura dei canali sar\u00e0 in grado di imitare questa forma alla perfezione e garantire al suo paziente un effetto naturale con le graft a disposizione.<\/p>\n<p>Alcune volte, infatti, un solo trapianto non basta per riempire completamente la zona ma questo varia da paziente a paziente. Inoltre, la <strong>ricrescita dei capelli del vertex<\/strong> \u00e8 pi\u00f9 lenta poich\u00e9 i capillari nella zona del vertex sono di meno e pi\u00f9 sottili.<\/p>\n<p>Questo porta ad un maggior tempo richiesto per notare i risultati del trapianto.<\/p>\n<h2><span class=\"ez-toc-section\" id=\"Il_processo_di_guarigione_del_trapianto_capelli_nel_vertex\"><\/span><strong><br \/>\nIl processo di guarigione del trapianto capelli nel vertex\u00a0<\/strong><span class=\"ez-toc-section-end\"><\/span><\/h2>\n<p>Il <strong>processo di guarigione del trapianto di capelli nel vertex<\/strong> influenza l\u2019esito del trapianto tanto quanto l\u2019intervento stesso. Bisogner\u00e0 sapere bene co\u015fa fare e come comportarsi durante questi mesi.<\/p>\n<p>Subito <strong>dopo l\u2019intervento la zona del trapianto di capelli nel vertex \u00e8 molto delicata<\/strong>. Bisogner\u00e0 prestare attenzione a non causare la fuoriuscita delle unit\u00e0 follicolari. Nel primo mese post-operatorio si potranno notare alcune caratteristiche tra cui:<\/p>\n<ul>\n<li><strong><a href=\"https:\/\/www.yetkinbayer.it\/rossore-post-trapianto-capelli\/\" target=\"_blank\" rel=\"noopener\">Rossore<\/a>: <\/strong>entrambe le zone (donatrice e vertex) saranno arrossate durante la prima settimana del trapianto di capelli nel vertex. Questo arrossamento passer\u00e0 autonomamente;<\/li>\n<li><strong><a href=\"https:\/\/www.yetkinbayer.it\/sanguinamento-dopo-il-trapianto-di-capelli\/\" target=\"_blank\" rel=\"noopener\">Sanguinamento<\/a>: <\/strong>un leggero sanguinamento \u00e8 normale nel periodo post-operatorio in entrambe le zone. Questo \u00e8 dovuto dall\u2019apertura di piccole ferite nel cuoio capelluto. Non bisogna preoccuparsi se il sanguinamento \u00e8 leggero. In caso di sanguinamento eccessivo \u00e8 necessario contattare il medico;<\/li>\n<li><strong><a href=\"https:\/\/www.yetkinbayer.it\/gonfiore-dopo-trapianto-capelli\/\" target=\"_blank\" rel=\"noopener\">Gonfiore<\/a>: <\/strong>per i primi giorni il paziente del trapianto di capelli al vertex noter\u00e0 un leggero gonfiore dovuto all\u2019anestesia e soluzione salina nel cuoio capelluto. Dormire a 45\u00b0 per i primi giorni e bere molta acqua aiuter\u00e0 a far svanire il gonfiore;<\/li>\n<li><strong><a href=\"https:\/\/www.yetkinbayer.it\/crosticine-post-trapianto-capelli\/\" target=\"_blank\" rel=\"noopener\">Crosticine<\/a>: <\/strong>a causa del sanguinamento e del sangue secco il paziente avr\u00e0 crosticine nella zona del vertex per i primi 15 giorni. Non bisogna staccare o toccare in nessun modo queste crosticine per evitare la caduta delle graft. Grazie all\u2019utilizzo di una lozione idratante e ai lavaggi ripetuti nel tempo le crosticine si ammorbidiranno e cadranno da sole entro le due settimane;<\/li>\n<li><strong><a href=\"https:\/\/www.yetkinbayer.it\/prurito-dopo-trapianto-capelli\/\" target=\"_blank\" rel=\"noopener\">Prurito<\/a>: <\/strong>le crosticine possono portare al prurito nella zona in cui \u00e8 stato effettuato il trapianto, il vertex. Bisogna resistere al prurito e non grattarsi in alcun modo per proteggere la zona. Il prurito passer\u00e0 con il passare delle crosticine;<\/li>\n<li><strong>Bendaggio: <\/strong>per i primi tre giorni il paziente avr\u00e0 una benda nella zona donatrice del trapianto; questa facilita la guarigione della zona e assorbe il sangue fuoriuscito dalle piccole ferite nella cute. Non bisogna togliere o toccare questo bendaggio prima che il paziente lo consigli;<\/li>\n<li><strong>Shock loss:<\/strong>\u00e8 la perdita dei capelli trapiantati nel vertex dalle 4 alle 6 settimane dopo l\u2019operazione. Lo shock loss \u00e8 normale nella fase di guarigione dopo l\u2019intervento. Le grafts sono tenute fuori dal corpo durante il trapianto di capelli nel vertex. Dopo l\u2019innesto il capello \u00e8 debole ma la radice \u00e8 sana. Il capello stressato viene espulso dal corpo per far crescere un capello pi\u00f9 sano e forte. Questa \u00e8 la fase di telogen, la fase di caduta, parte del normale ciclo di crescita dei capelli. Il paziente noter\u00e0 dunque in queste settimane la caduta di quasi tutti i capelli trapiantati. Subito dopo la caduta da shock loss i capelli nella zona del trapianto di capelli nel vertex continueranno a crescere senza problemi. Questo processo \u00e8 un naturale passaggio del processo di guarigione. Il paziente noter\u00e0 successivamente i tanti attesi capelli trapiantati crescere. Il risultato completo si pu\u00f2 notare intorno al 12esimo mese.<\/li>\n<\/ul>\n<p><strong>\u00a0<\/strong><\/p>\n<p>Durante il <strong>periodo post-operatorio<\/strong> inoltre il paziente dovr\u00e0 modificare il modo in cui effettua normali azioni quotidiane o vive la propria vita.<\/p>\n<p>Queste accortezze aiuteranno ad ottenere un ottimo risultato nel<strong> trapianto di capelli del vertex<\/strong> e a non danneggiare le zone del trapianto. Le principali accortezze da considerare sono:<\/p>\n<ul>\n<li><strong>Attivit\u00e0 sessuale: <\/strong>per almeno una settimana dopo il trapianto bisogner\u00e0 evitare attivit\u00e0 sessuali. Questo poich\u00e9 si potrebbero riceve urti o aumentare la produzione di sudore;<\/li>\n<li><strong>Attivit\u00e0 fisica: <\/strong>per il primo mese bisogner\u00e0 evitare ogni sport per evitare sudore, urti e lividi, rovinando l\u2019esito del trapianto. Qualora il paziente pratichi sollevamento pesi o body building dovrebbe fermare l\u2019attivit\u00e0 per due mesi;<\/li>\n<li><strong>Urti o traumi:<\/strong>bisogner\u00e0 in ogni modo ridurre la possibilit\u00e0 di riceve urti o traumi alla zona del trapianto. Questo servir\u00e0 a non far cadere le unit\u00e0 follicolari e non ricevere lividi sottopelle che portebbero causare problemi tra cui la necrosi;<\/li>\n<li><strong>Lavaggio: <\/strong>il lavaggio dovr\u00e0 essere il pi\u00f9 delicato possibile durante il primo mese, seguendo i suggerimenti del medico che dar\u00e0 una dimostrazione pratica il terzo giorno dopo il trapianto;<\/li>\n<li><strong>Asciugatura: <\/strong>cos\u00ec come il lavaggio, anche l\u2019asciugatura dovr\u00e0 essere delicata. Si consiglia di evitare il getto diretto, forte o troppo caldo d\u2019aria per almeno un mese;<\/li>\n<li><strong>Esposizione solare: <\/strong>l\u2019esposizione solare dovr\u00e0 essere evitata il primo mese per evitare macchie solari e sudore;<\/li>\n<li><strong>Igiene: <\/strong>l\u2019igiene personale dopo il trapianto di capelli \u00e8 fondamentale. Si vuole evitare il rischio di infezioni o infiammazioni alla cute. Si consiglia dunque di evitare sudore, ambienti polverosi o troppo umidi e di mantenere sempre la zona pulita ed idratata;<\/li>\n<li><strong>Grattarsi: <\/strong>\u00e8 assolutamente vietato per il primo mese grattare la zona in ogni modo, con o senza unghie. Grattarsi potrebbe causare ferite, infezioni, infiammazioni e la fuoriuscita delle graft;<\/li>\n<\/ul>\n<p><strong>\u00a0<\/strong><\/p>\n<h3><span class=\"ez-toc-section\" id=\"La_crescita_dei_capelli_nel_vertex\"><\/span><strong>La crescita dei capelli nel vertex<\/strong><span class=\"ez-toc-section-end\"><\/span><\/h3>\n<p>La <strong>ricrescita nel trapianto capelli vertex<\/strong> \u00e8 un argomento che andrebbe affrontato durante la visita con il proprio medico. Molti pazienti infatti non sanno che i tempi di ricrescita in questa zona sono pi\u00f9 lunghi rispetto al resto della testa.<\/p>\n<p>La <strong>zona del vertex<\/strong>, infatti, ha un minor numero di capillari e questi sono anche pi\u00f9 sottili rispetto al resto. Queste caratteristiche dei capillari porta ad una minore quantit\u00e0 di nutrimento dei follicoli nelle fasi post-operatorie.<\/p>\n<p>Il minore nutrimento porta ad un maggior tempo richiesto per i capelli per completare il processo di crescita. Sebbene spesso si porti al 12esimo mese il momento della ricrescita completa, nel <strong>trapianto di capelli nel vertex<\/strong> potrebbero essere necessari anche 18 mesi.<\/p>\n<p>Il paziente non dovr\u00e0 scoraggiarsi e dovr\u00e0 aspettare la crescita completa dei capelli tranquillamente e senza temere un fallimento del trapianto.<\/p>\n<p><strong>\u00a0<\/strong><\/p>\n<p><sup>1<\/sup>Marwah M.K., Mysore V., <em>Recipient Area<\/em>, Journal of Cutaneous and Aesthetic Surgery, Vol. 11(4), Pag. 202, Ottobre-Dicembre 2018<\/p>\n<p><sup>2<\/sup>Venkataram A., Venkataram M., <em>Logic of Hair Transplantation, <\/em>Journal of Cutaneous and Aesthetic Surgery, Vol. 11(4), Pag. 169, Ottobre-Dicembre 2018 https:\/\/www.ncbi.nlm.nih.gov\/pmc\/articles\/PMC6371726\/<\/p>\n<p><sup>3<\/sup>Gupta M., Venkataram M., Classifications of Patterned Hair Loss: A review, Journal of Cutaneous and Aesthetic Surgery, Vol. 9(1), Pag. 3, Gennaio-Marzo 2016 https:\/\/www.ncbi.nlm.nih.gov\/pmc\/articles\/PMC4812885\/<\/p>\n<p>4<a href=\"https:\/\/www.iahrs.org\/hair-transplant-basics\/crown-hair-transplants\" target=\"_blank\" rel=\"noopener\">https:\/\/www.iahrs.org\/hair-transplant-basics\/crown-hair-transplants<\/a><\/p>\n","protected":false},"excerpt":{"rendered":"<p>Nel campo medico si definisce vertex la sommit\u00e0 posteriore della testa. La zona del vertex \u00e8 una delle zone affette da alopecia androgenetica e, in alcuni pazienti, presenta perdita di capelli gi\u00e0 nei primi stadi. Il trapianto di capelli nel vertex \u00e8 una possibilit\u00e0 per risolvere permanentemente il problema di perdita di capelli. Nel trapianto [&hellip;]<\/p>\n","protected":false},"author":1,"featured_media":5614,"comment_status":"closed","ping_status":"closed","sticky":false,"template":"","format":"standard","meta":{"footnotes":""},"categories":[11],"tags":[],"class_list":["post-5613","post","type-post","status-publish","format-standard","has-post-thumbnail","hentry","category-blog-it"],"_links":{"self":[{"href":"https:\/\/www.yetkinbayer.com\/it\/wp-json\/wp\/v2\/posts\/5613","targetHints":{"allow":["GET"]}}],"collection":[{"href":"https:\/\/www.yetkinbayer.com\/it\/wp-json\/wp\/v2\/posts"}],"about":[{"href":"https:\/\/www.yetkinbayer.com\/it\/wp-json\/wp\/v2\/types\/post"}],"author":[{"embeddable":true,"href":"https:\/\/www.yetkinbayer.com\/it\/wp-json\/wp\/v2\/users\/1"}],"replies":[{"embeddable":true,"href":"https:\/\/www.yetkinbayer.com\/it\/wp-json\/wp\/v2\/comments?post=5613"}],"version-history":[{"count":1,"href":"https:\/\/www.yetkinbayer.com\/it\/wp-json\/wp\/v2\/posts\/5613\/revisions"}],"predecessor-version":[{"id":5627,"href":"https:\/\/www.yetkinbayer.com\/it\/wp-json\/wp\/v2\/posts\/5613\/revisions\/5627"}],"wp:featuredmedia":[{"embeddable":true,"href":"https:\/\/www.yetkinbayer.com\/it\/wp-json\/wp\/v2\/media\/5614"}],"wp:attachment":[{"href":"https:\/\/www.yetkinbayer.com\/it\/wp-json\/wp\/v2\/media?parent=5613"}],"wp:term":[{"taxonomy":"category","embeddable":true,"href":"https:\/\/www.yetkinbayer.com\/it\/wp-json\/wp\/v2\/categories?post=5613"},{"taxonomy":"post_tag","embeddable":true,"href":"https:\/\/www.yetkinbayer.com\/it\/wp-json\/wp\/v2\/tags?post=5613"}],"curies":[{"name":"wp","href":"https:\/\/api.w.org\/{rel}","templated":true}]}}